{"id":32266,"date":"2026-09-04T06:06:02","date_gmt":"2026-09-04T06:06:02","guid":{"rendered":"https:\/\/www.clubdelemprendimiento.com\/blog\/?p=32266"},"modified":"2026-09-01T06:11:41","modified_gmt":"2026-09-01T06:11:41","slug":"autonomos-estacionales-errores-al-cerrar-el-verano","status":"publish","type":"post","link":"https:\/\/www.clubdelemprendimiento.com\/blog\/autonomos\/autonomos-estacionales-errores-al-cerrar-el-verano\/","title":{"rendered":"Aut\u00f3nomos estacionales: los errores m\u00e1s frecuentes al finalizar la campa\u00f1a de verano"},"content":{"rendered":"\n<p>Los aut\u00f3nomos estacionales afrontan el final de la campa\u00f1a de verano con una serie de <strong>obligaciones que no desaparecen autom\u00e1ticamente cuando termina su periodo de mayor actividad.<\/strong> Hosteler\u00eda, turismo, deporte, ocio y espect\u00e1culos concentran buena parte de estos profesionales, aunque tambi\u00e9n existen trabajadores de otros sectores que desarrollan una actividad especialmente intensa durante los meses estivales.<\/p>\n\n\n\n<p>Finalizar la temporada requiere algo m\u00e1s que tramitar la baja en Hacienda y en el R\u00e9gimen Especial de Trabajadores Aut\u00f3nomos (RETA). Una gesti\u00f3n incorrecta puede provocar sanciones, problemas de liquidez, p\u00e9rdida de determinadas deducciones o la necesidad de realizar tr\u00e1mites adicionales durante los meses de inactividad.<\/p>\n\n\n\n<h2 class=\"wp-block-heading\">Aut\u00f3nomos estacionales: la baja no acaba con las obligaciones fiscales<\/h2>\n\n\n\n<p>Uno de los errores m\u00e1s frecuentes entre los <strong>aut\u00f3nomos estacionales<\/strong> es asumir que la baja en Hacienda o en el RETA pone fin a todas sus responsabilidades con la Administraci\u00f3n.<\/p>\n\n\n\n<p>El <a href=\"https:\/\/www.clubdelemprendimiento.com\/blog\/autonomos\/paro-para-autonomos-requisitos\/\" target=\"_blank\" rel=\"noreferrer noopener\">cese de la actividad<\/a> no elimina las obligaciones tributarias correspondientes al periodo en el que el profesional permaneci\u00f3 de alta. Por ello, ser\u00e1 necesario presentar las declaraciones y autoliquidaciones que correspondan, como las relacionadas con el IVA o el IRPF, adem\u00e1s de posibles res\u00famenes anuales y otros tr\u00e1mites fiscales.<\/p>\n\n\n\n<p>Antes de formalizar la baja, conviene comprobar qu\u00e9 obligaciones quedan pendientes y cu\u00e1les son sus respectivos plazos de presentaci\u00f3n.<\/p>\n\n\n\n<h2 class=\"wp-block-heading\">Dar de baja la actividad antes de tiempo<\/h2>\n\n\n\n<p>Otro descuido habitual consiste en considerar que la temporada ha terminado antes de que lo haya hecho realmente la actividad. Los aut\u00f3nomos estacionales pueden tener todav\u00eda<strong> servicios pendientes, facturas que emitir, cobros por recibir o gastos<\/strong> relacionados con trabajos realizados durante el verano.<\/p>\n\n\n\n<p>Tambi\u00e9n puede ocurrir que determinados clientes paguen varias semanas despu\u00e9s de haber recibido el servicio o que los proveedores emitan sus facturas una vez concluida la campa\u00f1a. Revisar estas cuestiones antes de tramitar la baja permite evitar complicaciones posteriores.<\/p>\n\n\n\n<h2 class=\"wp-block-heading\">No valorar si compensa mantener el alta<\/h2>\n\n\n\n<p>La baja tampoco tiene por qu\u00e9 ser siempre la alternativa m\u00e1s conveniente. Si el profesional prev\u00e9 nuevos trabajos a corto plazo o contin\u00faa teniendo gastos vinculados a su actividad, mantener el alta durante algunas semanas puede facilitar la gesti\u00f3n y evitar tener que realizar una nueva alta poco despu\u00e9s.<\/p>\n\n\n\n<p>Entre los costes que pueden mantenerse durante el periodo de inactividad figuran seguros profesionales, programas y licencias de software, dominios web, almacenamiento, mantenimiento de equipos o embarcaciones y determinados gastos de formaci\u00f3n.<\/p>\n\n\n\n<p>La deducci\u00f3n de estos gastos depender\u00e1 de que contin\u00faen relacionados con la actividad econ\u00f3mica y de que cumplan los requisitos establecidos por la normativa fiscal.<\/p>\n\n\n\n<h2 class=\"wp-block-heading\">Conservar la documentaci\u00f3n despu\u00e9s de la campa\u00f1a<\/h2>\n\n\n\n<p>El cierre de la temporada tampoco permite olvidarse de la documentaci\u00f3n. Los aut\u00f3nomos estacionales deben <strong>conservar las facturas emitidas y recibidas, los justificantes de gastos y el resto de registros relacionados con su actividad durante los plazos establecidos legalmente.<\/strong><\/p>\n\n\n\n<p>Esta documentaci\u00f3n puede ser necesaria para completar declaraciones pendientes o atender un posible requerimiento de la Agencia Tributaria meses o incluso a\u00f1os despu\u00e9s.<\/p>\n\n\n\n<p>Por ello, revisar las obligaciones fiscales, comprobar que no quedan gestiones pendientes, valorar si realmente conviene tramitar la baja y ordenar la documentaci\u00f3n son pasos fundamentales para cerrar correctamente la campa\u00f1a de verano.<\/p>\n","protected":false},"excerpt":{"rendered":"<p>Los aut\u00f3nomos estacionales afrontan el final de la campa\u00f1a de verano con una serie&hellip;<\/p>\n","protected":false},"author":14,"featured_media":32267,"comment_status":"open","ping_status":"open","sticky":false,"template":"","format":"standard","meta":{"_acf_changed":false,"footnotes":""},"categories":[255],"tags":[],"acf":[],"yoast_head":"<!-- This site is optimized with the Yoast SEO plugin v22.7 - https:\/\/yoast.com\/wordpress\/plugins\/seo\/ -->\n<title>Aut\u00f3nomos estacionales: errores al cerrar el verano<\/title>\n<meta name=\"description\" content=\"Los aut\u00f3nomos estacionales deben evitar errores al cerrar el verano: bajas, obligaciones fiscales, gastos y conservaci\u00f3n de documentos.\" \/>\n<meta name=\"robots\" content=\"index, follow, max-snippet:-1, max-image-preview:large, max-video-preview:-1\" \/>\n<link rel=\"canonical\" href=\"https:\/\/www.clubdelemprendimiento.com\/blog\/autonomos\/autonomos-estacionales-errores-al-cerrar-el-verano\/\" \/>\n<meta property=\"og:locale\" content=\"es_ES\" \/>\n<meta property=\"og:type\" content=\"article\" \/>\n<meta property=\"og:title\" content=\"Aut\u00f3nomos estacionales: errores al cerrar el verano\" \/>\n<meta property=\"og:description\" content=\"Los aut\u00f3nomos estacionales deben evitar errores al cerrar el verano: bajas, obligaciones fiscales, gastos y conservaci\u00f3n de documentos.\" \/>\n<meta property=\"og:url\" content=\"https:\/\/www.clubdelemprendimiento.com\/blog\/autonomos\/autonomos-estacionales-errores-al-cerrar-el-verano\/\" \/>\n<meta property=\"og:site_name\" content=\"Blog Club del Emprendimiento\" \/>\n<meta property=\"article:published_time\" content=\"2026-09-04T06:06:02+00:00\" \/>\n<meta property=\"article:modified_time\" content=\"2026-09-01T06:11:41+00:00\" \/>\n<meta property=\"og:image\" content=\"https:\/\/www.clubdelemprendimiento.com\/blog\/wp-content\/uploads\/2026\/09\/autonomos-estacionales.png\" \/>\n\t<meta property=\"og:image:width\" content=\"1536\" \/>\n\t<meta property=\"og:image:height\" content=\"1024\" \/>\n\t<meta property=\"og:image:type\" content=\"image\/png\" \/>\n<meta name=\"author\" content=\"Nerea Merino\" \/>\n<meta name=\"twitter:card\" content=\"summary_large_image\" \/>\n<meta name=\"twitter:label1\" content=\"Escrito por\" \/>\n\t<meta name=\"twitter:data1\" content=\"Nerea Merino\" \/>\n\t<meta name=\"twitter:label2\" content=\"Tiempo de lectura\" \/>\n\t<meta name=\"twitter:data2\" content=\"3 minutos\" \/>\n<script type=\"application\/ld+json\" class=\"yoast-schema-graph\">{\"@context\":\"https:\/\/schema.org\",\"@graph\":[{\"@type\":\"WebPage\",\"@id\":\"https:\/\/www.clubdelemprendimiento.com\/blog\/autonomos\/autonomos-estacionales-errores-al-cerrar-el-verano\/\",\"url\":\"https:\/\/www.clubdelemprendimiento.com\/blog\/autonomos\/autonomos-estacionales-errores-al-cerrar-el-verano\/\",\"name\":\"Aut\u00f3nomos estacionales: errores al cerrar el verano\",\"isPartOf\":{\"@id\":\"https:\/\/www.clubdelemprendimiento.com\/blog\/#website\"},\"primaryImageOfPage\":{\"@id\":\"https:\/\/www.clubdelemprendimiento.com\/blog\/autonomos\/autonomos-estacionales-errores-al-cerrar-el-verano\/#primaryimage\"},\"image\":{\"@id\":\"https:\/\/www.clubdelemprendimiento.com\/blog\/autonomos\/autonomos-estacionales-errores-al-cerrar-el-verano\/#primaryimage\"},\"thumbnailUrl\":\"https:\/\/www.clubdelemprendimiento.com\/blog\/wp-content\/uploads\/2026\/09\/autonomos-estacionales.png\",\"datePublished\":\"2026-09-04T06:06:02+00:00\",\"dateModified\":\"2026-09-01T06:11:41+00:00\",\"author\":{\"@id\":\"https:\/\/www.clubdelemprendimiento.com\/blog\/#\/schema\/person\/a82ce0fc1281064b1cab4855c351cea7\"},\"description\":\"Los aut\u00f3nomos estacionales deben evitar errores al cerrar el verano: bajas, obligaciones fiscales, gastos y conservaci\u00f3n de documentos.\",\"breadcrumb\":{\"@id\":\"https:\/\/www.clubdelemprendimiento.com\/blog\/autonomos\/autonomos-estacionales-errores-al-cerrar-el-verano\/#breadcrumb\"},\"inLanguage\":\"es\",\"potentialAction\":[{\"@type\":\"ReadAction\",\"target\":[\"https:\/\/www.clubdelemprendimiento.com\/blog\/autonomos\/autonomos-estacionales-errores-al-cerrar-el-verano\/\"]}]},{\"@type\":\"ImageObject\",\"inLanguage\":\"es\",\"@id\":\"https:\/\/www.clubdelemprendimiento.com\/blog\/autonomos\/autonomos-estacionales-errores-al-cerrar-el-verano\/#primaryimage\",\"url\":\"https:\/\/www.clubdelemprendimiento.com\/blog\/wp-content\/uploads\/2026\/09\/autonomos-estacionales.png\",\"contentUrl\":\"https:\/\/www.clubdelemprendimiento.com\/blog\/wp-content\/uploads\/2026\/09\/autonomos-estacionales.png\",\"width\":1536,\"height\":1024,\"caption\":\"aut\u00f3nomos estacionales\"},{\"@type\":\"BreadcrumbList\",\"@id\":\"https:\/\/www.clubdelemprendimiento.com\/blog\/autonomos\/autonomos-estacionales-errores-al-cerrar-el-verano\/#breadcrumb\",\"itemListElement\":[{\"@type\":\"ListItem\",\"position\":1,\"name\":\"Home\",\"item\":\"https:\/\/www.clubdelemprendimiento.com\/blog\/\"},{\"@type\":\"ListItem\",\"position\":2,\"name\":\"Aut\u00f3nomos estacionales: los errores m\u00e1s frecuentes al finalizar la campa\u00f1a de verano\"}]},{\"@type\":\"WebSite\",\"@id\":\"https:\/\/www.clubdelemprendimiento.com\/blog\/#website\",\"url\":\"https:\/\/www.clubdelemprendimiento.com\/blog\/\",\"name\":\"Blog Club del Emprendimiento\",\"description\":\"\",\"potentialAction\":[{\"@type\":\"SearchAction\",\"target\":{\"@type\":\"EntryPoint\",\"urlTemplate\":\"https:\/\/www.clubdelemprendimiento.com\/blog\/?s={search_term_string}\"},\"query-input\":\"required name=search_term_string\"}],\"inLanguage\":\"es\"},{\"@type\":\"Person\",\"@id\":\"https:\/\/www.clubdelemprendimiento.com\/blog\/#\/schema\/person\/a82ce0fc1281064b1cab4855c351cea7\",\"name\":\"Nerea Merino\",\"image\":{\"@type\":\"ImageObject\",\"inLanguage\":\"es\",\"@id\":\"https:\/\/www.clubdelemprendimiento.com\/blog\/#\/schema\/person\/image\/\",\"url\":\"https:\/\/secure.gravatar.com\/avatar\/3b1c906b7b4a65b22c04d52a020d4815?s=96&d=mm&r=g\",\"contentUrl\":\"https:\/\/secure.gravatar.com\/avatar\/3b1c906b7b4a65b22c04d52a020d4815?s=96&d=mm&r=g\",\"caption\":\"Nerea Merino\"},\"url\":\"https:\/\/www.clubdelemprendimiento.com\/blog\/author\/nerea\/\"}]}<\/script>\n<!-- \/ Yoast SEO plugin. -->","yoast_head_json":{"title":"Aut\u00f3nomos estacionales: errores al cerrar el verano","description":"Los aut\u00f3nomos estacionales deben evitar errores al cerrar el verano: bajas, obligaciones fiscales, gastos y conservaci\u00f3n de documentos.","robots":{"index":"index","follow":"follow","max-snippet":"max-snippet:-1","max-image-preview":"max-image-preview:large","max-video-preview":"max-video-preview:-1"},"canonical":"https:\/\/www.clubdelemprendimiento.com\/blog\/autonomos\/autonomos-estacionales-errores-al-cerrar-el-verano\/","og_locale":"es_ES","og_type":"article","og_title":"Aut\u00f3nomos estacionales: errores al cerrar el verano","og_description":"Los aut\u00f3nomos estacionales deben evitar errores al cerrar el verano: bajas, obligaciones fiscales, gastos y conservaci\u00f3n de documentos.","og_url":"https:\/\/www.clubdelemprendimiento.com\/blog\/autonomos\/autonomos-estacionales-errores-al-cerrar-el-verano\/","og_site_name":"Blog Club del Emprendimiento","article_published_time":"2026-09-04T06:06:02+00:00","article_modified_time":"2026-09-01T06:11:41+00:00","og_image":[{"width":1536,"height":1024,"url":"https:\/\/www.clubdelemprendimiento.com\/blog\/wp-content\/uploads\/2026\/09\/autonomos-estacionales.png","type":"image\/png"}],"author":"Nerea Merino","twitter_card":"summary_large_image","twitter_misc":{"Escrito por":"Nerea Merino","Tiempo de lectura":"3 minutos"},"schema":{"@context":"https:\/\/schema.org","@graph":[{"@type":"WebPage","@id":"https:\/\/www.clubdelemprendimiento.com\/blog\/autonomos\/autonomos-estacionales-errores-al-cerrar-el-verano\/","url":"https:\/\/www.clubdelemprendimiento.com\/blog\/autonomos\/autonomos-estacionales-errores-al-cerrar-el-verano\/","name":"Aut\u00f3nomos estacionales: errores al cerrar el verano","isPartOf":{"@id":"https:\/\/www.clubdelemprendimiento.com\/blog\/#website"},"primaryImageOfPage":{"@id":"https:\/\/www.clubdelemprendimiento.com\/blog\/autonomos\/autonomos-estacionales-errores-al-cerrar-el-verano\/#primaryimage"},"image":{"@id":"https:\/\/www.clubdelemprendimiento.com\/blog\/autonomos\/autonomos-estacionales-errores-al-cerrar-el-verano\/#primaryimage"},"thumbnailUrl":"https:\/\/www.clubdelemprendimiento.com\/blog\/wp-content\/uploads\/2026\/09\/autonomos-estacionales.png","datePublished":"2026-09-04T06:06:02+00:00","dateModified":"2026-09-01T06:11:41+00:00","author":{"@id":"https:\/\/www.clubdelemprendimiento.com\/blog\/#\/schema\/person\/a82ce0fc1281064b1cab4855c351cea7"},"description":"Los aut\u00f3nomos estacionales deben evitar errores al cerrar el verano: bajas, obligaciones fiscales, gastos y conservaci\u00f3n de documentos.","breadcrumb":{"@id":"https:\/\/www.clubdelemprendimiento.com\/blog\/autonomos\/autonomos-estacionales-errores-al-cerrar-el-verano\/#breadcrumb"},"inLanguage":"es","potentialAction":[{"@type":"ReadAction","target":["https:\/\/www.clubdelemprendimiento.com\/blog\/autonomos\/autonomos-estacionales-errores-al-cerrar-el-verano\/"]}]},{"@type":"ImageObject","inLanguage":"es","@id":"https:\/\/www.clubdelemprendimiento.com\/blog\/autonomos\/autonomos-estacionales-errores-al-cerrar-el-verano\/#primaryimage","url":"https:\/\/www.clubdelemprendimiento.com\/blog\/wp-content\/uploads\/2026\/09\/autonomos-estacionales.png","contentUrl":"https:\/\/www.clubdelemprendimiento.com\/blog\/wp-content\/uploads\/2026\/09\/autonomos-estacionales.png","width":1536,"height":1024,"caption":"aut\u00f3nomos estacionales"},{"@type":"BreadcrumbList","@id":"https:\/\/www.clubdelemprendimiento.com\/blog\/autonomos\/autonomos-estacionales-errores-al-cerrar-el-verano\/#breadcrumb","itemListElement":[{"@type":"ListItem","position":1,"name":"Home","item":"https:\/\/www.clubdelemprendimiento.com\/blog\/"},{"@type":"ListItem","position":2,"name":"Aut\u00f3nomos estacionales: los errores m\u00e1s frecuentes al finalizar la campa\u00f1a de verano"}]},{"@type":"WebSite","@id":"https:\/\/www.clubdelemprendimiento.com\/blog\/#website","url":"https:\/\/www.clubdelemprendimiento.com\/blog\/","name":"Blog Club del Emprendimiento","description":"","potentialAction":[{"@type":"SearchAction","target":{"@type":"EntryPoint","urlTemplate":"https:\/\/www.clubdelemprendimiento.com\/blog\/?s={search_term_string}"},"query-input":"required name=search_term_string"}],"inLanguage":"es"},{"@type":"Person","@id":"https:\/\/www.clubdelemprendimiento.com\/blog\/#\/schema\/person\/a82ce0fc1281064b1cab4855c351cea7","name":"Nerea Merino","image":{"@type":"ImageObject","inLanguage":"es","@id":"https:\/\/www.clubdelemprendimiento.com\/blog\/#\/schema\/person\/image\/","url":"https:\/\/secure.gravatar.com\/avatar\/3b1c906b7b4a65b22c04d52a020d4815?s=96&d=mm&r=g","contentUrl":"https:\/\/secure.gravatar.com\/avatar\/3b1c906b7b4a65b22c04d52a020d4815?s=96&d=mm&r=g","caption":"Nerea Merino"},"url":"https:\/\/www.clubdelemprendimiento.com\/blog\/author\/nerea\/"}]}},"_links":{"self":[{"href":"https:\/\/www.clubdelemprendimiento.com\/blog\/wp-json\/wp\/v2\/posts\/32266"}],"collection":[{"href":"https:\/\/www.clubdelemprendimiento.com\/blog\/wp-json\/wp\/v2\/posts"}],"about":[{"href":"https:\/\/www.clubdelemprendimiento.com\/blog\/wp-json\/wp\/v2\/types\/post"}],"author":[{"embeddable":true,"href":"https:\/\/www.clubdelemprendimiento.com\/blog\/wp-json\/wp\/v2\/users\/14"}],"replies":[{"embeddable":true,"href":"https:\/\/www.clubdelemprendimiento.com\/blog\/wp-json\/wp\/v2\/comments?post=32266"}],"version-history":[{"count":1,"href":"https:\/\/www.clubdelemprendimiento.com\/blog\/wp-json\/wp\/v2\/posts\/32266\/revisions"}],"predecessor-version":[{"id":32268,"href":"https:\/\/www.clubdelemprendimiento.com\/blog\/wp-json\/wp\/v2\/posts\/32266\/revisions\/32268"}],"wp:featuredmedia":[{"embeddable":true,"href":"https:\/\/www.clubdelemprendimiento.com\/blog\/wp-json\/wp\/v2\/media\/32267"}],"wp:attachment":[{"href":"https:\/\/www.clubdelemprendimiento.com\/blog\/wp-json\/wp\/v2\/media?parent=32266"}],"wp:term":[{"taxonomy":"category","embeddable":true,"href":"https:\/\/www.clubdelemprendimiento.com\/blog\/wp-json\/wp\/v2\/categories?post=32266"},{"taxonomy":"post_tag","embeddable":true,"href":"https:\/\/www.clubdelemprendimiento.com\/blog\/wp-json\/wp\/v2\/tags?post=32266"}],"curies":[{"name":"wp","href":"https:\/\/api.w.org\/{rel}","templated":true}]}}