{"id":28687,"date":"2026-04-30T06:18:40","date_gmt":"2026-04-30T06:18:40","guid":{"rendered":"https:\/\/www.clubdelemprendimiento.com\/blog\/?p=28687"},"modified":"2026-04-29T06:23:08","modified_gmt":"2026-04-29T06:23:08","slug":"autonomos-ahogados-por-la-subida-de-costes","status":"publish","type":"post","link":"https:\/\/www.clubdelemprendimiento.com\/blog\/autonomos\/autonomos-ahogados-por-la-subida-de-costes\/","title":{"rendered":"La escalada de costes ahoga a los aut\u00f3nomos: seis de cada diez se\u00f1alan impuestos y precios como principal problema"},"content":{"rendered":"\n<p>Los trabajadores aut\u00f3nomos atraviesan uno de los momentos de mayor presi\u00f3n econ\u00f3mica de los \u00faltimos a\u00f1os. El aumento de la carga fiscal, la subida de los costes de producci\u00f3n y el encarecimiento de la vivienda est\u00e1n deteriorando la rentabilidad de miles de peque\u00f1os negocios, seg\u00fan alerta la Uni\u00f3n de Profesionales y Trabajadores Aut\u00f3nomos (UPTA).<\/p>\n\n\n\n<p>De acuerdo con el Observatorio Econ\u00f3mico del Trabajo Aut\u00f3nomo de la organizaci\u00f3n, el 60% del colectivo considera que los elevados impuestos y el incremento generalizado de precios son actualmente sus principales dificultades. La entidad advierte de que esta situaci\u00f3n se ha agravado en los \u00faltimos meses por la inestabilidad internacional y la persistencia de la inflaci\u00f3n.<\/p>\n\n\n\n<h2 class=\"wp-block-heading\">Precio de la energ\u00eda<\/h2>\n\n\n\n<p>Entre los factores que m\u00e1s impactan en la actividad figura el aumento del precio de la energ\u00eda, el transporte y las materias primas. UPTA vincula parte de esta tensi\u00f3n al conflicto en Ir\u00e1n, que ha generado incertidumbre en los mercados energ\u00e9ticos y nuevas subidas en carburantes y electricidad. Para muchos peque\u00f1os negocios, estos suministros representan una parte esencial de sus gastos operativos.<\/p>\n\n\n\n<p>A ello se suma la presi\u00f3n inmobiliaria. El incremento del precio de la vivienda afecta directamente a la econom\u00eda familiar de los aut\u00f3nomos, mientras que muchos profesionales tambi\u00e9n deben asumir alquileres m\u00e1s altos en sus locales comerciales. Seg\u00fan los datos manejados por la organizaci\u00f3n, el precio de la vivienda ha subido con fuerza en \u00e1reas urbanas y los arrendamientos, tanto residenciales como comerciales, mantienen una tendencia alcista desde hace a\u00f1os.<\/p>\n\n\n\n<h2 class=\"wp-block-heading\">Los costes fijos reducen inversi\u00f3n y rentabilidad<\/h2>\n\n\n\n<p>Esta combinaci\u00f3n est\u00e1 reduciendo la capacidad de inversi\u00f3n de numerosos trabajadores por cuenta propia y complica la continuidad de muchos negocios, especialmente en sectores con m\u00e1rgenes reducidos.<\/p>\n\n\n\n<p>El presidente de UPTA, Eduardo Abad, sostiene que las medidas parciales aplicadas hasta ahora no resuelven el problema de fondo. A su juicio, el colectivo necesita una respuesta estructural que combine alivio fiscal, control de costes y apoyo real a la actividad econ\u00f3mica.<\/p>\n\n\n\n<p>La organizaci\u00f3n reclama as\u00ed una estrategia coordinada que permita frenar la p\u00e9rdida de capacidad econ\u00f3mica de los aut\u00f3nomos, un segmento clave del tejido productivo espa\u00f1ol.<\/p>\n","protected":false},"excerpt":{"rendered":"<p>Los trabajadores aut\u00f3nomos atraviesan uno de los momentos de mayor presi\u00f3n econ\u00f3mica de los&hellip;<\/p>\n","protected":false},"author":14,"featured_media":28688,"comment_status":"open","ping_status":"open","sticky":false,"template":"","format":"standard","meta":{"_acf_changed":false,"footnotes":""},"categories":[255],"tags":[],"acf":[],"yoast_head":"<!-- This site is optimized with the Yoast SEO plugin v22.7 - https:\/\/yoast.com\/wordpress\/plugins\/seo\/ -->\n<title>Aut\u00f3nomos ahogados por la subida de costes<\/title>\n<meta name=\"description\" content=\"El alza de costes, impuestos y vivienda pone contra las cuerdas a los aut\u00f3nomos, seg\u00fan UPTA. Seis de cada diez, afectados.\" \/>\n<meta name=\"robots\" content=\"index, follow, max-snippet:-1, max-image-preview:large, max-video-preview:-1\" \/>\n<link rel=\"canonical\" href=\"https:\/\/www.clubdelemprendimiento.com\/blog\/autonomos\/autonomos-ahogados-por-la-subida-de-costes\/\" \/>\n<meta property=\"og:locale\" content=\"es_ES\" \/>\n<meta property=\"og:type\" content=\"article\" \/>\n<meta property=\"og:title\" content=\"Aut\u00f3nomos ahogados por la subida de costes\" \/>\n<meta property=\"og:description\" content=\"El alza de costes, impuestos y vivienda pone contra las cuerdas a los aut\u00f3nomos, seg\u00fan UPTA. Seis de cada diez, afectados.\" \/>\n<meta property=\"og:url\" content=\"https:\/\/www.clubdelemprendimiento.com\/blog\/autonomos\/autonomos-ahogados-por-la-subida-de-costes\/\" \/>\n<meta property=\"og:site_name\" content=\"Blog Club del Emprendimiento\" \/>\n<meta property=\"article:published_time\" content=\"2026-04-30T06:18:40+00:00\" \/>\n<meta property=\"article:modified_time\" content=\"2026-04-29T06:23:08+00:00\" \/>\n<meta property=\"og:image\" content=\"https:\/\/www.clubdelemprendimiento.com\/blog\/wp-content\/uploads\/2026\/04\/2148081099.jpg\" \/>\n\t<meta property=\"og:image:width\" content=\"1500\" \/>\n\t<meta property=\"og:image:height\" content=\"1001\" \/>\n\t<meta property=\"og:image:type\" content=\"image\/jpeg\" \/>\n<meta name=\"author\" content=\"Nerea Merino\" \/>\n<meta name=\"twitter:card\" content=\"summary_large_image\" \/>\n<meta name=\"twitter:label1\" content=\"Escrito por\" \/>\n\t<meta name=\"twitter:data1\" content=\"Nerea Merino\" \/>\n\t<meta name=\"twitter:label2\" content=\"Tiempo de lectura\" \/>\n\t<meta name=\"twitter:data2\" content=\"2 minutos\" \/>\n<script type=\"application\/ld+json\" class=\"yoast-schema-graph\">{\"@context\":\"https:\/\/schema.org\",\"@graph\":[{\"@type\":\"WebPage\",\"@id\":\"https:\/\/www.clubdelemprendimiento.com\/blog\/autonomos\/autonomos-ahogados-por-la-subida-de-costes\/\",\"url\":\"https:\/\/www.clubdelemprendimiento.com\/blog\/autonomos\/autonomos-ahogados-por-la-subida-de-costes\/\",\"name\":\"Aut\u00f3nomos ahogados por la subida de costes\",\"isPartOf\":{\"@id\":\"https:\/\/www.clubdelemprendimiento.com\/blog\/#website\"},\"primaryImageOfPage\":{\"@id\":\"https:\/\/www.clubdelemprendimiento.com\/blog\/autonomos\/autonomos-ahogados-por-la-subida-de-costes\/#primaryimage\"},\"image\":{\"@id\":\"https:\/\/www.clubdelemprendimiento.com\/blog\/autonomos\/autonomos-ahogados-por-la-subida-de-costes\/#primaryimage\"},\"thumbnailUrl\":\"https:\/\/www.clubdelemprendimiento.com\/blog\/wp-content\/uploads\/2026\/04\/2148081099.jpg\",\"datePublished\":\"2026-04-30T06:18:40+00:00\",\"dateModified\":\"2026-04-29T06:23:08+00:00\",\"author\":{\"@id\":\"https:\/\/www.clubdelemprendimiento.com\/blog\/#\/schema\/person\/a82ce0fc1281064b1cab4855c351cea7\"},\"description\":\"El alza de costes, impuestos y vivienda pone contra las cuerdas a los aut\u00f3nomos, seg\u00fan UPTA. Seis de cada diez, afectados.\",\"breadcrumb\":{\"@id\":\"https:\/\/www.clubdelemprendimiento.com\/blog\/autonomos\/autonomos-ahogados-por-la-subida-de-costes\/#breadcrumb\"},\"inLanguage\":\"es\",\"potentialAction\":[{\"@type\":\"ReadAction\",\"target\":[\"https:\/\/www.clubdelemprendimiento.com\/blog\/autonomos\/autonomos-ahogados-por-la-subida-de-costes\/\"]}]},{\"@type\":\"ImageObject\",\"inLanguage\":\"es\",\"@id\":\"https:\/\/www.clubdelemprendimiento.com\/blog\/autonomos\/autonomos-ahogados-por-la-subida-de-costes\/#primaryimage\",\"url\":\"https:\/\/www.clubdelemprendimiento.com\/blog\/wp-content\/uploads\/2026\/04\/2148081099.jpg\",\"contentUrl\":\"https:\/\/www.clubdelemprendimiento.com\/blog\/wp-content\/uploads\/2026\/04\/2148081099.jpg\",\"width\":1500,\"height\":1001,\"caption\":\"costes\"},{\"@type\":\"BreadcrumbList\",\"@id\":\"https:\/\/www.clubdelemprendimiento.com\/blog\/autonomos\/autonomos-ahogados-por-la-subida-de-costes\/#breadcrumb\",\"itemListElement\":[{\"@type\":\"ListItem\",\"position\":1,\"name\":\"Home\",\"item\":\"https:\/\/www.clubdelemprendimiento.com\/blog\/\"},{\"@type\":\"ListItem\",\"position\":2,\"name\":\"La escalada de costes ahoga a los aut\u00f3nomos: seis de cada diez se\u00f1alan impuestos y precios como principal problema\"}]},{\"@type\":\"WebSite\",\"@id\":\"https:\/\/www.clubdelemprendimiento.com\/blog\/#website\",\"url\":\"https:\/\/www.clubdelemprendimiento.com\/blog\/\",\"name\":\"Blog Club del Emprendimiento\",\"description\":\"\",\"potentialAction\":[{\"@type\":\"SearchAction\",\"target\":{\"@type\":\"EntryPoint\",\"urlTemplate\":\"https:\/\/www.clubdelemprendimiento.com\/blog\/?s={search_term_string}\"},\"query-input\":\"required name=search_term_string\"}],\"inLanguage\":\"es\"},{\"@type\":\"Person\",\"@id\":\"https:\/\/www.clubdelemprendimiento.com\/blog\/#\/schema\/person\/a82ce0fc1281064b1cab4855c351cea7\",\"name\":\"Nerea Merino\",\"image\":{\"@type\":\"ImageObject\",\"inLanguage\":\"es\",\"@id\":\"https:\/\/www.clubdelemprendimiento.com\/blog\/#\/schema\/person\/image\/\",\"url\":\"https:\/\/secure.gravatar.com\/avatar\/3b1c906b7b4a65b22c04d52a020d4815?s=96&d=mm&r=g\",\"contentUrl\":\"https:\/\/secure.gravatar.com\/avatar\/3b1c906b7b4a65b22c04d52a020d4815?s=96&d=mm&r=g\",\"caption\":\"Nerea Merino\"},\"url\":\"https:\/\/www.clubdelemprendimiento.com\/blog\/author\/nerea\/\"}]}<\/script>\n<!-- \/ Yoast SEO plugin. -->","yoast_head_json":{"title":"Aut\u00f3nomos ahogados por la subida de costes","description":"El alza de costes, impuestos y vivienda pone contra las cuerdas a los aut\u00f3nomos, seg\u00fan UPTA. Seis de cada diez, afectados.","robots":{"index":"index","follow":"follow","max-snippet":"max-snippet:-1","max-image-preview":"max-image-preview:large","max-video-preview":"max-video-preview:-1"},"canonical":"https:\/\/www.clubdelemprendimiento.com\/blog\/autonomos\/autonomos-ahogados-por-la-subida-de-costes\/","og_locale":"es_ES","og_type":"article","og_title":"Aut\u00f3nomos ahogados por la subida de costes","og_description":"El alza de costes, impuestos y vivienda pone contra las cuerdas a los aut\u00f3nomos, seg\u00fan UPTA. Seis de cada diez, afectados.","og_url":"https:\/\/www.clubdelemprendimiento.com\/blog\/autonomos\/autonomos-ahogados-por-la-subida-de-costes\/","og_site_name":"Blog Club del Emprendimiento","article_published_time":"2026-04-30T06:18:40+00:00","article_modified_time":"2026-04-29T06:23:08+00:00","og_image":[{"width":1500,"height":1001,"url":"https:\/\/www.clubdelemprendimiento.com\/blog\/wp-content\/uploads\/2026\/04\/2148081099.jpg","type":"image\/jpeg"}],"author":"Nerea Merino","twitter_card":"summary_large_image","twitter_misc":{"Escrito por":"Nerea Merino","Tiempo de lectura":"2 minutos"},"schema":{"@context":"https:\/\/schema.org","@graph":[{"@type":"WebPage","@id":"https:\/\/www.clubdelemprendimiento.com\/blog\/autonomos\/autonomos-ahogados-por-la-subida-de-costes\/","url":"https:\/\/www.clubdelemprendimiento.com\/blog\/autonomos\/autonomos-ahogados-por-la-subida-de-costes\/","name":"Aut\u00f3nomos ahogados por la subida de costes","isPartOf":{"@id":"https:\/\/www.clubdelemprendimiento.com\/blog\/#website"},"primaryImageOfPage":{"@id":"https:\/\/www.clubdelemprendimiento.com\/blog\/autonomos\/autonomos-ahogados-por-la-subida-de-costes\/#primaryimage"},"image":{"@id":"https:\/\/www.clubdelemprendimiento.com\/blog\/autonomos\/autonomos-ahogados-por-la-subida-de-costes\/#primaryimage"},"thumbnailUrl":"https:\/\/www.clubdelemprendimiento.com\/blog\/wp-content\/uploads\/2026\/04\/2148081099.jpg","datePublished":"2026-04-30T06:18:40+00:00","dateModified":"2026-04-29T06:23:08+00:00","author":{"@id":"https:\/\/www.clubdelemprendimiento.com\/blog\/#\/schema\/person\/a82ce0fc1281064b1cab4855c351cea7"},"description":"El alza de costes, impuestos y vivienda pone contra las cuerdas a los aut\u00f3nomos, seg\u00fan UPTA. Seis de cada diez, afectados.","breadcrumb":{"@id":"https:\/\/www.clubdelemprendimiento.com\/blog\/autonomos\/autonomos-ahogados-por-la-subida-de-costes\/#breadcrumb"},"inLanguage":"es","potentialAction":[{"@type":"ReadAction","target":["https:\/\/www.clubdelemprendimiento.com\/blog\/autonomos\/autonomos-ahogados-por-la-subida-de-costes\/"]}]},{"@type":"ImageObject","inLanguage":"es","@id":"https:\/\/www.clubdelemprendimiento.com\/blog\/autonomos\/autonomos-ahogados-por-la-subida-de-costes\/#primaryimage","url":"https:\/\/www.clubdelemprendimiento.com\/blog\/wp-content\/uploads\/2026\/04\/2148081099.jpg","contentUrl":"https:\/\/www.clubdelemprendimiento.com\/blog\/wp-content\/uploads\/2026\/04\/2148081099.jpg","width":1500,"height":1001,"caption":"costes"},{"@type":"BreadcrumbList","@id":"https:\/\/www.clubdelemprendimiento.com\/blog\/autonomos\/autonomos-ahogados-por-la-subida-de-costes\/#breadcrumb","itemListElement":[{"@type":"ListItem","position":1,"name":"Home","item":"https:\/\/www.clubdelemprendimiento.com\/blog\/"},{"@type":"ListItem","position":2,"name":"La escalada de costes ahoga a los aut\u00f3nomos: seis de cada diez se\u00f1alan impuestos y precios como principal problema"}]},{"@type":"WebSite","@id":"https:\/\/www.clubdelemprendimiento.com\/blog\/#website","url":"https:\/\/www.clubdelemprendimiento.com\/blog\/","name":"Blog Club del Emprendimiento","description":"","potentialAction":[{"@type":"SearchAction","target":{"@type":"EntryPoint","urlTemplate":"https:\/\/www.clubdelemprendimiento.com\/blog\/?s={search_term_string}"},"query-input":"required name=search_term_string"}],"inLanguage":"es"},{"@type":"Person","@id":"https:\/\/www.clubdelemprendimiento.com\/blog\/#\/schema\/person\/a82ce0fc1281064b1cab4855c351cea7","name":"Nerea Merino","image":{"@type":"ImageObject","inLanguage":"es","@id":"https:\/\/www.clubdelemprendimiento.com\/blog\/#\/schema\/person\/image\/","url":"https:\/\/secure.gravatar.com\/avatar\/3b1c906b7b4a65b22c04d52a020d4815?s=96&d=mm&r=g","contentUrl":"https:\/\/secure.gravatar.com\/avatar\/3b1c906b7b4a65b22c04d52a020d4815?s=96&d=mm&r=g","caption":"Nerea Merino"},"url":"https:\/\/www.clubdelemprendimiento.com\/blog\/author\/nerea\/"}]}},"_links":{"self":[{"href":"https:\/\/www.clubdelemprendimiento.com\/blog\/wp-json\/wp\/v2\/posts\/28687"}],"collection":[{"href":"https:\/\/www.clubdelemprendimiento.com\/blog\/wp-json\/wp\/v2\/posts"}],"about":[{"href":"https:\/\/www.clubdelemprendimiento.com\/blog\/wp-json\/wp\/v2\/types\/post"}],"author":[{"embeddable":true,"href":"https:\/\/www.clubdelemprendimiento.com\/blog\/wp-json\/wp\/v2\/users\/14"}],"replies":[{"embeddable":true,"href":"https:\/\/www.clubdelemprendimiento.com\/blog\/wp-json\/wp\/v2\/comments?post=28687"}],"version-history":[{"count":1,"href":"https:\/\/www.clubdelemprendimiento.com\/blog\/wp-json\/wp\/v2\/posts\/28687\/revisions"}],"predecessor-version":[{"id":28689,"href":"https:\/\/www.clubdelemprendimiento.com\/blog\/wp-json\/wp\/v2\/posts\/28687\/revisions\/28689"}],"wp:featuredmedia":[{"embeddable":true,"href":"https:\/\/www.clubdelemprendimiento.com\/blog\/wp-json\/wp\/v2\/media\/28688"}],"wp:attachment":[{"href":"https:\/\/www.clubdelemprendimiento.com\/blog\/wp-json\/wp\/v2\/media?parent=28687"}],"wp:term":[{"taxonomy":"category","embeddable":true,"href":"https:\/\/www.clubdelemprendimiento.com\/blog\/wp-json\/wp\/v2\/categories?post=28687"},{"taxonomy":"post_tag","embeddable":true,"href":"https:\/\/www.clubdelemprendimiento.com\/blog\/wp-json\/wp\/v2\/tags?post=28687"}],"curies":[{"name":"wp","href":"https:\/\/api.w.org\/{rel}","templated":true}]}}