{"id":27410,"date":"2026-03-16T07:09:39","date_gmt":"2026-03-16T07:09:39","guid":{"rendered":"https:\/\/www.clubdelemprendimiento.com\/blog\/?p=27410"},"modified":"2026-03-12T07:13:07","modified_gmt":"2026-03-12T07:13:07","slug":"democratizacion-de-las-empresas-rechazo-empresarial","status":"publish","type":"post","link":"https:\/\/www.clubdelemprendimiento.com\/blog\/pymes\/democratizacion-de-las-empresas-rechazo-empresarial\/","title":{"rendered":"CEOE y CEPYME rechazan la \u201cdemocratizaci\u00f3n de las empresas\u201d propuesta por el Gobierno"},"content":{"rendered":"\n<p>Las organizaciones empresariales CEOE y CEPYME han anunciado que no participar\u00e1n en la mesa de di\u00e1logo convocada por el Ministerio de Trabajo para abordar la llamada <strong>democratizaci\u00f3n de las empresas<\/strong>, una iniciativa que busca ampliar la participaci\u00f3n de los trabajadores en la toma de decisiones corporativas.<\/p>\n\n\n\n<p>La decisi\u00f3n se produce tras una reuni\u00f3n extraordinaria de los \u00f3rganos directivos de ambas patronales, en la que concluyeron que la propuesta del Ejecutivo supone una intervenci\u00f3n indebida en el funcionamiento interno de las compa\u00f1\u00edas y podr\u00eda tener efectos negativos sobre la actividad empresarial y la inversi\u00f3n.<\/p>\n\n\n\n<p>Seg\u00fan explican en un comunicado conjunto, las organizaciones consideran que la iniciativa plantea un cambio en el modelo de gobernanza empresarial que no responde a la realidad del tejido productivo espa\u00f1ol y que podr\u00eda generar incertidumbre jur\u00eddica y econ\u00f3mica.<\/p>\n\n\n\n<h2 class=\"wp-block-heading\">Las patronales critican la propuesta de democratizaci\u00f3n de las empresas<\/h2>\n\n\n\n<p>La denominada <strong>democratizaci\u00f3n de las empresas<\/strong> forma parte de un debate impulsado desde el Ministerio de Trabajo sobre la posibilidad de reforzar la participaci\u00f3n de los trabajadores en los \u00f3rganos de decisi\u00f3n de las compa\u00f1\u00edas. Sin embargo, desde las organizaciones empresariales se cuestiona tanto el enfoque como el momento elegido para abrir esta discusi\u00f3n.<\/p>\n\n\n\n<p>Las patronales sostienen que la propuesta representa un \u201cejercicio de intervencionismo\u201d que, en su opini\u00f3n, puede afectar a derechos fundamentales vinculados a la propiedad privada y a la libertad de empresa. Tambi\u00e9n advierten de que introducir este tipo de cambios en la estructura de las empresas podr\u00eda generar desconfianza entre inversores y perjudicar la competitividad de la econom\u00eda espa\u00f1ola.<\/p>\n\n\n\n<p>Adem\u00e1s, consideran que el planteamiento del Gobierno parte de una visi\u00f3n err\u00f3nea sobre el funcionamiento democr\u00e1tico en el \u00e1mbito empresarial. A su juicio, el sistema de <strong>negociaci\u00f3n colectiva<\/strong> ya constituye un mecanismo consolidado de participaci\u00f3n y di\u00e1logo entre empresas y trabajadores, reconocido dentro del marco institucional y jur\u00eddico vigente.<\/p>\n\n\n\n<h2 class=\"wp-block-heading\">Defensa de la negociaci\u00f3n colectiva y del marco constitucional<\/h2>\n\n\n\n<p>En su posicionamiento, las organizaciones empresariales defienden que la negociaci\u00f3n colectiva es el instrumento adecuado para canalizar las relaciones laborales y garantizar el equilibrio entre empresas y trabajadores. Por ello, critican que el debate sobre la democratizaci\u00f3n de las empresas se plantee al margen de los mecanismos tradicionales de di\u00e1logo social.<\/p>\n\n\n\n<p>Asimismo, advierten de que determinadas propuestas podr\u00edan entrar en conflicto con el marco constitucional. En concreto, recuerdan que la Constituci\u00f3n espa\u00f1ola reconoce la <strong>libertad de empresa<\/strong> y otorga a las compa\u00f1\u00edas la capacidad de organizaci\u00f3n y direcci\u00f3n de su actividad, principios que consideran fundamentales para el funcionamiento del sistema econ\u00f3mico.<\/p>\n\n\n\n<p>Desde esta perspectiva, las patronales sostienen que modificar el modelo de gobierno corporativo mediante una regulaci\u00f3n que obligue a introducir representantes sindicales en los \u00f3rganos de direcci\u00f3n podr\u00eda alterar el equilibrio actual entre derechos laborales y libertad empresarial.<\/p>\n\n\n\n<h2 class=\"wp-block-heading\">Contexto econ\u00f3mico y preocupaci\u00f3n por la seguridad jur\u00eddica<\/h2>\n\n\n\n<p>El posicionamiento de las organizaciones empresariales tambi\u00e9n se enmarca en un contexto econ\u00f3mico internacional complejo. Seg\u00fan se\u00f1alan, la situaci\u00f3n geopol\u00edtica y las tensiones econ\u00f3micas globales ya generan incertidumbre en los mercados, por lo que consideran que introducir reformas de gran alcance en la regulaci\u00f3n empresarial podr\u00eda aumentar esa inseguridad.<\/p>\n\n\n\n<p>En este sentido, advierten de que la acumulaci\u00f3n de cambios normativos y el incremento de costes para las empresas podr\u00edan afectar a la creaci\u00f3n de empleo y a la inversi\u00f3n en Espa\u00f1a. Por ello, defienden la necesidad de apostar por la estabilidad regulatoria y por pol\u00edticas que refuercen la confianza del tejido empresarial.<\/p>\n\n\n\n<p>Ante este escenario, CEOE y CEPYME han optado por no participar en la mesa convocada para debatir la democratizaci\u00f3n de las empresas y reiteran su compromiso con el di\u00e1logo social a trav\u00e9s de los canales tradicionales de negociaci\u00f3n colectiva.<\/p>\n\n\n\n<p>Las patronales concluyen que cualquier reforma que afecte al funcionamiento de las empresas deber\u00eda abordarse desde el consenso y teniendo en cuenta el impacto que puede tener sobre la competitividad, el empleo y la estabilidad econ\u00f3mica.<\/p>\n","protected":false},"excerpt":{"rendered":"<p>Las organizaciones empresariales CEOE y CEPYME han anunciado que no participar\u00e1n en la mesa&hellip;<\/p>\n","protected":false},"author":14,"featured_media":27411,"comment_status":"open","ping_status":"open","sticky":false,"template":"","format":"standard","meta":{"_acf_changed":false,"footnotes":""},"categories":[256],"tags":[],"acf":[],"yoast_head":"<!-- This site is optimized with the Yoast SEO plugin v22.7 - https:\/\/yoast.com\/wordpress\/plugins\/seo\/ -->\n<title>Democratizaci\u00f3n de las empresas: rechazo empresarial<\/title>\n<meta name=\"description\" content=\"CEOE y CEPYME rechazan la propuesta de democratizaci\u00f3n de las empresas del Gobierno y declinan participar en la mesa de di\u00e1logo laboral.\" \/>\n<meta name=\"robots\" content=\"index, follow, max-snippet:-1, max-image-preview:large, max-video-preview:-1\" \/>\n<link rel=\"canonical\" href=\"https:\/\/www.clubdelemprendimiento.com\/blog\/pymes\/democratizacion-de-las-empresas-rechazo-empresarial\/\" \/>\n<meta property=\"og:locale\" content=\"es_ES\" \/>\n<meta property=\"og:type\" content=\"article\" \/>\n<meta property=\"og:title\" content=\"Democratizaci\u00f3n de las empresas: rechazo empresarial\" \/>\n<meta property=\"og:description\" content=\"CEOE y CEPYME rechazan la propuesta de democratizaci\u00f3n de las empresas del Gobierno y declinan participar en la mesa de di\u00e1logo laboral.\" \/>\n<meta property=\"og:url\" content=\"https:\/\/www.clubdelemprendimiento.com\/blog\/pymes\/democratizacion-de-las-empresas-rechazo-empresarial\/\" \/>\n<meta property=\"og:site_name\" content=\"Blog Club del Emprendimiento\" \/>\n<meta property=\"article:published_time\" content=\"2026-03-16T07:09:39+00:00\" \/>\n<meta property=\"article:modified_time\" content=\"2026-03-12T07:13:07+00:00\" \/>\n<meta property=\"og:image\" content=\"https:\/\/www.clubdelemprendimiento.com\/blog\/wp-content\/uploads\/2026\/03\/74355.jpg\" \/>\n\t<meta property=\"og:image:width\" content=\"1500\" \/>\n\t<meta property=\"og:image:height\" content=\"1000\" \/>\n\t<meta property=\"og:image:type\" content=\"image\/jpeg\" \/>\n<meta name=\"author\" content=\"Nerea Merino\" \/>\n<meta name=\"twitter:card\" content=\"summary_large_image\" \/>\n<meta name=\"twitter:label1\" content=\"Escrito por\" \/>\n\t<meta name=\"twitter:data1\" content=\"Nerea Merino\" \/>\n\t<meta name=\"twitter:label2\" content=\"Tiempo de lectura\" \/>\n\t<meta name=\"twitter:data2\" content=\"4 minutos\" \/>\n<script type=\"application\/ld+json\" class=\"yoast-schema-graph\">{\"@context\":\"https:\/\/schema.org\",\"@graph\":[{\"@type\":\"WebPage\",\"@id\":\"https:\/\/www.clubdelemprendimiento.com\/blog\/pymes\/democratizacion-de-las-empresas-rechazo-empresarial\/\",\"url\":\"https:\/\/www.clubdelemprendimiento.com\/blog\/pymes\/democratizacion-de-las-empresas-rechazo-empresarial\/\",\"name\":\"Democratizaci\u00f3n de las empresas: rechazo empresarial\",\"isPartOf\":{\"@id\":\"https:\/\/www.clubdelemprendimiento.com\/blog\/#website\"},\"primaryImageOfPage\":{\"@id\":\"https:\/\/www.clubdelemprendimiento.com\/blog\/pymes\/democratizacion-de-las-empresas-rechazo-empresarial\/#primaryimage\"},\"image\":{\"@id\":\"https:\/\/www.clubdelemprendimiento.com\/blog\/pymes\/democratizacion-de-las-empresas-rechazo-empresarial\/#primaryimage\"},\"thumbnailUrl\":\"https:\/\/www.clubdelemprendimiento.com\/blog\/wp-content\/uploads\/2026\/03\/74355.jpg\",\"datePublished\":\"2026-03-16T07:09:39+00:00\",\"dateModified\":\"2026-03-12T07:13:07+00:00\",\"author\":{\"@id\":\"https:\/\/www.clubdelemprendimiento.com\/blog\/#\/schema\/person\/a82ce0fc1281064b1cab4855c351cea7\"},\"description\":\"CEOE y CEPYME rechazan la propuesta de democratizaci\u00f3n de las empresas del Gobierno y declinan participar en la mesa de di\u00e1logo laboral.\",\"breadcrumb\":{\"@id\":\"https:\/\/www.clubdelemprendimiento.com\/blog\/pymes\/democratizacion-de-las-empresas-rechazo-empresarial\/#breadcrumb\"},\"inLanguage\":\"es\",\"potentialAction\":[{\"@type\":\"ReadAction\",\"target\":[\"https:\/\/www.clubdelemprendimiento.com\/blog\/pymes\/democratizacion-de-las-empresas-rechazo-empresarial\/\"]}]},{\"@type\":\"ImageObject\",\"inLanguage\":\"es\",\"@id\":\"https:\/\/www.clubdelemprendimiento.com\/blog\/pymes\/democratizacion-de-las-empresas-rechazo-empresarial\/#primaryimage\",\"url\":\"https:\/\/www.clubdelemprendimiento.com\/blog\/wp-content\/uploads\/2026\/03\/74355.jpg\",\"contentUrl\":\"https:\/\/www.clubdelemprendimiento.com\/blog\/wp-content\/uploads\/2026\/03\/74355.jpg\",\"width\":1500,\"height\":1000,\"caption\":\"democratizaci\u00f3n de las empresas\"},{\"@type\":\"BreadcrumbList\",\"@id\":\"https:\/\/www.clubdelemprendimiento.com\/blog\/pymes\/democratizacion-de-las-empresas-rechazo-empresarial\/#breadcrumb\",\"itemListElement\":[{\"@type\":\"ListItem\",\"position\":1,\"name\":\"Home\",\"item\":\"https:\/\/www.clubdelemprendimiento.com\/blog\/\"},{\"@type\":\"ListItem\",\"position\":2,\"name\":\"CEOE y CEPYME rechazan la \u201cdemocratizaci\u00f3n de las empresas\u201d propuesta por el Gobierno\"}]},{\"@type\":\"WebSite\",\"@id\":\"https:\/\/www.clubdelemprendimiento.com\/blog\/#website\",\"url\":\"https:\/\/www.clubdelemprendimiento.com\/blog\/\",\"name\":\"Blog Club del Emprendimiento\",\"description\":\"\",\"potentialAction\":[{\"@type\":\"SearchAction\",\"target\":{\"@type\":\"EntryPoint\",\"urlTemplate\":\"https:\/\/www.clubdelemprendimiento.com\/blog\/?s={search_term_string}\"},\"query-input\":\"required name=search_term_string\"}],\"inLanguage\":\"es\"},{\"@type\":\"Person\",\"@id\":\"https:\/\/www.clubdelemprendimiento.com\/blog\/#\/schema\/person\/a82ce0fc1281064b1cab4855c351cea7\",\"name\":\"Nerea Merino\",\"image\":{\"@type\":\"ImageObject\",\"inLanguage\":\"es\",\"@id\":\"https:\/\/www.clubdelemprendimiento.com\/blog\/#\/schema\/person\/image\/\",\"url\":\"https:\/\/secure.gravatar.com\/avatar\/3b1c906b7b4a65b22c04d52a020d4815?s=96&d=mm&r=g\",\"contentUrl\":\"https:\/\/secure.gravatar.com\/avatar\/3b1c906b7b4a65b22c04d52a020d4815?s=96&d=mm&r=g\",\"caption\":\"Nerea Merino\"},\"url\":\"https:\/\/www.clubdelemprendimiento.com\/blog\/author\/nerea\/\"}]}<\/script>\n<!-- \/ Yoast SEO plugin. -->","yoast_head_json":{"title":"Democratizaci\u00f3n de las empresas: rechazo empresarial","description":"CEOE y CEPYME rechazan la propuesta de democratizaci\u00f3n de las empresas del Gobierno y declinan participar en la mesa de di\u00e1logo laboral.","robots":{"index":"index","follow":"follow","max-snippet":"max-snippet:-1","max-image-preview":"max-image-preview:large","max-video-preview":"max-video-preview:-1"},"canonical":"https:\/\/www.clubdelemprendimiento.com\/blog\/pymes\/democratizacion-de-las-empresas-rechazo-empresarial\/","og_locale":"es_ES","og_type":"article","og_title":"Democratizaci\u00f3n de las empresas: rechazo empresarial","og_description":"CEOE y CEPYME rechazan la propuesta de democratizaci\u00f3n de las empresas del Gobierno y declinan participar en la mesa de di\u00e1logo laboral.","og_url":"https:\/\/www.clubdelemprendimiento.com\/blog\/pymes\/democratizacion-de-las-empresas-rechazo-empresarial\/","og_site_name":"Blog Club del Emprendimiento","article_published_time":"2026-03-16T07:09:39+00:00","article_modified_time":"2026-03-12T07:13:07+00:00","og_image":[{"width":1500,"height":1000,"url":"https:\/\/www.clubdelemprendimiento.com\/blog\/wp-content\/uploads\/2026\/03\/74355.jpg","type":"image\/jpeg"}],"author":"Nerea Merino","twitter_card":"summary_large_image","twitter_misc":{"Escrito por":"Nerea Merino","Tiempo de lectura":"4 minutos"},"schema":{"@context":"https:\/\/schema.org","@graph":[{"@type":"WebPage","@id":"https:\/\/www.clubdelemprendimiento.com\/blog\/pymes\/democratizacion-de-las-empresas-rechazo-empresarial\/","url":"https:\/\/www.clubdelemprendimiento.com\/blog\/pymes\/democratizacion-de-las-empresas-rechazo-empresarial\/","name":"Democratizaci\u00f3n de las empresas: rechazo empresarial","isPartOf":{"@id":"https:\/\/www.clubdelemprendimiento.com\/blog\/#website"},"primaryImageOfPage":{"@id":"https:\/\/www.clubdelemprendimiento.com\/blog\/pymes\/democratizacion-de-las-empresas-rechazo-empresarial\/#primaryimage"},"image":{"@id":"https:\/\/www.clubdelemprendimiento.com\/blog\/pymes\/democratizacion-de-las-empresas-rechazo-empresarial\/#primaryimage"},"thumbnailUrl":"https:\/\/www.clubdelemprendimiento.com\/blog\/wp-content\/uploads\/2026\/03\/74355.jpg","datePublished":"2026-03-16T07:09:39+00:00","dateModified":"2026-03-12T07:13:07+00:00","author":{"@id":"https:\/\/www.clubdelemprendimiento.com\/blog\/#\/schema\/person\/a82ce0fc1281064b1cab4855c351cea7"},"description":"CEOE y CEPYME rechazan la propuesta de democratizaci\u00f3n de las empresas del Gobierno y declinan participar en la mesa de di\u00e1logo laboral.","breadcrumb":{"@id":"https:\/\/www.clubdelemprendimiento.com\/blog\/pymes\/democratizacion-de-las-empresas-rechazo-empresarial\/#breadcrumb"},"inLanguage":"es","potentialAction":[{"@type":"ReadAction","target":["https:\/\/www.clubdelemprendimiento.com\/blog\/pymes\/democratizacion-de-las-empresas-rechazo-empresarial\/"]}]},{"@type":"ImageObject","inLanguage":"es","@id":"https:\/\/www.clubdelemprendimiento.com\/blog\/pymes\/democratizacion-de-las-empresas-rechazo-empresarial\/#primaryimage","url":"https:\/\/www.clubdelemprendimiento.com\/blog\/wp-content\/uploads\/2026\/03\/74355.jpg","contentUrl":"https:\/\/www.clubdelemprendimiento.com\/blog\/wp-content\/uploads\/2026\/03\/74355.jpg","width":1500,"height":1000,"caption":"democratizaci\u00f3n de las empresas"},{"@type":"BreadcrumbList","@id":"https:\/\/www.clubdelemprendimiento.com\/blog\/pymes\/democratizacion-de-las-empresas-rechazo-empresarial\/#breadcrumb","itemListElement":[{"@type":"ListItem","position":1,"name":"Home","item":"https:\/\/www.clubdelemprendimiento.com\/blog\/"},{"@type":"ListItem","position":2,"name":"CEOE y CEPYME rechazan la \u201cdemocratizaci\u00f3n de las empresas\u201d propuesta por el Gobierno"}]},{"@type":"WebSite","@id":"https:\/\/www.clubdelemprendimiento.com\/blog\/#website","url":"https:\/\/www.clubdelemprendimiento.com\/blog\/","name":"Blog Club del Emprendimiento","description":"","potentialAction":[{"@type":"SearchAction","target":{"@type":"EntryPoint","urlTemplate":"https:\/\/www.clubdelemprendimiento.com\/blog\/?s={search_term_string}"},"query-input":"required name=search_term_string"}],"inLanguage":"es"},{"@type":"Person","@id":"https:\/\/www.clubdelemprendimiento.com\/blog\/#\/schema\/person\/a82ce0fc1281064b1cab4855c351cea7","name":"Nerea Merino","image":{"@type":"ImageObject","inLanguage":"es","@id":"https:\/\/www.clubdelemprendimiento.com\/blog\/#\/schema\/person\/image\/","url":"https:\/\/secure.gravatar.com\/avatar\/3b1c906b7b4a65b22c04d52a020d4815?s=96&d=mm&r=g","contentUrl":"https:\/\/secure.gravatar.com\/avatar\/3b1c906b7b4a65b22c04d52a020d4815?s=96&d=mm&r=g","caption":"Nerea Merino"},"url":"https:\/\/www.clubdelemprendimiento.com\/blog\/author\/nerea\/"}]}},"_links":{"self":[{"href":"https:\/\/www.clubdelemprendimiento.com\/blog\/wp-json\/wp\/v2\/posts\/27410"}],"collection":[{"href":"https:\/\/www.clubdelemprendimiento.com\/blog\/wp-json\/wp\/v2\/posts"}],"about":[{"href":"https:\/\/www.clubdelemprendimiento.com\/blog\/wp-json\/wp\/v2\/types\/post"}],"author":[{"embeddable":true,"href":"https:\/\/www.clubdelemprendimiento.com\/blog\/wp-json\/wp\/v2\/users\/14"}],"replies":[{"embeddable":true,"href":"https:\/\/www.clubdelemprendimiento.com\/blog\/wp-json\/wp\/v2\/comments?post=27410"}],"version-history":[{"count":1,"href":"https:\/\/www.clubdelemprendimiento.com\/blog\/wp-json\/wp\/v2\/posts\/27410\/revisions"}],"predecessor-version":[{"id":27412,"href":"https:\/\/www.clubdelemprendimiento.com\/blog\/wp-json\/wp\/v2\/posts\/27410\/revisions\/27412"}],"wp:featuredmedia":[{"embeddable":true,"href":"https:\/\/www.clubdelemprendimiento.com\/blog\/wp-json\/wp\/v2\/media\/27411"}],"wp:attachment":[{"href":"https:\/\/www.clubdelemprendimiento.com\/blog\/wp-json\/wp\/v2\/media?parent=27410"}],"wp:term":[{"taxonomy":"category","embeddable":true,"href":"https:\/\/www.clubdelemprendimiento.com\/blog\/wp-json\/wp\/v2\/categories?post=27410"},{"taxonomy":"post_tag","embeddable":true,"href":"https:\/\/www.clubdelemprendimiento.com\/blog\/wp-json\/wp\/v2\/tags?post=27410"}],"curies":[{"name":"wp","href":"https:\/\/api.w.org\/{rel}","templated":true}]}}