{"id":27262,"date":"2026-03-10T10:45:32","date_gmt":"2026-03-10T10:45:32","guid":{"rendered":"https:\/\/www.clubdelemprendimiento.com\/blog\/?p=27262"},"modified":"2026-03-09T10:51:03","modified_gmt":"2026-03-09T10:51:03","slug":"emprendimiento-y-formacion-en-are-business-radio","status":"publish","type":"post","link":"https:\/\/www.clubdelemprendimiento.com\/blog\/nuestros-emprendedores\/emprendimiento-y-formacion-en-are-business-radio\/","title":{"rendered":"Emprendimiento y formaci\u00f3n en Are Business \u2013 Radio Libertad"},"content":{"rendered":"\n<p>El pasado <strong>lunes 2 de marzo<\/strong>, el <em>Club del Emprendimiento<\/em> volvi\u00f3 a participar en el programa <strong>Are Business<\/strong> de <em>Radio Libertad<\/em>, con el objetivo de reflexionar sobre la <strong>importancia de la formaci\u00f3n en el emprendimiento<\/strong>, especialmente en el \u00e1mbito educativo.<\/p>\n\n\n\n<p>La secci\u00f3n cont\u00f3 con la participaci\u00f3n de <strong>Jorge Ruiz<\/strong>, Secretario General de la <em>Asociaci\u00f3n Espa\u00f1ola de Escuelas de Negocios<\/em>, y <strong>\u00c1lvaro Anguita<\/strong>, joven emprendedor y fundador de <strong>CocoAI<\/strong>, un tutor digital impulsado por IA, dise\u00f1ado para apoyar a los menores en el entorno digital y facilitar el seguimiento de su progreso y necesidades.<\/p>\n\n\n\n<h2 class=\"wp-block-heading\">La formaci\u00f3n, clave para el emprendimiento y la sociedad<\/h2>\n\n\n\n<p>Durante el programa se destac\u00f3 que <strong>la formaci\u00f3n es fundamental<\/strong>, no solo para los emprendedores sino para la sociedad en su conjunto. Como se\u00f1ala el fil\u00f3sofo <strong>Jos\u00e9 Antonio Marina<\/strong>, \u201cnunca se termina de aprender\u201d.<\/p>\n\n\n\n<p>Jorge Ruiz explic\u00f3 que, en el \u00e1mbito profesional, la formaci\u00f3n forma parte de nuestra vida y nunca debe dejarse pasar. La formaci\u00f3n no solo es imprescindible para crecer y mejorar, sino tambi\u00e9n para tener estabilidad personal y profesional. Muchas de las dificultades que enfrentamos como sociedad podr\u00edan mitigarse con una <strong>formaci\u00f3n m\u00e1s s\u00f3lida y constante<\/strong>.<\/p>\n\n\n\n<h2 class=\"wp-block-heading\">CocoAI: tecnolog\u00eda para gestionar la tecnolog\u00eda<\/h2>\n\n\n\n<p>\u00c1lvaro Anguita present\u00f3 <strong>CocoAI<\/strong>, una plataforma que utiliza la tecnolog\u00eda para <strong>gestionar la tecnolog\u00eda<\/strong>. En un mundo donde las familias crecen en un entorno digital constantemente bombardeado por nuevas herramientas y dispositivos, CocoAI ofrece un acompa\u00f1amiento responsable y equilibrado.<\/p>\n\n\n\n<p>Permite a padres y colegios <strong>adaptarse, evolucionar y guiar a los menores<\/strong>, prepar\u00e1ndolos para el mundo que van a heredar. \u00c1lvaro comparti\u00f3 c\u00f3mo dio el paso de la inversi\u00f3n a crear CocoAI, un proceso que mezcl\u00f3 audacia, visi\u00f3n y, seg\u00fan sus palabras, \u201cun a\u00f1o duro en el que decid\u00ed que alguien ten\u00eda que dar esta soluci\u00f3n\u201d.<\/p>\n\n\n\n<p>Lo que hace diferente a CocoAI es su planteamiento: <strong>no se centra en prohibir ni controlar<\/strong>, sino en aprovechar la tecnolog\u00eda para educar y acompa\u00f1ar. El entorno digital se convierte as\u00ed en un espacio de creaci\u00f3n, desarrollo y aprendizaje para toda la familia.<\/p>\n\n\n\n<h2 class=\"wp-block-heading\">Formaci\u00f3n y gesti\u00f3n empresarial<\/h2>\n\n\n\n<p>Desde la <strong>AEEN<\/strong>, se subraya que un emprendedor debe <strong>saber gestionar su idea y su empresa<\/strong>, tomando decisiones informadas apoyadas en la formaci\u00f3n y la experiencia. El Club del Emprendimiento colabora activamente con escuelas, familias y empresas para fomentar el aprendizaje, la innovaci\u00f3n y la gesti\u00f3n eficiente de proyectos.<\/p>\n\n\n\n<p>Adem\u00e1s, se destac\u00f3 la importancia de garantizar la <strong>calidad educativa<\/strong>. La AEEN ha impulsado un registro de t\u00edtulos propios y certificaciones que aseguran la formaci\u00f3n y la empleabilidad de quienes estudian en escuelas de negocios, con pr\u00e1cticas que en muchos casos se convierten en <strong>contratos laborales<\/strong>.<\/p>\n\n\n\n<p>\ud83d\udc49 Puedes escuchar el programa completo aqu\u00ed: <a href=\"https:\/\/www.youtube.com\/watch?v=6KW-yxcQht0\">YouTube \u2013 Are Business<\/a><\/p>\n","protected":false},"excerpt":{"rendered":"<p>El pasado lunes 2 de marzo, el Club del Emprendimiento volvi\u00f3 a participar en&hellip;<\/p>\n","protected":false},"author":14,"featured_media":27263,"comment_status":"open","ping_status":"open","sticky":false,"template":"","format":"standard","meta":{"_acf_changed":false,"footnotes":""},"categories":[91],"tags":[],"acf":[],"yoast_head":"<!-- This site is optimized with the Yoast SEO plugin v22.7 - https:\/\/yoast.com\/wordpress\/plugins\/seo\/ -->\n<title>Emprendimiento y formaci\u00f3n en Are Business Radio<\/title>\n<meta name=\"description\" content=\"Descubre c\u00f3mo la formaci\u00f3n impulsa el emprendimiento en educaci\u00f3n y tecnolog\u00eda en Are Business \u2013 Radio Libertad.\" \/>\n<meta name=\"robots\" content=\"index, follow, max-snippet:-1, max-image-preview:large, max-video-preview:-1\" \/>\n<link rel=\"canonical\" href=\"https:\/\/www.clubdelemprendimiento.com\/blog\/nuestros-emprendedores\/emprendimiento-y-formacion-en-are-business-radio\/\" \/>\n<meta property=\"og:locale\" content=\"es_ES\" \/>\n<meta property=\"og:type\" content=\"article\" \/>\n<meta property=\"og:title\" content=\"Emprendimiento y formaci\u00f3n en Are Business Radio\" \/>\n<meta property=\"og:description\" content=\"Descubre c\u00f3mo la formaci\u00f3n impulsa el emprendimiento en educaci\u00f3n y tecnolog\u00eda en Are Business \u2013 Radio Libertad.\" \/>\n<meta property=\"og:url\" content=\"https:\/\/www.clubdelemprendimiento.com\/blog\/nuestros-emprendedores\/emprendimiento-y-formacion-en-are-business-radio\/\" \/>\n<meta property=\"og:site_name\" content=\"Blog Club del Emprendimiento\" \/>\n<meta property=\"article:published_time\" content=\"2026-03-10T10:45:32+00:00\" \/>\n<meta property=\"article:modified_time\" content=\"2026-03-09T10:51:03+00:00\" \/>\n<meta property=\"og:image\" content=\"https:\/\/www.clubdelemprendimiento.com\/blog\/wp-content\/uploads\/2026\/03\/IMG_20260302_120005-scaled.jpg\" \/>\n\t<meta property=\"og:image:width\" content=\"2560\" \/>\n\t<meta property=\"og:image:height\" content=\"1920\" \/>\n\t<meta property=\"og:image:type\" content=\"image\/jpeg\" \/>\n<meta name=\"author\" content=\"Nerea Merino\" \/>\n<meta name=\"twitter:card\" content=\"summary_large_image\" \/>\n<meta name=\"twitter:label1\" content=\"Escrito por\" \/>\n\t<meta name=\"twitter:data1\" content=\"Nerea Merino\" \/>\n\t<meta name=\"twitter:label2\" content=\"Tiempo de lectura\" \/>\n\t<meta name=\"twitter:data2\" content=\"3 minutos\" \/>\n<script type=\"application\/ld+json\" class=\"yoast-schema-graph\">{\"@context\":\"https:\/\/schema.org\",\"@graph\":[{\"@type\":\"WebPage\",\"@id\":\"https:\/\/www.clubdelemprendimiento.com\/blog\/nuestros-emprendedores\/emprendimiento-y-formacion-en-are-business-radio\/\",\"url\":\"https:\/\/www.clubdelemprendimiento.com\/blog\/nuestros-emprendedores\/emprendimiento-y-formacion-en-are-business-radio\/\",\"name\":\"Emprendimiento y formaci\u00f3n en Are Business Radio\",\"isPartOf\":{\"@id\":\"https:\/\/www.clubdelemprendimiento.com\/blog\/#website\"},\"primaryImageOfPage\":{\"@id\":\"https:\/\/www.clubdelemprendimiento.com\/blog\/nuestros-emprendedores\/emprendimiento-y-formacion-en-are-business-radio\/#primaryimage\"},\"image\":{\"@id\":\"https:\/\/www.clubdelemprendimiento.com\/blog\/nuestros-emprendedores\/emprendimiento-y-formacion-en-are-business-radio\/#primaryimage\"},\"thumbnailUrl\":\"https:\/\/www.clubdelemprendimiento.com\/blog\/wp-content\/uploads\/2026\/03\/IMG_20260302_120005-scaled.jpg\",\"datePublished\":\"2026-03-10T10:45:32+00:00\",\"dateModified\":\"2026-03-09T10:51:03+00:00\",\"author\":{\"@id\":\"https:\/\/www.clubdelemprendimiento.com\/blog\/#\/schema\/person\/a82ce0fc1281064b1cab4855c351cea7\"},\"description\":\"Descubre c\u00f3mo la formaci\u00f3n impulsa el emprendimiento en educaci\u00f3n y tecnolog\u00eda en Are Business \u2013 Radio Libertad.\",\"breadcrumb\":{\"@id\":\"https:\/\/www.clubdelemprendimiento.com\/blog\/nuestros-emprendedores\/emprendimiento-y-formacion-en-are-business-radio\/#breadcrumb\"},\"inLanguage\":\"es\",\"potentialAction\":[{\"@type\":\"ReadAction\",\"target\":[\"https:\/\/www.clubdelemprendimiento.com\/blog\/nuestros-emprendedores\/emprendimiento-y-formacion-en-are-business-radio\/\"]}]},{\"@type\":\"ImageObject\",\"inLanguage\":\"es\",\"@id\":\"https:\/\/www.clubdelemprendimiento.com\/blog\/nuestros-emprendedores\/emprendimiento-y-formacion-en-are-business-radio\/#primaryimage\",\"url\":\"https:\/\/www.clubdelemprendimiento.com\/blog\/wp-content\/uploads\/2026\/03\/IMG_20260302_120005-scaled.jpg\",\"contentUrl\":\"https:\/\/www.clubdelemprendimiento.com\/blog\/wp-content\/uploads\/2026\/03\/IMG_20260302_120005-scaled.jpg\",\"width\":2560,\"height\":1920,\"caption\":\"emprendimiento\"},{\"@type\":\"BreadcrumbList\",\"@id\":\"https:\/\/www.clubdelemprendimiento.com\/blog\/nuestros-emprendedores\/emprendimiento-y-formacion-en-are-business-radio\/#breadcrumb\",\"itemListElement\":[{\"@type\":\"ListItem\",\"position\":1,\"name\":\"Home\",\"item\":\"https:\/\/www.clubdelemprendimiento.com\/blog\/\"},{\"@type\":\"ListItem\",\"position\":2,\"name\":\"Emprendimiento y formaci\u00f3n en Are Business \u2013 Radio Libertad\"}]},{\"@type\":\"WebSite\",\"@id\":\"https:\/\/www.clubdelemprendimiento.com\/blog\/#website\",\"url\":\"https:\/\/www.clubdelemprendimiento.com\/blog\/\",\"name\":\"Blog Club del Emprendimiento\",\"description\":\"\",\"potentialAction\":[{\"@type\":\"SearchAction\",\"target\":{\"@type\":\"EntryPoint\",\"urlTemplate\":\"https:\/\/www.clubdelemprendimiento.com\/blog\/?s={search_term_string}\"},\"query-input\":\"required name=search_term_string\"}],\"inLanguage\":\"es\"},{\"@type\":\"Person\",\"@id\":\"https:\/\/www.clubdelemprendimiento.com\/blog\/#\/schema\/person\/a82ce0fc1281064b1cab4855c351cea7\",\"name\":\"Nerea Merino\",\"image\":{\"@type\":\"ImageObject\",\"inLanguage\":\"es\",\"@id\":\"https:\/\/www.clubdelemprendimiento.com\/blog\/#\/schema\/person\/image\/\",\"url\":\"https:\/\/secure.gravatar.com\/avatar\/3b1c906b7b4a65b22c04d52a020d4815?s=96&d=mm&r=g\",\"contentUrl\":\"https:\/\/secure.gravatar.com\/avatar\/3b1c906b7b4a65b22c04d52a020d4815?s=96&d=mm&r=g\",\"caption\":\"Nerea Merino\"},\"url\":\"https:\/\/www.clubdelemprendimiento.com\/blog\/author\/nerea\/\"}]}<\/script>\n<!-- \/ Yoast SEO plugin. -->","yoast_head_json":{"title":"Emprendimiento y formaci\u00f3n en Are Business Radio","description":"Descubre c\u00f3mo la formaci\u00f3n impulsa el emprendimiento en educaci\u00f3n y tecnolog\u00eda en Are Business \u2013 Radio Libertad.","robots":{"index":"index","follow":"follow","max-snippet":"max-snippet:-1","max-image-preview":"max-image-preview:large","max-video-preview":"max-video-preview:-1"},"canonical":"https:\/\/www.clubdelemprendimiento.com\/blog\/nuestros-emprendedores\/emprendimiento-y-formacion-en-are-business-radio\/","og_locale":"es_ES","og_type":"article","og_title":"Emprendimiento y formaci\u00f3n en Are Business Radio","og_description":"Descubre c\u00f3mo la formaci\u00f3n impulsa el emprendimiento en educaci\u00f3n y tecnolog\u00eda en Are Business \u2013 Radio Libertad.","og_url":"https:\/\/www.clubdelemprendimiento.com\/blog\/nuestros-emprendedores\/emprendimiento-y-formacion-en-are-business-radio\/","og_site_name":"Blog Club del Emprendimiento","article_published_time":"2026-03-10T10:45:32+00:00","article_modified_time":"2026-03-09T10:51:03+00:00","og_image":[{"width":2560,"height":1920,"url":"https:\/\/www.clubdelemprendimiento.com\/blog\/wp-content\/uploads\/2026\/03\/IMG_20260302_120005-scaled.jpg","type":"image\/jpeg"}],"author":"Nerea Merino","twitter_card":"summary_large_image","twitter_misc":{"Escrito por":"Nerea Merino","Tiempo de lectura":"3 minutos"},"schema":{"@context":"https:\/\/schema.org","@graph":[{"@type":"WebPage","@id":"https:\/\/www.clubdelemprendimiento.com\/blog\/nuestros-emprendedores\/emprendimiento-y-formacion-en-are-business-radio\/","url":"https:\/\/www.clubdelemprendimiento.com\/blog\/nuestros-emprendedores\/emprendimiento-y-formacion-en-are-business-radio\/","name":"Emprendimiento y formaci\u00f3n en Are Business Radio","isPartOf":{"@id":"https:\/\/www.clubdelemprendimiento.com\/blog\/#website"},"primaryImageOfPage":{"@id":"https:\/\/www.clubdelemprendimiento.com\/blog\/nuestros-emprendedores\/emprendimiento-y-formacion-en-are-business-radio\/#primaryimage"},"image":{"@id":"https:\/\/www.clubdelemprendimiento.com\/blog\/nuestros-emprendedores\/emprendimiento-y-formacion-en-are-business-radio\/#primaryimage"},"thumbnailUrl":"https:\/\/www.clubdelemprendimiento.com\/blog\/wp-content\/uploads\/2026\/03\/IMG_20260302_120005-scaled.jpg","datePublished":"2026-03-10T10:45:32+00:00","dateModified":"2026-03-09T10:51:03+00:00","author":{"@id":"https:\/\/www.clubdelemprendimiento.com\/blog\/#\/schema\/person\/a82ce0fc1281064b1cab4855c351cea7"},"description":"Descubre c\u00f3mo la formaci\u00f3n impulsa el emprendimiento en educaci\u00f3n y tecnolog\u00eda en Are Business \u2013 Radio Libertad.","breadcrumb":{"@id":"https:\/\/www.clubdelemprendimiento.com\/blog\/nuestros-emprendedores\/emprendimiento-y-formacion-en-are-business-radio\/#breadcrumb"},"inLanguage":"es","potentialAction":[{"@type":"ReadAction","target":["https:\/\/www.clubdelemprendimiento.com\/blog\/nuestros-emprendedores\/emprendimiento-y-formacion-en-are-business-radio\/"]}]},{"@type":"ImageObject","inLanguage":"es","@id":"https:\/\/www.clubdelemprendimiento.com\/blog\/nuestros-emprendedores\/emprendimiento-y-formacion-en-are-business-radio\/#primaryimage","url":"https:\/\/www.clubdelemprendimiento.com\/blog\/wp-content\/uploads\/2026\/03\/IMG_20260302_120005-scaled.jpg","contentUrl":"https:\/\/www.clubdelemprendimiento.com\/blog\/wp-content\/uploads\/2026\/03\/IMG_20260302_120005-scaled.jpg","width":2560,"height":1920,"caption":"emprendimiento"},{"@type":"BreadcrumbList","@id":"https:\/\/www.clubdelemprendimiento.com\/blog\/nuestros-emprendedores\/emprendimiento-y-formacion-en-are-business-radio\/#breadcrumb","itemListElement":[{"@type":"ListItem","position":1,"name":"Home","item":"https:\/\/www.clubdelemprendimiento.com\/blog\/"},{"@type":"ListItem","position":2,"name":"Emprendimiento y formaci\u00f3n en Are Business \u2013 Radio Libertad"}]},{"@type":"WebSite","@id":"https:\/\/www.clubdelemprendimiento.com\/blog\/#website","url":"https:\/\/www.clubdelemprendimiento.com\/blog\/","name":"Blog Club del Emprendimiento","description":"","potentialAction":[{"@type":"SearchAction","target":{"@type":"EntryPoint","urlTemplate":"https:\/\/www.clubdelemprendimiento.com\/blog\/?s={search_term_string}"},"query-input":"required name=search_term_string"}],"inLanguage":"es"},{"@type":"Person","@id":"https:\/\/www.clubdelemprendimiento.com\/blog\/#\/schema\/person\/a82ce0fc1281064b1cab4855c351cea7","name":"Nerea Merino","image":{"@type":"ImageObject","inLanguage":"es","@id":"https:\/\/www.clubdelemprendimiento.com\/blog\/#\/schema\/person\/image\/","url":"https:\/\/secure.gravatar.com\/avatar\/3b1c906b7b4a65b22c04d52a020d4815?s=96&d=mm&r=g","contentUrl":"https:\/\/secure.gravatar.com\/avatar\/3b1c906b7b4a65b22c04d52a020d4815?s=96&d=mm&r=g","caption":"Nerea Merino"},"url":"https:\/\/www.clubdelemprendimiento.com\/blog\/author\/nerea\/"}]}},"_links":{"self":[{"href":"https:\/\/www.clubdelemprendimiento.com\/blog\/wp-json\/wp\/v2\/posts\/27262"}],"collection":[{"href":"https:\/\/www.clubdelemprendimiento.com\/blog\/wp-json\/wp\/v2\/posts"}],"about":[{"href":"https:\/\/www.clubdelemprendimiento.com\/blog\/wp-json\/wp\/v2\/types\/post"}],"author":[{"embeddable":true,"href":"https:\/\/www.clubdelemprendimiento.com\/blog\/wp-json\/wp\/v2\/users\/14"}],"replies":[{"embeddable":true,"href":"https:\/\/www.clubdelemprendimiento.com\/blog\/wp-json\/wp\/v2\/comments?post=27262"}],"version-history":[{"count":2,"href":"https:\/\/www.clubdelemprendimiento.com\/blog\/wp-json\/wp\/v2\/posts\/27262\/revisions"}],"predecessor-version":[{"id":27266,"href":"https:\/\/www.clubdelemprendimiento.com\/blog\/wp-json\/wp\/v2\/posts\/27262\/revisions\/27266"}],"wp:featuredmedia":[{"embeddable":true,"href":"https:\/\/www.clubdelemprendimiento.com\/blog\/wp-json\/wp\/v2\/media\/27263"}],"wp:attachment":[{"href":"https:\/\/www.clubdelemprendimiento.com\/blog\/wp-json\/wp\/v2\/media?parent=27262"}],"wp:term":[{"taxonomy":"category","embeddable":true,"href":"https:\/\/www.clubdelemprendimiento.com\/blog\/wp-json\/wp\/v2\/categories?post=27262"},{"taxonomy":"post_tag","embeddable":true,"href":"https:\/\/www.clubdelemprendimiento.com\/blog\/wp-json\/wp\/v2\/tags?post=27262"}],"curies":[{"name":"wp","href":"https:\/\/api.w.org\/{rel}","templated":true}]}}