{"id":25846,"date":"2026-01-26T07:59:11","date_gmt":"2026-01-26T07:59:11","guid":{"rendered":"https:\/\/www.clubdelemprendimiento.com\/blog\/?p=25846"},"modified":"2026-01-27T08:05:01","modified_gmt":"2026-01-27T08:05:01","slug":"calendario-fiscal-y-contable-2026-para-autonomos","status":"publish","type":"post","link":"https:\/\/www.clubdelemprendimiento.com\/blog\/autonomos\/calendario-fiscal-y-contable-2026-para-autonomos\/","title":{"rendered":"Calendario fiscal y contable 2026 con todas las fechas clave para aut\u00f3nomos"},"content":{"rendered":"\n<p>La Asociaci\u00f3n de Trabajadores Aut\u00f3nomos (ATA) ha publicado el calendario fiscal y contable correspondiente a 2026, un documento de referencia que re\u00fane todas las obligaciones tributarias y contables que deber\u00e1n cumplir los trabajadores por cuenta propia a lo largo del pr\u00f3ximo ejercicio. Esta gu\u00eda permite a los aut\u00f3nomos anticiparse a los plazos de presentaci\u00f3n y mejorar la planificaci\u00f3n financiera de su actividad profesional.<\/p>\n\n\n\n<p>El calendario recoge tanto las declaraciones peri\u00f3dicas como los modelos informativos anuales, facilitando una visi\u00f3n global de los principales compromisos con la Agencia Tributaria. Su correcta utilizaci\u00f3n resulta fundamental para evitar retrasos, recargos o posibles sanciones administrativas.<\/p>\n\n\n\n<h2 class=\"wp-block-heading\">Principales obligaciones trimestrales<\/h2>\n\n\n\n<p>Entre las obligaciones m\u00e1s recurrentes del calendario fiscal y contable destacan las declaraciones trimestrales. Los aut\u00f3nomos deber\u00e1n presentar el <strong>Modelo 303 de IVA<\/strong> en los meses de abril, julio y octubre, adem\u00e1s de enero de 2026, correspondiente al cuarto trimestre del ejercicio anterior.<\/p>\n\n\n\n<p>Junto al IVA, se incluyen los <strong>pagos fraccionados del IRPF<\/strong>, a trav\u00e9s del Modelo 130 para estimaci\u00f3n directa o el Modelo 131 para m\u00f3dulos. Tambi\u00e9n figuran las declaraciones de <strong>retenciones e ingresos a cuenta<\/strong>, como el Modelo 111, que afecta a profesionales con trabajadores o colaboradores.<\/p>\n\n\n\n<h2 class=\"wp-block-heading\">Calendario fiscal y contable: enero y febrero, meses clave<\/h2>\n\n\n\n<p>El inicio del a\u00f1o concentra una carga administrativa especialmente elevada. Durante el mes de enero, adem\u00e1s de las liquidaciones trimestrales, los aut\u00f3nomos deber\u00e1n presentar varios <strong>res\u00famenes anuales<\/strong>, como el Modelo 390 de IVA y otras declaraciones informativas vinculadas al ejercicio anterior.<\/p>\n\n\n\n<p>En febrero, el calendario fiscal y contable marca una cita relevante con la presentaci\u00f3n del <strong>Modelo 347<\/strong>, que recoge las operaciones realizadas con clientes y proveedores que superan los importes establecidos por la normativa fiscal.<\/p>\n\n\n\n<h2 class=\"wp-block-heading\">Calendario fiscal y contable y campa\u00f1a de la Renta<\/h2>\n\n\n\n<p>El calendario tambi\u00e9n incluye la <strong>campa\u00f1a de la Renta y del Impuesto sobre el Patrimonio<\/strong>, que se desarrolla entre los meses de abril y junio. Durante este periodo, los aut\u00f3nomos deber\u00e1n declarar los rendimientos obtenidos en 2025, ajustando los pagos ya realizados a lo largo del a\u00f1o anterior.<\/p>\n\n\n\n<h2 class=\"wp-block-heading\">Una herramienta clave para la planificaci\u00f3n del aut\u00f3nomo<\/h2>\n\n\n\n<p>El calendario fiscal y contable publicado por ATA se consolida como una herramienta esencial para la organizaci\u00f3n del trabajo aut\u00f3nomo en 2026. Conocer de antemano las fechas l\u00edmite permite mejorar la gesti\u00f3n del negocio, planificar la tesorer\u00eda y reducir el riesgo de errores en el cumplimiento de las obligaciones fiscales.<\/p>\n\n\n\n<p><span id=\"docs-internal-guid-1d973a4a-7fff-a890-84bb-172d8fcbcd33\"><p dir=\"ltr\" style=\"line-height:1.38;text-align: justify;margin-top:12pt;margin-bottom:12pt;\"><\/p><div><span style=\"font-size: 11pt; font-family: Arial, sans-serif; background-color: transparent; font-variant-numeric: normal; font-variant-east-asian: normal; font-variant-alternates: normal; font-variant-position: normal; font-variant-emoji: normal; vertical-align: baseline;\"><\/span><\/div><\/span><\/p>\n","protected":false},"excerpt":{"rendered":"<p>La Asociaci\u00f3n de Trabajadores Aut\u00f3nomos (ATA) ha publicado el calendario fiscal y contable correspondiente&hellip;<\/p>\n","protected":false},"author":14,"featured_media":25847,"comment_status":"open","ping_status":"open","sticky":false,"template":"","format":"standard","meta":{"_acf_changed":false,"footnotes":""},"categories":[255],"tags":[],"acf":[],"yoast_head":"<!-- This site is optimized with the Yoast SEO plugin v22.7 - https:\/\/yoast.com\/wordpress\/plugins\/seo\/ -->\n<title>Calendario fiscal y contable 2026 para aut\u00f3nomos<\/title>\n<meta name=\"description\" content=\"Conoce el calendario fiscal y contable 2026 con todas las fechas y obligaciones clave que deber\u00e1n cumplir los aut\u00f3nomos durante el a\u00f1o.\" \/>\n<meta name=\"robots\" content=\"index, follow, max-snippet:-1, max-image-preview:large, max-video-preview:-1\" \/>\n<link rel=\"canonical\" href=\"https:\/\/www.clubdelemprendimiento.com\/blog\/autonomos\/calendario-fiscal-y-contable-2026-para-autonomos\/\" \/>\n<meta property=\"og:locale\" content=\"es_ES\" \/>\n<meta property=\"og:type\" content=\"article\" \/>\n<meta property=\"og:title\" content=\"Calendario fiscal y contable 2026 para aut\u00f3nomos\" \/>\n<meta property=\"og:description\" content=\"Conoce el calendario fiscal y contable 2026 con todas las fechas y obligaciones clave que deber\u00e1n cumplir los aut\u00f3nomos durante el a\u00f1o.\" \/>\n<meta property=\"og:url\" content=\"https:\/\/www.clubdelemprendimiento.com\/blog\/autonomos\/calendario-fiscal-y-contable-2026-para-autonomos\/\" \/>\n<meta property=\"og:site_name\" content=\"Blog Club del Emprendimiento\" \/>\n<meta property=\"article:published_time\" content=\"2026-01-26T07:59:11+00:00\" \/>\n<meta property=\"article:modified_time\" content=\"2026-01-27T08:05:01+00:00\" \/>\n<meta property=\"og:image\" content=\"https:\/\/www.clubdelemprendimiento.com\/blog\/wp-content\/uploads\/2026\/01\/88434.jpg\" \/>\n\t<meta property=\"og:image:width\" content=\"1500\" \/>\n\t<meta property=\"og:image:height\" content=\"1000\" \/>\n\t<meta property=\"og:image:type\" content=\"image\/jpeg\" \/>\n<meta name=\"author\" content=\"Nerea Merino\" \/>\n<meta name=\"twitter:card\" content=\"summary_large_image\" \/>\n<meta name=\"twitter:label1\" content=\"Escrito por\" \/>\n\t<meta name=\"twitter:data1\" content=\"Nerea Merino\" \/>\n\t<meta name=\"twitter:label2\" content=\"Tiempo de lectura\" \/>\n\t<meta name=\"twitter:data2\" content=\"2 minutos\" \/>\n<script type=\"application\/ld+json\" class=\"yoast-schema-graph\">{\"@context\":\"https:\/\/schema.org\",\"@graph\":[{\"@type\":\"WebPage\",\"@id\":\"https:\/\/www.clubdelemprendimiento.com\/blog\/autonomos\/calendario-fiscal-y-contable-2026-para-autonomos\/\",\"url\":\"https:\/\/www.clubdelemprendimiento.com\/blog\/autonomos\/calendario-fiscal-y-contable-2026-para-autonomos\/\",\"name\":\"Calendario fiscal y contable 2026 para aut\u00f3nomos\",\"isPartOf\":{\"@id\":\"https:\/\/www.clubdelemprendimiento.com\/blog\/#website\"},\"primaryImageOfPage\":{\"@id\":\"https:\/\/www.clubdelemprendimiento.com\/blog\/autonomos\/calendario-fiscal-y-contable-2026-para-autonomos\/#primaryimage\"},\"image\":{\"@id\":\"https:\/\/www.clubdelemprendimiento.com\/blog\/autonomos\/calendario-fiscal-y-contable-2026-para-autonomos\/#primaryimage\"},\"thumbnailUrl\":\"https:\/\/www.clubdelemprendimiento.com\/blog\/wp-content\/uploads\/2026\/01\/88434.jpg\",\"datePublished\":\"2026-01-26T07:59:11+00:00\",\"dateModified\":\"2026-01-27T08:05:01+00:00\",\"author\":{\"@id\":\"https:\/\/www.clubdelemprendimiento.com\/blog\/#\/schema\/person\/a82ce0fc1281064b1cab4855c351cea7\"},\"description\":\"Conoce el calendario fiscal y contable 2026 con todas las fechas y obligaciones clave que deber\u00e1n cumplir los aut\u00f3nomos durante el a\u00f1o.\",\"breadcrumb\":{\"@id\":\"https:\/\/www.clubdelemprendimiento.com\/blog\/autonomos\/calendario-fiscal-y-contable-2026-para-autonomos\/#breadcrumb\"},\"inLanguage\":\"es\",\"potentialAction\":[{\"@type\":\"ReadAction\",\"target\":[\"https:\/\/www.clubdelemprendimiento.com\/blog\/autonomos\/calendario-fiscal-y-contable-2026-para-autonomos\/\"]}]},{\"@type\":\"ImageObject\",\"inLanguage\":\"es\",\"@id\":\"https:\/\/www.clubdelemprendimiento.com\/blog\/autonomos\/calendario-fiscal-y-contable-2026-para-autonomos\/#primaryimage\",\"url\":\"https:\/\/www.clubdelemprendimiento.com\/blog\/wp-content\/uploads\/2026\/01\/88434.jpg\",\"contentUrl\":\"https:\/\/www.clubdelemprendimiento.com\/blog\/wp-content\/uploads\/2026\/01\/88434.jpg\",\"width\":1500,\"height\":1000,\"caption\":\"calendario fiscal y contable\"},{\"@type\":\"BreadcrumbList\",\"@id\":\"https:\/\/www.clubdelemprendimiento.com\/blog\/autonomos\/calendario-fiscal-y-contable-2026-para-autonomos\/#breadcrumb\",\"itemListElement\":[{\"@type\":\"ListItem\",\"position\":1,\"name\":\"Home\",\"item\":\"https:\/\/www.clubdelemprendimiento.com\/blog\/\"},{\"@type\":\"ListItem\",\"position\":2,\"name\":\"Calendario fiscal y contable 2026 con todas las fechas clave para aut\u00f3nomos\"}]},{\"@type\":\"WebSite\",\"@id\":\"https:\/\/www.clubdelemprendimiento.com\/blog\/#website\",\"url\":\"https:\/\/www.clubdelemprendimiento.com\/blog\/\",\"name\":\"Blog Club del Emprendimiento\",\"description\":\"\",\"potentialAction\":[{\"@type\":\"SearchAction\",\"target\":{\"@type\":\"EntryPoint\",\"urlTemplate\":\"https:\/\/www.clubdelemprendimiento.com\/blog\/?s={search_term_string}\"},\"query-input\":\"required name=search_term_string\"}],\"inLanguage\":\"es\"},{\"@type\":\"Person\",\"@id\":\"https:\/\/www.clubdelemprendimiento.com\/blog\/#\/schema\/person\/a82ce0fc1281064b1cab4855c351cea7\",\"name\":\"Nerea Merino\",\"image\":{\"@type\":\"ImageObject\",\"inLanguage\":\"es\",\"@id\":\"https:\/\/www.clubdelemprendimiento.com\/blog\/#\/schema\/person\/image\/\",\"url\":\"https:\/\/secure.gravatar.com\/avatar\/3b1c906b7b4a65b22c04d52a020d4815?s=96&d=mm&r=g\",\"contentUrl\":\"https:\/\/secure.gravatar.com\/avatar\/3b1c906b7b4a65b22c04d52a020d4815?s=96&d=mm&r=g\",\"caption\":\"Nerea Merino\"},\"url\":\"https:\/\/www.clubdelemprendimiento.com\/blog\/author\/nerea\/\"}]}<\/script>\n<!-- \/ Yoast SEO plugin. -->","yoast_head_json":{"title":"Calendario fiscal y contable 2026 para aut\u00f3nomos","description":"Conoce el calendario fiscal y contable 2026 con todas las fechas y obligaciones clave que deber\u00e1n cumplir los aut\u00f3nomos durante el a\u00f1o.","robots":{"index":"index","follow":"follow","max-snippet":"max-snippet:-1","max-image-preview":"max-image-preview:large","max-video-preview":"max-video-preview:-1"},"canonical":"https:\/\/www.clubdelemprendimiento.com\/blog\/autonomos\/calendario-fiscal-y-contable-2026-para-autonomos\/","og_locale":"es_ES","og_type":"article","og_title":"Calendario fiscal y contable 2026 para aut\u00f3nomos","og_description":"Conoce el calendario fiscal y contable 2026 con todas las fechas y obligaciones clave que deber\u00e1n cumplir los aut\u00f3nomos durante el a\u00f1o.","og_url":"https:\/\/www.clubdelemprendimiento.com\/blog\/autonomos\/calendario-fiscal-y-contable-2026-para-autonomos\/","og_site_name":"Blog Club del Emprendimiento","article_published_time":"2026-01-26T07:59:11+00:00","article_modified_time":"2026-01-27T08:05:01+00:00","og_image":[{"width":1500,"height":1000,"url":"https:\/\/www.clubdelemprendimiento.com\/blog\/wp-content\/uploads\/2026\/01\/88434.jpg","type":"image\/jpeg"}],"author":"Nerea Merino","twitter_card":"summary_large_image","twitter_misc":{"Escrito por":"Nerea Merino","Tiempo de lectura":"2 minutos"},"schema":{"@context":"https:\/\/schema.org","@graph":[{"@type":"WebPage","@id":"https:\/\/www.clubdelemprendimiento.com\/blog\/autonomos\/calendario-fiscal-y-contable-2026-para-autonomos\/","url":"https:\/\/www.clubdelemprendimiento.com\/blog\/autonomos\/calendario-fiscal-y-contable-2026-para-autonomos\/","name":"Calendario fiscal y contable 2026 para aut\u00f3nomos","isPartOf":{"@id":"https:\/\/www.clubdelemprendimiento.com\/blog\/#website"},"primaryImageOfPage":{"@id":"https:\/\/www.clubdelemprendimiento.com\/blog\/autonomos\/calendario-fiscal-y-contable-2026-para-autonomos\/#primaryimage"},"image":{"@id":"https:\/\/www.clubdelemprendimiento.com\/blog\/autonomos\/calendario-fiscal-y-contable-2026-para-autonomos\/#primaryimage"},"thumbnailUrl":"https:\/\/www.clubdelemprendimiento.com\/blog\/wp-content\/uploads\/2026\/01\/88434.jpg","datePublished":"2026-01-26T07:59:11+00:00","dateModified":"2026-01-27T08:05:01+00:00","author":{"@id":"https:\/\/www.clubdelemprendimiento.com\/blog\/#\/schema\/person\/a82ce0fc1281064b1cab4855c351cea7"},"description":"Conoce el calendario fiscal y contable 2026 con todas las fechas y obligaciones clave que deber\u00e1n cumplir los aut\u00f3nomos durante el a\u00f1o.","breadcrumb":{"@id":"https:\/\/www.clubdelemprendimiento.com\/blog\/autonomos\/calendario-fiscal-y-contable-2026-para-autonomos\/#breadcrumb"},"inLanguage":"es","potentialAction":[{"@type":"ReadAction","target":["https:\/\/www.clubdelemprendimiento.com\/blog\/autonomos\/calendario-fiscal-y-contable-2026-para-autonomos\/"]}]},{"@type":"ImageObject","inLanguage":"es","@id":"https:\/\/www.clubdelemprendimiento.com\/blog\/autonomos\/calendario-fiscal-y-contable-2026-para-autonomos\/#primaryimage","url":"https:\/\/www.clubdelemprendimiento.com\/blog\/wp-content\/uploads\/2026\/01\/88434.jpg","contentUrl":"https:\/\/www.clubdelemprendimiento.com\/blog\/wp-content\/uploads\/2026\/01\/88434.jpg","width":1500,"height":1000,"caption":"calendario fiscal y contable"},{"@type":"BreadcrumbList","@id":"https:\/\/www.clubdelemprendimiento.com\/blog\/autonomos\/calendario-fiscal-y-contable-2026-para-autonomos\/#breadcrumb","itemListElement":[{"@type":"ListItem","position":1,"name":"Home","item":"https:\/\/www.clubdelemprendimiento.com\/blog\/"},{"@type":"ListItem","position":2,"name":"Calendario fiscal y contable 2026 con todas las fechas clave para aut\u00f3nomos"}]},{"@type":"WebSite","@id":"https:\/\/www.clubdelemprendimiento.com\/blog\/#website","url":"https:\/\/www.clubdelemprendimiento.com\/blog\/","name":"Blog Club del Emprendimiento","description":"","potentialAction":[{"@type":"SearchAction","target":{"@type":"EntryPoint","urlTemplate":"https:\/\/www.clubdelemprendimiento.com\/blog\/?s={search_term_string}"},"query-input":"required name=search_term_string"}],"inLanguage":"es"},{"@type":"Person","@id":"https:\/\/www.clubdelemprendimiento.com\/blog\/#\/schema\/person\/a82ce0fc1281064b1cab4855c351cea7","name":"Nerea Merino","image":{"@type":"ImageObject","inLanguage":"es","@id":"https:\/\/www.clubdelemprendimiento.com\/blog\/#\/schema\/person\/image\/","url":"https:\/\/secure.gravatar.com\/avatar\/3b1c906b7b4a65b22c04d52a020d4815?s=96&d=mm&r=g","contentUrl":"https:\/\/secure.gravatar.com\/avatar\/3b1c906b7b4a65b22c04d52a020d4815?s=96&d=mm&r=g","caption":"Nerea Merino"},"url":"https:\/\/www.clubdelemprendimiento.com\/blog\/author\/nerea\/"}]}},"_links":{"self":[{"href":"https:\/\/www.clubdelemprendimiento.com\/blog\/wp-json\/wp\/v2\/posts\/25846"}],"collection":[{"href":"https:\/\/www.clubdelemprendimiento.com\/blog\/wp-json\/wp\/v2\/posts"}],"about":[{"href":"https:\/\/www.clubdelemprendimiento.com\/blog\/wp-json\/wp\/v2\/types\/post"}],"author":[{"embeddable":true,"href":"https:\/\/www.clubdelemprendimiento.com\/blog\/wp-json\/wp\/v2\/users\/14"}],"replies":[{"embeddable":true,"href":"https:\/\/www.clubdelemprendimiento.com\/blog\/wp-json\/wp\/v2\/comments?post=25846"}],"version-history":[{"count":1,"href":"https:\/\/www.clubdelemprendimiento.com\/blog\/wp-json\/wp\/v2\/posts\/25846\/revisions"}],"predecessor-version":[{"id":25850,"href":"https:\/\/www.clubdelemprendimiento.com\/blog\/wp-json\/wp\/v2\/posts\/25846\/revisions\/25850"}],"wp:featuredmedia":[{"embeddable":true,"href":"https:\/\/www.clubdelemprendimiento.com\/blog\/wp-json\/wp\/v2\/media\/25847"}],"wp:attachment":[{"href":"https:\/\/www.clubdelemprendimiento.com\/blog\/wp-json\/wp\/v2\/media?parent=25846"}],"wp:term":[{"taxonomy":"category","embeddable":true,"href":"https:\/\/www.clubdelemprendimiento.com\/blog\/wp-json\/wp\/v2\/categories?post=25846"},{"taxonomy":"post_tag","embeddable":true,"href":"https:\/\/www.clubdelemprendimiento.com\/blog\/wp-json\/wp\/v2\/tags?post=25846"}],"curies":[{"name":"wp","href":"https:\/\/api.w.org\/{rel}","templated":true}]}}