{"id":2584,"date":"2014-01-16T12:47:39","date_gmt":"2014-01-16T12:47:39","guid":{"rendered":"http:\/\/www.elperiodicodelemprendedor.com\/?p=2584"},"modified":"2014-01-16T12:47:39","modified_gmt":"2014-01-16T12:47:39","slug":"espana-por-debajo-de-la-media-en-paginas-web","status":"publish","type":"post","link":"https:\/\/www.clubdelemprendimiento.com\/blog\/nuestros-emprendedores\/espana-por-debajo-de-la-media-en-paginas-web\/","title":{"rendered":"Espa\u00f1a por debajo de la media en p\u00e1ginas web"},"content":{"rendered":"<p>El 68% de las empresas en Espa\u00f1a ten\u00edan p\u00e1gina web en 2013. Una cifra que, aunque puede parecer importante, sit\u00faa a nuestro pa\u00eds por debajo de la media europea. En el continente el porcentaje de <strong>empresas que ten\u00edan p\u00e1gina web en 2013<\/strong> era sensiblemente mayor que el de Espa\u00f1a, concretamente un 73% de media. Los pa\u00edses en donde pr\u00e1cticamente no se crea una empresa sin su p\u00e1gina web son Finlandia, Dinamarca y Suecia, donde el 94, 92 y 89% de las empresas en 2013 ten\u00edan portal corporativo online.<\/p>\n<p><strong>Pa\u00edses con m\u00e1s empresas sin p\u00e1gina web<\/strong><\/p>\n<p>Al contrario que los mencionados, y seg\u00fan un informe del Instituto de Estudios Econ\u00f3micos elaborado a partir de datos aportados por Eurostat, Ruman\u00eda, Bulgaria, Letonia y Portugal son los pa\u00edses con m\u00e1s empresas que no tienen p\u00e1gina web. El primero de ellos, con un 42%, es el pa\u00eds que menos apuesta dentro de la Uni\u00f3n Europea por esta herramienta para promocionar su negocio, mientras que en Portugal el porcentaje de empresas con web es de un 59%.<\/p>\n<p><strong>Falta de desarrollo de negocios online<\/strong><\/p>\n<p>El poco avance e implantaci\u00f3n de las p\u00e1ginas web en estos pa\u00edses demuestra una falta \u00a0de intensidad en lo que a negocios online se refiere. El hecho de que las empresas no cuenten con p\u00e1gina web no s\u00f3lo significa que est\u00e1n perdiendo oportunidades a la hora de encontrar nuevos clientes, sino que de forma colindante, afecta al sector tecnol\u00f3gico en general.<\/p>\n<p>El n\u00famero de inversiones en dise\u00f1adores, desarrolladores, asesores de marketing, especialistas SEO y otras \u00e1reas relacionadas con el marketing y la imagen de marca online, tienen un menor desarrollo en estos pa\u00edses, con lo que se prev\u00e9 una p\u00e9rdida de competitividad de los mismos en un \u00e1mbito que ser\u00e1 de vital importancia en los pr\u00f3ximos a\u00f1os.<\/p>\n<p>Fuente: <a title=\"El economista, empresas con p\u00e1gina web en Espa\u00f1a y Europa\" href=\"http:\/\/www.eleconomista.es\/tecnologia-internet\/noticias\/5456609\/01\/14\/-Un-68-de-las-empresas-espanolas-tienen-pagina-web-en-2013-por-debajo-de-la-media-europea.html\">El Economista<\/a><\/p>\n","protected":false},"excerpt":{"rendered":"<p>El 68% de las empresas en Espa\u00f1a ten\u00edan p\u00e1gina web en 2013. Una cifra&hellip;<\/p>\n","protected":false},"author":3,"featured_media":2591,"comment_status":"open","ping_status":"open","sticky":false,"template":"","format":"standard","meta":{"_acf_changed":false,"footnotes":""},"categories":[91],"tags":[23,44,45,9,46,47,26],"acf":[],"yoast_head":"<!-- This site is optimized with the Yoast SEO plugin v22.7 - https:\/\/yoast.com\/wordpress\/plugins\/seo\/ -->\n<title>Cu\u00e1ntas empresas no tienen p\u00e1gina web en Espa\u00f1a y en Europa<\/title>\n<meta name=\"description\" content=\"Datos y cifras sobre empresas Espa\u00f1a y Europa con p\u00e1gina web en 2013. Pa\u00edses con m\u00e1s empresas sin p\u00e1gina web. Estudio, informe y an\u00e1lisis con datos Eurostat\" \/>\n<meta name=\"robots\" content=\"index, follow, max-snippet:-1, max-image-preview:large, max-video-preview:-1\" \/>\n<link rel=\"canonical\" href=\"https:\/\/www.clubdelemprendimiento.com\/blog\/nuestros-emprendedores\/espana-por-debajo-de-la-media-en-paginas-web\/\" \/>\n<meta property=\"og:locale\" content=\"es_ES\" \/>\n<meta property=\"og:type\" content=\"article\" \/>\n<meta property=\"og:title\" content=\"Cu\u00e1ntas empresas no tienen p\u00e1gina web en Espa\u00f1a y en Europa\" \/>\n<meta property=\"og:description\" content=\"Datos y cifras sobre empresas Espa\u00f1a y Europa con p\u00e1gina web en 2013. Pa\u00edses con m\u00e1s empresas sin p\u00e1gina web. Estudio, informe y an\u00e1lisis con datos Eurostat\" \/>\n<meta property=\"og:url\" content=\"https:\/\/www.clubdelemprendimiento.com\/blog\/nuestros-emprendedores\/espana-por-debajo-de-la-media-en-paginas-web\/\" \/>\n<meta property=\"og:site_name\" content=\"Blog Club del Emprendimiento\" \/>\n<meta property=\"article:published_time\" content=\"2014-01-16T12:47:39+00:00\" \/>\n<meta name=\"author\" content=\"Club del Emprendimiento\" \/>\n<meta name=\"twitter:card\" content=\"summary_large_image\" \/>\n<meta name=\"twitter:label1\" content=\"Escrito por\" \/>\n\t<meta name=\"twitter:data1\" content=\"Club del Emprendimiento\" \/>\n\t<meta name=\"twitter:label2\" content=\"Tiempo de lectura\" \/>\n\t<meta name=\"twitter:data2\" content=\"2 minutos\" \/>\n<script type=\"application\/ld+json\" class=\"yoast-schema-graph\">{\"@context\":\"https:\/\/schema.org\",\"@graph\":[{\"@type\":\"WebPage\",\"@id\":\"https:\/\/www.clubdelemprendimiento.com\/blog\/nuestros-emprendedores\/espana-por-debajo-de-la-media-en-paginas-web\/\",\"url\":\"https:\/\/www.clubdelemprendimiento.com\/blog\/nuestros-emprendedores\/espana-por-debajo-de-la-media-en-paginas-web\/\",\"name\":\"Cu\u00e1ntas empresas no tienen p\u00e1gina web en Espa\u00f1a y en Europa\",\"isPartOf\":{\"@id\":\"https:\/\/www.clubdelemprendimiento.com\/blog\/#website\"},\"primaryImageOfPage\":{\"@id\":\"https:\/\/www.clubdelemprendimiento.com\/blog\/nuestros-emprendedores\/espana-por-debajo-de-la-media-en-paginas-web\/#primaryimage\"},\"image\":{\"@id\":\"https:\/\/www.clubdelemprendimiento.com\/blog\/nuestros-emprendedores\/espana-por-debajo-de-la-media-en-paginas-web\/#primaryimage\"},\"thumbnailUrl\":\"\",\"datePublished\":\"2014-01-16T12:47:39+00:00\",\"dateModified\":\"2014-01-16T12:47:39+00:00\",\"author\":{\"@id\":\"https:\/\/www.clubdelemprendimiento.com\/blog\/#\/schema\/person\/4ef0815e9cc2a6eb56c0ffa75b56fe87\"},\"description\":\"Datos y cifras sobre empresas Espa\u00f1a y Europa con p\u00e1gina web en 2013. Pa\u00edses con m\u00e1s empresas sin p\u00e1gina web. Estudio, informe y an\u00e1lisis con datos Eurostat\",\"breadcrumb\":{\"@id\":\"https:\/\/www.clubdelemprendimiento.com\/blog\/nuestros-emprendedores\/espana-por-debajo-de-la-media-en-paginas-web\/#breadcrumb\"},\"inLanguage\":\"es\",\"potentialAction\":[{\"@type\":\"ReadAction\",\"target\":[\"https:\/\/www.clubdelemprendimiento.com\/blog\/nuestros-emprendedores\/espana-por-debajo-de-la-media-en-paginas-web\/\"]}]},{\"@type\":\"ImageObject\",\"inLanguage\":\"es\",\"@id\":\"https:\/\/www.clubdelemprendimiento.com\/blog\/nuestros-emprendedores\/espana-por-debajo-de-la-media-en-paginas-web\/#primaryimage\",\"url\":\"\",\"contentUrl\":\"\"},{\"@type\":\"BreadcrumbList\",\"@id\":\"https:\/\/www.clubdelemprendimiento.com\/blog\/nuestros-emprendedores\/espana-por-debajo-de-la-media-en-paginas-web\/#breadcrumb\",\"itemListElement\":[{\"@type\":\"ListItem\",\"position\":1,\"name\":\"Home\",\"item\":\"https:\/\/www.clubdelemprendimiento.com\/blog\/\"},{\"@type\":\"ListItem\",\"position\":2,\"name\":\"Espa\u00f1a por debajo de la media en p\u00e1ginas web\"}]},{\"@type\":\"WebSite\",\"@id\":\"https:\/\/www.clubdelemprendimiento.com\/blog\/#website\",\"url\":\"https:\/\/www.clubdelemprendimiento.com\/blog\/\",\"name\":\"Blog Club del Emprendimiento\",\"description\":\"\",\"potentialAction\":[{\"@type\":\"SearchAction\",\"target\":{\"@type\":\"EntryPoint\",\"urlTemplate\":\"https:\/\/www.clubdelemprendimiento.com\/blog\/?s={search_term_string}\"},\"query-input\":\"required name=search_term_string\"}],\"inLanguage\":\"es\"},{\"@type\":\"Person\",\"@id\":\"https:\/\/www.clubdelemprendimiento.com\/blog\/#\/schema\/person\/4ef0815e9cc2a6eb56c0ffa75b56fe87\",\"name\":\"Club del Emprendimiento\",\"image\":{\"@type\":\"ImageObject\",\"inLanguage\":\"es\",\"@id\":\"https:\/\/www.clubdelemprendimiento.com\/blog\/#\/schema\/person\/image\/\",\"url\":\"https:\/\/secure.gravatar.com\/avatar\/ee0ff03e3c92a4f02d8aef9b01d4f5a5?s=96&d=mm&r=g\",\"contentUrl\":\"https:\/\/secure.gravatar.com\/avatar\/ee0ff03e3c92a4f02d8aef9b01d4f5a5?s=96&d=mm&r=g\",\"caption\":\"Club del Emprendimiento\"},\"url\":\"https:\/\/www.clubdelemprendimiento.com\/blog\/author\/club-del-emprendimiento\/\"}]}<\/script>\n<!-- \/ Yoast SEO plugin. -->","yoast_head_json":{"title":"Cu\u00e1ntas empresas no tienen p\u00e1gina web en Espa\u00f1a y en Europa","description":"Datos y cifras sobre empresas Espa\u00f1a y Europa con p\u00e1gina web en 2013. Pa\u00edses con m\u00e1s empresas sin p\u00e1gina web. Estudio, informe y an\u00e1lisis con datos Eurostat","robots":{"index":"index","follow":"follow","max-snippet":"max-snippet:-1","max-image-preview":"max-image-preview:large","max-video-preview":"max-video-preview:-1"},"canonical":"https:\/\/www.clubdelemprendimiento.com\/blog\/nuestros-emprendedores\/espana-por-debajo-de-la-media-en-paginas-web\/","og_locale":"es_ES","og_type":"article","og_title":"Cu\u00e1ntas empresas no tienen p\u00e1gina web en Espa\u00f1a y en Europa","og_description":"Datos y cifras sobre empresas Espa\u00f1a y Europa con p\u00e1gina web en 2013. Pa\u00edses con m\u00e1s empresas sin p\u00e1gina web. Estudio, informe y an\u00e1lisis con datos Eurostat","og_url":"https:\/\/www.clubdelemprendimiento.com\/blog\/nuestros-emprendedores\/espana-por-debajo-de-la-media-en-paginas-web\/","og_site_name":"Blog Club del Emprendimiento","article_published_time":"2014-01-16T12:47:39+00:00","author":"Club del Emprendimiento","twitter_card":"summary_large_image","twitter_misc":{"Escrito por":"Club del Emprendimiento","Tiempo de lectura":"2 minutos"},"schema":{"@context":"https:\/\/schema.org","@graph":[{"@type":"WebPage","@id":"https:\/\/www.clubdelemprendimiento.com\/blog\/nuestros-emprendedores\/espana-por-debajo-de-la-media-en-paginas-web\/","url":"https:\/\/www.clubdelemprendimiento.com\/blog\/nuestros-emprendedores\/espana-por-debajo-de-la-media-en-paginas-web\/","name":"Cu\u00e1ntas empresas no tienen p\u00e1gina web en Espa\u00f1a y en Europa","isPartOf":{"@id":"https:\/\/www.clubdelemprendimiento.com\/blog\/#website"},"primaryImageOfPage":{"@id":"https:\/\/www.clubdelemprendimiento.com\/blog\/nuestros-emprendedores\/espana-por-debajo-de-la-media-en-paginas-web\/#primaryimage"},"image":{"@id":"https:\/\/www.clubdelemprendimiento.com\/blog\/nuestros-emprendedores\/espana-por-debajo-de-la-media-en-paginas-web\/#primaryimage"},"thumbnailUrl":"","datePublished":"2014-01-16T12:47:39+00:00","dateModified":"2014-01-16T12:47:39+00:00","author":{"@id":"https:\/\/www.clubdelemprendimiento.com\/blog\/#\/schema\/person\/4ef0815e9cc2a6eb56c0ffa75b56fe87"},"description":"Datos y cifras sobre empresas Espa\u00f1a y Europa con p\u00e1gina web en 2013. Pa\u00edses con m\u00e1s empresas sin p\u00e1gina web. Estudio, informe y an\u00e1lisis con datos Eurostat","breadcrumb":{"@id":"https:\/\/www.clubdelemprendimiento.com\/blog\/nuestros-emprendedores\/espana-por-debajo-de-la-media-en-paginas-web\/#breadcrumb"},"inLanguage":"es","potentialAction":[{"@type":"ReadAction","target":["https:\/\/www.clubdelemprendimiento.com\/blog\/nuestros-emprendedores\/espana-por-debajo-de-la-media-en-paginas-web\/"]}]},{"@type":"ImageObject","inLanguage":"es","@id":"https:\/\/www.clubdelemprendimiento.com\/blog\/nuestros-emprendedores\/espana-por-debajo-de-la-media-en-paginas-web\/#primaryimage","url":"","contentUrl":""},{"@type":"BreadcrumbList","@id":"https:\/\/www.clubdelemprendimiento.com\/blog\/nuestros-emprendedores\/espana-por-debajo-de-la-media-en-paginas-web\/#breadcrumb","itemListElement":[{"@type":"ListItem","position":1,"name":"Home","item":"https:\/\/www.clubdelemprendimiento.com\/blog\/"},{"@type":"ListItem","position":2,"name":"Espa\u00f1a por debajo de la media en p\u00e1ginas web"}]},{"@type":"WebSite","@id":"https:\/\/www.clubdelemprendimiento.com\/blog\/#website","url":"https:\/\/www.clubdelemprendimiento.com\/blog\/","name":"Blog Club del Emprendimiento","description":"","potentialAction":[{"@type":"SearchAction","target":{"@type":"EntryPoint","urlTemplate":"https:\/\/www.clubdelemprendimiento.com\/blog\/?s={search_term_string}"},"query-input":"required name=search_term_string"}],"inLanguage":"es"},{"@type":"Person","@id":"https:\/\/www.clubdelemprendimiento.com\/blog\/#\/schema\/person\/4ef0815e9cc2a6eb56c0ffa75b56fe87","name":"Club del Emprendimiento","image":{"@type":"ImageObject","inLanguage":"es","@id":"https:\/\/www.clubdelemprendimiento.com\/blog\/#\/schema\/person\/image\/","url":"https:\/\/secure.gravatar.com\/avatar\/ee0ff03e3c92a4f02d8aef9b01d4f5a5?s=96&d=mm&r=g","contentUrl":"https:\/\/secure.gravatar.com\/avatar\/ee0ff03e3c92a4f02d8aef9b01d4f5a5?s=96&d=mm&r=g","caption":"Club del Emprendimiento"},"url":"https:\/\/www.clubdelemprendimiento.com\/blog\/author\/club-del-emprendimiento\/"}]}},"_links":{"self":[{"href":"https:\/\/www.clubdelemprendimiento.com\/blog\/wp-json\/wp\/v2\/posts\/2584"}],"collection":[{"href":"https:\/\/www.clubdelemprendimiento.com\/blog\/wp-json\/wp\/v2\/posts"}],"about":[{"href":"https:\/\/www.clubdelemprendimiento.com\/blog\/wp-json\/wp\/v2\/types\/post"}],"author":[{"embeddable":true,"href":"https:\/\/www.clubdelemprendimiento.com\/blog\/wp-json\/wp\/v2\/users\/3"}],"replies":[{"embeddable":true,"href":"https:\/\/www.clubdelemprendimiento.com\/blog\/wp-json\/wp\/v2\/comments?post=2584"}],"version-history":[{"count":0,"href":"https:\/\/www.clubdelemprendimiento.com\/blog\/wp-json\/wp\/v2\/posts\/2584\/revisions"}],"wp:featuredmedia":[{"embeddable":true,"href":"https:\/\/www.clubdelemprendimiento.com\/blog\/wp-json\/"}],"wp:attachment":[{"href":"https:\/\/www.clubdelemprendimiento.com\/blog\/wp-json\/wp\/v2\/media?parent=2584"}],"wp:term":[{"taxonomy":"category","embeddable":true,"href":"https:\/\/www.clubdelemprendimiento.com\/blog\/wp-json\/wp\/v2\/categories?post=2584"},{"taxonomy":"post_tag","embeddable":true,"href":"https:\/\/www.clubdelemprendimiento.com\/blog\/wp-json\/wp\/v2\/tags?post=2584"}],"curies":[{"name":"wp","href":"https:\/\/api.w.org\/{rel}","templated":true}]}}