{"id":25470,"date":"2026-01-27T07:44:29","date_gmt":"2026-01-27T07:44:29","guid":{"rendered":"https:\/\/www.clubdelemprendimiento.com\/blog\/?p=25470"},"modified":"2026-01-15T07:53:49","modified_gmt":"2026-01-15T07:53:49","slug":"las-franquicias-en-espana-baten-record-de-empleo","status":"publish","type":"post","link":"https:\/\/www.clubdelemprendimiento.com\/blog\/franquicia\/las-franquicias-en-espana-baten-record-de-empleo\/","title":{"rendered":"Las franquicias en Espa\u00f1a consolidan su crecimiento con r\u00e9cord de facturaci\u00f3n y empleo"},"content":{"rendered":"\n<p>Las <strong>franquicias en Espa\u00f1a<\/strong> contin\u00faan reforzando su papel como uno de los sistemas de expansi\u00f3n empresarial m\u00e1s s\u00f3lidos del pa\u00eds. A pesar de un ajuste en el n\u00famero total de ense\u00f1as, el sector alcanza en 2025 <strong>m\u00e1ximos hist\u00f3ricos en facturaci\u00f3n, inversi\u00f3n y empleo<\/strong>, seg\u00fan el <em>Informe Franquicias Espa\u00f1a 2026<\/em> elaborado por Tormo Franquicias Consulting.<\/p>\n\n\n\n<p>El estudio confirma que el modelo franquiciador mantiene una evoluci\u00f3n positiva y sostenida en el tiempo, incluso en un contexto econ\u00f3mico marcado por la incertidumbre, situ\u00e1ndose muy por encima de los principales indicadores de la econom\u00eda nacional.<\/p>\n\n\n\n<h2 class=\"wp-block-heading\">Ajuste de ense\u00f1as y madurez del sistema de franquicias en Espa\u00f1a<\/h2>\n\n\n\n<p>El n\u00famero total de ense\u00f1as operativas en el sistema de <strong>franquicias en Espa\u00f1a<\/strong> se sit\u00faa en <strong>1.328<\/strong>, lo que supone un descenso del <strong>9,7 %<\/strong> respecto al ejercicio anterior. No obstante, este retroceso no refleja una p\u00e9rdida de dinamismo, sino un <strong>proceso natural de reajuste empresarial<\/strong>, propio de un mercado que ha alcanzado una fase de madurez estructural.<\/p>\n\n\n\n<p>Durante el ejercicio analizado se han incorporado m\u00e1s de 200 nuevas redes, aunque un mayor n\u00famero de marcas ha decidido cesar su actividad. El informe subraya que solo aquellas ense\u00f1as que apuesten por la profesionalizaci\u00f3n, la adaptaci\u00f3n al mercado y la mejora continua lograr\u00e1n consolidarse y crecer de forma sostenible.<\/p>\n\n\n\n<h2 class=\"wp-block-heading\">Crecen los franquiciados, base del sistema de franquicias en Espa\u00f1a<\/h2>\n\n\n\n<p>Frente al descenso de ense\u00f1as, el crecimiento del sistema se apoya firmemente en los franquiciados. En 2025 se han creado <strong>7.465 nuevas empresas franquiciadas<\/strong>, lo que representa un incremento del <strong>9,3 %<\/strong> y eleva el n\u00famero total de unidades operativas hasta <strong>92.129<\/strong> en toda Espa\u00f1a<\/p>\n\n\n\n<p>El informe destaca que los franquiciados son la <strong>verdadera base del sistema<\/strong>, con una media de <strong>4,6 empleos generados por cada franquicia<\/strong>, lo que refuerza la estabilidad del modelo y su capacidad de expansi\u00f3n territorial.<\/p>\n\n\n\n<h2 class=\"wp-block-heading\">R\u00e9cord de facturaci\u00f3n e inversi\u00f3n <\/h2>\n\n\n\n<p>La <strong>facturaci\u00f3n global de las franquicias en Espa\u00f1a<\/strong> alcanza los <strong>38.591 millones de euros<\/strong>, tras crecer un <strong>14,9 %<\/strong>, el mayor aumento registrado hasta la fecha. Este crecimiento viene impulsado tanto por el incremento de precios en las distintas \u00e1reas de actividad como por la fuerte expansi\u00f3n del sector Servicios<\/p>\n\n\n\n<p>La inversi\u00f3n total tambi\u00e9n mantiene una evoluci\u00f3n positiva y se sit\u00faa en <strong>9.815 millones de euros<\/strong>, un <strong>10,4 % m\u00e1s<\/strong> que el a\u00f1o anterior. Restauraci\u00f3n, Alimentaci\u00f3n y Servicios especializados concentran el mayor volumen de inversi\u00f3n, consolidando a la franquicia como un <strong>modelo atractivo y diversificado para inversores y emprendedores<\/strong>.<\/p>\n\n\n\n<h2 class=\"wp-block-heading\">La franquicia refuerza su papel como motor de empleo en Espa\u00f1a<\/h2>\n\n\n\n<p>El sistema franquiciador vuelve a destacar por su impacto en el mercado laboral. En 2025 se han creado <strong>39.316 nuevos puestos de trabajo<\/strong>, lo que supone un crecimiento cercano al <strong>11 %<\/strong>, hasta alcanzar un total de <strong>426.897 personas empleadas<\/strong><\/p>\n\n\n\n<p>Estos datos confirman que las <strong>franquicias en Espa\u00f1a<\/strong> no solo generan riqueza y actividad empresarial, sino que tambi\u00e9n act\u00faan como uno de los principales motores de empleo estable y sostenido dentro del tejido econ\u00f3mico nacional.<\/p>\n\n\n\n<h2 class=\"wp-block-heading\">Rentabilidad y crecimiento sostenible, claves del futuro de las franquicias en Espa\u00f1a<\/h2>\n\n\n\n<p>De cara a 2026, el informe se\u00f1ala que el sector entra en una nueva etapa en la que <strong>ya no se premiar\u00e1 a las marcas que m\u00e1s crecen, sino a las que mejor crecen<\/strong>. La rentabilidad, la eficiencia operativa y la solidez del modelo de negocio se convertir\u00e1n en los ejes centrales de las estrategias de expansi\u00f3n.<\/p>\n\n\n\n<p>En este contexto, las <strong>franquicias en Espa\u00f1a<\/strong> afrontan el futuro con una base s\u00f3lida, una oferta m\u00e1s profesionalizada y un mercado que prioriza la calidad y la sostenibilidad del crecimiento frente a la expansi\u00f3n acelerada.<\/p>\n","protected":false},"excerpt":{"rendered":"<p>Las franquicias en Espa\u00f1a contin\u00faan reforzando su papel como uno de los sistemas de&hellip;<\/p>\n","protected":false},"author":14,"featured_media":25471,"comment_status":"open","ping_status":"open","sticky":false,"template":"","format":"standard","meta":{"_acf_changed":false,"footnotes":""},"categories":[121],"tags":[],"acf":[],"yoast_head":"<!-- This site is optimized with the Yoast SEO plugin v22.7 - https:\/\/yoast.com\/wordpress\/plugins\/seo\/ -->\n<title>Las franquicias en Espa\u00f1a baten r\u00e9cord de empleo<\/title>\n<meta name=\"description\" content=\"Las franquicias en Espa\u00f1a crecen en facturaci\u00f3n y empleo en 2025 pese al ajuste de ense\u00f1as, seg\u00fan el Informe Franquicias Espa\u00f1a 2026.\" \/>\n<meta name=\"robots\" content=\"index, follow, max-snippet:-1, max-image-preview:large, max-video-preview:-1\" \/>\n<link rel=\"canonical\" href=\"https:\/\/www.clubdelemprendimiento.com\/blog\/franquicia\/las-franquicias-en-espana-baten-record-de-empleo\/\" \/>\n<meta property=\"og:locale\" content=\"es_ES\" \/>\n<meta property=\"og:type\" content=\"article\" \/>\n<meta property=\"og:title\" content=\"Las franquicias en Espa\u00f1a baten r\u00e9cord de empleo\" \/>\n<meta property=\"og:description\" content=\"Las franquicias en Espa\u00f1a crecen en facturaci\u00f3n y empleo en 2025 pese al ajuste de ense\u00f1as, seg\u00fan el Informe Franquicias Espa\u00f1a 2026.\" \/>\n<meta property=\"og:url\" content=\"https:\/\/www.clubdelemprendimiento.com\/blog\/franquicia\/las-franquicias-en-espana-baten-record-de-empleo\/\" \/>\n<meta property=\"og:site_name\" content=\"Blog Club del Emprendimiento\" \/>\n<meta property=\"article:published_time\" content=\"2026-01-27T07:44:29+00:00\" \/>\n<meta property=\"article:modified_time\" content=\"2026-01-15T07:53:49+00:00\" \/>\n<meta property=\"og:image\" content=\"https:\/\/www.clubdelemprendimiento.com\/blog\/wp-content\/uploads\/2026\/01\/2149335453.jpg\" \/>\n\t<meta property=\"og:image:width\" content=\"1500\" \/>\n\t<meta property=\"og:image:height\" content=\"998\" \/>\n\t<meta property=\"og:image:type\" content=\"image\/jpeg\" \/>\n<meta name=\"author\" content=\"Nerea Merino\" \/>\n<meta name=\"twitter:card\" content=\"summary_large_image\" \/>\n<meta name=\"twitter:label1\" content=\"Escrito por\" \/>\n\t<meta name=\"twitter:data1\" content=\"Nerea Merino\" \/>\n\t<meta name=\"twitter:label2\" content=\"Tiempo de lectura\" \/>\n\t<meta name=\"twitter:data2\" content=\"3 minutos\" \/>\n<script type=\"application\/ld+json\" class=\"yoast-schema-graph\">{\"@context\":\"https:\/\/schema.org\",\"@graph\":[{\"@type\":\"WebPage\",\"@id\":\"https:\/\/www.clubdelemprendimiento.com\/blog\/franquicia\/las-franquicias-en-espana-baten-record-de-empleo\/\",\"url\":\"https:\/\/www.clubdelemprendimiento.com\/blog\/franquicia\/las-franquicias-en-espana-baten-record-de-empleo\/\",\"name\":\"Las franquicias en Espa\u00f1a baten r\u00e9cord de empleo\",\"isPartOf\":{\"@id\":\"https:\/\/www.clubdelemprendimiento.com\/blog\/#website\"},\"primaryImageOfPage\":{\"@id\":\"https:\/\/www.clubdelemprendimiento.com\/blog\/franquicia\/las-franquicias-en-espana-baten-record-de-empleo\/#primaryimage\"},\"image\":{\"@id\":\"https:\/\/www.clubdelemprendimiento.com\/blog\/franquicia\/las-franquicias-en-espana-baten-record-de-empleo\/#primaryimage\"},\"thumbnailUrl\":\"https:\/\/www.clubdelemprendimiento.com\/blog\/wp-content\/uploads\/2026\/01\/2149335453.jpg\",\"datePublished\":\"2026-01-27T07:44:29+00:00\",\"dateModified\":\"2026-01-15T07:53:49+00:00\",\"author\":{\"@id\":\"https:\/\/www.clubdelemprendimiento.com\/blog\/#\/schema\/person\/a82ce0fc1281064b1cab4855c351cea7\"},\"description\":\"Las franquicias en Espa\u00f1a crecen en facturaci\u00f3n y empleo en 2025 pese al ajuste de ense\u00f1as, seg\u00fan el Informe Franquicias Espa\u00f1a 2026.\",\"breadcrumb\":{\"@id\":\"https:\/\/www.clubdelemprendimiento.com\/blog\/franquicia\/las-franquicias-en-espana-baten-record-de-empleo\/#breadcrumb\"},\"inLanguage\":\"es\",\"potentialAction\":[{\"@type\":\"ReadAction\",\"target\":[\"https:\/\/www.clubdelemprendimiento.com\/blog\/franquicia\/las-franquicias-en-espana-baten-record-de-empleo\/\"]}]},{\"@type\":\"ImageObject\",\"inLanguage\":\"es\",\"@id\":\"https:\/\/www.clubdelemprendimiento.com\/blog\/franquicia\/las-franquicias-en-espana-baten-record-de-empleo\/#primaryimage\",\"url\":\"https:\/\/www.clubdelemprendimiento.com\/blog\/wp-content\/uploads\/2026\/01\/2149335453.jpg\",\"contentUrl\":\"https:\/\/www.clubdelemprendimiento.com\/blog\/wp-content\/uploads\/2026\/01\/2149335453.jpg\",\"width\":1500,\"height\":998,\"caption\":\"franquicias en Espa\u00f1a\"},{\"@type\":\"BreadcrumbList\",\"@id\":\"https:\/\/www.clubdelemprendimiento.com\/blog\/franquicia\/las-franquicias-en-espana-baten-record-de-empleo\/#breadcrumb\",\"itemListElement\":[{\"@type\":\"ListItem\",\"position\":1,\"name\":\"Home\",\"item\":\"https:\/\/www.clubdelemprendimiento.com\/blog\/\"},{\"@type\":\"ListItem\",\"position\":2,\"name\":\"Las franquicias en Espa\u00f1a consolidan su crecimiento con r\u00e9cord de facturaci\u00f3n y empleo\"}]},{\"@type\":\"WebSite\",\"@id\":\"https:\/\/www.clubdelemprendimiento.com\/blog\/#website\",\"url\":\"https:\/\/www.clubdelemprendimiento.com\/blog\/\",\"name\":\"Blog Club del Emprendimiento\",\"description\":\"\",\"potentialAction\":[{\"@type\":\"SearchAction\",\"target\":{\"@type\":\"EntryPoint\",\"urlTemplate\":\"https:\/\/www.clubdelemprendimiento.com\/blog\/?s={search_term_string}\"},\"query-input\":\"required name=search_term_string\"}],\"inLanguage\":\"es\"},{\"@type\":\"Person\",\"@id\":\"https:\/\/www.clubdelemprendimiento.com\/blog\/#\/schema\/person\/a82ce0fc1281064b1cab4855c351cea7\",\"name\":\"Nerea Merino\",\"image\":{\"@type\":\"ImageObject\",\"inLanguage\":\"es\",\"@id\":\"https:\/\/www.clubdelemprendimiento.com\/blog\/#\/schema\/person\/image\/\",\"url\":\"https:\/\/secure.gravatar.com\/avatar\/3b1c906b7b4a65b22c04d52a020d4815?s=96&d=mm&r=g\",\"contentUrl\":\"https:\/\/secure.gravatar.com\/avatar\/3b1c906b7b4a65b22c04d52a020d4815?s=96&d=mm&r=g\",\"caption\":\"Nerea Merino\"},\"url\":\"https:\/\/www.clubdelemprendimiento.com\/blog\/author\/nerea\/\"}]}<\/script>\n<!-- \/ Yoast SEO plugin. -->","yoast_head_json":{"title":"Las franquicias en Espa\u00f1a baten r\u00e9cord de empleo","description":"Las franquicias en Espa\u00f1a crecen en facturaci\u00f3n y empleo en 2025 pese al ajuste de ense\u00f1as, seg\u00fan el Informe Franquicias Espa\u00f1a 2026.","robots":{"index":"index","follow":"follow","max-snippet":"max-snippet:-1","max-image-preview":"max-image-preview:large","max-video-preview":"max-video-preview:-1"},"canonical":"https:\/\/www.clubdelemprendimiento.com\/blog\/franquicia\/las-franquicias-en-espana-baten-record-de-empleo\/","og_locale":"es_ES","og_type":"article","og_title":"Las franquicias en Espa\u00f1a baten r\u00e9cord de empleo","og_description":"Las franquicias en Espa\u00f1a crecen en facturaci\u00f3n y empleo en 2025 pese al ajuste de ense\u00f1as, seg\u00fan el Informe Franquicias Espa\u00f1a 2026.","og_url":"https:\/\/www.clubdelemprendimiento.com\/blog\/franquicia\/las-franquicias-en-espana-baten-record-de-empleo\/","og_site_name":"Blog Club del Emprendimiento","article_published_time":"2026-01-27T07:44:29+00:00","article_modified_time":"2026-01-15T07:53:49+00:00","og_image":[{"width":1500,"height":998,"url":"https:\/\/www.clubdelemprendimiento.com\/blog\/wp-content\/uploads\/2026\/01\/2149335453.jpg","type":"image\/jpeg"}],"author":"Nerea Merino","twitter_card":"summary_large_image","twitter_misc":{"Escrito por":"Nerea Merino","Tiempo de lectura":"3 minutos"},"schema":{"@context":"https:\/\/schema.org","@graph":[{"@type":"WebPage","@id":"https:\/\/www.clubdelemprendimiento.com\/blog\/franquicia\/las-franquicias-en-espana-baten-record-de-empleo\/","url":"https:\/\/www.clubdelemprendimiento.com\/blog\/franquicia\/las-franquicias-en-espana-baten-record-de-empleo\/","name":"Las franquicias en Espa\u00f1a baten r\u00e9cord de empleo","isPartOf":{"@id":"https:\/\/www.clubdelemprendimiento.com\/blog\/#website"},"primaryImageOfPage":{"@id":"https:\/\/www.clubdelemprendimiento.com\/blog\/franquicia\/las-franquicias-en-espana-baten-record-de-empleo\/#primaryimage"},"image":{"@id":"https:\/\/www.clubdelemprendimiento.com\/blog\/franquicia\/las-franquicias-en-espana-baten-record-de-empleo\/#primaryimage"},"thumbnailUrl":"https:\/\/www.clubdelemprendimiento.com\/blog\/wp-content\/uploads\/2026\/01\/2149335453.jpg","datePublished":"2026-01-27T07:44:29+00:00","dateModified":"2026-01-15T07:53:49+00:00","author":{"@id":"https:\/\/www.clubdelemprendimiento.com\/blog\/#\/schema\/person\/a82ce0fc1281064b1cab4855c351cea7"},"description":"Las franquicias en Espa\u00f1a crecen en facturaci\u00f3n y empleo en 2025 pese al ajuste de ense\u00f1as, seg\u00fan el Informe Franquicias Espa\u00f1a 2026.","breadcrumb":{"@id":"https:\/\/www.clubdelemprendimiento.com\/blog\/franquicia\/las-franquicias-en-espana-baten-record-de-empleo\/#breadcrumb"},"inLanguage":"es","potentialAction":[{"@type":"ReadAction","target":["https:\/\/www.clubdelemprendimiento.com\/blog\/franquicia\/las-franquicias-en-espana-baten-record-de-empleo\/"]}]},{"@type":"ImageObject","inLanguage":"es","@id":"https:\/\/www.clubdelemprendimiento.com\/blog\/franquicia\/las-franquicias-en-espana-baten-record-de-empleo\/#primaryimage","url":"https:\/\/www.clubdelemprendimiento.com\/blog\/wp-content\/uploads\/2026\/01\/2149335453.jpg","contentUrl":"https:\/\/www.clubdelemprendimiento.com\/blog\/wp-content\/uploads\/2026\/01\/2149335453.jpg","width":1500,"height":998,"caption":"franquicias en Espa\u00f1a"},{"@type":"BreadcrumbList","@id":"https:\/\/www.clubdelemprendimiento.com\/blog\/franquicia\/las-franquicias-en-espana-baten-record-de-empleo\/#breadcrumb","itemListElement":[{"@type":"ListItem","position":1,"name":"Home","item":"https:\/\/www.clubdelemprendimiento.com\/blog\/"},{"@type":"ListItem","position":2,"name":"Las franquicias en Espa\u00f1a consolidan su crecimiento con r\u00e9cord de facturaci\u00f3n y empleo"}]},{"@type":"WebSite","@id":"https:\/\/www.clubdelemprendimiento.com\/blog\/#website","url":"https:\/\/www.clubdelemprendimiento.com\/blog\/","name":"Blog Club del Emprendimiento","description":"","potentialAction":[{"@type":"SearchAction","target":{"@type":"EntryPoint","urlTemplate":"https:\/\/www.clubdelemprendimiento.com\/blog\/?s={search_term_string}"},"query-input":"required name=search_term_string"}],"inLanguage":"es"},{"@type":"Person","@id":"https:\/\/www.clubdelemprendimiento.com\/blog\/#\/schema\/person\/a82ce0fc1281064b1cab4855c351cea7","name":"Nerea Merino","image":{"@type":"ImageObject","inLanguage":"es","@id":"https:\/\/www.clubdelemprendimiento.com\/blog\/#\/schema\/person\/image\/","url":"https:\/\/secure.gravatar.com\/avatar\/3b1c906b7b4a65b22c04d52a020d4815?s=96&d=mm&r=g","contentUrl":"https:\/\/secure.gravatar.com\/avatar\/3b1c906b7b4a65b22c04d52a020d4815?s=96&d=mm&r=g","caption":"Nerea Merino"},"url":"https:\/\/www.clubdelemprendimiento.com\/blog\/author\/nerea\/"}]}},"_links":{"self":[{"href":"https:\/\/www.clubdelemprendimiento.com\/blog\/wp-json\/wp\/v2\/posts\/25470"}],"collection":[{"href":"https:\/\/www.clubdelemprendimiento.com\/blog\/wp-json\/wp\/v2\/posts"}],"about":[{"href":"https:\/\/www.clubdelemprendimiento.com\/blog\/wp-json\/wp\/v2\/types\/post"}],"author":[{"embeddable":true,"href":"https:\/\/www.clubdelemprendimiento.com\/blog\/wp-json\/wp\/v2\/users\/14"}],"replies":[{"embeddable":true,"href":"https:\/\/www.clubdelemprendimiento.com\/blog\/wp-json\/wp\/v2\/comments?post=25470"}],"version-history":[{"count":1,"href":"https:\/\/www.clubdelemprendimiento.com\/blog\/wp-json\/wp\/v2\/posts\/25470\/revisions"}],"predecessor-version":[{"id":25472,"href":"https:\/\/www.clubdelemprendimiento.com\/blog\/wp-json\/wp\/v2\/posts\/25470\/revisions\/25472"}],"wp:featuredmedia":[{"embeddable":true,"href":"https:\/\/www.clubdelemprendimiento.com\/blog\/wp-json\/wp\/v2\/media\/25471"}],"wp:attachment":[{"href":"https:\/\/www.clubdelemprendimiento.com\/blog\/wp-json\/wp\/v2\/media?parent=25470"}],"wp:term":[{"taxonomy":"category","embeddable":true,"href":"https:\/\/www.clubdelemprendimiento.com\/blog\/wp-json\/wp\/v2\/categories?post=25470"},{"taxonomy":"post_tag","embeddable":true,"href":"https:\/\/www.clubdelemprendimiento.com\/blog\/wp-json\/wp\/v2\/tags?post=25470"}],"curies":[{"name":"wp","href":"https:\/\/api.w.org\/{rel}","templated":true}]}}