{"id":25383,"date":"2026-01-23T07:44:38","date_gmt":"2026-01-23T07:44:38","guid":{"rendered":"https:\/\/www.clubdelemprendimiento.com\/blog\/?p=25383"},"modified":"2026-01-13T07:47:44","modified_gmt":"2026-01-13T07:47:44","slug":"afiliacion-al-reta-bate-record-historico-2025","status":"publish","type":"post","link":"https:\/\/www.clubdelemprendimiento.com\/blog\/autonomos\/afiliacion-al-reta-bate-record-historico-2025\/","title":{"rendered":"Afiliaci\u00f3n al RETA alcanza r\u00e9cord hist\u00f3rico gracias a cuatro comunidades"},"content":{"rendered":"\n<p>Espa\u00f1a cerr\u00f3 2025 con un <strong>r\u00e9cord hist\u00f3rico de afiliaci\u00f3n al RETA<\/strong>, impulsado por el dinamismo de <strong>Comunidad Valenciana, Andaluc\u00eda, Catalu\u00f1a y Madrid<\/strong>. Seg\u00fan la Asociaci\u00f3n de Trabajadores Aut\u00f3nomos (ATA), estas regiones concentraron gran parte del crecimiento de trabajadores por cuenta propia, consolidando el autoempleo como motor econ\u00f3mico en el pa\u00eds.<\/p>\n\n\n\n<p>La afiliaci\u00f3n global al RETA aument\u00f3 en aproximadamente <strong>39.000 nuevos aut\u00f3nomos<\/strong>, un 1,2\u202f% m\u00e1s que en 2024. Este crecimiento, aunque moderado respecto a a\u00f1os anteriores, demuestra que el empleo independiente sigue ganando fuerza en territorios estrat\u00e9gicos.<\/p>\n\n\n\n<h2 class=\"wp-block-heading\">Afiliaci\u00f3n al RETA en Comunidad Valenciana: crecimiento constante<\/h2>\n\n\n\n<p>La <strong>Comunidad Valenciana<\/strong> se destaca como una de las regiones con mayor incremento de afiliaci\u00f3n al RETA, gracias a la diversificaci\u00f3n de sus sectores econ\u00f3micos. Desde servicios y turismo hasta actividades tecnol\u00f3gicas, la regi\u00f3n ofrece oportunidades que fomentan la creaci\u00f3n de empleo aut\u00f3nomo y la consolidaci\u00f3n de peque\u00f1as empresas.<\/p>\n\n\n\n<h2 class=\"wp-block-heading\">Andaluc\u00eda marca un m\u00e1ximo hist\u00f3rico<\/h2>\n\n\n\n<p>En <strong>Andaluc\u00eda<\/strong>, la afiliaci\u00f3n al RETA alcanz\u00f3 cifras sin precedentes, superando la barrera de los <strong>590.000 aut\u00f3nomos<\/strong> en mayo de 2025. Este r\u00e9cord refleja la fortaleza del tejido emprendedor andaluz y la capacidad de la regi\u00f3n para atraer y mantener profesionales independientes en diversos sectores econ\u00f3micos.<\/p>\n\n\n\n<p>Tanto <strong>Catalu\u00f1a<\/strong> como <strong>Madrid<\/strong> contin\u00faan liderando la creaci\u00f3n de empleo por cuenta propia. Madrid incluso ha superado en algunos periodos a Catalu\u00f1a en n\u00famero total de afiliados al RETA, consolid\u00e1ndose como uno de los mayores polos de autoempleo del pa\u00eds. La concentraci\u00f3n de talento, recursos y oportunidades empresariales hace que estas regiones sigan siendo atractivas para emprendedores.<\/p>\n\n\n\n<h2 class=\"wp-block-heading\">Tendencias y retos en la afiliaci\u00f3n al RETA<\/h2>\n\n\n\n<p>La estabilidad de las cuotas, la protecci\u00f3n social y la recuperaci\u00f3n de sectores tradicionales son aspectos cr\u00edticos para garantizar la sostenibilidad del empleo aut\u00f3nomo. Las cifras muestran que, aunque el crecimiento contin\u00faa, su distribuci\u00f3n sigue siendo desigual entre regiones y sectores.El r\u00e9cord de afiliaci\u00f3n al RETA evidencia que <strong>aut\u00f3nomos y emprendedores son un pilar clave del tejido econ\u00f3mico espa\u00f1ol<\/strong>, pero tambi\u00e9n subraya la necesidad de pol\u00edticas que fortalezcan su estabilidad y desarrollo a largo plazo.<\/p>\n","protected":false},"excerpt":{"rendered":"<p>Espa\u00f1a cerr\u00f3 2025 con un r\u00e9cord hist\u00f3rico de afiliaci\u00f3n al RETA, impulsado por el&hellip;<\/p>\n","protected":false},"author":14,"featured_media":25384,"comment_status":"open","ping_status":"open","sticky":false,"template":"","format":"standard","meta":{"_acf_changed":false,"footnotes":""},"categories":[255],"tags":[],"acf":[],"yoast_head":"<!-- This site is optimized with the Yoast SEO plugin v22.7 - https:\/\/yoast.com\/wordpress\/plugins\/seo\/ -->\n<title>Afiliaci\u00f3n al RETA bate r\u00e9cord hist\u00f3rico 2025<\/title>\n<meta name=\"description\" content=\"La afiliaci\u00f3n al RETA alcanza un r\u00e9cord hist\u00f3rico gracias a Comunidad Valenciana, Andaluc\u00eda, Catalu\u00f1a y Madrid en 2025.\" \/>\n<meta name=\"robots\" content=\"index, follow, max-snippet:-1, max-image-preview:large, max-video-preview:-1\" \/>\n<link rel=\"canonical\" href=\"https:\/\/www.clubdelemprendimiento.com\/blog\/autonomos\/afiliacion-al-reta-bate-record-historico-2025\/\" \/>\n<meta property=\"og:locale\" content=\"es_ES\" \/>\n<meta property=\"og:type\" content=\"article\" \/>\n<meta property=\"og:title\" content=\"Afiliaci\u00f3n al RETA bate r\u00e9cord hist\u00f3rico 2025\" \/>\n<meta property=\"og:description\" content=\"La afiliaci\u00f3n al RETA alcanza un r\u00e9cord hist\u00f3rico gracias a Comunidad Valenciana, Andaluc\u00eda, Catalu\u00f1a y Madrid en 2025.\" \/>\n<meta property=\"og:url\" content=\"https:\/\/www.clubdelemprendimiento.com\/blog\/autonomos\/afiliacion-al-reta-bate-record-historico-2025\/\" \/>\n<meta property=\"og:site_name\" content=\"Blog Club del Emprendimiento\" \/>\n<meta property=\"article:published_time\" content=\"2026-01-23T07:44:38+00:00\" \/>\n<meta property=\"article:modified_time\" content=\"2026-01-13T07:47:44+00:00\" \/>\n<meta property=\"og:image\" content=\"https:\/\/www.clubdelemprendimiento.com\/blog\/wp-content\/uploads\/2026\/01\/10363.jpg\" \/>\n\t<meta property=\"og:image:width\" content=\"1500\" \/>\n\t<meta property=\"og:image:height\" content=\"1001\" \/>\n\t<meta property=\"og:image:type\" content=\"image\/jpeg\" \/>\n<meta name=\"author\" content=\"Nerea Merino\" \/>\n<meta name=\"twitter:card\" content=\"summary_large_image\" \/>\n<meta name=\"twitter:label1\" content=\"Escrito por\" \/>\n\t<meta name=\"twitter:data1\" content=\"Nerea Merino\" \/>\n\t<meta name=\"twitter:label2\" content=\"Tiempo de lectura\" \/>\n\t<meta name=\"twitter:data2\" content=\"2 minutos\" \/>\n<script type=\"application\/ld+json\" class=\"yoast-schema-graph\">{\"@context\":\"https:\/\/schema.org\",\"@graph\":[{\"@type\":\"WebPage\",\"@id\":\"https:\/\/www.clubdelemprendimiento.com\/blog\/autonomos\/afiliacion-al-reta-bate-record-historico-2025\/\",\"url\":\"https:\/\/www.clubdelemprendimiento.com\/blog\/autonomos\/afiliacion-al-reta-bate-record-historico-2025\/\",\"name\":\"Afiliaci\u00f3n al RETA bate r\u00e9cord hist\u00f3rico 2025\",\"isPartOf\":{\"@id\":\"https:\/\/www.clubdelemprendimiento.com\/blog\/#website\"},\"primaryImageOfPage\":{\"@id\":\"https:\/\/www.clubdelemprendimiento.com\/blog\/autonomos\/afiliacion-al-reta-bate-record-historico-2025\/#primaryimage\"},\"image\":{\"@id\":\"https:\/\/www.clubdelemprendimiento.com\/blog\/autonomos\/afiliacion-al-reta-bate-record-historico-2025\/#primaryimage\"},\"thumbnailUrl\":\"https:\/\/www.clubdelemprendimiento.com\/blog\/wp-content\/uploads\/2026\/01\/10363.jpg\",\"datePublished\":\"2026-01-23T07:44:38+00:00\",\"dateModified\":\"2026-01-13T07:47:44+00:00\",\"author\":{\"@id\":\"https:\/\/www.clubdelemprendimiento.com\/blog\/#\/schema\/person\/a82ce0fc1281064b1cab4855c351cea7\"},\"description\":\"La afiliaci\u00f3n al RETA alcanza un r\u00e9cord hist\u00f3rico gracias a Comunidad Valenciana, Andaluc\u00eda, Catalu\u00f1a y Madrid en 2025.\",\"breadcrumb\":{\"@id\":\"https:\/\/www.clubdelemprendimiento.com\/blog\/autonomos\/afiliacion-al-reta-bate-record-historico-2025\/#breadcrumb\"},\"inLanguage\":\"es\",\"potentialAction\":[{\"@type\":\"ReadAction\",\"target\":[\"https:\/\/www.clubdelemprendimiento.com\/blog\/autonomos\/afiliacion-al-reta-bate-record-historico-2025\/\"]}]},{\"@type\":\"ImageObject\",\"inLanguage\":\"es\",\"@id\":\"https:\/\/www.clubdelemprendimiento.com\/blog\/autonomos\/afiliacion-al-reta-bate-record-historico-2025\/#primaryimage\",\"url\":\"https:\/\/www.clubdelemprendimiento.com\/blog\/wp-content\/uploads\/2026\/01\/10363.jpg\",\"contentUrl\":\"https:\/\/www.clubdelemprendimiento.com\/blog\/wp-content\/uploads\/2026\/01\/10363.jpg\",\"width\":1500,\"height\":1001,\"caption\":\"afiliaci\u00f3n al RETA\"},{\"@type\":\"BreadcrumbList\",\"@id\":\"https:\/\/www.clubdelemprendimiento.com\/blog\/autonomos\/afiliacion-al-reta-bate-record-historico-2025\/#breadcrumb\",\"itemListElement\":[{\"@type\":\"ListItem\",\"position\":1,\"name\":\"Home\",\"item\":\"https:\/\/www.clubdelemprendimiento.com\/blog\/\"},{\"@type\":\"ListItem\",\"position\":2,\"name\":\"Afiliaci\u00f3n al RETA alcanza r\u00e9cord hist\u00f3rico gracias a cuatro comunidades\"}]},{\"@type\":\"WebSite\",\"@id\":\"https:\/\/www.clubdelemprendimiento.com\/blog\/#website\",\"url\":\"https:\/\/www.clubdelemprendimiento.com\/blog\/\",\"name\":\"Blog Club del Emprendimiento\",\"description\":\"\",\"potentialAction\":[{\"@type\":\"SearchAction\",\"target\":{\"@type\":\"EntryPoint\",\"urlTemplate\":\"https:\/\/www.clubdelemprendimiento.com\/blog\/?s={search_term_string}\"},\"query-input\":\"required name=search_term_string\"}],\"inLanguage\":\"es\"},{\"@type\":\"Person\",\"@id\":\"https:\/\/www.clubdelemprendimiento.com\/blog\/#\/schema\/person\/a82ce0fc1281064b1cab4855c351cea7\",\"name\":\"Nerea Merino\",\"image\":{\"@type\":\"ImageObject\",\"inLanguage\":\"es\",\"@id\":\"https:\/\/www.clubdelemprendimiento.com\/blog\/#\/schema\/person\/image\/\",\"url\":\"https:\/\/secure.gravatar.com\/avatar\/3b1c906b7b4a65b22c04d52a020d4815?s=96&d=mm&r=g\",\"contentUrl\":\"https:\/\/secure.gravatar.com\/avatar\/3b1c906b7b4a65b22c04d52a020d4815?s=96&d=mm&r=g\",\"caption\":\"Nerea Merino\"},\"url\":\"https:\/\/www.clubdelemprendimiento.com\/blog\/author\/nerea\/\"}]}<\/script>\n<!-- \/ Yoast SEO plugin. -->","yoast_head_json":{"title":"Afiliaci\u00f3n al RETA bate r\u00e9cord hist\u00f3rico 2025","description":"La afiliaci\u00f3n al RETA alcanza un r\u00e9cord hist\u00f3rico gracias a Comunidad Valenciana, Andaluc\u00eda, Catalu\u00f1a y Madrid en 2025.","robots":{"index":"index","follow":"follow","max-snippet":"max-snippet:-1","max-image-preview":"max-image-preview:large","max-video-preview":"max-video-preview:-1"},"canonical":"https:\/\/www.clubdelemprendimiento.com\/blog\/autonomos\/afiliacion-al-reta-bate-record-historico-2025\/","og_locale":"es_ES","og_type":"article","og_title":"Afiliaci\u00f3n al RETA bate r\u00e9cord hist\u00f3rico 2025","og_description":"La afiliaci\u00f3n al RETA alcanza un r\u00e9cord hist\u00f3rico gracias a Comunidad Valenciana, Andaluc\u00eda, Catalu\u00f1a y Madrid en 2025.","og_url":"https:\/\/www.clubdelemprendimiento.com\/blog\/autonomos\/afiliacion-al-reta-bate-record-historico-2025\/","og_site_name":"Blog Club del Emprendimiento","article_published_time":"2026-01-23T07:44:38+00:00","article_modified_time":"2026-01-13T07:47:44+00:00","og_image":[{"width":1500,"height":1001,"url":"https:\/\/www.clubdelemprendimiento.com\/blog\/wp-content\/uploads\/2026\/01\/10363.jpg","type":"image\/jpeg"}],"author":"Nerea Merino","twitter_card":"summary_large_image","twitter_misc":{"Escrito por":"Nerea Merino","Tiempo de lectura":"2 minutos"},"schema":{"@context":"https:\/\/schema.org","@graph":[{"@type":"WebPage","@id":"https:\/\/www.clubdelemprendimiento.com\/blog\/autonomos\/afiliacion-al-reta-bate-record-historico-2025\/","url":"https:\/\/www.clubdelemprendimiento.com\/blog\/autonomos\/afiliacion-al-reta-bate-record-historico-2025\/","name":"Afiliaci\u00f3n al RETA bate r\u00e9cord hist\u00f3rico 2025","isPartOf":{"@id":"https:\/\/www.clubdelemprendimiento.com\/blog\/#website"},"primaryImageOfPage":{"@id":"https:\/\/www.clubdelemprendimiento.com\/blog\/autonomos\/afiliacion-al-reta-bate-record-historico-2025\/#primaryimage"},"image":{"@id":"https:\/\/www.clubdelemprendimiento.com\/blog\/autonomos\/afiliacion-al-reta-bate-record-historico-2025\/#primaryimage"},"thumbnailUrl":"https:\/\/www.clubdelemprendimiento.com\/blog\/wp-content\/uploads\/2026\/01\/10363.jpg","datePublished":"2026-01-23T07:44:38+00:00","dateModified":"2026-01-13T07:47:44+00:00","author":{"@id":"https:\/\/www.clubdelemprendimiento.com\/blog\/#\/schema\/person\/a82ce0fc1281064b1cab4855c351cea7"},"description":"La afiliaci\u00f3n al RETA alcanza un r\u00e9cord hist\u00f3rico gracias a Comunidad Valenciana, Andaluc\u00eda, Catalu\u00f1a y Madrid en 2025.","breadcrumb":{"@id":"https:\/\/www.clubdelemprendimiento.com\/blog\/autonomos\/afiliacion-al-reta-bate-record-historico-2025\/#breadcrumb"},"inLanguage":"es","potentialAction":[{"@type":"ReadAction","target":["https:\/\/www.clubdelemprendimiento.com\/blog\/autonomos\/afiliacion-al-reta-bate-record-historico-2025\/"]}]},{"@type":"ImageObject","inLanguage":"es","@id":"https:\/\/www.clubdelemprendimiento.com\/blog\/autonomos\/afiliacion-al-reta-bate-record-historico-2025\/#primaryimage","url":"https:\/\/www.clubdelemprendimiento.com\/blog\/wp-content\/uploads\/2026\/01\/10363.jpg","contentUrl":"https:\/\/www.clubdelemprendimiento.com\/blog\/wp-content\/uploads\/2026\/01\/10363.jpg","width":1500,"height":1001,"caption":"afiliaci\u00f3n al RETA"},{"@type":"BreadcrumbList","@id":"https:\/\/www.clubdelemprendimiento.com\/blog\/autonomos\/afiliacion-al-reta-bate-record-historico-2025\/#breadcrumb","itemListElement":[{"@type":"ListItem","position":1,"name":"Home","item":"https:\/\/www.clubdelemprendimiento.com\/blog\/"},{"@type":"ListItem","position":2,"name":"Afiliaci\u00f3n al RETA alcanza r\u00e9cord hist\u00f3rico gracias a cuatro comunidades"}]},{"@type":"WebSite","@id":"https:\/\/www.clubdelemprendimiento.com\/blog\/#website","url":"https:\/\/www.clubdelemprendimiento.com\/blog\/","name":"Blog Club del Emprendimiento","description":"","potentialAction":[{"@type":"SearchAction","target":{"@type":"EntryPoint","urlTemplate":"https:\/\/www.clubdelemprendimiento.com\/blog\/?s={search_term_string}"},"query-input":"required name=search_term_string"}],"inLanguage":"es"},{"@type":"Person","@id":"https:\/\/www.clubdelemprendimiento.com\/blog\/#\/schema\/person\/a82ce0fc1281064b1cab4855c351cea7","name":"Nerea Merino","image":{"@type":"ImageObject","inLanguage":"es","@id":"https:\/\/www.clubdelemprendimiento.com\/blog\/#\/schema\/person\/image\/","url":"https:\/\/secure.gravatar.com\/avatar\/3b1c906b7b4a65b22c04d52a020d4815?s=96&d=mm&r=g","contentUrl":"https:\/\/secure.gravatar.com\/avatar\/3b1c906b7b4a65b22c04d52a020d4815?s=96&d=mm&r=g","caption":"Nerea Merino"},"url":"https:\/\/www.clubdelemprendimiento.com\/blog\/author\/nerea\/"}]}},"_links":{"self":[{"href":"https:\/\/www.clubdelemprendimiento.com\/blog\/wp-json\/wp\/v2\/posts\/25383"}],"collection":[{"href":"https:\/\/www.clubdelemprendimiento.com\/blog\/wp-json\/wp\/v2\/posts"}],"about":[{"href":"https:\/\/www.clubdelemprendimiento.com\/blog\/wp-json\/wp\/v2\/types\/post"}],"author":[{"embeddable":true,"href":"https:\/\/www.clubdelemprendimiento.com\/blog\/wp-json\/wp\/v2\/users\/14"}],"replies":[{"embeddable":true,"href":"https:\/\/www.clubdelemprendimiento.com\/blog\/wp-json\/wp\/v2\/comments?post=25383"}],"version-history":[{"count":1,"href":"https:\/\/www.clubdelemprendimiento.com\/blog\/wp-json\/wp\/v2\/posts\/25383\/revisions"}],"predecessor-version":[{"id":25385,"href":"https:\/\/www.clubdelemprendimiento.com\/blog\/wp-json\/wp\/v2\/posts\/25383\/revisions\/25385"}],"wp:featuredmedia":[{"embeddable":true,"href":"https:\/\/www.clubdelemprendimiento.com\/blog\/wp-json\/wp\/v2\/media\/25384"}],"wp:attachment":[{"href":"https:\/\/www.clubdelemprendimiento.com\/blog\/wp-json\/wp\/v2\/media?parent=25383"}],"wp:term":[{"taxonomy":"category","embeddable":true,"href":"https:\/\/www.clubdelemprendimiento.com\/blog\/wp-json\/wp\/v2\/categories?post=25383"},{"taxonomy":"post_tag","embeddable":true,"href":"https:\/\/www.clubdelemprendimiento.com\/blog\/wp-json\/wp\/v2\/tags?post=25383"}],"curies":[{"name":"wp","href":"https:\/\/api.w.org\/{rel}","templated":true}]}}