{"id":25380,"date":"2026-01-22T07:35:20","date_gmt":"2026-01-22T07:35:20","guid":{"rendered":"https:\/\/www.clubdelemprendimiento.com\/blog\/?p=25380"},"modified":"2026-01-13T07:41:06","modified_gmt":"2026-01-13T07:41:06","slug":"jubilacion-2026-claves-del-sistema-dual-para-autonomos","status":"publish","type":"post","link":"https:\/\/www.clubdelemprendimiento.com\/blog\/autonomos\/jubilacion-2026-claves-del-sistema-dual-para-autonomos\/","title":{"rendered":"Sistema dual de jubilaci\u00f3n 2026: claves para aut\u00f3nomos y emprendedores"},"content":{"rendered":"\n<p>El <strong>1 de enero de 2026<\/strong> marca un punto de inflexi\u00f3n en las reglas del juego para aut\u00f3nomos y emprendedores en Espa\u00f1a en lo que respecta a la <strong>jubilaci\u00f3n y las cotizaciones sociales<\/strong>. Tras a\u00f1os de debate y varios ajustes normativos, el sistema de c\u00e1lculo de la pensi\u00f3n introducir\u00e1 un <strong>\u201cmodelo dual\u201d<\/strong> que pretende hacer el acceso a la pensi\u00f3n m\u00e1s justo y adaptado a carreras laborales diversas.<\/p>\n\n\n\n<h2 class=\"wp-block-heading\">C\u00f3mo funcionar\u00e1 el nuevo sistema de jubilaci\u00f3n dual<\/h2>\n\n\n\n<p>Hasta ahora, la cuant\u00eda de la pensi\u00f3n contributiva se ha calculado a partir de las bases de cotizaci\u00f3n de los \u00faltimos <strong>25 a\u00f1os<\/strong> (300 meses), dividiendo esa suma para obtener la base reguladora. A partir del pr\u00f3ximo a\u00f1o, la <strong><a href=\"https:\/\/www.seg-social.es\/wps\/portal\/wss\/internet\/Inicio\" target=\"_blank\" rel=\"noreferrer noopener\">Seguridad Social<\/a> aplicar\u00e1 dos f\u00f3rmulas alternativas<\/strong> y otorgar\u00e1 autom\u00e1ticamente la que resulte m\u00e1s beneficiosa para cada trabajador.<\/p>\n\n\n\n<p>La primera f\u00f3rmula mantiene el m\u00e9todo tradicional: el promedio de las bases de cotizaci\u00f3n de los 25 a\u00f1os previos. La segunda, en cambio, permite tomar en cuenta un periodo mayor, hasta <strong>los mejores 27 a\u00f1os dentro de los 29 previos<\/strong>, lo que puede ayudar especialmente a personas con trayectorias profesionales con lagunas, periodos de bajos ingresos o interrupciones laborales.<\/p>\n\n\n\n<p>Este <strong>sistema dual no exige ninguna elecci\u00f3n activa por parte del trabajador<\/strong>: la propia Seguridad Social comparar\u00e1 ambas opciones y aplicar\u00e1 la que genere una pensi\u00f3n m\u00e1s alta al momento de la jubilaci\u00f3n.<\/p>\n\n\n\n<h2 class=\"wp-block-heading\">Edad legal y otros factores clave en 2026<\/h2>\n\n\n\n<p>La introducci\u00f3n de este modelo se realizar\u00e1 de forma <strong>progresiva hasta 2037<\/strong>, a\u00f1o en el que estar\u00e1 plenamente vigente la posibilidad de elegir entre ambos m\u00e9todos de c\u00e1lculo. Posteriormente, y en el horizonte de <strong>2044<\/strong>, la norma prev\u00e9 que se consolide la f\u00f3rmula que excluye los periodos peores en la trayectoria laboral.<\/p>\n\n\n\n<p>Pero el cambio en el c\u00e1lculo de la pensi\u00f3n no es el \u00fanico desaf\u00edo que afrontan los aut\u00f3nomos. El calendario de <strong>aumento de la edad legal de jubilaci\u00f3n<\/strong> contin\u00faa su marcha: en 2026 la edad ordinaria ser\u00e1 de <strong>66 a\u00f1os y 10 meses<\/strong>, salvo para aquellos que acrediten una carrera extensa de cotizaciones, que podr\u00e1n jubilarse antes sin penalizaci\u00f3n.<\/p>\n\n\n\n<p>Asimismo, la evoluci\u00f3n del <strong>sistema de cotizaciones por ingresos reales<\/strong>, vigente desde 2023, sigue generando fricciones entre las organizaciones de aut\u00f3nomos y el Gobierno. ATA ha expresado su cr\u00edtica a las propuestas iniciales de subidas de cuotas y reclama que se solventen problemas t\u00e9cnicos y de regularizaci\u00f3n antes de abordar nuevas reformas.<\/p>\n\n\n\n<p>En este contexto cambiante, <strong>aut\u00f3nomos y emprendedores est\u00e1n llamados a planificar con m\u00e1s atenci\u00f3n que nunca su jubilaci\u00f3n<\/strong>, teniendo en cuenta no s\u00f3lo las nuevas reglas de c\u00e1lculo, sino tambi\u00e9n c\u00f3mo sus cotizaciones y bases elegidas impactar\u00e1n en su futura pensi\u00f3n. El sistema dual supone una oportunidad para algunos, pero tambi\u00e9n exige <strong>una mayor educaci\u00f3n financiera y previsional<\/strong>, sobre todo para quienes han tenido carreras laborales no lineales.&nbsp;<\/p>\n","protected":false},"excerpt":{"rendered":"<p>El 1 de enero de 2026 marca un punto de inflexi\u00f3n en las reglas&hellip;<\/p>\n","protected":false},"author":14,"featured_media":25381,"comment_status":"open","ping_status":"open","sticky":false,"template":"","format":"standard","meta":{"_acf_changed":false,"footnotes":""},"categories":[255,91],"tags":[],"acf":[],"yoast_head":"<!-- This site is optimized with the Yoast SEO plugin v22.7 - https:\/\/yoast.com\/wordpress\/plugins\/seo\/ -->\n<title>Jubilaci\u00f3n 2026: claves del sistema dual para aut\u00f3nomos<\/title>\n<meta name=\"description\" content=\"La jubilaci\u00f3n en 2026 cambia para aut\u00f3nomos y emprendedores con el sistema dual de c\u00e1lculo de la pensi\u00f3n. Conoce c\u00f3mo te afecta.\" \/>\n<meta name=\"robots\" content=\"index, follow, max-snippet:-1, max-image-preview:large, max-video-preview:-1\" \/>\n<link rel=\"canonical\" href=\"https:\/\/www.clubdelemprendimiento.com\/blog\/autonomos\/jubilacion-2026-claves-del-sistema-dual-para-autonomos\/\" \/>\n<meta property=\"og:locale\" content=\"es_ES\" \/>\n<meta property=\"og:type\" content=\"article\" \/>\n<meta property=\"og:title\" content=\"Jubilaci\u00f3n 2026: claves del sistema dual para aut\u00f3nomos\" \/>\n<meta property=\"og:description\" content=\"La jubilaci\u00f3n en 2026 cambia para aut\u00f3nomos y emprendedores con el sistema dual de c\u00e1lculo de la pensi\u00f3n. Conoce c\u00f3mo te afecta.\" \/>\n<meta property=\"og:url\" content=\"https:\/\/www.clubdelemprendimiento.com\/blog\/autonomos\/jubilacion-2026-claves-del-sistema-dual-para-autonomos\/\" \/>\n<meta property=\"og:site_name\" content=\"Blog Club del Emprendimiento\" \/>\n<meta property=\"article:published_time\" content=\"2026-01-22T07:35:20+00:00\" \/>\n<meta property=\"article:modified_time\" content=\"2026-01-13T07:41:06+00:00\" \/>\n<meta property=\"og:image\" content=\"https:\/\/www.clubdelemprendimiento.com\/blog\/wp-content\/uploads\/2026\/01\/2148293909.jpg\" \/>\n\t<meta property=\"og:image:width\" content=\"1500\" \/>\n\t<meta property=\"og:image:height\" content=\"1000\" \/>\n\t<meta property=\"og:image:type\" content=\"image\/jpeg\" \/>\n<meta name=\"author\" content=\"Nerea Merino\" \/>\n<meta name=\"twitter:card\" content=\"summary_large_image\" \/>\n<meta name=\"twitter:label1\" content=\"Escrito por\" \/>\n\t<meta name=\"twitter:data1\" content=\"Nerea Merino\" \/>\n\t<meta name=\"twitter:label2\" content=\"Tiempo de lectura\" \/>\n\t<meta name=\"twitter:data2\" content=\"3 minutos\" \/>\n<script type=\"application\/ld+json\" class=\"yoast-schema-graph\">{\"@context\":\"https:\/\/schema.org\",\"@graph\":[{\"@type\":\"WebPage\",\"@id\":\"https:\/\/www.clubdelemprendimiento.com\/blog\/autonomos\/jubilacion-2026-claves-del-sistema-dual-para-autonomos\/\",\"url\":\"https:\/\/www.clubdelemprendimiento.com\/blog\/autonomos\/jubilacion-2026-claves-del-sistema-dual-para-autonomos\/\",\"name\":\"Jubilaci\u00f3n 2026: claves del sistema dual para aut\u00f3nomos\",\"isPartOf\":{\"@id\":\"https:\/\/www.clubdelemprendimiento.com\/blog\/#website\"},\"primaryImageOfPage\":{\"@id\":\"https:\/\/www.clubdelemprendimiento.com\/blog\/autonomos\/jubilacion-2026-claves-del-sistema-dual-para-autonomos\/#primaryimage\"},\"image\":{\"@id\":\"https:\/\/www.clubdelemprendimiento.com\/blog\/autonomos\/jubilacion-2026-claves-del-sistema-dual-para-autonomos\/#primaryimage\"},\"thumbnailUrl\":\"https:\/\/www.clubdelemprendimiento.com\/blog\/wp-content\/uploads\/2026\/01\/2148293909.jpg\",\"datePublished\":\"2026-01-22T07:35:20+00:00\",\"dateModified\":\"2026-01-13T07:41:06+00:00\",\"author\":{\"@id\":\"https:\/\/www.clubdelemprendimiento.com\/blog\/#\/schema\/person\/a82ce0fc1281064b1cab4855c351cea7\"},\"description\":\"La jubilaci\u00f3n en 2026 cambia para aut\u00f3nomos y emprendedores con el sistema dual de c\u00e1lculo de la pensi\u00f3n. Conoce c\u00f3mo te afecta.\",\"breadcrumb\":{\"@id\":\"https:\/\/www.clubdelemprendimiento.com\/blog\/autonomos\/jubilacion-2026-claves-del-sistema-dual-para-autonomos\/#breadcrumb\"},\"inLanguage\":\"es\",\"potentialAction\":[{\"@type\":\"ReadAction\",\"target\":[\"https:\/\/www.clubdelemprendimiento.com\/blog\/autonomos\/jubilacion-2026-claves-del-sistema-dual-para-autonomos\/\"]}]},{\"@type\":\"ImageObject\",\"inLanguage\":\"es\",\"@id\":\"https:\/\/www.clubdelemprendimiento.com\/blog\/autonomos\/jubilacion-2026-claves-del-sistema-dual-para-autonomos\/#primaryimage\",\"url\":\"https:\/\/www.clubdelemprendimiento.com\/blog\/wp-content\/uploads\/2026\/01\/2148293909.jpg\",\"contentUrl\":\"https:\/\/www.clubdelemprendimiento.com\/blog\/wp-content\/uploads\/2026\/01\/2148293909.jpg\",\"width\":1500,\"height\":1000,\"caption\":\"jubilaci\u00f3n\"},{\"@type\":\"BreadcrumbList\",\"@id\":\"https:\/\/www.clubdelemprendimiento.com\/blog\/autonomos\/jubilacion-2026-claves-del-sistema-dual-para-autonomos\/#breadcrumb\",\"itemListElement\":[{\"@type\":\"ListItem\",\"position\":1,\"name\":\"Home\",\"item\":\"https:\/\/www.clubdelemprendimiento.com\/blog\/\"},{\"@type\":\"ListItem\",\"position\":2,\"name\":\"Sistema dual de jubilaci\u00f3n 2026: claves para aut\u00f3nomos y emprendedores\"}]},{\"@type\":\"WebSite\",\"@id\":\"https:\/\/www.clubdelemprendimiento.com\/blog\/#website\",\"url\":\"https:\/\/www.clubdelemprendimiento.com\/blog\/\",\"name\":\"Blog Club del Emprendimiento\",\"description\":\"\",\"potentialAction\":[{\"@type\":\"SearchAction\",\"target\":{\"@type\":\"EntryPoint\",\"urlTemplate\":\"https:\/\/www.clubdelemprendimiento.com\/blog\/?s={search_term_string}\"},\"query-input\":\"required name=search_term_string\"}],\"inLanguage\":\"es\"},{\"@type\":\"Person\",\"@id\":\"https:\/\/www.clubdelemprendimiento.com\/blog\/#\/schema\/person\/a82ce0fc1281064b1cab4855c351cea7\",\"name\":\"Nerea Merino\",\"image\":{\"@type\":\"ImageObject\",\"inLanguage\":\"es\",\"@id\":\"https:\/\/www.clubdelemprendimiento.com\/blog\/#\/schema\/person\/image\/\",\"url\":\"https:\/\/secure.gravatar.com\/avatar\/3b1c906b7b4a65b22c04d52a020d4815?s=96&d=mm&r=g\",\"contentUrl\":\"https:\/\/secure.gravatar.com\/avatar\/3b1c906b7b4a65b22c04d52a020d4815?s=96&d=mm&r=g\",\"caption\":\"Nerea Merino\"},\"url\":\"https:\/\/www.clubdelemprendimiento.com\/blog\/author\/nerea\/\"}]}<\/script>\n<!-- \/ Yoast SEO plugin. -->","yoast_head_json":{"title":"Jubilaci\u00f3n 2026: claves del sistema dual para aut\u00f3nomos","description":"La jubilaci\u00f3n en 2026 cambia para aut\u00f3nomos y emprendedores con el sistema dual de c\u00e1lculo de la pensi\u00f3n. Conoce c\u00f3mo te afecta.","robots":{"index":"index","follow":"follow","max-snippet":"max-snippet:-1","max-image-preview":"max-image-preview:large","max-video-preview":"max-video-preview:-1"},"canonical":"https:\/\/www.clubdelemprendimiento.com\/blog\/autonomos\/jubilacion-2026-claves-del-sistema-dual-para-autonomos\/","og_locale":"es_ES","og_type":"article","og_title":"Jubilaci\u00f3n 2026: claves del sistema dual para aut\u00f3nomos","og_description":"La jubilaci\u00f3n en 2026 cambia para aut\u00f3nomos y emprendedores con el sistema dual de c\u00e1lculo de la pensi\u00f3n. Conoce c\u00f3mo te afecta.","og_url":"https:\/\/www.clubdelemprendimiento.com\/blog\/autonomos\/jubilacion-2026-claves-del-sistema-dual-para-autonomos\/","og_site_name":"Blog Club del Emprendimiento","article_published_time":"2026-01-22T07:35:20+00:00","article_modified_time":"2026-01-13T07:41:06+00:00","og_image":[{"width":1500,"height":1000,"url":"https:\/\/www.clubdelemprendimiento.com\/blog\/wp-content\/uploads\/2026\/01\/2148293909.jpg","type":"image\/jpeg"}],"author":"Nerea Merino","twitter_card":"summary_large_image","twitter_misc":{"Escrito por":"Nerea Merino","Tiempo de lectura":"3 minutos"},"schema":{"@context":"https:\/\/schema.org","@graph":[{"@type":"WebPage","@id":"https:\/\/www.clubdelemprendimiento.com\/blog\/autonomos\/jubilacion-2026-claves-del-sistema-dual-para-autonomos\/","url":"https:\/\/www.clubdelemprendimiento.com\/blog\/autonomos\/jubilacion-2026-claves-del-sistema-dual-para-autonomos\/","name":"Jubilaci\u00f3n 2026: claves del sistema dual para aut\u00f3nomos","isPartOf":{"@id":"https:\/\/www.clubdelemprendimiento.com\/blog\/#website"},"primaryImageOfPage":{"@id":"https:\/\/www.clubdelemprendimiento.com\/blog\/autonomos\/jubilacion-2026-claves-del-sistema-dual-para-autonomos\/#primaryimage"},"image":{"@id":"https:\/\/www.clubdelemprendimiento.com\/blog\/autonomos\/jubilacion-2026-claves-del-sistema-dual-para-autonomos\/#primaryimage"},"thumbnailUrl":"https:\/\/www.clubdelemprendimiento.com\/blog\/wp-content\/uploads\/2026\/01\/2148293909.jpg","datePublished":"2026-01-22T07:35:20+00:00","dateModified":"2026-01-13T07:41:06+00:00","author":{"@id":"https:\/\/www.clubdelemprendimiento.com\/blog\/#\/schema\/person\/a82ce0fc1281064b1cab4855c351cea7"},"description":"La jubilaci\u00f3n en 2026 cambia para aut\u00f3nomos y emprendedores con el sistema dual de c\u00e1lculo de la pensi\u00f3n. Conoce c\u00f3mo te afecta.","breadcrumb":{"@id":"https:\/\/www.clubdelemprendimiento.com\/blog\/autonomos\/jubilacion-2026-claves-del-sistema-dual-para-autonomos\/#breadcrumb"},"inLanguage":"es","potentialAction":[{"@type":"ReadAction","target":["https:\/\/www.clubdelemprendimiento.com\/blog\/autonomos\/jubilacion-2026-claves-del-sistema-dual-para-autonomos\/"]}]},{"@type":"ImageObject","inLanguage":"es","@id":"https:\/\/www.clubdelemprendimiento.com\/blog\/autonomos\/jubilacion-2026-claves-del-sistema-dual-para-autonomos\/#primaryimage","url":"https:\/\/www.clubdelemprendimiento.com\/blog\/wp-content\/uploads\/2026\/01\/2148293909.jpg","contentUrl":"https:\/\/www.clubdelemprendimiento.com\/blog\/wp-content\/uploads\/2026\/01\/2148293909.jpg","width":1500,"height":1000,"caption":"jubilaci\u00f3n"},{"@type":"BreadcrumbList","@id":"https:\/\/www.clubdelemprendimiento.com\/blog\/autonomos\/jubilacion-2026-claves-del-sistema-dual-para-autonomos\/#breadcrumb","itemListElement":[{"@type":"ListItem","position":1,"name":"Home","item":"https:\/\/www.clubdelemprendimiento.com\/blog\/"},{"@type":"ListItem","position":2,"name":"Sistema dual de jubilaci\u00f3n 2026: claves para aut\u00f3nomos y emprendedores"}]},{"@type":"WebSite","@id":"https:\/\/www.clubdelemprendimiento.com\/blog\/#website","url":"https:\/\/www.clubdelemprendimiento.com\/blog\/","name":"Blog Club del Emprendimiento","description":"","potentialAction":[{"@type":"SearchAction","target":{"@type":"EntryPoint","urlTemplate":"https:\/\/www.clubdelemprendimiento.com\/blog\/?s={search_term_string}"},"query-input":"required name=search_term_string"}],"inLanguage":"es"},{"@type":"Person","@id":"https:\/\/www.clubdelemprendimiento.com\/blog\/#\/schema\/person\/a82ce0fc1281064b1cab4855c351cea7","name":"Nerea Merino","image":{"@type":"ImageObject","inLanguage":"es","@id":"https:\/\/www.clubdelemprendimiento.com\/blog\/#\/schema\/person\/image\/","url":"https:\/\/secure.gravatar.com\/avatar\/3b1c906b7b4a65b22c04d52a020d4815?s=96&d=mm&r=g","contentUrl":"https:\/\/secure.gravatar.com\/avatar\/3b1c906b7b4a65b22c04d52a020d4815?s=96&d=mm&r=g","caption":"Nerea Merino"},"url":"https:\/\/www.clubdelemprendimiento.com\/blog\/author\/nerea\/"}]}},"_links":{"self":[{"href":"https:\/\/www.clubdelemprendimiento.com\/blog\/wp-json\/wp\/v2\/posts\/25380"}],"collection":[{"href":"https:\/\/www.clubdelemprendimiento.com\/blog\/wp-json\/wp\/v2\/posts"}],"about":[{"href":"https:\/\/www.clubdelemprendimiento.com\/blog\/wp-json\/wp\/v2\/types\/post"}],"author":[{"embeddable":true,"href":"https:\/\/www.clubdelemprendimiento.com\/blog\/wp-json\/wp\/v2\/users\/14"}],"replies":[{"embeddable":true,"href":"https:\/\/www.clubdelemprendimiento.com\/blog\/wp-json\/wp\/v2\/comments?post=25380"}],"version-history":[{"count":1,"href":"https:\/\/www.clubdelemprendimiento.com\/blog\/wp-json\/wp\/v2\/posts\/25380\/revisions"}],"predecessor-version":[{"id":25382,"href":"https:\/\/www.clubdelemprendimiento.com\/blog\/wp-json\/wp\/v2\/posts\/25380\/revisions\/25382"}],"wp:featuredmedia":[{"embeddable":true,"href":"https:\/\/www.clubdelemprendimiento.com\/blog\/wp-json\/wp\/v2\/media\/25381"}],"wp:attachment":[{"href":"https:\/\/www.clubdelemprendimiento.com\/blog\/wp-json\/wp\/v2\/media?parent=25380"}],"wp:term":[{"taxonomy":"category","embeddable":true,"href":"https:\/\/www.clubdelemprendimiento.com\/blog\/wp-json\/wp\/v2\/categories?post=25380"},{"taxonomy":"post_tag","embeddable":true,"href":"https:\/\/www.clubdelemprendimiento.com\/blog\/wp-json\/wp\/v2\/tags?post=25380"}],"curies":[{"name":"wp","href":"https:\/\/api.w.org\/{rel}","templated":true}]}}