{"id":24469,"date":"2025-12-05T07:46:11","date_gmt":"2025-12-05T07:46:11","guid":{"rendered":"https:\/\/www.clubdelemprendimiento.com\/blog\/?p=24469"},"modified":"2025-12-03T07:54:14","modified_gmt":"2025-12-03T07:54:14","slug":"record-de-autonomos-en-andalucia-en-noviembre","status":"publish","type":"post","link":"https:\/\/www.clubdelemprendimiento.com\/blog\/autonomos\/record-de-autonomos-en-andalucia-en-noviembre\/","title":{"rendered":"Aut\u00f3nomos en Andaluc\u00eda: la comunidad roza el r\u00e9cord hist\u00f3rico con m\u00e1s de 592.000 afiliados"},"content":{"rendered":"\n<p>Andaluc\u00eda ha vuelto a cerrar un mes con cifras positivas para el trabajo por cuenta propia. Noviembre dej\u00f3 <strong>726 nuevos afiliados al RETA<\/strong>, lo que eleva el total a <strong>592.505 aut\u00f3nomos<\/strong>, un nivel que sit\u00faa a la comunidad a las puertas de superar el umbral simb\u00f3lico de los 600.000 profesionales. Seg\u00fan la <a href=\"https:\/\/ata.es\/\" target=\"_blank\" rel=\"noreferrer noopener\">Federaci\u00f3n Nacional de Asociaciones de Trabajadores Aut\u00f3nomos<\/a> (ATA), se trata del mejor noviembre de los \u00faltimos cuatro a\u00f1os y refleja una tendencia de crecimiento constante durante todo 2025.<\/p>\n\n\n\n<p>A nivel estatal, Espa\u00f1a sum\u00f3 <strong>2.045 aut\u00f3nomos<\/strong>, con diez comunidades en positivo. Andaluc\u00eda destac\u00f3 entre las regiones que m\u00e1s aportaron al avance nacional, junto con Madrid, Comunidad Valenciana y Catalu\u00f1a.<\/p>\n\n\n\n<h2 class=\"wp-block-heading\">Crecimiento provincial y avance del emprendimiento femenino<\/h2>\n\n\n\n<p>El an\u00e1lisis territorial confirma que la evoluci\u00f3n no ha sido homog\u00e9nea. <strong>Sevilla<\/strong> encabez\u00f3 el incremento con <strong>362 nuevos aut\u00f3nomos<\/strong>, seguida de <strong>M\u00e1laga<\/strong> (+202), <strong>C\u00f3rdoba<\/strong> (+93) y <strong>Granada<\/strong> (+90). Tambi\u00e9n registraron avances <strong>Almer\u00eda<\/strong> (+52) y <strong>Ja\u00e9n<\/strong> (+10). Las \u00fanicas excepciones fueron <strong>Huelva<\/strong> (-46) y <strong>C\u00e1diz<\/strong> (-38), donde se produjo un ligero retroceso atribuido a la estacionalidad. Aun as\u00ed, la suma global mantiene a los <strong>aut\u00f3nomos en Andaluc\u00eda<\/strong> en una tendencia ascendente.<\/p>\n\n\n\n<p>En el desglose por g\u00e9nero, el aumento fue leve pero significativo en ambos casos. El colectivo femenino creci\u00f3 un <strong>0,2%<\/strong>, lo que supone <strong>428 nuevas aut\u00f3nomas<\/strong>, mientras que el masculino lo hizo en un <strong>0,1%<\/strong> (297 varones). ATA subraya que la participaci\u00f3n de la mujer contin\u00faa fortaleci\u00e9ndose y ya representa el 38% de las afiliaciones en la comunidad. Para su presidente, Rafael Amor, el dinamismo femenino es uno de los motores que est\u00e1n consolidando el auge de los <strong>aut\u00f3nomos en Andaluc\u00eda<\/strong>.<\/p>\n\n\n\n<p>Los sectores con mayor impulso en noviembre fueron las <strong>actividades profesionales, cient\u00edficas y t\u00e9cnicas<\/strong>, la <strong>educaci\u00f3n<\/strong>, la <strong>informaci\u00f3n y comunicaci\u00f3n<\/strong>, la <strong>sanidad<\/strong> y la <strong>construcci\u00f3n<\/strong>. El comercio, sin embargo, volvi\u00f3 a registrar descensos. En la comparativa interanual, Andaluc\u00eda acumula <strong>8.733 aut\u00f3nomos m\u00e1s<\/strong> que en 2024, con M\u00e1laga y Sevilla como principales impulsoras. Seg\u00fan Amor, la comunidad avanza hacia convertirse en \u201ctierra de emprendimiento\u201d, con previsiones de cerrar 2025 con cerca de <strong>9.500 aut\u00f3nomos netos adicionales<\/strong>.<\/p>\n","protected":false},"excerpt":{"rendered":"<p>Andaluc\u00eda ha vuelto a cerrar un mes con cifras positivas para el trabajo por&hellip;<\/p>\n","protected":false},"author":14,"featured_media":24471,"comment_status":"open","ping_status":"open","sticky":false,"template":"","format":"standard","meta":{"_acf_changed":false,"footnotes":""},"categories":[255],"tags":[],"acf":[],"yoast_head":"<!-- This site is optimized with the Yoast SEO plugin v22.7 - https:\/\/yoast.com\/wordpress\/plugins\/seo\/ -->\n<title>R\u00e9cord de aut\u00f3nomos en Andaluc\u00eda en noviembre<\/title>\n<meta name=\"description\" content=\"Aut\u00f3nomos en Andaluc\u00eda crecen hasta 592.505 en noviembre, impulsados por el emprendimiento femenino y el avance provincial.\" \/>\n<meta name=\"robots\" content=\"index, follow, max-snippet:-1, max-image-preview:large, max-video-preview:-1\" \/>\n<link rel=\"canonical\" href=\"https:\/\/www.clubdelemprendimiento.com\/blog\/autonomos\/record-de-autonomos-en-andalucia-en-noviembre\/\" \/>\n<meta property=\"og:locale\" content=\"es_ES\" \/>\n<meta property=\"og:type\" content=\"article\" \/>\n<meta property=\"og:title\" content=\"R\u00e9cord de aut\u00f3nomos en Andaluc\u00eda en noviembre\" \/>\n<meta property=\"og:description\" content=\"Aut\u00f3nomos en Andaluc\u00eda crecen hasta 592.505 en noviembre, impulsados por el emprendimiento femenino y el avance provincial.\" \/>\n<meta property=\"og:url\" content=\"https:\/\/www.clubdelemprendimiento.com\/blog\/autonomos\/record-de-autonomos-en-andalucia-en-noviembre\/\" \/>\n<meta property=\"og:site_name\" content=\"Blog Club del Emprendimiento\" \/>\n<meta property=\"article:published_time\" content=\"2025-12-05T07:46:11+00:00\" \/>\n<meta property=\"article:modified_time\" content=\"2025-12-03T07:54:14+00:00\" \/>\n<meta property=\"og:image\" content=\"https:\/\/www.clubdelemprendimiento.com\/blog\/wp-content\/uploads\/2025\/12\/el-telefono-como-herramienta-basica-del-empresario-1-scaled.jpg\" \/>\n\t<meta property=\"og:image:width\" content=\"2560\" \/>\n\t<meta property=\"og:image:height\" content=\"1709\" \/>\n\t<meta property=\"og:image:type\" content=\"image\/jpeg\" \/>\n<meta name=\"author\" content=\"Nerea Merino\" \/>\n<meta name=\"twitter:card\" content=\"summary_large_image\" \/>\n<meta name=\"twitter:label1\" content=\"Escrito por\" \/>\n\t<meta name=\"twitter:data1\" content=\"Nerea Merino\" \/>\n\t<meta name=\"twitter:label2\" content=\"Tiempo de lectura\" \/>\n\t<meta name=\"twitter:data2\" content=\"2 minutos\" \/>\n<script type=\"application\/ld+json\" class=\"yoast-schema-graph\">{\"@context\":\"https:\/\/schema.org\",\"@graph\":[{\"@type\":\"WebPage\",\"@id\":\"https:\/\/www.clubdelemprendimiento.com\/blog\/autonomos\/record-de-autonomos-en-andalucia-en-noviembre\/\",\"url\":\"https:\/\/www.clubdelemprendimiento.com\/blog\/autonomos\/record-de-autonomos-en-andalucia-en-noviembre\/\",\"name\":\"R\u00e9cord de aut\u00f3nomos en Andaluc\u00eda en noviembre\",\"isPartOf\":{\"@id\":\"https:\/\/www.clubdelemprendimiento.com\/blog\/#website\"},\"primaryImageOfPage\":{\"@id\":\"https:\/\/www.clubdelemprendimiento.com\/blog\/autonomos\/record-de-autonomos-en-andalucia-en-noviembre\/#primaryimage\"},\"image\":{\"@id\":\"https:\/\/www.clubdelemprendimiento.com\/blog\/autonomos\/record-de-autonomos-en-andalucia-en-noviembre\/#primaryimage\"},\"thumbnailUrl\":\"https:\/\/www.clubdelemprendimiento.com\/blog\/wp-content\/uploads\/2025\/12\/el-telefono-como-herramienta-basica-del-empresario-1-scaled.jpg\",\"datePublished\":\"2025-12-05T07:46:11+00:00\",\"dateModified\":\"2025-12-03T07:54:14+00:00\",\"author\":{\"@id\":\"https:\/\/www.clubdelemprendimiento.com\/blog\/#\/schema\/person\/a82ce0fc1281064b1cab4855c351cea7\"},\"description\":\"Aut\u00f3nomos en Andaluc\u00eda crecen hasta 592.505 en noviembre, impulsados por el emprendimiento femenino y el avance provincial.\",\"breadcrumb\":{\"@id\":\"https:\/\/www.clubdelemprendimiento.com\/blog\/autonomos\/record-de-autonomos-en-andalucia-en-noviembre\/#breadcrumb\"},\"inLanguage\":\"es\",\"potentialAction\":[{\"@type\":\"ReadAction\",\"target\":[\"https:\/\/www.clubdelemprendimiento.com\/blog\/autonomos\/record-de-autonomos-en-andalucia-en-noviembre\/\"]}]},{\"@type\":\"ImageObject\",\"inLanguage\":\"es\",\"@id\":\"https:\/\/www.clubdelemprendimiento.com\/blog\/autonomos\/record-de-autonomos-en-andalucia-en-noviembre\/#primaryimage\",\"url\":\"https:\/\/www.clubdelemprendimiento.com\/blog\/wp-content\/uploads\/2025\/12\/el-telefono-como-herramienta-basica-del-empresario-1-scaled.jpg\",\"contentUrl\":\"https:\/\/www.clubdelemprendimiento.com\/blog\/wp-content\/uploads\/2025\/12\/el-telefono-como-herramienta-basica-del-empresario-1-scaled.jpg\",\"width\":2560,\"height\":1709,\"caption\":\"aut\u00f3nomos en Andaluc\u00eda\"},{\"@type\":\"BreadcrumbList\",\"@id\":\"https:\/\/www.clubdelemprendimiento.com\/blog\/autonomos\/record-de-autonomos-en-andalucia-en-noviembre\/#breadcrumb\",\"itemListElement\":[{\"@type\":\"ListItem\",\"position\":1,\"name\":\"Home\",\"item\":\"https:\/\/www.clubdelemprendimiento.com\/blog\/\"},{\"@type\":\"ListItem\",\"position\":2,\"name\":\"Aut\u00f3nomos en Andaluc\u00eda: la comunidad roza el r\u00e9cord hist\u00f3rico con m\u00e1s de 592.000 afiliados\"}]},{\"@type\":\"WebSite\",\"@id\":\"https:\/\/www.clubdelemprendimiento.com\/blog\/#website\",\"url\":\"https:\/\/www.clubdelemprendimiento.com\/blog\/\",\"name\":\"Blog Club del Emprendimiento\",\"description\":\"\",\"potentialAction\":[{\"@type\":\"SearchAction\",\"target\":{\"@type\":\"EntryPoint\",\"urlTemplate\":\"https:\/\/www.clubdelemprendimiento.com\/blog\/?s={search_term_string}\"},\"query-input\":\"required name=search_term_string\"}],\"inLanguage\":\"es\"},{\"@type\":\"Person\",\"@id\":\"https:\/\/www.clubdelemprendimiento.com\/blog\/#\/schema\/person\/a82ce0fc1281064b1cab4855c351cea7\",\"name\":\"Nerea Merino\",\"image\":{\"@type\":\"ImageObject\",\"inLanguage\":\"es\",\"@id\":\"https:\/\/www.clubdelemprendimiento.com\/blog\/#\/schema\/person\/image\/\",\"url\":\"https:\/\/secure.gravatar.com\/avatar\/3b1c906b7b4a65b22c04d52a020d4815?s=96&d=mm&r=g\",\"contentUrl\":\"https:\/\/secure.gravatar.com\/avatar\/3b1c906b7b4a65b22c04d52a020d4815?s=96&d=mm&r=g\",\"caption\":\"Nerea Merino\"},\"url\":\"https:\/\/www.clubdelemprendimiento.com\/blog\/author\/nerea\/\"}]}<\/script>\n<!-- \/ Yoast SEO plugin. -->","yoast_head_json":{"title":"R\u00e9cord de aut\u00f3nomos en Andaluc\u00eda en noviembre","description":"Aut\u00f3nomos en Andaluc\u00eda crecen hasta 592.505 en noviembre, impulsados por el emprendimiento femenino y el avance provincial.","robots":{"index":"index","follow":"follow","max-snippet":"max-snippet:-1","max-image-preview":"max-image-preview:large","max-video-preview":"max-video-preview:-1"},"canonical":"https:\/\/www.clubdelemprendimiento.com\/blog\/autonomos\/record-de-autonomos-en-andalucia-en-noviembre\/","og_locale":"es_ES","og_type":"article","og_title":"R\u00e9cord de aut\u00f3nomos en Andaluc\u00eda en noviembre","og_description":"Aut\u00f3nomos en Andaluc\u00eda crecen hasta 592.505 en noviembre, impulsados por el emprendimiento femenino y el avance provincial.","og_url":"https:\/\/www.clubdelemprendimiento.com\/blog\/autonomos\/record-de-autonomos-en-andalucia-en-noviembre\/","og_site_name":"Blog Club del Emprendimiento","article_published_time":"2025-12-05T07:46:11+00:00","article_modified_time":"2025-12-03T07:54:14+00:00","og_image":[{"width":2560,"height":1709,"url":"https:\/\/www.clubdelemprendimiento.com\/blog\/wp-content\/uploads\/2025\/12\/el-telefono-como-herramienta-basica-del-empresario-1-scaled.jpg","type":"image\/jpeg"}],"author":"Nerea Merino","twitter_card":"summary_large_image","twitter_misc":{"Escrito por":"Nerea Merino","Tiempo de lectura":"2 minutos"},"schema":{"@context":"https:\/\/schema.org","@graph":[{"@type":"WebPage","@id":"https:\/\/www.clubdelemprendimiento.com\/blog\/autonomos\/record-de-autonomos-en-andalucia-en-noviembre\/","url":"https:\/\/www.clubdelemprendimiento.com\/blog\/autonomos\/record-de-autonomos-en-andalucia-en-noviembre\/","name":"R\u00e9cord de aut\u00f3nomos en Andaluc\u00eda en noviembre","isPartOf":{"@id":"https:\/\/www.clubdelemprendimiento.com\/blog\/#website"},"primaryImageOfPage":{"@id":"https:\/\/www.clubdelemprendimiento.com\/blog\/autonomos\/record-de-autonomos-en-andalucia-en-noviembre\/#primaryimage"},"image":{"@id":"https:\/\/www.clubdelemprendimiento.com\/blog\/autonomos\/record-de-autonomos-en-andalucia-en-noviembre\/#primaryimage"},"thumbnailUrl":"https:\/\/www.clubdelemprendimiento.com\/blog\/wp-content\/uploads\/2025\/12\/el-telefono-como-herramienta-basica-del-empresario-1-scaled.jpg","datePublished":"2025-12-05T07:46:11+00:00","dateModified":"2025-12-03T07:54:14+00:00","author":{"@id":"https:\/\/www.clubdelemprendimiento.com\/blog\/#\/schema\/person\/a82ce0fc1281064b1cab4855c351cea7"},"description":"Aut\u00f3nomos en Andaluc\u00eda crecen hasta 592.505 en noviembre, impulsados por el emprendimiento femenino y el avance provincial.","breadcrumb":{"@id":"https:\/\/www.clubdelemprendimiento.com\/blog\/autonomos\/record-de-autonomos-en-andalucia-en-noviembre\/#breadcrumb"},"inLanguage":"es","potentialAction":[{"@type":"ReadAction","target":["https:\/\/www.clubdelemprendimiento.com\/blog\/autonomos\/record-de-autonomos-en-andalucia-en-noviembre\/"]}]},{"@type":"ImageObject","inLanguage":"es","@id":"https:\/\/www.clubdelemprendimiento.com\/blog\/autonomos\/record-de-autonomos-en-andalucia-en-noviembre\/#primaryimage","url":"https:\/\/www.clubdelemprendimiento.com\/blog\/wp-content\/uploads\/2025\/12\/el-telefono-como-herramienta-basica-del-empresario-1-scaled.jpg","contentUrl":"https:\/\/www.clubdelemprendimiento.com\/blog\/wp-content\/uploads\/2025\/12\/el-telefono-como-herramienta-basica-del-empresario-1-scaled.jpg","width":2560,"height":1709,"caption":"aut\u00f3nomos en Andaluc\u00eda"},{"@type":"BreadcrumbList","@id":"https:\/\/www.clubdelemprendimiento.com\/blog\/autonomos\/record-de-autonomos-en-andalucia-en-noviembre\/#breadcrumb","itemListElement":[{"@type":"ListItem","position":1,"name":"Home","item":"https:\/\/www.clubdelemprendimiento.com\/blog\/"},{"@type":"ListItem","position":2,"name":"Aut\u00f3nomos en Andaluc\u00eda: la comunidad roza el r\u00e9cord hist\u00f3rico con m\u00e1s de 592.000 afiliados"}]},{"@type":"WebSite","@id":"https:\/\/www.clubdelemprendimiento.com\/blog\/#website","url":"https:\/\/www.clubdelemprendimiento.com\/blog\/","name":"Blog Club del Emprendimiento","description":"","potentialAction":[{"@type":"SearchAction","target":{"@type":"EntryPoint","urlTemplate":"https:\/\/www.clubdelemprendimiento.com\/blog\/?s={search_term_string}"},"query-input":"required name=search_term_string"}],"inLanguage":"es"},{"@type":"Person","@id":"https:\/\/www.clubdelemprendimiento.com\/blog\/#\/schema\/person\/a82ce0fc1281064b1cab4855c351cea7","name":"Nerea Merino","image":{"@type":"ImageObject","inLanguage":"es","@id":"https:\/\/www.clubdelemprendimiento.com\/blog\/#\/schema\/person\/image\/","url":"https:\/\/secure.gravatar.com\/avatar\/3b1c906b7b4a65b22c04d52a020d4815?s=96&d=mm&r=g","contentUrl":"https:\/\/secure.gravatar.com\/avatar\/3b1c906b7b4a65b22c04d52a020d4815?s=96&d=mm&r=g","caption":"Nerea Merino"},"url":"https:\/\/www.clubdelemprendimiento.com\/blog\/author\/nerea\/"}]}},"_links":{"self":[{"href":"https:\/\/www.clubdelemprendimiento.com\/blog\/wp-json\/wp\/v2\/posts\/24469"}],"collection":[{"href":"https:\/\/www.clubdelemprendimiento.com\/blog\/wp-json\/wp\/v2\/posts"}],"about":[{"href":"https:\/\/www.clubdelemprendimiento.com\/blog\/wp-json\/wp\/v2\/types\/post"}],"author":[{"embeddable":true,"href":"https:\/\/www.clubdelemprendimiento.com\/blog\/wp-json\/wp\/v2\/users\/14"}],"replies":[{"embeddable":true,"href":"https:\/\/www.clubdelemprendimiento.com\/blog\/wp-json\/wp\/v2\/comments?post=24469"}],"version-history":[{"count":1,"href":"https:\/\/www.clubdelemprendimiento.com\/blog\/wp-json\/wp\/v2\/posts\/24469\/revisions"}],"predecessor-version":[{"id":24472,"href":"https:\/\/www.clubdelemprendimiento.com\/blog\/wp-json\/wp\/v2\/posts\/24469\/revisions\/24472"}],"wp:featuredmedia":[{"embeddable":true,"href":"https:\/\/www.clubdelemprendimiento.com\/blog\/wp-json\/wp\/v2\/media\/24471"}],"wp:attachment":[{"href":"https:\/\/www.clubdelemprendimiento.com\/blog\/wp-json\/wp\/v2\/media?parent=24469"}],"wp:term":[{"taxonomy":"category","embeddable":true,"href":"https:\/\/www.clubdelemprendimiento.com\/blog\/wp-json\/wp\/v2\/categories?post=24469"},{"taxonomy":"post_tag","embeddable":true,"href":"https:\/\/www.clubdelemprendimiento.com\/blog\/wp-json\/wp\/v2\/tags?post=24469"}],"curies":[{"name":"wp","href":"https:\/\/api.w.org\/{rel}","templated":true}]}}