{"id":24112,"date":"2025-12-09T07:52:33","date_gmt":"2025-12-09T07:52:33","guid":{"rendered":"https:\/\/www.clubdelemprendimiento.com\/blog\/?p=24112"},"modified":"2025-11-25T08:03:11","modified_gmt":"2025-11-25T08:03:11","slug":"aumento-de-ventas-de-pymes-espanolas-esta-navidad","status":"publish","type":"post","link":"https:\/\/www.clubdelemprendimiento.com\/blog\/pymes\/aumento-de-ventas-de-pymes-espanolas-esta-navidad\/","title":{"rendered":"El 78% de las pymes espa\u00f1olas espera un aumento de ventas esta Navidad"},"content":{"rendered":"\n<p>Las peque\u00f1as y medianas empresas (pymes) espa\u00f1olas afrontan la temporada navide\u00f1a con optimismo, seg\u00fan los \u00faltimos datos publicados por Federal Express Corporation (FedEx). Casi ocho de cada diez empresas <strong>prev\u00e9n un aumento de ventas respecto a 2024<\/strong>, reflejando una perspectiva positiva frente a la campa\u00f1a de 2025.<\/p>\n\n\n\n<h2 class=\"wp-block-heading\">Expectativas de aumento de ventas para la temporada navide\u00f1a<\/h2>\n\n\n\n<p>La encuesta, realizada en septiembre de este a\u00f1o entre m\u00e1s de 1.200 pymes de nueve mercados europeos con actividad internacional, analiza las expectativas de ventas para la temporada alta y el impacto de fechas clave de comercio electr\u00f3nico, como Black Friday, Cyber Monday y el D\u00eda del Soltero. En Espa\u00f1a, <strong>un 40% de las empresas anticipa un aumento de ventas significativo, mientras que un 38% prev\u00e9 un incremento moderado. <\/strong>En comparaci\u00f3n, otros mercados europeos como Turqu\u00eda (95%), Polonia (88%) y Pa\u00edses Bajos (85%) muestran un nivel a\u00fan m\u00e1s elevado de optimismo, mientras que Italia (66%) se sit\u00faa entre los m\u00e1s cautelosos.<\/p>\n\n\n\n<h2 class=\"wp-block-heading\">Comercio internacional y e-commerce, motores del crecimiento<\/h2>\n\n\n\n<p>El estudio tambi\u00e9n destaca la <strong>importancia del comercio internacional<\/strong> para las pymes espa\u00f1olas. Se estima que m\u00e1s de un tercio (37,8%) de las ventas navide\u00f1as proceder\u00e1 de mercados fuera de Europa. Entre las zonas con mayor actividad comercial se encuentran otros pa\u00edses europeos (90%), Estados Unidos (48%), Am\u00e9rica Latina y el Caribe (44%), Oriente Medio (27%), \u00c1frica (22%) y Asia-Pac\u00edfico (14%). Este patr\u00f3n refleja una creciente demanda internacional y el potencial de expansi\u00f3n de las empresas espa\u00f1olas.<\/p>\n\n\n\n<p>Por otra parte, <strong>el comercio electr\u00f3nico se confirma como un motor clave para el \u00e9xito comercial durante la campa\u00f1a navide\u00f1a.<\/strong> El 83% de las pymes considera que acciones como Black Friday, Cyber Monday y el D\u00eda del Soltero son relevantes para lograr un aumento de ventas. M\u00e1s de la mitad las califican como \u201cmuy importantes\u201d y un 24% como \u201calgo importantes\u201d. A nivel europeo, el impacto de estas fechas es especialmente notable entre las empresas que combinan productos de consumo y bienes empresariales (94%), seguidas por aquellas centradas exclusivamente en productos de consumo (84%) o en bienes empresariales (77%).<\/p>\n","protected":false},"excerpt":{"rendered":"<p>Las peque\u00f1as y medianas empresas (pymes) espa\u00f1olas afrontan la temporada navide\u00f1a con optimismo, seg\u00fan&hellip;<\/p>\n","protected":false},"author":14,"featured_media":24113,"comment_status":"open","ping_status":"open","sticky":false,"template":"","format":"standard","meta":{"_acf_changed":false,"footnotes":""},"categories":[256],"tags":[],"acf":[],"yoast_head":"<!-- This site is optimized with the Yoast SEO plugin v22.7 - https:\/\/yoast.com\/wordpress\/plugins\/seo\/ -->\n<title>Aumento de ventas de pymes espa\u00f1olas esta Navidad<\/title>\n<meta name=\"description\" content=\"El 78% de las pymes espa\u00f1olas prev\u00e9 un aumento de ventas en la campa\u00f1a navide\u00f1a gracias al comercio internacional y fechas clave.\" \/>\n<meta name=\"robots\" content=\"index, follow, max-snippet:-1, max-image-preview:large, max-video-preview:-1\" \/>\n<link rel=\"canonical\" href=\"https:\/\/www.clubdelemprendimiento.com\/blog\/pymes\/aumento-de-ventas-de-pymes-espanolas-esta-navidad\/\" \/>\n<meta property=\"og:locale\" content=\"es_ES\" \/>\n<meta property=\"og:type\" content=\"article\" \/>\n<meta property=\"og:title\" content=\"Aumento de ventas de pymes espa\u00f1olas esta Navidad\" \/>\n<meta property=\"og:description\" content=\"El 78% de las pymes espa\u00f1olas prev\u00e9 un aumento de ventas en la campa\u00f1a navide\u00f1a gracias al comercio internacional y fechas clave.\" \/>\n<meta property=\"og:url\" content=\"https:\/\/www.clubdelemprendimiento.com\/blog\/pymes\/aumento-de-ventas-de-pymes-espanolas-esta-navidad\/\" \/>\n<meta property=\"og:site_name\" content=\"Blog Club del Emprendimiento\" \/>\n<meta property=\"article:published_time\" content=\"2025-12-09T07:52:33+00:00\" \/>\n<meta property=\"article:modified_time\" content=\"2025-11-25T08:03:11+00:00\" \/>\n<meta property=\"og:image\" content=\"https:\/\/www.clubdelemprendimiento.com\/blog\/wp-content\/uploads\/2025\/11\/bella-mujer-con-telefono-movil-durante-las-compras-en-invierno-scaled.jpg\" \/>\n\t<meta property=\"og:image:width\" content=\"2560\" \/>\n\t<meta property=\"og:image:height\" content=\"1709\" \/>\n\t<meta property=\"og:image:type\" content=\"image\/jpeg\" \/>\n<meta name=\"author\" content=\"Nerea Merino\" \/>\n<meta name=\"twitter:card\" content=\"summary_large_image\" \/>\n<meta name=\"twitter:label1\" content=\"Escrito por\" \/>\n\t<meta name=\"twitter:data1\" content=\"Nerea Merino\" \/>\n\t<meta name=\"twitter:label2\" content=\"Tiempo de lectura\" \/>\n\t<meta name=\"twitter:data2\" content=\"2 minutos\" \/>\n<script type=\"application\/ld+json\" class=\"yoast-schema-graph\">{\"@context\":\"https:\/\/schema.org\",\"@graph\":[{\"@type\":\"WebPage\",\"@id\":\"https:\/\/www.clubdelemprendimiento.com\/blog\/pymes\/aumento-de-ventas-de-pymes-espanolas-esta-navidad\/\",\"url\":\"https:\/\/www.clubdelemprendimiento.com\/blog\/pymes\/aumento-de-ventas-de-pymes-espanolas-esta-navidad\/\",\"name\":\"Aumento de ventas de pymes espa\u00f1olas esta Navidad\",\"isPartOf\":{\"@id\":\"https:\/\/www.clubdelemprendimiento.com\/blog\/#website\"},\"primaryImageOfPage\":{\"@id\":\"https:\/\/www.clubdelemprendimiento.com\/blog\/pymes\/aumento-de-ventas-de-pymes-espanolas-esta-navidad\/#primaryimage\"},\"image\":{\"@id\":\"https:\/\/www.clubdelemprendimiento.com\/blog\/pymes\/aumento-de-ventas-de-pymes-espanolas-esta-navidad\/#primaryimage\"},\"thumbnailUrl\":\"https:\/\/www.clubdelemprendimiento.com\/blog\/wp-content\/uploads\/2025\/11\/bella-mujer-con-telefono-movil-durante-las-compras-en-invierno-scaled.jpg\",\"datePublished\":\"2025-12-09T07:52:33+00:00\",\"dateModified\":\"2025-11-25T08:03:11+00:00\",\"author\":{\"@id\":\"https:\/\/www.clubdelemprendimiento.com\/blog\/#\/schema\/person\/a82ce0fc1281064b1cab4855c351cea7\"},\"description\":\"El 78% de las pymes espa\u00f1olas prev\u00e9 un aumento de ventas en la campa\u00f1a navide\u00f1a gracias al comercio internacional y fechas clave.\",\"breadcrumb\":{\"@id\":\"https:\/\/www.clubdelemprendimiento.com\/blog\/pymes\/aumento-de-ventas-de-pymes-espanolas-esta-navidad\/#breadcrumb\"},\"inLanguage\":\"es\",\"potentialAction\":[{\"@type\":\"ReadAction\",\"target\":[\"https:\/\/www.clubdelemprendimiento.com\/blog\/pymes\/aumento-de-ventas-de-pymes-espanolas-esta-navidad\/\"]}]},{\"@type\":\"ImageObject\",\"inLanguage\":\"es\",\"@id\":\"https:\/\/www.clubdelemprendimiento.com\/blog\/pymes\/aumento-de-ventas-de-pymes-espanolas-esta-navidad\/#primaryimage\",\"url\":\"https:\/\/www.clubdelemprendimiento.com\/blog\/wp-content\/uploads\/2025\/11\/bella-mujer-con-telefono-movil-durante-las-compras-en-invierno-scaled.jpg\",\"contentUrl\":\"https:\/\/www.clubdelemprendimiento.com\/blog\/wp-content\/uploads\/2025\/11\/bella-mujer-con-telefono-movil-durante-las-compras-en-invierno-scaled.jpg\",\"width\":2560,\"height\":1709,\"caption\":\"ventas esta navidad\"},{\"@type\":\"BreadcrumbList\",\"@id\":\"https:\/\/www.clubdelemprendimiento.com\/blog\/pymes\/aumento-de-ventas-de-pymes-espanolas-esta-navidad\/#breadcrumb\",\"itemListElement\":[{\"@type\":\"ListItem\",\"position\":1,\"name\":\"Home\",\"item\":\"https:\/\/www.clubdelemprendimiento.com\/blog\/\"},{\"@type\":\"ListItem\",\"position\":2,\"name\":\"El 78% de las pymes espa\u00f1olas espera un aumento de ventas esta Navidad\"}]},{\"@type\":\"WebSite\",\"@id\":\"https:\/\/www.clubdelemprendimiento.com\/blog\/#website\",\"url\":\"https:\/\/www.clubdelemprendimiento.com\/blog\/\",\"name\":\"Blog Club del Emprendimiento\",\"description\":\"\",\"potentialAction\":[{\"@type\":\"SearchAction\",\"target\":{\"@type\":\"EntryPoint\",\"urlTemplate\":\"https:\/\/www.clubdelemprendimiento.com\/blog\/?s={search_term_string}\"},\"query-input\":\"required name=search_term_string\"}],\"inLanguage\":\"es\"},{\"@type\":\"Person\",\"@id\":\"https:\/\/www.clubdelemprendimiento.com\/blog\/#\/schema\/person\/a82ce0fc1281064b1cab4855c351cea7\",\"name\":\"Nerea Merino\",\"image\":{\"@type\":\"ImageObject\",\"inLanguage\":\"es\",\"@id\":\"https:\/\/www.clubdelemprendimiento.com\/blog\/#\/schema\/person\/image\/\",\"url\":\"https:\/\/secure.gravatar.com\/avatar\/3b1c906b7b4a65b22c04d52a020d4815?s=96&d=mm&r=g\",\"contentUrl\":\"https:\/\/secure.gravatar.com\/avatar\/3b1c906b7b4a65b22c04d52a020d4815?s=96&d=mm&r=g\",\"caption\":\"Nerea Merino\"},\"url\":\"https:\/\/www.clubdelemprendimiento.com\/blog\/author\/nerea\/\"}]}<\/script>\n<!-- \/ Yoast SEO plugin. -->","yoast_head_json":{"title":"Aumento de ventas de pymes espa\u00f1olas esta Navidad","description":"El 78% de las pymes espa\u00f1olas prev\u00e9 un aumento de ventas en la campa\u00f1a navide\u00f1a gracias al comercio internacional y fechas clave.","robots":{"index":"index","follow":"follow","max-snippet":"max-snippet:-1","max-image-preview":"max-image-preview:large","max-video-preview":"max-video-preview:-1"},"canonical":"https:\/\/www.clubdelemprendimiento.com\/blog\/pymes\/aumento-de-ventas-de-pymes-espanolas-esta-navidad\/","og_locale":"es_ES","og_type":"article","og_title":"Aumento de ventas de pymes espa\u00f1olas esta Navidad","og_description":"El 78% de las pymes espa\u00f1olas prev\u00e9 un aumento de ventas en la campa\u00f1a navide\u00f1a gracias al comercio internacional y fechas clave.","og_url":"https:\/\/www.clubdelemprendimiento.com\/blog\/pymes\/aumento-de-ventas-de-pymes-espanolas-esta-navidad\/","og_site_name":"Blog Club del Emprendimiento","article_published_time":"2025-12-09T07:52:33+00:00","article_modified_time":"2025-11-25T08:03:11+00:00","og_image":[{"width":2560,"height":1709,"url":"https:\/\/www.clubdelemprendimiento.com\/blog\/wp-content\/uploads\/2025\/11\/bella-mujer-con-telefono-movil-durante-las-compras-en-invierno-scaled.jpg","type":"image\/jpeg"}],"author":"Nerea Merino","twitter_card":"summary_large_image","twitter_misc":{"Escrito por":"Nerea Merino","Tiempo de lectura":"2 minutos"},"schema":{"@context":"https:\/\/schema.org","@graph":[{"@type":"WebPage","@id":"https:\/\/www.clubdelemprendimiento.com\/blog\/pymes\/aumento-de-ventas-de-pymes-espanolas-esta-navidad\/","url":"https:\/\/www.clubdelemprendimiento.com\/blog\/pymes\/aumento-de-ventas-de-pymes-espanolas-esta-navidad\/","name":"Aumento de ventas de pymes espa\u00f1olas esta Navidad","isPartOf":{"@id":"https:\/\/www.clubdelemprendimiento.com\/blog\/#website"},"primaryImageOfPage":{"@id":"https:\/\/www.clubdelemprendimiento.com\/blog\/pymes\/aumento-de-ventas-de-pymes-espanolas-esta-navidad\/#primaryimage"},"image":{"@id":"https:\/\/www.clubdelemprendimiento.com\/blog\/pymes\/aumento-de-ventas-de-pymes-espanolas-esta-navidad\/#primaryimage"},"thumbnailUrl":"https:\/\/www.clubdelemprendimiento.com\/blog\/wp-content\/uploads\/2025\/11\/bella-mujer-con-telefono-movil-durante-las-compras-en-invierno-scaled.jpg","datePublished":"2025-12-09T07:52:33+00:00","dateModified":"2025-11-25T08:03:11+00:00","author":{"@id":"https:\/\/www.clubdelemprendimiento.com\/blog\/#\/schema\/person\/a82ce0fc1281064b1cab4855c351cea7"},"description":"El 78% de las pymes espa\u00f1olas prev\u00e9 un aumento de ventas en la campa\u00f1a navide\u00f1a gracias al comercio internacional y fechas clave.","breadcrumb":{"@id":"https:\/\/www.clubdelemprendimiento.com\/blog\/pymes\/aumento-de-ventas-de-pymes-espanolas-esta-navidad\/#breadcrumb"},"inLanguage":"es","potentialAction":[{"@type":"ReadAction","target":["https:\/\/www.clubdelemprendimiento.com\/blog\/pymes\/aumento-de-ventas-de-pymes-espanolas-esta-navidad\/"]}]},{"@type":"ImageObject","inLanguage":"es","@id":"https:\/\/www.clubdelemprendimiento.com\/blog\/pymes\/aumento-de-ventas-de-pymes-espanolas-esta-navidad\/#primaryimage","url":"https:\/\/www.clubdelemprendimiento.com\/blog\/wp-content\/uploads\/2025\/11\/bella-mujer-con-telefono-movil-durante-las-compras-en-invierno-scaled.jpg","contentUrl":"https:\/\/www.clubdelemprendimiento.com\/blog\/wp-content\/uploads\/2025\/11\/bella-mujer-con-telefono-movil-durante-las-compras-en-invierno-scaled.jpg","width":2560,"height":1709,"caption":"ventas esta navidad"},{"@type":"BreadcrumbList","@id":"https:\/\/www.clubdelemprendimiento.com\/blog\/pymes\/aumento-de-ventas-de-pymes-espanolas-esta-navidad\/#breadcrumb","itemListElement":[{"@type":"ListItem","position":1,"name":"Home","item":"https:\/\/www.clubdelemprendimiento.com\/blog\/"},{"@type":"ListItem","position":2,"name":"El 78% de las pymes espa\u00f1olas espera un aumento de ventas esta Navidad"}]},{"@type":"WebSite","@id":"https:\/\/www.clubdelemprendimiento.com\/blog\/#website","url":"https:\/\/www.clubdelemprendimiento.com\/blog\/","name":"Blog Club del Emprendimiento","description":"","potentialAction":[{"@type":"SearchAction","target":{"@type":"EntryPoint","urlTemplate":"https:\/\/www.clubdelemprendimiento.com\/blog\/?s={search_term_string}"},"query-input":"required name=search_term_string"}],"inLanguage":"es"},{"@type":"Person","@id":"https:\/\/www.clubdelemprendimiento.com\/blog\/#\/schema\/person\/a82ce0fc1281064b1cab4855c351cea7","name":"Nerea Merino","image":{"@type":"ImageObject","inLanguage":"es","@id":"https:\/\/www.clubdelemprendimiento.com\/blog\/#\/schema\/person\/image\/","url":"https:\/\/secure.gravatar.com\/avatar\/3b1c906b7b4a65b22c04d52a020d4815?s=96&d=mm&r=g","contentUrl":"https:\/\/secure.gravatar.com\/avatar\/3b1c906b7b4a65b22c04d52a020d4815?s=96&d=mm&r=g","caption":"Nerea Merino"},"url":"https:\/\/www.clubdelemprendimiento.com\/blog\/author\/nerea\/"}]}},"_links":{"self":[{"href":"https:\/\/www.clubdelemprendimiento.com\/blog\/wp-json\/wp\/v2\/posts\/24112"}],"collection":[{"href":"https:\/\/www.clubdelemprendimiento.com\/blog\/wp-json\/wp\/v2\/posts"}],"about":[{"href":"https:\/\/www.clubdelemprendimiento.com\/blog\/wp-json\/wp\/v2\/types\/post"}],"author":[{"embeddable":true,"href":"https:\/\/www.clubdelemprendimiento.com\/blog\/wp-json\/wp\/v2\/users\/14"}],"replies":[{"embeddable":true,"href":"https:\/\/www.clubdelemprendimiento.com\/blog\/wp-json\/wp\/v2\/comments?post=24112"}],"version-history":[{"count":1,"href":"https:\/\/www.clubdelemprendimiento.com\/blog\/wp-json\/wp\/v2\/posts\/24112\/revisions"}],"predecessor-version":[{"id":24114,"href":"https:\/\/www.clubdelemprendimiento.com\/blog\/wp-json\/wp\/v2\/posts\/24112\/revisions\/24114"}],"wp:featuredmedia":[{"embeddable":true,"href":"https:\/\/www.clubdelemprendimiento.com\/blog\/wp-json\/wp\/v2\/media\/24113"}],"wp:attachment":[{"href":"https:\/\/www.clubdelemprendimiento.com\/blog\/wp-json\/wp\/v2\/media?parent=24112"}],"wp:term":[{"taxonomy":"category","embeddable":true,"href":"https:\/\/www.clubdelemprendimiento.com\/blog\/wp-json\/wp\/v2\/categories?post=24112"},{"taxonomy":"post_tag","embeddable":true,"href":"https:\/\/www.clubdelemprendimiento.com\/blog\/wp-json\/wp\/v2\/tags?post=24112"}],"curies":[{"name":"wp","href":"https:\/\/api.w.org\/{rel}","templated":true}]}}