{"id":22408,"date":"2025-10-23T06:20:02","date_gmt":"2025-10-23T06:20:02","guid":{"rendered":"https:\/\/www.clubdelemprendimiento.com\/blog\/?p=22408"},"modified":"2025-10-09T06:29:46","modified_gmt":"2025-10-09T06:29:46","slug":"autonomos-preocupados-por-la-inestabilidad-politica","status":"publish","type":"post","link":"https:\/\/www.clubdelemprendimiento.com\/blog\/autonomos\/autonomos-preocupados-por-la-inestabilidad-politica\/","title":{"rendered":"El 94% de los aut\u00f3nomos percibe inestabilidad pol\u00edtica y teme por el futuro de sus negocios"},"content":{"rendered":"\n<p>La incertidumbre contin\u00faa marcando el rumbo del trabajo por cuenta propia en Espa\u00f1a. Seg\u00fan el <strong>Bar\u00f3metro del tercer trimestre de 2025<\/strong> elaborado por la <strong>Federaci\u00f3n Nacional de Asociaciones de Trabajadores Aut\u00f3nomos (ATA)<\/strong>, la gran mayor\u00eda del colectivo considera que la inestabilidad pol\u00edtica est\u00e1 afectando directamente a sus negocios y al conjunto de la econom\u00eda. En concreto, el 94,1% de los aut\u00f3nomos asegura que Espa\u00f1a atraviesa un periodo de inestabilidad pol\u00edtica, mientras que nueve de <strong>cada diez<\/strong> afirma que esta situaci\u00f3n repercute negativamente en su actividad econ\u00f3mica.<\/p>\n\n\n\n<h2 class=\"wp-block-heading\"><strong>Inestabilidad pol\u00edtica y p\u00e9rdida de confianza econ\u00f3mica<\/strong><\/h2>\n\n\n\n<p>Aunque los principales indicadores macroecon\u00f3micos no reflejan un deterioro significativo, la percepci\u00f3n de los aut\u00f3nomos es mucho m\u00e1s negativa. La confianza en la econom\u00eda espa\u00f1ola se ha desplomado: el porcentaje de aut\u00f3nomos que considera negativa la situaci\u00f3n ha pasado del 73% en junio al 94% en septiembre de 2025.<\/p>\n\n\n\n<p>Esta percepci\u00f3n de <strong>inestabilidad pol\u00edtica<\/strong> y econ\u00f3mica se traduce en un ambiente de desconfianza que frena la inversi\u00f3n, las contrataciones y la recuperaci\u00f3n del consumo. Muchos aut\u00f3nomos aseguran que la incertidumbre sobre el futuro pol\u00edtico del pa\u00eds les impide planificar a medio plazo.<\/p>\n\n\n\n<h2 class=\"wp-block-heading\"><strong>Facturaci\u00f3n a la baja y costes al alza<\/strong><\/h2>\n\n\n\n<p>El Bar\u00f3metro de ATA muestra que <strong>uno de cada tres aut\u00f3nomos (33%)<\/strong> ha visto disminuir su facturaci\u00f3n con respecto al mismo periodo de 2024, mientras que solo un 24,7% ha experimentado un incremento. Adem\u00e1s, el 38,3% afirma que sus ingresos se han reducido, consolidando una tendencia descendente que ya se percib\u00eda desde el a\u00f1o pasado.<\/p>\n\n\n\n<p>A esto se suma un aumento sostenido de los gastos: el 77,5% de los trabajadores por cuenta propia asegura que sus costes se han incrementado, en muchos casos por encima del 15%. Como consecuencia, <strong>el 65,1%<\/strong> se ha visto obligado a subir los precios de sus productos o servicios durante 2025, y m\u00e1s de la mitad (52,1%) prev\u00e9 nuevas subidas en la recta final del a\u00f1o si la situaci\u00f3n no mejora.<\/p>\n\n\n\n<h2 class=\"wp-block-heading\"><strong>Empleo, financiaci\u00f3n y morosidad, los otros frentes abiertos<\/strong><\/h2>\n\n\n\n<p>El empleo aut\u00f3nomo se mantiene con dificultades. El 64,4% de los aut\u00f3nomos con trabajadores ha logrado conservar su plantilla, pero un 16,6% ha tenido que reducirla y solo un 19% ha podido aumentarla. Aun as\u00ed, un 13,5% conf\u00eda en poder contratar antes de que termine el a\u00f1o.<\/p>\n\n\n\n<p>En materia financiera, el 30,2% ha solicitado alg\u00fan tipo de cr\u00e9dito bancario en 2025, una cifra ligeramente inferior a la del a\u00f1o pasado. Entre quienes no lo han hecho, uno de cada cuatro reconoce que no puede asumir m\u00e1s deuda. La <strong>morosidad<\/strong>, tanto p\u00fablica como privada, afecta ya al <strong>45,3%<\/strong> del colectivo.<\/p>\n\n\n\n<h2 class=\"wp-block-heading\"><strong>La inestabilidad pol\u00edtica, los impuestos y la carga administrativa agravan la situaci\u00f3n<\/strong><\/h2>\n\n\n\n<p>El <strong>pago de impuestos<\/strong> contin\u00faa siendo el principal obst\u00e1culo para el desarrollo de los negocios, afectando de forma significativa al <strong>83,5% de los aut\u00f3nomos<\/strong>. Les siguen la inflaci\u00f3n, las cotizaciones sociales y el coste de los alquileres.<\/p>\n\n\n\n<p>Adem\u00e1s, <strong>nueve de cada diez aut\u00f3nomos (89,7%)<\/strong> considera que las cargas administrativas han aumentado en los \u00faltimos tres a\u00f1os. En cuanto a ayudas europeas, <strong>el 29,3%<\/strong> ha accedido a fondos del programa <strong>Next Generation<\/strong>, siendo el <strong>Kit Digital<\/strong> la m\u00e1s solicitada.<\/p>\n\n\n\n<p>En definitiva, el Bar\u00f3metro de ATA refleja que la inestabilidad pol\u00edtica y econ\u00f3mica contin\u00faa minando la confianza del colectivo aut\u00f3nomo, que afronta el cierre de 2025 con cautela, preocupaci\u00f3n y un creciente sentimiento de desgaste.<\/p>\n","protected":false},"excerpt":{"rendered":"<p>La incertidumbre contin\u00faa marcando el rumbo del trabajo por cuenta propia en Espa\u00f1a. Seg\u00fan&hellip;<\/p>\n","protected":false},"author":14,"featured_media":22409,"comment_status":"open","ping_status":"open","sticky":false,"template":"","format":"standard","meta":{"_acf_changed":false,"footnotes":""},"categories":[255],"tags":[],"acf":[],"yoast_head":"<!-- This site is optimized with the Yoast SEO plugin v22.7 - https:\/\/yoast.com\/wordpress\/plugins\/seo\/ -->\n<title>Aut\u00f3nomos preocupados por la inestabilidad pol\u00edtica<\/title>\n<meta name=\"description\" content=\"El 94% de los aut\u00f3nomos ve la inestabilidad pol\u00edtica como una amenaza para sus negocios y teme un cierre de a\u00f1o complicado.\" \/>\n<meta name=\"robots\" content=\"index, follow, max-snippet:-1, max-image-preview:large, max-video-preview:-1\" \/>\n<link rel=\"canonical\" href=\"https:\/\/www.clubdelemprendimiento.com\/blog\/autonomos\/autonomos-preocupados-por-la-inestabilidad-politica\/\" \/>\n<meta property=\"og:locale\" content=\"es_ES\" \/>\n<meta property=\"og:type\" content=\"article\" \/>\n<meta property=\"og:title\" content=\"Aut\u00f3nomos preocupados por la inestabilidad pol\u00edtica\" \/>\n<meta property=\"og:description\" content=\"El 94% de los aut\u00f3nomos ve la inestabilidad pol\u00edtica como una amenaza para sus negocios y teme un cierre de a\u00f1o complicado.\" \/>\n<meta property=\"og:url\" content=\"https:\/\/www.clubdelemprendimiento.com\/blog\/autonomos\/autonomos-preocupados-por-la-inestabilidad-politica\/\" \/>\n<meta property=\"og:site_name\" content=\"Blog Club del Emprendimiento\" \/>\n<meta property=\"article:published_time\" content=\"2025-10-23T06:20:02+00:00\" \/>\n<meta property=\"article:modified_time\" content=\"2025-10-09T06:29:46+00:00\" \/>\n<meta property=\"og:image\" content=\"https:\/\/www.clubdelemprendimiento.com\/blog\/wp-content\/uploads\/2025\/10\/mujer-relajada-trabajando-desde-casa-en-su-computadora-portatil-scaled.jpg\" \/>\n\t<meta property=\"og:image:width\" content=\"2560\" \/>\n\t<meta property=\"og:image:height\" content=\"1707\" \/>\n\t<meta property=\"og:image:type\" content=\"image\/jpeg\" \/>\n<meta name=\"author\" content=\"Nerea Merino\" \/>\n<meta name=\"twitter:card\" content=\"summary_large_image\" \/>\n<meta name=\"twitter:label1\" content=\"Escrito por\" \/>\n\t<meta name=\"twitter:data1\" content=\"Nerea Merino\" \/>\n\t<meta name=\"twitter:label2\" content=\"Tiempo de lectura\" \/>\n\t<meta name=\"twitter:data2\" content=\"3 minutos\" \/>\n<script type=\"application\/ld+json\" class=\"yoast-schema-graph\">{\"@context\":\"https:\/\/schema.org\",\"@graph\":[{\"@type\":\"WebPage\",\"@id\":\"https:\/\/www.clubdelemprendimiento.com\/blog\/autonomos\/autonomos-preocupados-por-la-inestabilidad-politica\/\",\"url\":\"https:\/\/www.clubdelemprendimiento.com\/blog\/autonomos\/autonomos-preocupados-por-la-inestabilidad-politica\/\",\"name\":\"Aut\u00f3nomos preocupados por la inestabilidad pol\u00edtica\",\"isPartOf\":{\"@id\":\"https:\/\/www.clubdelemprendimiento.com\/blog\/#website\"},\"primaryImageOfPage\":{\"@id\":\"https:\/\/www.clubdelemprendimiento.com\/blog\/autonomos\/autonomos-preocupados-por-la-inestabilidad-politica\/#primaryimage\"},\"image\":{\"@id\":\"https:\/\/www.clubdelemprendimiento.com\/blog\/autonomos\/autonomos-preocupados-por-la-inestabilidad-politica\/#primaryimage\"},\"thumbnailUrl\":\"https:\/\/www.clubdelemprendimiento.com\/blog\/wp-content\/uploads\/2025\/10\/mujer-relajada-trabajando-desde-casa-en-su-computadora-portatil-scaled.jpg\",\"datePublished\":\"2025-10-23T06:20:02+00:00\",\"dateModified\":\"2025-10-09T06:29:46+00:00\",\"author\":{\"@id\":\"https:\/\/www.clubdelemprendimiento.com\/blog\/#\/schema\/person\/a82ce0fc1281064b1cab4855c351cea7\"},\"description\":\"El 94% de los aut\u00f3nomos ve la inestabilidad pol\u00edtica como una amenaza para sus negocios y teme un cierre de a\u00f1o complicado.\",\"breadcrumb\":{\"@id\":\"https:\/\/www.clubdelemprendimiento.com\/blog\/autonomos\/autonomos-preocupados-por-la-inestabilidad-politica\/#breadcrumb\"},\"inLanguage\":\"es\",\"potentialAction\":[{\"@type\":\"ReadAction\",\"target\":[\"https:\/\/www.clubdelemprendimiento.com\/blog\/autonomos\/autonomos-preocupados-por-la-inestabilidad-politica\/\"]}]},{\"@type\":\"ImageObject\",\"inLanguage\":\"es\",\"@id\":\"https:\/\/www.clubdelemprendimiento.com\/blog\/autonomos\/autonomos-preocupados-por-la-inestabilidad-politica\/#primaryimage\",\"url\":\"https:\/\/www.clubdelemprendimiento.com\/blog\/wp-content\/uploads\/2025\/10\/mujer-relajada-trabajando-desde-casa-en-su-computadora-portatil-scaled.jpg\",\"contentUrl\":\"https:\/\/www.clubdelemprendimiento.com\/blog\/wp-content\/uploads\/2025\/10\/mujer-relajada-trabajando-desde-casa-en-su-computadora-portatil-scaled.jpg\",\"width\":2560,\"height\":1707,\"caption\":\"inestabilidad pol\u00edtica\"},{\"@type\":\"BreadcrumbList\",\"@id\":\"https:\/\/www.clubdelemprendimiento.com\/blog\/autonomos\/autonomos-preocupados-por-la-inestabilidad-politica\/#breadcrumb\",\"itemListElement\":[{\"@type\":\"ListItem\",\"position\":1,\"name\":\"Home\",\"item\":\"https:\/\/www.clubdelemprendimiento.com\/blog\/\"},{\"@type\":\"ListItem\",\"position\":2,\"name\":\"El 94% de los aut\u00f3nomos percibe inestabilidad pol\u00edtica y teme por el futuro de sus negocios\"}]},{\"@type\":\"WebSite\",\"@id\":\"https:\/\/www.clubdelemprendimiento.com\/blog\/#website\",\"url\":\"https:\/\/www.clubdelemprendimiento.com\/blog\/\",\"name\":\"Blog Club del Emprendimiento\",\"description\":\"\",\"potentialAction\":[{\"@type\":\"SearchAction\",\"target\":{\"@type\":\"EntryPoint\",\"urlTemplate\":\"https:\/\/www.clubdelemprendimiento.com\/blog\/?s={search_term_string}\"},\"query-input\":\"required name=search_term_string\"}],\"inLanguage\":\"es\"},{\"@type\":\"Person\",\"@id\":\"https:\/\/www.clubdelemprendimiento.com\/blog\/#\/schema\/person\/a82ce0fc1281064b1cab4855c351cea7\",\"name\":\"Nerea Merino\",\"image\":{\"@type\":\"ImageObject\",\"inLanguage\":\"es\",\"@id\":\"https:\/\/www.clubdelemprendimiento.com\/blog\/#\/schema\/person\/image\/\",\"url\":\"https:\/\/secure.gravatar.com\/avatar\/3b1c906b7b4a65b22c04d52a020d4815?s=96&d=mm&r=g\",\"contentUrl\":\"https:\/\/secure.gravatar.com\/avatar\/3b1c906b7b4a65b22c04d52a020d4815?s=96&d=mm&r=g\",\"caption\":\"Nerea Merino\"},\"url\":\"https:\/\/www.clubdelemprendimiento.com\/blog\/author\/nerea\/\"}]}<\/script>\n<!-- \/ Yoast SEO plugin. -->","yoast_head_json":{"title":"Aut\u00f3nomos preocupados por la inestabilidad pol\u00edtica","description":"El 94% de los aut\u00f3nomos ve la inestabilidad pol\u00edtica como una amenaza para sus negocios y teme un cierre de a\u00f1o complicado.","robots":{"index":"index","follow":"follow","max-snippet":"max-snippet:-1","max-image-preview":"max-image-preview:large","max-video-preview":"max-video-preview:-1"},"canonical":"https:\/\/www.clubdelemprendimiento.com\/blog\/autonomos\/autonomos-preocupados-por-la-inestabilidad-politica\/","og_locale":"es_ES","og_type":"article","og_title":"Aut\u00f3nomos preocupados por la inestabilidad pol\u00edtica","og_description":"El 94% de los aut\u00f3nomos ve la inestabilidad pol\u00edtica como una amenaza para sus negocios y teme un cierre de a\u00f1o complicado.","og_url":"https:\/\/www.clubdelemprendimiento.com\/blog\/autonomos\/autonomos-preocupados-por-la-inestabilidad-politica\/","og_site_name":"Blog Club del Emprendimiento","article_published_time":"2025-10-23T06:20:02+00:00","article_modified_time":"2025-10-09T06:29:46+00:00","og_image":[{"width":2560,"height":1707,"url":"https:\/\/www.clubdelemprendimiento.com\/blog\/wp-content\/uploads\/2025\/10\/mujer-relajada-trabajando-desde-casa-en-su-computadora-portatil-scaled.jpg","type":"image\/jpeg"}],"author":"Nerea Merino","twitter_card":"summary_large_image","twitter_misc":{"Escrito por":"Nerea Merino","Tiempo de lectura":"3 minutos"},"schema":{"@context":"https:\/\/schema.org","@graph":[{"@type":"WebPage","@id":"https:\/\/www.clubdelemprendimiento.com\/blog\/autonomos\/autonomos-preocupados-por-la-inestabilidad-politica\/","url":"https:\/\/www.clubdelemprendimiento.com\/blog\/autonomos\/autonomos-preocupados-por-la-inestabilidad-politica\/","name":"Aut\u00f3nomos preocupados por la inestabilidad pol\u00edtica","isPartOf":{"@id":"https:\/\/www.clubdelemprendimiento.com\/blog\/#website"},"primaryImageOfPage":{"@id":"https:\/\/www.clubdelemprendimiento.com\/blog\/autonomos\/autonomos-preocupados-por-la-inestabilidad-politica\/#primaryimage"},"image":{"@id":"https:\/\/www.clubdelemprendimiento.com\/blog\/autonomos\/autonomos-preocupados-por-la-inestabilidad-politica\/#primaryimage"},"thumbnailUrl":"https:\/\/www.clubdelemprendimiento.com\/blog\/wp-content\/uploads\/2025\/10\/mujer-relajada-trabajando-desde-casa-en-su-computadora-portatil-scaled.jpg","datePublished":"2025-10-23T06:20:02+00:00","dateModified":"2025-10-09T06:29:46+00:00","author":{"@id":"https:\/\/www.clubdelemprendimiento.com\/blog\/#\/schema\/person\/a82ce0fc1281064b1cab4855c351cea7"},"description":"El 94% de los aut\u00f3nomos ve la inestabilidad pol\u00edtica como una amenaza para sus negocios y teme un cierre de a\u00f1o complicado.","breadcrumb":{"@id":"https:\/\/www.clubdelemprendimiento.com\/blog\/autonomos\/autonomos-preocupados-por-la-inestabilidad-politica\/#breadcrumb"},"inLanguage":"es","potentialAction":[{"@type":"ReadAction","target":["https:\/\/www.clubdelemprendimiento.com\/blog\/autonomos\/autonomos-preocupados-por-la-inestabilidad-politica\/"]}]},{"@type":"ImageObject","inLanguage":"es","@id":"https:\/\/www.clubdelemprendimiento.com\/blog\/autonomos\/autonomos-preocupados-por-la-inestabilidad-politica\/#primaryimage","url":"https:\/\/www.clubdelemprendimiento.com\/blog\/wp-content\/uploads\/2025\/10\/mujer-relajada-trabajando-desde-casa-en-su-computadora-portatil-scaled.jpg","contentUrl":"https:\/\/www.clubdelemprendimiento.com\/blog\/wp-content\/uploads\/2025\/10\/mujer-relajada-trabajando-desde-casa-en-su-computadora-portatil-scaled.jpg","width":2560,"height":1707,"caption":"inestabilidad pol\u00edtica"},{"@type":"BreadcrumbList","@id":"https:\/\/www.clubdelemprendimiento.com\/blog\/autonomos\/autonomos-preocupados-por-la-inestabilidad-politica\/#breadcrumb","itemListElement":[{"@type":"ListItem","position":1,"name":"Home","item":"https:\/\/www.clubdelemprendimiento.com\/blog\/"},{"@type":"ListItem","position":2,"name":"El 94% de los aut\u00f3nomos percibe inestabilidad pol\u00edtica y teme por el futuro de sus negocios"}]},{"@type":"WebSite","@id":"https:\/\/www.clubdelemprendimiento.com\/blog\/#website","url":"https:\/\/www.clubdelemprendimiento.com\/blog\/","name":"Blog Club del Emprendimiento","description":"","potentialAction":[{"@type":"SearchAction","target":{"@type":"EntryPoint","urlTemplate":"https:\/\/www.clubdelemprendimiento.com\/blog\/?s={search_term_string}"},"query-input":"required name=search_term_string"}],"inLanguage":"es"},{"@type":"Person","@id":"https:\/\/www.clubdelemprendimiento.com\/blog\/#\/schema\/person\/a82ce0fc1281064b1cab4855c351cea7","name":"Nerea Merino","image":{"@type":"ImageObject","inLanguage":"es","@id":"https:\/\/www.clubdelemprendimiento.com\/blog\/#\/schema\/person\/image\/","url":"https:\/\/secure.gravatar.com\/avatar\/3b1c906b7b4a65b22c04d52a020d4815?s=96&d=mm&r=g","contentUrl":"https:\/\/secure.gravatar.com\/avatar\/3b1c906b7b4a65b22c04d52a020d4815?s=96&d=mm&r=g","caption":"Nerea Merino"},"url":"https:\/\/www.clubdelemprendimiento.com\/blog\/author\/nerea\/"}]}},"_links":{"self":[{"href":"https:\/\/www.clubdelemprendimiento.com\/blog\/wp-json\/wp\/v2\/posts\/22408"}],"collection":[{"href":"https:\/\/www.clubdelemprendimiento.com\/blog\/wp-json\/wp\/v2\/posts"}],"about":[{"href":"https:\/\/www.clubdelemprendimiento.com\/blog\/wp-json\/wp\/v2\/types\/post"}],"author":[{"embeddable":true,"href":"https:\/\/www.clubdelemprendimiento.com\/blog\/wp-json\/wp\/v2\/users\/14"}],"replies":[{"embeddable":true,"href":"https:\/\/www.clubdelemprendimiento.com\/blog\/wp-json\/wp\/v2\/comments?post=22408"}],"version-history":[{"count":1,"href":"https:\/\/www.clubdelemprendimiento.com\/blog\/wp-json\/wp\/v2\/posts\/22408\/revisions"}],"predecessor-version":[{"id":22410,"href":"https:\/\/www.clubdelemprendimiento.com\/blog\/wp-json\/wp\/v2\/posts\/22408\/revisions\/22410"}],"wp:featuredmedia":[{"embeddable":true,"href":"https:\/\/www.clubdelemprendimiento.com\/blog\/wp-json\/wp\/v2\/media\/22409"}],"wp:attachment":[{"href":"https:\/\/www.clubdelemprendimiento.com\/blog\/wp-json\/wp\/v2\/media?parent=22408"}],"wp:term":[{"taxonomy":"category","embeddable":true,"href":"https:\/\/www.clubdelemprendimiento.com\/blog\/wp-json\/wp\/v2\/categories?post=22408"},{"taxonomy":"post_tag","embeddable":true,"href":"https:\/\/www.clubdelemprendimiento.com\/blog\/wp-json\/wp\/v2\/tags?post=22408"}],"curies":[{"name":"wp","href":"https:\/\/api.w.org\/{rel}","templated":true}]}}