{"id":21127,"date":"2025-09-12T06:43:57","date_gmt":"2025-09-12T06:43:57","guid":{"rendered":"https:\/\/www.clubdelemprendimiento.com\/blog\/?p=21127"},"modified":"2025-09-22T06:32:22","modified_gmt":"2025-09-22T06:32:22","slug":"agosto-2025-destruccion-de-empleo-record","status":"publish","type":"post","link":"https:\/\/www.clubdelemprendimiento.com\/blog\/pymes\/agosto-2025-destruccion-de-empleo-record\/","title":{"rendered":"Espa\u00f1a sufre la mayor destrucci\u00f3n de empleo en un agosto de los \u00faltimos seis a\u00f1os"},"content":{"rendered":"\n<p>El mercado laboral espa\u00f1ol cerr\u00f3 agosto con un <strong>fuerte retroceso tanto en empleo como en afiliaci\u00f3n de aut\u00f3nomos<\/strong>, confirmando as\u00ed el car\u00e1cter estacional negativo del mes, aunque con una intensidad mayor que en ejercicios anteriores. Seg\u00fan los \u00faltimos datos de la Seguridad Social, hubo una notable <strong>destrucci\u00f3n de empleo.<\/strong> El pa\u00eds perdi\u00f3 199.300 afiliados, lo que equivale a 6.429 puestos de trabajo menos cada d\u00eda. Se trata del peor agosto desde 2019.<\/p>\n\n\n\n<p>En paralelo, el R\u00e9gimen Especial de Trabajadores Aut\u00f3nomos (RETA) tambi\u00e9n experiment\u00f3 un descenso significativo. <strong>El n\u00famero de profesionales por cuenta propia cay\u00f3 en 10.135 personas respecto a julio<\/strong>, lo que supone una media de 279 aut\u00f3nomos menos diarios. El colectivo pas\u00f3 de 3.381.485 afiliados en julio a 3.371.350 en agosto. Este retroceso supera al registrado el mes anterior, cuando se perdieron 7.286 aut\u00f3nomos.<\/p>\n\n\n\n<p><strong>El desempleo, por su parte, aument\u00f3 en 21.905 personas, elevando la cifra total de parados a 2.426.511.<\/strong> El presidente de la Federaci\u00f3n Nacional de Asociaciones de Trabajadores Aut\u00f3nomos (ATA), Lorenzo Amor, calific\u00f3 estos datos de \u201cpreocupantes\u201d y advirti\u00f3 de la fragilidad del tejido empresarial: \u201cLlevamos seis a\u00f1os sin alcanzar los 1,5 millones de empresas cotizantes que ten\u00edamos en 2019. Hoy contamos con 53.000 menos\u201d, se\u00f1al\u00f3.<\/p>\n\n\n\n<h2 class=\"wp-block-heading\"><strong>Un agosto marcado por la destrucci\u00f3n de empleo<\/strong><\/h2>\n\n\n\n<p><strong>Todas las comunidades aut\u00f3nomas registraron ca\u00eddas en el n\u00famero de aut\u00f3nomos.<\/strong> Madrid (-2.170), Catalu\u00f1a (-1.572) y Andaluc\u00eda (-1.346) lideraron la p\u00e9rdida en cifras absolutas, mientras que en t\u00e9rminos relativos destacaron Madrid y Extremadura, ambas con un descenso del 0,5%. Murcia, con un -0,4%, tambi\u00e9n mostr\u00f3 una evoluci\u00f3n negativa.<\/p>\n\n\n\n<p>El fen\u00f3meno no se limita a los aut\u00f3nomos. La destrucci\u00f3n de empleo afect\u00f3 de forma generalizada al conjunto del mercado laboral, evidenciando la debilidad estructural del verano espa\u00f1ol, donde el fin de la temporada tur\u00edstica suele traducirse en miles de bajas en la Seguridad Social.<\/p>\n\n\n\n<p>Amor subray\u00f3 que la presi\u00f3n regulatoria est\u00e1 lastrando a un colectivo que hist\u00f3ricamente ha sido motor de empleo. En particular, critic\u00f3 las iniciativas del Gobierno como la reducci\u00f3n de jornada o el registro horario que , a su juicio,  suponen un obst\u00e1culo a\u00f1adido para mantener a flote peque\u00f1as empresas y empleos dependientes de los aut\u00f3nomos.<\/p>\n\n\n\n<p>No obstante, en la comparaci\u00f3n interanual, <strong>la afiliaci\u00f3n aut\u00f3noma mantiene un ligero saldo positivo<\/strong>. En el \u00faltimo a\u00f1o se han sumado 34.361 trabajadores por cuenta propia, gracias sobre todo a nueve comunidades que han mostrado capacidad de generar empleo aut\u00f3nomo.<\/p>\n\n\n\n<p>El balance confirma que, aunque la tendencia anual ofrece un respiro, la coyuntura a corto plazo plantea serios desaf\u00edos para un mercado laboral que sigue mostrando una elevada vulnerabilidad en los meses de verano.<\/p>\n","protected":false},"excerpt":{"rendered":"<p>El mercado laboral espa\u00f1ol cerr\u00f3 agosto con un fuerte retroceso tanto en empleo como&hellip;<\/p>\n","protected":false},"author":14,"featured_media":21712,"comment_status":"open","ping_status":"open","sticky":false,"template":"","format":"standard","meta":{"_acf_changed":false,"footnotes":""},"categories":[256],"tags":[],"acf":[],"yoast_head":"<!-- This site is optimized with the Yoast SEO plugin v22.7 - https:\/\/yoast.com\/wordpress\/plugins\/seo\/ -->\n<title>Agosto 2025: destrucci\u00f3n de empleo r\u00e9cord<\/title>\n<meta name=\"description\" content=\"Espa\u00f1a registra en agosto 2025 la mayor destrucci\u00f3n de empleo en seis a\u00f1os: 199.300 afiliados menos y 10.135 aut\u00f3nomos menos.\" \/>\n<meta name=\"robots\" content=\"index, follow, max-snippet:-1, max-image-preview:large, max-video-preview:-1\" \/>\n<link rel=\"canonical\" href=\"https:\/\/www.clubdelemprendimiento.com\/blog\/pymes\/agosto-2025-destruccion-de-empleo-record\/\" \/>\n<meta property=\"og:locale\" content=\"es_ES\" \/>\n<meta property=\"og:type\" content=\"article\" \/>\n<meta property=\"og:title\" content=\"Agosto 2025: destrucci\u00f3n de empleo r\u00e9cord\" \/>\n<meta property=\"og:description\" content=\"Espa\u00f1a registra en agosto 2025 la mayor destrucci\u00f3n de empleo en seis a\u00f1os: 199.300 afiliados menos y 10.135 aut\u00f3nomos menos.\" \/>\n<meta property=\"og:url\" content=\"https:\/\/www.clubdelemprendimiento.com\/blog\/pymes\/agosto-2025-destruccion-de-empleo-record\/\" \/>\n<meta property=\"og:site_name\" content=\"Blog Club del Emprendimiento\" \/>\n<meta property=\"article:published_time\" content=\"2025-09-12T06:43:57+00:00\" \/>\n<meta property=\"article:modified_time\" content=\"2025-09-22T06:32:22+00:00\" \/>\n<meta property=\"og:image\" content=\"https:\/\/www.clubdelemprendimiento.com\/blog\/wp-content\/uploads\/2025\/09\/joven-empresario-angustiado-sentado-en-la-oficina-y-pensando-despues-de-ser-despedido-de-su-trabajo-scaled.jpg\" \/>\n\t<meta property=\"og:image:width\" content=\"2560\" \/>\n\t<meta property=\"og:image:height\" content=\"1707\" \/>\n\t<meta property=\"og:image:type\" content=\"image\/jpeg\" \/>\n<meta name=\"author\" content=\"Nerea Merino\" \/>\n<meta name=\"twitter:card\" content=\"summary_large_image\" \/>\n<meta name=\"twitter:label1\" content=\"Escrito por\" \/>\n\t<meta name=\"twitter:data1\" content=\"Nerea Merino\" \/>\n\t<meta name=\"twitter:label2\" content=\"Tiempo de lectura\" \/>\n\t<meta name=\"twitter:data2\" content=\"3 minutos\" \/>\n<script type=\"application\/ld+json\" class=\"yoast-schema-graph\">{\"@context\":\"https:\/\/schema.org\",\"@graph\":[{\"@type\":\"WebPage\",\"@id\":\"https:\/\/www.clubdelemprendimiento.com\/blog\/pymes\/agosto-2025-destruccion-de-empleo-record\/\",\"url\":\"https:\/\/www.clubdelemprendimiento.com\/blog\/pymes\/agosto-2025-destruccion-de-empleo-record\/\",\"name\":\"Agosto 2025: destrucci\u00f3n de empleo r\u00e9cord\",\"isPartOf\":{\"@id\":\"https:\/\/www.clubdelemprendimiento.com\/blog\/#website\"},\"primaryImageOfPage\":{\"@id\":\"https:\/\/www.clubdelemprendimiento.com\/blog\/pymes\/agosto-2025-destruccion-de-empleo-record\/#primaryimage\"},\"image\":{\"@id\":\"https:\/\/www.clubdelemprendimiento.com\/blog\/pymes\/agosto-2025-destruccion-de-empleo-record\/#primaryimage\"},\"thumbnailUrl\":\"https:\/\/www.clubdelemprendimiento.com\/blog\/wp-content\/uploads\/2025\/09\/joven-empresario-angustiado-sentado-en-la-oficina-y-pensando-despues-de-ser-despedido-de-su-trabajo-scaled.jpg\",\"datePublished\":\"2025-09-12T06:43:57+00:00\",\"dateModified\":\"2025-09-22T06:32:22+00:00\",\"author\":{\"@id\":\"https:\/\/www.clubdelemprendimiento.com\/blog\/#\/schema\/person\/a82ce0fc1281064b1cab4855c351cea7\"},\"description\":\"Espa\u00f1a registra en agosto 2025 la mayor destrucci\u00f3n de empleo en seis a\u00f1os: 199.300 afiliados menos y 10.135 aut\u00f3nomos menos.\",\"breadcrumb\":{\"@id\":\"https:\/\/www.clubdelemprendimiento.com\/blog\/pymes\/agosto-2025-destruccion-de-empleo-record\/#breadcrumb\"},\"inLanguage\":\"es\",\"potentialAction\":[{\"@type\":\"ReadAction\",\"target\":[\"https:\/\/www.clubdelemprendimiento.com\/blog\/pymes\/agosto-2025-destruccion-de-empleo-record\/\"]}]},{\"@type\":\"ImageObject\",\"inLanguage\":\"es\",\"@id\":\"https:\/\/www.clubdelemprendimiento.com\/blog\/pymes\/agosto-2025-destruccion-de-empleo-record\/#primaryimage\",\"url\":\"https:\/\/www.clubdelemprendimiento.com\/blog\/wp-content\/uploads\/2025\/09\/joven-empresario-angustiado-sentado-en-la-oficina-y-pensando-despues-de-ser-despedido-de-su-trabajo-scaled.jpg\",\"contentUrl\":\"https:\/\/www.clubdelemprendimiento.com\/blog\/wp-content\/uploads\/2025\/09\/joven-empresario-angustiado-sentado-en-la-oficina-y-pensando-despues-de-ser-despedido-de-su-trabajo-scaled.jpg\",\"width\":2560,\"height\":1707},{\"@type\":\"BreadcrumbList\",\"@id\":\"https:\/\/www.clubdelemprendimiento.com\/blog\/pymes\/agosto-2025-destruccion-de-empleo-record\/#breadcrumb\",\"itemListElement\":[{\"@type\":\"ListItem\",\"position\":1,\"name\":\"Home\",\"item\":\"https:\/\/www.clubdelemprendimiento.com\/blog\/\"},{\"@type\":\"ListItem\",\"position\":2,\"name\":\"Espa\u00f1a sufre la mayor destrucci\u00f3n de empleo en un agosto de los \u00faltimos seis a\u00f1os\"}]},{\"@type\":\"WebSite\",\"@id\":\"https:\/\/www.clubdelemprendimiento.com\/blog\/#website\",\"url\":\"https:\/\/www.clubdelemprendimiento.com\/blog\/\",\"name\":\"Blog Club del Emprendimiento\",\"description\":\"\",\"potentialAction\":[{\"@type\":\"SearchAction\",\"target\":{\"@type\":\"EntryPoint\",\"urlTemplate\":\"https:\/\/www.clubdelemprendimiento.com\/blog\/?s={search_term_string}\"},\"query-input\":\"required name=search_term_string\"}],\"inLanguage\":\"es\"},{\"@type\":\"Person\",\"@id\":\"https:\/\/www.clubdelemprendimiento.com\/blog\/#\/schema\/person\/a82ce0fc1281064b1cab4855c351cea7\",\"name\":\"Nerea Merino\",\"image\":{\"@type\":\"ImageObject\",\"inLanguage\":\"es\",\"@id\":\"https:\/\/www.clubdelemprendimiento.com\/blog\/#\/schema\/person\/image\/\",\"url\":\"https:\/\/secure.gravatar.com\/avatar\/3b1c906b7b4a65b22c04d52a020d4815?s=96&d=mm&r=g\",\"contentUrl\":\"https:\/\/secure.gravatar.com\/avatar\/3b1c906b7b4a65b22c04d52a020d4815?s=96&d=mm&r=g\",\"caption\":\"Nerea Merino\"},\"url\":\"https:\/\/www.clubdelemprendimiento.com\/blog\/author\/nerea\/\"}]}<\/script>\n<!-- \/ Yoast SEO plugin. -->","yoast_head_json":{"title":"Agosto 2025: destrucci\u00f3n de empleo r\u00e9cord","description":"Espa\u00f1a registra en agosto 2025 la mayor destrucci\u00f3n de empleo en seis a\u00f1os: 199.300 afiliados menos y 10.135 aut\u00f3nomos menos.","robots":{"index":"index","follow":"follow","max-snippet":"max-snippet:-1","max-image-preview":"max-image-preview:large","max-video-preview":"max-video-preview:-1"},"canonical":"https:\/\/www.clubdelemprendimiento.com\/blog\/pymes\/agosto-2025-destruccion-de-empleo-record\/","og_locale":"es_ES","og_type":"article","og_title":"Agosto 2025: destrucci\u00f3n de empleo r\u00e9cord","og_description":"Espa\u00f1a registra en agosto 2025 la mayor destrucci\u00f3n de empleo en seis a\u00f1os: 199.300 afiliados menos y 10.135 aut\u00f3nomos menos.","og_url":"https:\/\/www.clubdelemprendimiento.com\/blog\/pymes\/agosto-2025-destruccion-de-empleo-record\/","og_site_name":"Blog Club del Emprendimiento","article_published_time":"2025-09-12T06:43:57+00:00","article_modified_time":"2025-09-22T06:32:22+00:00","og_image":[{"width":2560,"height":1707,"url":"https:\/\/www.clubdelemprendimiento.com\/blog\/wp-content\/uploads\/2025\/09\/joven-empresario-angustiado-sentado-en-la-oficina-y-pensando-despues-de-ser-despedido-de-su-trabajo-scaled.jpg","type":"image\/jpeg"}],"author":"Nerea Merino","twitter_card":"summary_large_image","twitter_misc":{"Escrito por":"Nerea Merino","Tiempo de lectura":"3 minutos"},"schema":{"@context":"https:\/\/schema.org","@graph":[{"@type":"WebPage","@id":"https:\/\/www.clubdelemprendimiento.com\/blog\/pymes\/agosto-2025-destruccion-de-empleo-record\/","url":"https:\/\/www.clubdelemprendimiento.com\/blog\/pymes\/agosto-2025-destruccion-de-empleo-record\/","name":"Agosto 2025: destrucci\u00f3n de empleo r\u00e9cord","isPartOf":{"@id":"https:\/\/www.clubdelemprendimiento.com\/blog\/#website"},"primaryImageOfPage":{"@id":"https:\/\/www.clubdelemprendimiento.com\/blog\/pymes\/agosto-2025-destruccion-de-empleo-record\/#primaryimage"},"image":{"@id":"https:\/\/www.clubdelemprendimiento.com\/blog\/pymes\/agosto-2025-destruccion-de-empleo-record\/#primaryimage"},"thumbnailUrl":"https:\/\/www.clubdelemprendimiento.com\/blog\/wp-content\/uploads\/2025\/09\/joven-empresario-angustiado-sentado-en-la-oficina-y-pensando-despues-de-ser-despedido-de-su-trabajo-scaled.jpg","datePublished":"2025-09-12T06:43:57+00:00","dateModified":"2025-09-22T06:32:22+00:00","author":{"@id":"https:\/\/www.clubdelemprendimiento.com\/blog\/#\/schema\/person\/a82ce0fc1281064b1cab4855c351cea7"},"description":"Espa\u00f1a registra en agosto 2025 la mayor destrucci\u00f3n de empleo en seis a\u00f1os: 199.300 afiliados menos y 10.135 aut\u00f3nomos menos.","breadcrumb":{"@id":"https:\/\/www.clubdelemprendimiento.com\/blog\/pymes\/agosto-2025-destruccion-de-empleo-record\/#breadcrumb"},"inLanguage":"es","potentialAction":[{"@type":"ReadAction","target":["https:\/\/www.clubdelemprendimiento.com\/blog\/pymes\/agosto-2025-destruccion-de-empleo-record\/"]}]},{"@type":"ImageObject","inLanguage":"es","@id":"https:\/\/www.clubdelemprendimiento.com\/blog\/pymes\/agosto-2025-destruccion-de-empleo-record\/#primaryimage","url":"https:\/\/www.clubdelemprendimiento.com\/blog\/wp-content\/uploads\/2025\/09\/joven-empresario-angustiado-sentado-en-la-oficina-y-pensando-despues-de-ser-despedido-de-su-trabajo-scaled.jpg","contentUrl":"https:\/\/www.clubdelemprendimiento.com\/blog\/wp-content\/uploads\/2025\/09\/joven-empresario-angustiado-sentado-en-la-oficina-y-pensando-despues-de-ser-despedido-de-su-trabajo-scaled.jpg","width":2560,"height":1707},{"@type":"BreadcrumbList","@id":"https:\/\/www.clubdelemprendimiento.com\/blog\/pymes\/agosto-2025-destruccion-de-empleo-record\/#breadcrumb","itemListElement":[{"@type":"ListItem","position":1,"name":"Home","item":"https:\/\/www.clubdelemprendimiento.com\/blog\/"},{"@type":"ListItem","position":2,"name":"Espa\u00f1a sufre la mayor destrucci\u00f3n de empleo en un agosto de los \u00faltimos seis a\u00f1os"}]},{"@type":"WebSite","@id":"https:\/\/www.clubdelemprendimiento.com\/blog\/#website","url":"https:\/\/www.clubdelemprendimiento.com\/blog\/","name":"Blog Club del Emprendimiento","description":"","potentialAction":[{"@type":"SearchAction","target":{"@type":"EntryPoint","urlTemplate":"https:\/\/www.clubdelemprendimiento.com\/blog\/?s={search_term_string}"},"query-input":"required name=search_term_string"}],"inLanguage":"es"},{"@type":"Person","@id":"https:\/\/www.clubdelemprendimiento.com\/blog\/#\/schema\/person\/a82ce0fc1281064b1cab4855c351cea7","name":"Nerea Merino","image":{"@type":"ImageObject","inLanguage":"es","@id":"https:\/\/www.clubdelemprendimiento.com\/blog\/#\/schema\/person\/image\/","url":"https:\/\/secure.gravatar.com\/avatar\/3b1c906b7b4a65b22c04d52a020d4815?s=96&d=mm&r=g","contentUrl":"https:\/\/secure.gravatar.com\/avatar\/3b1c906b7b4a65b22c04d52a020d4815?s=96&d=mm&r=g","caption":"Nerea Merino"},"url":"https:\/\/www.clubdelemprendimiento.com\/blog\/author\/nerea\/"}]}},"_links":{"self":[{"href":"https:\/\/www.clubdelemprendimiento.com\/blog\/wp-json\/wp\/v2\/posts\/21127"}],"collection":[{"href":"https:\/\/www.clubdelemprendimiento.com\/blog\/wp-json\/wp\/v2\/posts"}],"about":[{"href":"https:\/\/www.clubdelemprendimiento.com\/blog\/wp-json\/wp\/v2\/types\/post"}],"author":[{"embeddable":true,"href":"https:\/\/www.clubdelemprendimiento.com\/blog\/wp-json\/wp\/v2\/users\/14"}],"replies":[{"embeddable":true,"href":"https:\/\/www.clubdelemprendimiento.com\/blog\/wp-json\/wp\/v2\/comments?post=21127"}],"version-history":[{"count":1,"href":"https:\/\/www.clubdelemprendimiento.com\/blog\/wp-json\/wp\/v2\/posts\/21127\/revisions"}],"predecessor-version":[{"id":21128,"href":"https:\/\/www.clubdelemprendimiento.com\/blog\/wp-json\/wp\/v2\/posts\/21127\/revisions\/21128"}],"wp:featuredmedia":[{"embeddable":true,"href":"https:\/\/www.clubdelemprendimiento.com\/blog\/wp-json\/wp\/v2\/media\/21712"}],"wp:attachment":[{"href":"https:\/\/www.clubdelemprendimiento.com\/blog\/wp-json\/wp\/v2\/media?parent=21127"}],"wp:term":[{"taxonomy":"category","embeddable":true,"href":"https:\/\/www.clubdelemprendimiento.com\/blog\/wp-json\/wp\/v2\/categories?post=21127"},{"taxonomy":"post_tag","embeddable":true,"href":"https:\/\/www.clubdelemprendimiento.com\/blog\/wp-json\/wp\/v2\/tags?post=21127"}],"curies":[{"name":"wp","href":"https:\/\/api.w.org\/{rel}","templated":true}]}}