{"id":21039,"date":"2025-09-05T07:24:59","date_gmt":"2025-09-05T07:24:59","guid":{"rendered":"https:\/\/www.clubdelemprendimiento.com\/blog\/?p=21039"},"modified":"2025-08-29T07:34:43","modified_gmt":"2025-08-29T07:34:43","slug":"crece-la-jubilacion-de-autonomos-un-15-en-2025","status":"publish","type":"post","link":"https:\/\/www.clubdelemprendimiento.com\/blog\/autonomos\/crece-la-jubilacion-de-autonomos-un-15-en-2025\/","title":{"rendered":"Crece la jubilaci\u00f3n entre aut\u00f3nomos: UPTA prev\u00e9 un aumento del 15% en 2025"},"content":{"rendered":"\n<p>La Uni\u00f3n de Profesionales y Trabajadores Aut\u00f3nomos (UPTA) estima que el a\u00f1o 2025 cerrar\u00e1 con un <strong>15% m\u00e1s de jubilaciones de aut\u00f3nomos<\/strong> en comparaci\u00f3n con 2024, lo que refleja una tendencia creciente que preocupa tanto al colectivo como al propio sistema de la Seguridad Social.<\/p>\n\n\n\n<p>Seg\u00fan los \u00faltimos datos del <a href=\"https:\/\/www.inclusion.gob.es\/ca\/\" target=\"_blank\" rel=\"noreferrer noopener\">Ministerio de Inclusi\u00f3n, Seguridad Social y Migraciones<\/a>, en julio de este a\u00f1o se contabilizan <strong>m\u00e1s de 1,34 millones de aut\u00f3nomos pensionistas<\/strong>, con una pensi\u00f3n media de 1.009,61 euros mensuales. Esta cifra supone un incremento del 4,64% respecto a la media de 2024, que se situaba en 962,78 euros.<\/p>\n\n\n\n<h2 class=\"wp-block-heading\">Crece la jubilaci\u00f3n en el RETA a un ritmo acelerado<\/h2>\n\n\n\n<p>El ritmo de nuevas jubilaciones refuerza estas previsiones. En 2024, <strong>m\u00e1s de 60.000 aut\u00f3nomos se retiraron<\/strong>, de los cuales casi 23.000 lo hicieron en los primeros cinco meses. En cambio, entre enero y mayo de 2025, se han registrado <strong>26.526 altas iniciales de pensi\u00f3n de jubilaci\u00f3n en el RETA<\/strong>. Esto supone un aumento superior al 13% en comparaci\u00f3n con el mismo periodo del a\u00f1o anterior. Adem\u00e1s, quienes accedieron a la jubilaci\u00f3n a comienzos de 2025 percibieron una pensi\u00f3n media m\u00e1s elevada, de 1.155 euros al mes.<\/p>\n\n\n\n<p>Para UPTA, este crecimiento evidencia dos fen\u00f3menos paralelos. Por un lado, el <strong>envejecimiento de la poblaci\u00f3n activa en el R\u00e9gimen Especial de Trabajadores Aut\u00f3nomos (RETA)<\/strong> y por otro, la <strong>ausencia de pol\u00edticas eficaces de relevo generacional<\/strong>. A diferencia de otros reg\u00edmenes de la Seguridad Social, el RETA acusa un envejecimiento m\u00e1s acelerado. Muchos aut\u00f3nomos prolongan su vida laboral m\u00e1s all\u00e1 de la media y dependen casi exclusivamente de la pensi\u00f3n de jubilaci\u00f3n. Adem\u00e1s, encuentran mayores trabas para acceder a otras prestaciones como la incapacidad permanente o el cese de actividad.<\/p>\n\n\n\n<p>Ante este panorama, el presidente de UPTA, <strong>Eduardo Abad<\/strong>, ha advertido del riesgo de que se produzca un desequilibrio entre el n\u00famero de cotizantes y el de pensionistas: \u201cSi no se produce un cambio estructural en las pol\u00edticas de renovaci\u00f3n del colectivo aut\u00f3nomo, el sistema podr\u00eda sufrir un grave tambaleo\u201d. En este sentido, la organizaci\u00f3n reclama la puesta en marcha de un <strong>Plan Nacional de Relevo Generacional<\/strong>, que permita garantizar la continuidad de negocios y el sostenimiento del sistema de pensiones.<\/p>\n\n\n\n<p>De confirmarse las previsiones, <strong>crece la jubilaci\u00f3n<\/strong> en 2025 dentro del colectivo aut\u00f3nomo, marcando un hito en su evoluci\u00f3n. Este aumento tendr\u00e1 <strong>consecuencias directas en la sostenibilidad financiera del RETA<\/strong>. Afectar\u00e1 al futuro de miles de peque\u00f1os negocios en Espa\u00f1a. Subrayando la necesidad de pol\u00edticas de relevo generacional que garanticen un equilibrio entre cotizantes activos y pensionistas.<\/p>\n","protected":false},"excerpt":{"rendered":"<p>La Uni\u00f3n de Profesionales y Trabajadores Aut\u00f3nomos (UPTA) estima que el a\u00f1o 2025 cerrar\u00e1&hellip;<\/p>\n","protected":false},"author":14,"featured_media":21040,"comment_status":"open","ping_status":"open","sticky":false,"template":"","format":"standard","meta":{"_acf_changed":false,"footnotes":""},"categories":[255],"tags":[],"acf":[],"yoast_head":"<!-- This site is optimized with the Yoast SEO plugin v22.7 - https:\/\/yoast.com\/wordpress\/plugins\/seo\/ -->\n<title>Crece la jubilaci\u00f3n de aut\u00f3nomos un 15% en 2025<\/title>\n<meta name=\"description\" content=\"Seg\u00fan UPTA crece jubilaci\u00f3n de aut\u00f3nomos un 15% en 2025, alertando sobre el envejecimiento y la falta de relevo generacional.\" \/>\n<meta name=\"robots\" content=\"index, follow, max-snippet:-1, max-image-preview:large, max-video-preview:-1\" \/>\n<link rel=\"canonical\" href=\"https:\/\/www.clubdelemprendimiento.com\/blog\/autonomos\/crece-la-jubilacion-de-autonomos-un-15-en-2025\/\" \/>\n<meta property=\"og:locale\" content=\"es_ES\" \/>\n<meta property=\"og:type\" content=\"article\" \/>\n<meta property=\"og:title\" content=\"Crece la jubilaci\u00f3n de aut\u00f3nomos un 15% en 2025\" \/>\n<meta property=\"og:description\" content=\"Seg\u00fan UPTA crece jubilaci\u00f3n de aut\u00f3nomos un 15% en 2025, alertando sobre el envejecimiento y la falta de relevo generacional.\" \/>\n<meta property=\"og:url\" content=\"https:\/\/www.clubdelemprendimiento.com\/blog\/autonomos\/crece-la-jubilacion-de-autonomos-un-15-en-2025\/\" \/>\n<meta property=\"og:site_name\" content=\"Blog Club del Emprendimiento\" \/>\n<meta property=\"article:published_time\" content=\"2025-09-05T07:24:59+00:00\" \/>\n<meta property=\"article:modified_time\" content=\"2025-08-29T07:34:43+00:00\" \/>\n<meta property=\"og:image\" content=\"https:\/\/www.clubdelemprendimiento.com\/blog\/wp-content\/uploads\/2025\/08\/14680.jpg\" \/>\n\t<meta property=\"og:image:width\" content=\"1500\" \/>\n\t<meta property=\"og:image:height\" content=\"1001\" \/>\n\t<meta property=\"og:image:type\" content=\"image\/jpeg\" \/>\n<meta name=\"author\" content=\"Nerea Merino\" \/>\n<meta name=\"twitter:card\" content=\"summary_large_image\" \/>\n<meta name=\"twitter:label1\" content=\"Escrito por\" \/>\n\t<meta name=\"twitter:data1\" content=\"Nerea Merino\" \/>\n\t<meta name=\"twitter:label2\" content=\"Tiempo de lectura\" \/>\n\t<meta name=\"twitter:data2\" content=\"3 minutos\" \/>\n<script type=\"application\/ld+json\" class=\"yoast-schema-graph\">{\"@context\":\"https:\/\/schema.org\",\"@graph\":[{\"@type\":\"WebPage\",\"@id\":\"https:\/\/www.clubdelemprendimiento.com\/blog\/autonomos\/crece-la-jubilacion-de-autonomos-un-15-en-2025\/\",\"url\":\"https:\/\/www.clubdelemprendimiento.com\/blog\/autonomos\/crece-la-jubilacion-de-autonomos-un-15-en-2025\/\",\"name\":\"Crece la jubilaci\u00f3n de aut\u00f3nomos un 15% en 2025\",\"isPartOf\":{\"@id\":\"https:\/\/www.clubdelemprendimiento.com\/blog\/#website\"},\"primaryImageOfPage\":{\"@id\":\"https:\/\/www.clubdelemprendimiento.com\/blog\/autonomos\/crece-la-jubilacion-de-autonomos-un-15-en-2025\/#primaryimage\"},\"image\":{\"@id\":\"https:\/\/www.clubdelemprendimiento.com\/blog\/autonomos\/crece-la-jubilacion-de-autonomos-un-15-en-2025\/#primaryimage\"},\"thumbnailUrl\":\"https:\/\/www.clubdelemprendimiento.com\/blog\/wp-content\/uploads\/2025\/08\/14680.jpg\",\"datePublished\":\"2025-09-05T07:24:59+00:00\",\"dateModified\":\"2025-08-29T07:34:43+00:00\",\"author\":{\"@id\":\"https:\/\/www.clubdelemprendimiento.com\/blog\/#\/schema\/person\/a82ce0fc1281064b1cab4855c351cea7\"},\"description\":\"Seg\u00fan UPTA crece jubilaci\u00f3n de aut\u00f3nomos un 15% en 2025, alertando sobre el envejecimiento y la falta de relevo generacional.\",\"breadcrumb\":{\"@id\":\"https:\/\/www.clubdelemprendimiento.com\/blog\/autonomos\/crece-la-jubilacion-de-autonomos-un-15-en-2025\/#breadcrumb\"},\"inLanguage\":\"es\",\"potentialAction\":[{\"@type\":\"ReadAction\",\"target\":[\"https:\/\/www.clubdelemprendimiento.com\/blog\/autonomos\/crece-la-jubilacion-de-autonomos-un-15-en-2025\/\"]}]},{\"@type\":\"ImageObject\",\"inLanguage\":\"es\",\"@id\":\"https:\/\/www.clubdelemprendimiento.com\/blog\/autonomos\/crece-la-jubilacion-de-autonomos-un-15-en-2025\/#primaryimage\",\"url\":\"https:\/\/www.clubdelemprendimiento.com\/blog\/wp-content\/uploads\/2025\/08\/14680.jpg\",\"contentUrl\":\"https:\/\/www.clubdelemprendimiento.com\/blog\/wp-content\/uploads\/2025\/08\/14680.jpg\",\"width\":1500,\"height\":1001,\"caption\":\"jubilaci\u00f3n\"},{\"@type\":\"BreadcrumbList\",\"@id\":\"https:\/\/www.clubdelemprendimiento.com\/blog\/autonomos\/crece-la-jubilacion-de-autonomos-un-15-en-2025\/#breadcrumb\",\"itemListElement\":[{\"@type\":\"ListItem\",\"position\":1,\"name\":\"Home\",\"item\":\"https:\/\/www.clubdelemprendimiento.com\/blog\/\"},{\"@type\":\"ListItem\",\"position\":2,\"name\":\"Crece la jubilaci\u00f3n entre aut\u00f3nomos: UPTA prev\u00e9 un aumento del 15% en 2025\"}]},{\"@type\":\"WebSite\",\"@id\":\"https:\/\/www.clubdelemprendimiento.com\/blog\/#website\",\"url\":\"https:\/\/www.clubdelemprendimiento.com\/blog\/\",\"name\":\"Blog Club del Emprendimiento\",\"description\":\"\",\"potentialAction\":[{\"@type\":\"SearchAction\",\"target\":{\"@type\":\"EntryPoint\",\"urlTemplate\":\"https:\/\/www.clubdelemprendimiento.com\/blog\/?s={search_term_string}\"},\"query-input\":\"required name=search_term_string\"}],\"inLanguage\":\"es\"},{\"@type\":\"Person\",\"@id\":\"https:\/\/www.clubdelemprendimiento.com\/blog\/#\/schema\/person\/a82ce0fc1281064b1cab4855c351cea7\",\"name\":\"Nerea Merino\",\"image\":{\"@type\":\"ImageObject\",\"inLanguage\":\"es\",\"@id\":\"https:\/\/www.clubdelemprendimiento.com\/blog\/#\/schema\/person\/image\/\",\"url\":\"https:\/\/secure.gravatar.com\/avatar\/3b1c906b7b4a65b22c04d52a020d4815?s=96&d=mm&r=g\",\"contentUrl\":\"https:\/\/secure.gravatar.com\/avatar\/3b1c906b7b4a65b22c04d52a020d4815?s=96&d=mm&r=g\",\"caption\":\"Nerea Merino\"},\"url\":\"https:\/\/www.clubdelemprendimiento.com\/blog\/author\/nerea\/\"}]}<\/script>\n<!-- \/ Yoast SEO plugin. -->","yoast_head_json":{"title":"Crece la jubilaci\u00f3n de aut\u00f3nomos un 15% en 2025","description":"Seg\u00fan UPTA crece jubilaci\u00f3n de aut\u00f3nomos un 15% en 2025, alertando sobre el envejecimiento y la falta de relevo generacional.","robots":{"index":"index","follow":"follow","max-snippet":"max-snippet:-1","max-image-preview":"max-image-preview:large","max-video-preview":"max-video-preview:-1"},"canonical":"https:\/\/www.clubdelemprendimiento.com\/blog\/autonomos\/crece-la-jubilacion-de-autonomos-un-15-en-2025\/","og_locale":"es_ES","og_type":"article","og_title":"Crece la jubilaci\u00f3n de aut\u00f3nomos un 15% en 2025","og_description":"Seg\u00fan UPTA crece jubilaci\u00f3n de aut\u00f3nomos un 15% en 2025, alertando sobre el envejecimiento y la falta de relevo generacional.","og_url":"https:\/\/www.clubdelemprendimiento.com\/blog\/autonomos\/crece-la-jubilacion-de-autonomos-un-15-en-2025\/","og_site_name":"Blog Club del Emprendimiento","article_published_time":"2025-09-05T07:24:59+00:00","article_modified_time":"2025-08-29T07:34:43+00:00","og_image":[{"width":1500,"height":1001,"url":"https:\/\/www.clubdelemprendimiento.com\/blog\/wp-content\/uploads\/2025\/08\/14680.jpg","type":"image\/jpeg"}],"author":"Nerea Merino","twitter_card":"summary_large_image","twitter_misc":{"Escrito por":"Nerea Merino","Tiempo de lectura":"3 minutos"},"schema":{"@context":"https:\/\/schema.org","@graph":[{"@type":"WebPage","@id":"https:\/\/www.clubdelemprendimiento.com\/blog\/autonomos\/crece-la-jubilacion-de-autonomos-un-15-en-2025\/","url":"https:\/\/www.clubdelemprendimiento.com\/blog\/autonomos\/crece-la-jubilacion-de-autonomos-un-15-en-2025\/","name":"Crece la jubilaci\u00f3n de aut\u00f3nomos un 15% en 2025","isPartOf":{"@id":"https:\/\/www.clubdelemprendimiento.com\/blog\/#website"},"primaryImageOfPage":{"@id":"https:\/\/www.clubdelemprendimiento.com\/blog\/autonomos\/crece-la-jubilacion-de-autonomos-un-15-en-2025\/#primaryimage"},"image":{"@id":"https:\/\/www.clubdelemprendimiento.com\/blog\/autonomos\/crece-la-jubilacion-de-autonomos-un-15-en-2025\/#primaryimage"},"thumbnailUrl":"https:\/\/www.clubdelemprendimiento.com\/blog\/wp-content\/uploads\/2025\/08\/14680.jpg","datePublished":"2025-09-05T07:24:59+00:00","dateModified":"2025-08-29T07:34:43+00:00","author":{"@id":"https:\/\/www.clubdelemprendimiento.com\/blog\/#\/schema\/person\/a82ce0fc1281064b1cab4855c351cea7"},"description":"Seg\u00fan UPTA crece jubilaci\u00f3n de aut\u00f3nomos un 15% en 2025, alertando sobre el envejecimiento y la falta de relevo generacional.","breadcrumb":{"@id":"https:\/\/www.clubdelemprendimiento.com\/blog\/autonomos\/crece-la-jubilacion-de-autonomos-un-15-en-2025\/#breadcrumb"},"inLanguage":"es","potentialAction":[{"@type":"ReadAction","target":["https:\/\/www.clubdelemprendimiento.com\/blog\/autonomos\/crece-la-jubilacion-de-autonomos-un-15-en-2025\/"]}]},{"@type":"ImageObject","inLanguage":"es","@id":"https:\/\/www.clubdelemprendimiento.com\/blog\/autonomos\/crece-la-jubilacion-de-autonomos-un-15-en-2025\/#primaryimage","url":"https:\/\/www.clubdelemprendimiento.com\/blog\/wp-content\/uploads\/2025\/08\/14680.jpg","contentUrl":"https:\/\/www.clubdelemprendimiento.com\/blog\/wp-content\/uploads\/2025\/08\/14680.jpg","width":1500,"height":1001,"caption":"jubilaci\u00f3n"},{"@type":"BreadcrumbList","@id":"https:\/\/www.clubdelemprendimiento.com\/blog\/autonomos\/crece-la-jubilacion-de-autonomos-un-15-en-2025\/#breadcrumb","itemListElement":[{"@type":"ListItem","position":1,"name":"Home","item":"https:\/\/www.clubdelemprendimiento.com\/blog\/"},{"@type":"ListItem","position":2,"name":"Crece la jubilaci\u00f3n entre aut\u00f3nomos: UPTA prev\u00e9 un aumento del 15% en 2025"}]},{"@type":"WebSite","@id":"https:\/\/www.clubdelemprendimiento.com\/blog\/#website","url":"https:\/\/www.clubdelemprendimiento.com\/blog\/","name":"Blog Club del Emprendimiento","description":"","potentialAction":[{"@type":"SearchAction","target":{"@type":"EntryPoint","urlTemplate":"https:\/\/www.clubdelemprendimiento.com\/blog\/?s={search_term_string}"},"query-input":"required name=search_term_string"}],"inLanguage":"es"},{"@type":"Person","@id":"https:\/\/www.clubdelemprendimiento.com\/blog\/#\/schema\/person\/a82ce0fc1281064b1cab4855c351cea7","name":"Nerea Merino","image":{"@type":"ImageObject","inLanguage":"es","@id":"https:\/\/www.clubdelemprendimiento.com\/blog\/#\/schema\/person\/image\/","url":"https:\/\/secure.gravatar.com\/avatar\/3b1c906b7b4a65b22c04d52a020d4815?s=96&d=mm&r=g","contentUrl":"https:\/\/secure.gravatar.com\/avatar\/3b1c906b7b4a65b22c04d52a020d4815?s=96&d=mm&r=g","caption":"Nerea Merino"},"url":"https:\/\/www.clubdelemprendimiento.com\/blog\/author\/nerea\/"}]}},"_links":{"self":[{"href":"https:\/\/www.clubdelemprendimiento.com\/blog\/wp-json\/wp\/v2\/posts\/21039"}],"collection":[{"href":"https:\/\/www.clubdelemprendimiento.com\/blog\/wp-json\/wp\/v2\/posts"}],"about":[{"href":"https:\/\/www.clubdelemprendimiento.com\/blog\/wp-json\/wp\/v2\/types\/post"}],"author":[{"embeddable":true,"href":"https:\/\/www.clubdelemprendimiento.com\/blog\/wp-json\/wp\/v2\/users\/14"}],"replies":[{"embeddable":true,"href":"https:\/\/www.clubdelemprendimiento.com\/blog\/wp-json\/wp\/v2\/comments?post=21039"}],"version-history":[{"count":1,"href":"https:\/\/www.clubdelemprendimiento.com\/blog\/wp-json\/wp\/v2\/posts\/21039\/revisions"}],"predecessor-version":[{"id":21041,"href":"https:\/\/www.clubdelemprendimiento.com\/blog\/wp-json\/wp\/v2\/posts\/21039\/revisions\/21041"}],"wp:featuredmedia":[{"embeddable":true,"href":"https:\/\/www.clubdelemprendimiento.com\/blog\/wp-json\/wp\/v2\/media\/21040"}],"wp:attachment":[{"href":"https:\/\/www.clubdelemprendimiento.com\/blog\/wp-json\/wp\/v2\/media?parent=21039"}],"wp:term":[{"taxonomy":"category","embeddable":true,"href":"https:\/\/www.clubdelemprendimiento.com\/blog\/wp-json\/wp\/v2\/categories?post=21039"},{"taxonomy":"post_tag","embeddable":true,"href":"https:\/\/www.clubdelemprendimiento.com\/blog\/wp-json\/wp\/v2\/tags?post=21039"}],"curies":[{"name":"wp","href":"https:\/\/api.w.org\/{rel}","templated":true}]}}