{"id":21002,"date":"2025-09-03T07:39:07","date_gmt":"2025-09-03T07:39:07","guid":{"rendered":"https:\/\/www.clubdelemprendimiento.com\/blog\/?p=21002"},"modified":"2025-08-28T07:48:29","modified_gmt":"2025-08-28T07:48:29","slug":"riesgos-laborales-en-autonomos","status":"publish","type":"post","link":"https:\/\/www.clubdelemprendimiento.com\/blog\/autonomos\/riesgos-laborales-en-autonomos\/","title":{"rendered":"La prevenci\u00f3n de riesgos laborales ya es una prioridad tambi\u00e9n para los aut\u00f3nomos"},"content":{"rendered":"\n<p>Aunque muchos trabajadores por cuenta propia podr\u00edan pensar que la normativa de prevenci\u00f3n de riesgos laborales (PRL) no les afecta, la realidad es distinta: la ley obliga tambi\u00e9n a los aut\u00f3nomos, adapt\u00e1ndose a distintos escenarios seg\u00fan su forma de ejercer.<\/p>\n\n\n\n<h2 class=\"wp-block-heading\"><strong>Riesgos laborales en aut\u00f3nomos sin empleados y sin colaboraci\u00f3n externa<\/strong><\/h2>\n\n\n\n<p>En este caso, la ley <strong>no exige formalmente<\/strong> la elaboraci\u00f3n de un plan de prevenci\u00f3n de riesgos. Sin embargo, esto no exime al profesional de abordar los riesgos inherentes que puedan surgir en su actividad: estar consciente de ellos y actuar con responsabilidad es fundamental.<\/p>\n\n\n\n<h2 class=\"wp-block-heading\"><strong>Aut\u00f3nomos que trabajan junto a otras empresas o en entornos compartidos<\/strong><\/h2>\n\n\n\n<p>Aqu\u00ed es imprescindible aplicar las normas de<a href=\"https:\/\/www.boe.es\/buscar\/pdf\/2004\/BOE-A-2004-1848-consolidado.pdf\" target=\"_blank\" rel=\"noreferrer noopener\"> <strong>coordinaci\u00f3n de actividades empresariales<\/strong><\/a><strong> (CAE)<\/strong>. Esto implica:<\/p>\n\n\n\n<ul>\n<li>Compartir informaci\u00f3n sobre los riesgos que su actividad pueda generar.<\/li>\n\n\n\n<li>Seguir las indicaciones de la empresa principal.<\/li>\n\n\n\n<li>Contar con documentaci\u00f3n formal (evaluaciones, medidas preventivas, formaci\u00f3n, uso de EPIs\u2026).<\/li>\n<\/ul>\n\n\n\n<h2 class=\"wp-block-heading\"><strong>Aut\u00f3nomos que disponen de empleados<\/strong><\/h2>\n\n\n\n<p>En este entorno, el trabajador aut\u00f3nomo adquiere las mismas obligaciones que una empresa. Esto conlleva:<\/p>\n\n\n\n<ul>\n<li>Realizar una <strong>evaluaci\u00f3n de riesgos<\/strong> y planificar las medidas preventivas.<\/li>\n\n\n\n<li>Formar y proteger a sus trabajadores, incluyendo el uso de EPIs.<\/li>\n\n\n\n<li>Posiblemente contratar un <strong>servicio de prevenci\u00f3n ajeno<\/strong> si no puede asumirlo internamente.<\/li>\n\n\n\n<li>Llevar un registro documental exhaustivo (plan de prevenci\u00f3n, historial de riesgos, formaci\u00f3n, vigilancia de la salud, etc.).<\/li>\n<\/ul>\n\n\n\n<h2 class=\"wp-block-heading\"><strong>Herramientas para la prevenci\u00f3n de riesgos en aut\u00f3nomos<\/strong><\/h2>\n\n\n\n<p>Para facilitar el cumplimiento de estas obligaciones, existen recursos gratuitos disponibles. Uno de ellos es Prevenci\u00f3n 10, una plataforma p\u00fablica donde, por ejemplo, se puede:<\/p>\n\n\n\n<ul>\n<li>Registrar y realizar una evaluaci\u00f3n de riesgos.<\/li>\n\n\n\n<li>Planificar las acciones preventivas.<\/li>\n\n\n\n<li>Hacer seguimiento del proceso mediante herramientas como Evalua-t y Autopreven-t, esta \u00faltima dirigida a quienes trabajan sin empleados pero deben coordinar actividades con otros\u00a0<\/li>\n<\/ul>\n\n\n\n<p>Por lo tanto, la prevenci\u00f3n de riesgos laborales para los aut\u00f3nomos es tan flexible como necesaria. Aunque las obligaciones var\u00edan seg\u00fan su r\u00e9gimen de trabajo individual, compartido o con empleados, lo esencial es asumir una actitud proactiva. Actuar con responsabilidad no solo ayuda a evitar accidentes y sanciones, sino que tambi\u00e9n refuerza la seguridad, la profesionalidad y la confianza en el entorno laboral.<\/p>\n","protected":false},"excerpt":{"rendered":"<p>Aunque muchos trabajadores por cuenta propia podr\u00edan pensar que la normativa de prevenci\u00f3n de&hellip;<\/p>\n","protected":false},"author":14,"featured_media":21003,"comment_status":"open","ping_status":"open","sticky":false,"template":"","format":"standard","meta":{"_acf_changed":false,"footnotes":""},"categories":[255],"tags":[],"acf":[],"yoast_head":"<!-- This site is optimized with the Yoast SEO plugin v22.7 - https:\/\/yoast.com\/wordpress\/plugins\/seo\/ -->\n<title>Riesgos laborales en aut\u00f3nomos<\/title>\n<meta name=\"description\" content=\"Conoce c\u00f3mo los aut\u00f3nomos deben afrontar los riesgos laborales: prevenci\u00f3n, obligaciones y herramientas clave para su seguridad.\" \/>\n<meta name=\"robots\" content=\"index, follow, max-snippet:-1, max-image-preview:large, max-video-preview:-1\" \/>\n<link rel=\"canonical\" href=\"https:\/\/www.clubdelemprendimiento.com\/blog\/autonomos\/riesgos-laborales-en-autonomos\/\" \/>\n<meta property=\"og:locale\" content=\"es_ES\" \/>\n<meta property=\"og:type\" content=\"article\" \/>\n<meta property=\"og:title\" content=\"Riesgos laborales en aut\u00f3nomos\" \/>\n<meta property=\"og:description\" content=\"Conoce c\u00f3mo los aut\u00f3nomos deben afrontar los riesgos laborales: prevenci\u00f3n, obligaciones y herramientas clave para su seguridad.\" \/>\n<meta property=\"og:url\" content=\"https:\/\/www.clubdelemprendimiento.com\/blog\/autonomos\/riesgos-laborales-en-autonomos\/\" \/>\n<meta property=\"og:site_name\" content=\"Blog Club del Emprendimiento\" \/>\n<meta property=\"article:published_time\" content=\"2025-09-03T07:39:07+00:00\" \/>\n<meta property=\"article:modified_time\" content=\"2025-08-28T07:48:29+00:00\" \/>\n<meta property=\"og:image\" content=\"https:\/\/www.clubdelemprendimiento.com\/blog\/wp-content\/uploads\/2025\/08\/128991.jpg\" \/>\n\t<meta property=\"og:image:width\" content=\"1500\" \/>\n\t<meta property=\"og:image:height\" content=\"1000\" \/>\n\t<meta property=\"og:image:type\" content=\"image\/jpeg\" \/>\n<meta name=\"author\" content=\"Nerea Merino\" \/>\n<meta name=\"twitter:card\" content=\"summary_large_image\" \/>\n<meta name=\"twitter:label1\" content=\"Escrito por\" \/>\n\t<meta name=\"twitter:data1\" content=\"Nerea Merino\" \/>\n\t<meta name=\"twitter:label2\" content=\"Tiempo de lectura\" \/>\n\t<meta name=\"twitter:data2\" content=\"2 minutos\" \/>\n<script type=\"application\/ld+json\" class=\"yoast-schema-graph\">{\"@context\":\"https:\/\/schema.org\",\"@graph\":[{\"@type\":\"WebPage\",\"@id\":\"https:\/\/www.clubdelemprendimiento.com\/blog\/autonomos\/riesgos-laborales-en-autonomos\/\",\"url\":\"https:\/\/www.clubdelemprendimiento.com\/blog\/autonomos\/riesgos-laborales-en-autonomos\/\",\"name\":\"Riesgos laborales en aut\u00f3nomos\",\"isPartOf\":{\"@id\":\"https:\/\/www.clubdelemprendimiento.com\/blog\/#website\"},\"primaryImageOfPage\":{\"@id\":\"https:\/\/www.clubdelemprendimiento.com\/blog\/autonomos\/riesgos-laborales-en-autonomos\/#primaryimage\"},\"image\":{\"@id\":\"https:\/\/www.clubdelemprendimiento.com\/blog\/autonomos\/riesgos-laborales-en-autonomos\/#primaryimage\"},\"thumbnailUrl\":\"https:\/\/www.clubdelemprendimiento.com\/blog\/wp-content\/uploads\/2025\/08\/128991.jpg\",\"datePublished\":\"2025-09-03T07:39:07+00:00\",\"dateModified\":\"2025-08-28T07:48:29+00:00\",\"author\":{\"@id\":\"https:\/\/www.clubdelemprendimiento.com\/blog\/#\/schema\/person\/a82ce0fc1281064b1cab4855c351cea7\"},\"description\":\"Conoce c\u00f3mo los aut\u00f3nomos deben afrontar los riesgos laborales: prevenci\u00f3n, obligaciones y herramientas clave para su seguridad.\",\"breadcrumb\":{\"@id\":\"https:\/\/www.clubdelemprendimiento.com\/blog\/autonomos\/riesgos-laborales-en-autonomos\/#breadcrumb\"},\"inLanguage\":\"es\",\"potentialAction\":[{\"@type\":\"ReadAction\",\"target\":[\"https:\/\/www.clubdelemprendimiento.com\/blog\/autonomos\/riesgos-laborales-en-autonomos\/\"]}]},{\"@type\":\"ImageObject\",\"inLanguage\":\"es\",\"@id\":\"https:\/\/www.clubdelemprendimiento.com\/blog\/autonomos\/riesgos-laborales-en-autonomos\/#primaryimage\",\"url\":\"https:\/\/www.clubdelemprendimiento.com\/blog\/wp-content\/uploads\/2025\/08\/128991.jpg\",\"contentUrl\":\"https:\/\/www.clubdelemprendimiento.com\/blog\/wp-content\/uploads\/2025\/08\/128991.jpg\",\"width\":1500,\"height\":1000,\"caption\":\"riesgos laborales\"},{\"@type\":\"BreadcrumbList\",\"@id\":\"https:\/\/www.clubdelemprendimiento.com\/blog\/autonomos\/riesgos-laborales-en-autonomos\/#breadcrumb\",\"itemListElement\":[{\"@type\":\"ListItem\",\"position\":1,\"name\":\"Home\",\"item\":\"https:\/\/www.clubdelemprendimiento.com\/blog\/\"},{\"@type\":\"ListItem\",\"position\":2,\"name\":\"La prevenci\u00f3n de riesgos laborales ya es una prioridad tambi\u00e9n para los aut\u00f3nomos\"}]},{\"@type\":\"WebSite\",\"@id\":\"https:\/\/www.clubdelemprendimiento.com\/blog\/#website\",\"url\":\"https:\/\/www.clubdelemprendimiento.com\/blog\/\",\"name\":\"Blog Club del Emprendimiento\",\"description\":\"\",\"potentialAction\":[{\"@type\":\"SearchAction\",\"target\":{\"@type\":\"EntryPoint\",\"urlTemplate\":\"https:\/\/www.clubdelemprendimiento.com\/blog\/?s={search_term_string}\"},\"query-input\":\"required name=search_term_string\"}],\"inLanguage\":\"es\"},{\"@type\":\"Person\",\"@id\":\"https:\/\/www.clubdelemprendimiento.com\/blog\/#\/schema\/person\/a82ce0fc1281064b1cab4855c351cea7\",\"name\":\"Nerea Merino\",\"image\":{\"@type\":\"ImageObject\",\"inLanguage\":\"es\",\"@id\":\"https:\/\/www.clubdelemprendimiento.com\/blog\/#\/schema\/person\/image\/\",\"url\":\"https:\/\/secure.gravatar.com\/avatar\/3b1c906b7b4a65b22c04d52a020d4815?s=96&d=mm&r=g\",\"contentUrl\":\"https:\/\/secure.gravatar.com\/avatar\/3b1c906b7b4a65b22c04d52a020d4815?s=96&d=mm&r=g\",\"caption\":\"Nerea Merino\"},\"url\":\"https:\/\/www.clubdelemprendimiento.com\/blog\/author\/nerea\/\"}]}<\/script>\n<!-- \/ Yoast SEO plugin. -->","yoast_head_json":{"title":"Riesgos laborales en aut\u00f3nomos","description":"Conoce c\u00f3mo los aut\u00f3nomos deben afrontar los riesgos laborales: prevenci\u00f3n, obligaciones y herramientas clave para su seguridad.","robots":{"index":"index","follow":"follow","max-snippet":"max-snippet:-1","max-image-preview":"max-image-preview:large","max-video-preview":"max-video-preview:-1"},"canonical":"https:\/\/www.clubdelemprendimiento.com\/blog\/autonomos\/riesgos-laborales-en-autonomos\/","og_locale":"es_ES","og_type":"article","og_title":"Riesgos laborales en aut\u00f3nomos","og_description":"Conoce c\u00f3mo los aut\u00f3nomos deben afrontar los riesgos laborales: prevenci\u00f3n, obligaciones y herramientas clave para su seguridad.","og_url":"https:\/\/www.clubdelemprendimiento.com\/blog\/autonomos\/riesgos-laborales-en-autonomos\/","og_site_name":"Blog Club del Emprendimiento","article_published_time":"2025-09-03T07:39:07+00:00","article_modified_time":"2025-08-28T07:48:29+00:00","og_image":[{"width":1500,"height":1000,"url":"https:\/\/www.clubdelemprendimiento.com\/blog\/wp-content\/uploads\/2025\/08\/128991.jpg","type":"image\/jpeg"}],"author":"Nerea Merino","twitter_card":"summary_large_image","twitter_misc":{"Escrito por":"Nerea Merino","Tiempo de lectura":"2 minutos"},"schema":{"@context":"https:\/\/schema.org","@graph":[{"@type":"WebPage","@id":"https:\/\/www.clubdelemprendimiento.com\/blog\/autonomos\/riesgos-laborales-en-autonomos\/","url":"https:\/\/www.clubdelemprendimiento.com\/blog\/autonomos\/riesgos-laborales-en-autonomos\/","name":"Riesgos laborales en aut\u00f3nomos","isPartOf":{"@id":"https:\/\/www.clubdelemprendimiento.com\/blog\/#website"},"primaryImageOfPage":{"@id":"https:\/\/www.clubdelemprendimiento.com\/blog\/autonomos\/riesgos-laborales-en-autonomos\/#primaryimage"},"image":{"@id":"https:\/\/www.clubdelemprendimiento.com\/blog\/autonomos\/riesgos-laborales-en-autonomos\/#primaryimage"},"thumbnailUrl":"https:\/\/www.clubdelemprendimiento.com\/blog\/wp-content\/uploads\/2025\/08\/128991.jpg","datePublished":"2025-09-03T07:39:07+00:00","dateModified":"2025-08-28T07:48:29+00:00","author":{"@id":"https:\/\/www.clubdelemprendimiento.com\/blog\/#\/schema\/person\/a82ce0fc1281064b1cab4855c351cea7"},"description":"Conoce c\u00f3mo los aut\u00f3nomos deben afrontar los riesgos laborales: prevenci\u00f3n, obligaciones y herramientas clave para su seguridad.","breadcrumb":{"@id":"https:\/\/www.clubdelemprendimiento.com\/blog\/autonomos\/riesgos-laborales-en-autonomos\/#breadcrumb"},"inLanguage":"es","potentialAction":[{"@type":"ReadAction","target":["https:\/\/www.clubdelemprendimiento.com\/blog\/autonomos\/riesgos-laborales-en-autonomos\/"]}]},{"@type":"ImageObject","inLanguage":"es","@id":"https:\/\/www.clubdelemprendimiento.com\/blog\/autonomos\/riesgos-laborales-en-autonomos\/#primaryimage","url":"https:\/\/www.clubdelemprendimiento.com\/blog\/wp-content\/uploads\/2025\/08\/128991.jpg","contentUrl":"https:\/\/www.clubdelemprendimiento.com\/blog\/wp-content\/uploads\/2025\/08\/128991.jpg","width":1500,"height":1000,"caption":"riesgos laborales"},{"@type":"BreadcrumbList","@id":"https:\/\/www.clubdelemprendimiento.com\/blog\/autonomos\/riesgos-laborales-en-autonomos\/#breadcrumb","itemListElement":[{"@type":"ListItem","position":1,"name":"Home","item":"https:\/\/www.clubdelemprendimiento.com\/blog\/"},{"@type":"ListItem","position":2,"name":"La prevenci\u00f3n de riesgos laborales ya es una prioridad tambi\u00e9n para los aut\u00f3nomos"}]},{"@type":"WebSite","@id":"https:\/\/www.clubdelemprendimiento.com\/blog\/#website","url":"https:\/\/www.clubdelemprendimiento.com\/blog\/","name":"Blog Club del Emprendimiento","description":"","potentialAction":[{"@type":"SearchAction","target":{"@type":"EntryPoint","urlTemplate":"https:\/\/www.clubdelemprendimiento.com\/blog\/?s={search_term_string}"},"query-input":"required name=search_term_string"}],"inLanguage":"es"},{"@type":"Person","@id":"https:\/\/www.clubdelemprendimiento.com\/blog\/#\/schema\/person\/a82ce0fc1281064b1cab4855c351cea7","name":"Nerea Merino","image":{"@type":"ImageObject","inLanguage":"es","@id":"https:\/\/www.clubdelemprendimiento.com\/blog\/#\/schema\/person\/image\/","url":"https:\/\/secure.gravatar.com\/avatar\/3b1c906b7b4a65b22c04d52a020d4815?s=96&d=mm&r=g","contentUrl":"https:\/\/secure.gravatar.com\/avatar\/3b1c906b7b4a65b22c04d52a020d4815?s=96&d=mm&r=g","caption":"Nerea Merino"},"url":"https:\/\/www.clubdelemprendimiento.com\/blog\/author\/nerea\/"}]}},"_links":{"self":[{"href":"https:\/\/www.clubdelemprendimiento.com\/blog\/wp-json\/wp\/v2\/posts\/21002"}],"collection":[{"href":"https:\/\/www.clubdelemprendimiento.com\/blog\/wp-json\/wp\/v2\/posts"}],"about":[{"href":"https:\/\/www.clubdelemprendimiento.com\/blog\/wp-json\/wp\/v2\/types\/post"}],"author":[{"embeddable":true,"href":"https:\/\/www.clubdelemprendimiento.com\/blog\/wp-json\/wp\/v2\/users\/14"}],"replies":[{"embeddable":true,"href":"https:\/\/www.clubdelemprendimiento.com\/blog\/wp-json\/wp\/v2\/comments?post=21002"}],"version-history":[{"count":1,"href":"https:\/\/www.clubdelemprendimiento.com\/blog\/wp-json\/wp\/v2\/posts\/21002\/revisions"}],"predecessor-version":[{"id":21004,"href":"https:\/\/www.clubdelemprendimiento.com\/blog\/wp-json\/wp\/v2\/posts\/21002\/revisions\/21004"}],"wp:featuredmedia":[{"embeddable":true,"href":"https:\/\/www.clubdelemprendimiento.com\/blog\/wp-json\/wp\/v2\/media\/21003"}],"wp:attachment":[{"href":"https:\/\/www.clubdelemprendimiento.com\/blog\/wp-json\/wp\/v2\/media?parent=21002"}],"wp:term":[{"taxonomy":"category","embeddable":true,"href":"https:\/\/www.clubdelemprendimiento.com\/blog\/wp-json\/wp\/v2\/categories?post=21002"},{"taxonomy":"post_tag","embeddable":true,"href":"https:\/\/www.clubdelemprendimiento.com\/blog\/wp-json\/wp\/v2\/tags?post=21002"}],"curies":[{"name":"wp","href":"https:\/\/api.w.org\/{rel}","templated":true}]}}