{"id":20979,"date":"2025-09-02T07:06:01","date_gmt":"2025-09-02T07:06:01","guid":{"rendered":"https:\/\/www.clubdelemprendimiento.com\/blog\/?p=20979"},"modified":"2025-08-27T07:10:25","modified_gmt":"2025-08-27T07:10:25","slug":"factura-electronica-espana-en-la-recta-final","status":"publish","type":"post","link":"https:\/\/www.clubdelemprendimiento.com\/blog\/pymes\/factura-electronica-espana-en-la-recta-final\/","title":{"rendered":"Factura electr\u00f3nica en Espa\u00f1a: comienza la recta final para la adaptaci\u00f3n empresarial"},"content":{"rendered":"\n<p>El proceso hacia la obligatoriedad de la factura electr\u00f3nica en Espa\u00f1a entra en su fase decisiva. Desde el 29 de julio de 2025 s\u00f3lo puede comercializarse software de facturaci\u00f3n certificado y adaptado al sistema Verifactu, en cumplimiento del reglamento de la <a href=\"https:\/\/www.boe.es\/diario_boe\/txt.php?id=BOE-A-2021-11473\" target=\"_blank\" rel=\"noreferrer noopener\">Ley Antifraude<\/a>. Esta medida marca <strong>el punto de partida de la transici\u00f3n definitiva que culminar\u00e1 en 2026<\/strong> con la plena aplicaci\u00f3n de la Ley Crea y Crece.<\/p>\n\n\n\n<p>La normativa establece que todas las empresas deber\u00e1n emitir y recibir sus facturas por medios electr\u00f3nicos, garantizando la trazabilidad y la inalterabilidad de cada registro. La Agencia Tributaria ha fijado un calendario progresivo: las compa\u00f1\u00edas con una facturaci\u00f3n anual superior a 8 millones de euros dispondr\u00e1n de un a\u00f1o para implementar la factura electr\u00f3nica, mientras que el resto contar\u00e1 con dos a\u00f1os de plazo.<\/p>\n\n\n\n<h2 class=\"wp-block-heading\">Factura electr\u00f3nica y el nivel de digitalizaci\u00f3n empresarial<\/h2>\n\n\n\n<p>El impacto de esta transformaci\u00f3n es considerable. Aunque el marco legal pretende<strong> ordenar procesos dispersos y reducir riesgos operativos<\/strong>, la realidad muestra que muchas organizaciones a\u00fan no est\u00e1n preparadas. Seg\u00fan datos de Pleo, s\u00f3lo el 46% de las empresas espa\u00f1olas afirma haber alcanzado el nivel de digitalizaci\u00f3n deseado, mientras que m\u00e1s de la mitad de las pymes contin\u00faa gestionando facturas de forma manual.<\/p>\n\n\n\n<p>La falta de digitalizaci\u00f3n conlleva consecuencias relevantes:<strong> el 94% de los equipos reconoce haber recibido facturas duplicadas y un 31% admite haber abonado pagos duplicados.<\/strong> Adem\u00e1s, los departamentos financieros invierten una media de 10,5 horas mensuales en la gesti\u00f3n de facturas, lo que representa una carga significativa para la productividad.<\/p>\n\n\n\n<p>La transici\u00f3n hacia la factura electr\u00f3nica promete revertir esta situaci\u00f3n. El nuevo sistema permitir\u00e1 un <strong>flujo continuo de recepci\u00f3n, validaci\u00f3n, aprobaci\u00f3n, pago y archivo<\/strong>, con trazabilidad completa de cada paso. Esto se traducir\u00e1 en menos duplicados, menos retrasos y mayor rapidez en la aprobaci\u00f3n de gastos. Tambi\u00e9n se esperan cierres contables m\u00e1s \u00e1giles y una mejor visibilidad de la tesorer\u00eda, factores clave para la planificaci\u00f3n financiera.<\/p>\n\n\n\n<p>El reto para las empresas no radica \u00fanicamente en cumplir con la normativa, sino en aprovechar la oportunidad que supone la digitalizaci\u00f3n de un proceso cr\u00edtico. Prepararse con antelaci\u00f3n y garantizar la adaptaci\u00f3n de los sistemas ser\u00e1 determinante para evitar sanciones y optimizar la gesti\u00f3n en el nuevo escenario digital.<\/p>\n","protected":false},"excerpt":{"rendered":"<p>El proceso hacia la obligatoriedad de la factura electr\u00f3nica en Espa\u00f1a entra en su&hellip;<\/p>\n","protected":false},"author":14,"featured_media":20980,"comment_status":"open","ping_status":"open","sticky":false,"template":"","format":"standard","meta":{"_acf_changed":false,"footnotes":""},"categories":[256],"tags":[],"acf":[],"yoast_head":"<!-- This site is optimized with the Yoast SEO plugin v22.7 - https:\/\/yoast.com\/wordpress\/plugins\/seo\/ -->\n<title>Factura electr\u00f3nica: Espa\u00f1a en la recta final<\/title>\n<meta name=\"description\" content=\"La factura electr\u00f3nica ser\u00e1 obligatoria en Espa\u00f1a. Empresas deben digitalizar procesos para cumplir plazos y optimizar la gesti\u00f3n.\" \/>\n<meta name=\"robots\" content=\"index, follow, max-snippet:-1, max-image-preview:large, max-video-preview:-1\" \/>\n<link rel=\"canonical\" href=\"https:\/\/www.clubdelemprendimiento.com\/blog\/pymes\/factura-electronica-espana-en-la-recta-final\/\" \/>\n<meta property=\"og:locale\" content=\"es_ES\" \/>\n<meta property=\"og:type\" content=\"article\" \/>\n<meta property=\"og:title\" content=\"Factura electr\u00f3nica: Espa\u00f1a en la recta final\" \/>\n<meta property=\"og:description\" content=\"La factura electr\u00f3nica ser\u00e1 obligatoria en Espa\u00f1a. Empresas deben digitalizar procesos para cumplir plazos y optimizar la gesti\u00f3n.\" \/>\n<meta property=\"og:url\" content=\"https:\/\/www.clubdelemprendimiento.com\/blog\/pymes\/factura-electronica-espana-en-la-recta-final\/\" \/>\n<meta property=\"og:site_name\" content=\"Blog Club del Emprendimiento\" \/>\n<meta property=\"article:published_time\" content=\"2025-09-02T07:06:01+00:00\" \/>\n<meta property=\"article:modified_time\" content=\"2025-08-27T07:10:25+00:00\" \/>\n<meta property=\"og:image\" content=\"https:\/\/www.clubdelemprendimiento.com\/blog\/wp-content\/uploads\/2025\/08\/2147965623.jpg\" \/>\n\t<meta property=\"og:image:width\" content=\"1500\" \/>\n\t<meta property=\"og:image:height\" content=\"1001\" \/>\n\t<meta property=\"og:image:type\" content=\"image\/jpeg\" \/>\n<meta name=\"author\" content=\"Nerea Merino\" \/>\n<meta name=\"twitter:card\" content=\"summary_large_image\" \/>\n<meta name=\"twitter:label1\" content=\"Escrito por\" \/>\n\t<meta name=\"twitter:data1\" content=\"Nerea Merino\" \/>\n\t<meta name=\"twitter:label2\" content=\"Tiempo de lectura\" \/>\n\t<meta name=\"twitter:data2\" content=\"2 minutos\" \/>\n<script type=\"application\/ld+json\" class=\"yoast-schema-graph\">{\"@context\":\"https:\/\/schema.org\",\"@graph\":[{\"@type\":\"WebPage\",\"@id\":\"https:\/\/www.clubdelemprendimiento.com\/blog\/pymes\/factura-electronica-espana-en-la-recta-final\/\",\"url\":\"https:\/\/www.clubdelemprendimiento.com\/blog\/pymes\/factura-electronica-espana-en-la-recta-final\/\",\"name\":\"Factura electr\u00f3nica: Espa\u00f1a en la recta final\",\"isPartOf\":{\"@id\":\"https:\/\/www.clubdelemprendimiento.com\/blog\/#website\"},\"primaryImageOfPage\":{\"@id\":\"https:\/\/www.clubdelemprendimiento.com\/blog\/pymes\/factura-electronica-espana-en-la-recta-final\/#primaryimage\"},\"image\":{\"@id\":\"https:\/\/www.clubdelemprendimiento.com\/blog\/pymes\/factura-electronica-espana-en-la-recta-final\/#primaryimage\"},\"thumbnailUrl\":\"https:\/\/www.clubdelemprendimiento.com\/blog\/wp-content\/uploads\/2025\/08\/2147965623.jpg\",\"datePublished\":\"2025-09-02T07:06:01+00:00\",\"dateModified\":\"2025-08-27T07:10:25+00:00\",\"author\":{\"@id\":\"https:\/\/www.clubdelemprendimiento.com\/blog\/#\/schema\/person\/a82ce0fc1281064b1cab4855c351cea7\"},\"description\":\"La factura electr\u00f3nica ser\u00e1 obligatoria en Espa\u00f1a. Empresas deben digitalizar procesos para cumplir plazos y optimizar la gesti\u00f3n.\",\"breadcrumb\":{\"@id\":\"https:\/\/www.clubdelemprendimiento.com\/blog\/pymes\/factura-electronica-espana-en-la-recta-final\/#breadcrumb\"},\"inLanguage\":\"es\",\"potentialAction\":[{\"@type\":\"ReadAction\",\"target\":[\"https:\/\/www.clubdelemprendimiento.com\/blog\/pymes\/factura-electronica-espana-en-la-recta-final\/\"]}]},{\"@type\":\"ImageObject\",\"inLanguage\":\"es\",\"@id\":\"https:\/\/www.clubdelemprendimiento.com\/blog\/pymes\/factura-electronica-espana-en-la-recta-final\/#primaryimage\",\"url\":\"https:\/\/www.clubdelemprendimiento.com\/blog\/wp-content\/uploads\/2025\/08\/2147965623.jpg\",\"contentUrl\":\"https:\/\/www.clubdelemprendimiento.com\/blog\/wp-content\/uploads\/2025\/08\/2147965623.jpg\",\"width\":1500,\"height\":1001,\"caption\":\"factura electr\u00f3nica\"},{\"@type\":\"BreadcrumbList\",\"@id\":\"https:\/\/www.clubdelemprendimiento.com\/blog\/pymes\/factura-electronica-espana-en-la-recta-final\/#breadcrumb\",\"itemListElement\":[{\"@type\":\"ListItem\",\"position\":1,\"name\":\"Home\",\"item\":\"https:\/\/www.clubdelemprendimiento.com\/blog\/\"},{\"@type\":\"ListItem\",\"position\":2,\"name\":\"Factura electr\u00f3nica en Espa\u00f1a: comienza la recta final para la adaptaci\u00f3n empresarial\"}]},{\"@type\":\"WebSite\",\"@id\":\"https:\/\/www.clubdelemprendimiento.com\/blog\/#website\",\"url\":\"https:\/\/www.clubdelemprendimiento.com\/blog\/\",\"name\":\"Blog Club del Emprendimiento\",\"description\":\"\",\"potentialAction\":[{\"@type\":\"SearchAction\",\"target\":{\"@type\":\"EntryPoint\",\"urlTemplate\":\"https:\/\/www.clubdelemprendimiento.com\/blog\/?s={search_term_string}\"},\"query-input\":\"required name=search_term_string\"}],\"inLanguage\":\"es\"},{\"@type\":\"Person\",\"@id\":\"https:\/\/www.clubdelemprendimiento.com\/blog\/#\/schema\/person\/a82ce0fc1281064b1cab4855c351cea7\",\"name\":\"Nerea Merino\",\"image\":{\"@type\":\"ImageObject\",\"inLanguage\":\"es\",\"@id\":\"https:\/\/www.clubdelemprendimiento.com\/blog\/#\/schema\/person\/image\/\",\"url\":\"https:\/\/secure.gravatar.com\/avatar\/3b1c906b7b4a65b22c04d52a020d4815?s=96&d=mm&r=g\",\"contentUrl\":\"https:\/\/secure.gravatar.com\/avatar\/3b1c906b7b4a65b22c04d52a020d4815?s=96&d=mm&r=g\",\"caption\":\"Nerea Merino\"},\"url\":\"https:\/\/www.clubdelemprendimiento.com\/blog\/author\/nerea\/\"}]}<\/script>\n<!-- \/ Yoast SEO plugin. -->","yoast_head_json":{"title":"Factura electr\u00f3nica: Espa\u00f1a en la recta final","description":"La factura electr\u00f3nica ser\u00e1 obligatoria en Espa\u00f1a. Empresas deben digitalizar procesos para cumplir plazos y optimizar la gesti\u00f3n.","robots":{"index":"index","follow":"follow","max-snippet":"max-snippet:-1","max-image-preview":"max-image-preview:large","max-video-preview":"max-video-preview:-1"},"canonical":"https:\/\/www.clubdelemprendimiento.com\/blog\/pymes\/factura-electronica-espana-en-la-recta-final\/","og_locale":"es_ES","og_type":"article","og_title":"Factura electr\u00f3nica: Espa\u00f1a en la recta final","og_description":"La factura electr\u00f3nica ser\u00e1 obligatoria en Espa\u00f1a. Empresas deben digitalizar procesos para cumplir plazos y optimizar la gesti\u00f3n.","og_url":"https:\/\/www.clubdelemprendimiento.com\/blog\/pymes\/factura-electronica-espana-en-la-recta-final\/","og_site_name":"Blog Club del Emprendimiento","article_published_time":"2025-09-02T07:06:01+00:00","article_modified_time":"2025-08-27T07:10:25+00:00","og_image":[{"width":1500,"height":1001,"url":"https:\/\/www.clubdelemprendimiento.com\/blog\/wp-content\/uploads\/2025\/08\/2147965623.jpg","type":"image\/jpeg"}],"author":"Nerea Merino","twitter_card":"summary_large_image","twitter_misc":{"Escrito por":"Nerea Merino","Tiempo de lectura":"2 minutos"},"schema":{"@context":"https:\/\/schema.org","@graph":[{"@type":"WebPage","@id":"https:\/\/www.clubdelemprendimiento.com\/blog\/pymes\/factura-electronica-espana-en-la-recta-final\/","url":"https:\/\/www.clubdelemprendimiento.com\/blog\/pymes\/factura-electronica-espana-en-la-recta-final\/","name":"Factura electr\u00f3nica: Espa\u00f1a en la recta final","isPartOf":{"@id":"https:\/\/www.clubdelemprendimiento.com\/blog\/#website"},"primaryImageOfPage":{"@id":"https:\/\/www.clubdelemprendimiento.com\/blog\/pymes\/factura-electronica-espana-en-la-recta-final\/#primaryimage"},"image":{"@id":"https:\/\/www.clubdelemprendimiento.com\/blog\/pymes\/factura-electronica-espana-en-la-recta-final\/#primaryimage"},"thumbnailUrl":"https:\/\/www.clubdelemprendimiento.com\/blog\/wp-content\/uploads\/2025\/08\/2147965623.jpg","datePublished":"2025-09-02T07:06:01+00:00","dateModified":"2025-08-27T07:10:25+00:00","author":{"@id":"https:\/\/www.clubdelemprendimiento.com\/blog\/#\/schema\/person\/a82ce0fc1281064b1cab4855c351cea7"},"description":"La factura electr\u00f3nica ser\u00e1 obligatoria en Espa\u00f1a. Empresas deben digitalizar procesos para cumplir plazos y optimizar la gesti\u00f3n.","breadcrumb":{"@id":"https:\/\/www.clubdelemprendimiento.com\/blog\/pymes\/factura-electronica-espana-en-la-recta-final\/#breadcrumb"},"inLanguage":"es","potentialAction":[{"@type":"ReadAction","target":["https:\/\/www.clubdelemprendimiento.com\/blog\/pymes\/factura-electronica-espana-en-la-recta-final\/"]}]},{"@type":"ImageObject","inLanguage":"es","@id":"https:\/\/www.clubdelemprendimiento.com\/blog\/pymes\/factura-electronica-espana-en-la-recta-final\/#primaryimage","url":"https:\/\/www.clubdelemprendimiento.com\/blog\/wp-content\/uploads\/2025\/08\/2147965623.jpg","contentUrl":"https:\/\/www.clubdelemprendimiento.com\/blog\/wp-content\/uploads\/2025\/08\/2147965623.jpg","width":1500,"height":1001,"caption":"factura electr\u00f3nica"},{"@type":"BreadcrumbList","@id":"https:\/\/www.clubdelemprendimiento.com\/blog\/pymes\/factura-electronica-espana-en-la-recta-final\/#breadcrumb","itemListElement":[{"@type":"ListItem","position":1,"name":"Home","item":"https:\/\/www.clubdelemprendimiento.com\/blog\/"},{"@type":"ListItem","position":2,"name":"Factura electr\u00f3nica en Espa\u00f1a: comienza la recta final para la adaptaci\u00f3n empresarial"}]},{"@type":"WebSite","@id":"https:\/\/www.clubdelemprendimiento.com\/blog\/#website","url":"https:\/\/www.clubdelemprendimiento.com\/blog\/","name":"Blog Club del Emprendimiento","description":"","potentialAction":[{"@type":"SearchAction","target":{"@type":"EntryPoint","urlTemplate":"https:\/\/www.clubdelemprendimiento.com\/blog\/?s={search_term_string}"},"query-input":"required name=search_term_string"}],"inLanguage":"es"},{"@type":"Person","@id":"https:\/\/www.clubdelemprendimiento.com\/blog\/#\/schema\/person\/a82ce0fc1281064b1cab4855c351cea7","name":"Nerea Merino","image":{"@type":"ImageObject","inLanguage":"es","@id":"https:\/\/www.clubdelemprendimiento.com\/blog\/#\/schema\/person\/image\/","url":"https:\/\/secure.gravatar.com\/avatar\/3b1c906b7b4a65b22c04d52a020d4815?s=96&d=mm&r=g","contentUrl":"https:\/\/secure.gravatar.com\/avatar\/3b1c906b7b4a65b22c04d52a020d4815?s=96&d=mm&r=g","caption":"Nerea Merino"},"url":"https:\/\/www.clubdelemprendimiento.com\/blog\/author\/nerea\/"}]}},"_links":{"self":[{"href":"https:\/\/www.clubdelemprendimiento.com\/blog\/wp-json\/wp\/v2\/posts\/20979"}],"collection":[{"href":"https:\/\/www.clubdelemprendimiento.com\/blog\/wp-json\/wp\/v2\/posts"}],"about":[{"href":"https:\/\/www.clubdelemprendimiento.com\/blog\/wp-json\/wp\/v2\/types\/post"}],"author":[{"embeddable":true,"href":"https:\/\/www.clubdelemprendimiento.com\/blog\/wp-json\/wp\/v2\/users\/14"}],"replies":[{"embeddable":true,"href":"https:\/\/www.clubdelemprendimiento.com\/blog\/wp-json\/wp\/v2\/comments?post=20979"}],"version-history":[{"count":1,"href":"https:\/\/www.clubdelemprendimiento.com\/blog\/wp-json\/wp\/v2\/posts\/20979\/revisions"}],"predecessor-version":[{"id":20981,"href":"https:\/\/www.clubdelemprendimiento.com\/blog\/wp-json\/wp\/v2\/posts\/20979\/revisions\/20981"}],"wp:featuredmedia":[{"embeddable":true,"href":"https:\/\/www.clubdelemprendimiento.com\/blog\/wp-json\/wp\/v2\/media\/20980"}],"wp:attachment":[{"href":"https:\/\/www.clubdelemprendimiento.com\/blog\/wp-json\/wp\/v2\/media?parent=20979"}],"wp:term":[{"taxonomy":"category","embeddable":true,"href":"https:\/\/www.clubdelemprendimiento.com\/blog\/wp-json\/wp\/v2\/categories?post=20979"},{"taxonomy":"post_tag","embeddable":true,"href":"https:\/\/www.clubdelemprendimiento.com\/blog\/wp-json\/wp\/v2\/tags?post=20979"}],"curies":[{"name":"wp","href":"https:\/\/api.w.org\/{rel}","templated":true}]}}