{"id":20018,"date":"2025-07-22T07:08:43","date_gmt":"2025-07-22T07:08:43","guid":{"rendered":"https:\/\/www.clubdelemprendimiento.com\/blog\/?p=20018"},"modified":"2025-07-16T06:33:49","modified_gmt":"2025-07-16T06:33:49","slug":"formacion-clave-en-la-era-digital","status":"publish","type":"post","link":"https:\/\/www.clubdelemprendimiento.com\/blog\/pymes\/formacion-clave-en-la-era-digital\/","title":{"rendered":"Las pymes se enfrentan al reto urgente de la formaci\u00f3n de equipos para no quedarse atr\u00e1s"},"content":{"rendered":"\n<p>La transformaci\u00f3n tecnol\u00f3gica ha acelerado los cambios en los modelos de negocio. En este contexto, las peque\u00f1as y medianas empresas espa\u00f1olas tienen un reto importante, el de <strong>apostar por la formaci\u00f3n de sus equipos para alinearse con las exigencias del entorno digital actual.<\/strong><\/p>\n\n\n\n<p>Aunque la tecnolog\u00eda avanza a pasos agigantados, la mayor\u00eda de las peque\u00f1as y medianas empresas a\u00fan no han incorporado la formaci\u00f3n continua como parte esencial de su estrategia de crecimiento, lo que pone en riesgo su competitividad en el medio y largo plazo.<\/p>\n\n\n\n<h2 class=\"wp-block-heading\">Adopci\u00f3n IA<\/h2>\n\n\n\n<p>A pesar de que las pymes representan el 99,81\u202f% del tejido empresarial del pa\u00eds, seg\u00fan datos del <a href=\"https:\/\/www.mintur.gob.es\/\" target=\"_blank\" rel=\"noreferrer noopener\">Ministerio de Industria, Comercio y Turismo<\/a>, la adopci\u00f3n de tecnolog\u00edas avanzadas como la inteligencia artificial sigue siendo baja. De acuerdo con cifras obtenidas del Observatorio Nacional de Tecnolog\u00eda y Sociedad (ONTSI), solo un 9,6\u202f% de las empresas con m\u00e1s de 10 empleados utiliza esta tecnolog\u00eda. Cuando se habla de las microempresas, el porcentaje desciende al 5,8\u202f%. Estas cifras reflejan una <strong>clara brecha digital<\/strong>, que amenaza con ensancharse si no se toman medidas concretas.<\/p>\n\n\n\n<h2 class=\"wp-block-heading\">Desventajas y ventajas de la formaci\u00f3n de equipos<\/h2>\n\n\n\n<p>La falta de formaci\u00f3n no solo frena la innovaci\u00f3n, sino que tambi\u00e9n <strong>limita seriamente la capacidad real de las empresas para tomar decisiones estrat\u00e9gicas <\/strong>con rapidez, visi\u00f3n, criterio y eficiencia operativa en entornos altamente competitivos.<\/p>\n\n\n\n<p>Invertir en formaci\u00f3n es importante porque ofrece m\u00faltiples beneficios: mejora la productividad, favorece la retenci\u00f3n y atracci\u00f3n de talento, estimula la creatividad interna y permite anticiparse a los cambios del entorno. En un mundo donde la innovaci\u00f3n ya no es opcional, sino imprescindible, las pymes que apuesten por el desarrollo continuo de sus equipos tienen m\u00e1s posibilidades de estar mejor posicionadas para competir, crecer y liderar.<\/p>\n","protected":false},"excerpt":{"rendered":"<p>La transformaci\u00f3n tecnol\u00f3gica ha acelerado los cambios en los modelos de negocio. En este&hellip;<\/p>\n","protected":false},"author":14,"featured_media":20019,"comment_status":"open","ping_status":"open","sticky":false,"template":"","format":"standard","meta":{"_acf_changed":false,"footnotes":""},"categories":[256],"tags":[],"acf":[],"yoast_head":"<!-- This site is optimized with the Yoast SEO plugin v22.7 - https:\/\/yoast.com\/wordpress\/plugins\/seo\/ -->\n<title>Formaci\u00f3n clave en la era digital<\/title>\n<meta name=\"description\" content=\"La formaci\u00f3n continua impulsa a las pymes a adaptarse, innovar y competir en un entorno digital en constante transformaci\u00f3n.\" \/>\n<meta name=\"robots\" content=\"index, follow, max-snippet:-1, max-image-preview:large, max-video-preview:-1\" \/>\n<link rel=\"canonical\" href=\"https:\/\/www.clubdelemprendimiento.com\/blog\/pymes\/formacion-clave-en-la-era-digital\/\" \/>\n<meta property=\"og:locale\" content=\"es_ES\" \/>\n<meta property=\"og:type\" content=\"article\" \/>\n<meta property=\"og:title\" content=\"Formaci\u00f3n clave en la era digital\" \/>\n<meta property=\"og:description\" content=\"La formaci\u00f3n continua impulsa a las pymes a adaptarse, innovar y competir en un entorno digital en constante transformaci\u00f3n.\" \/>\n<meta property=\"og:url\" content=\"https:\/\/www.clubdelemprendimiento.com\/blog\/pymes\/formacion-clave-en-la-era-digital\/\" \/>\n<meta property=\"og:site_name\" content=\"Blog Club del Emprendimiento\" \/>\n<meta property=\"article:published_time\" content=\"2025-07-22T07:08:43+00:00\" \/>\n<meta property=\"article:modified_time\" content=\"2025-07-16T06:33:49+00:00\" \/>\n<meta property=\"og:image\" content=\"https:\/\/www.clubdelemprendimiento.com\/blog\/wp-content\/uploads\/2025\/07\/16288.jpg\" \/>\n\t<meta property=\"og:image:width\" content=\"1500\" \/>\n\t<meta property=\"og:image:height\" content=\"1000\" \/>\n\t<meta property=\"og:image:type\" content=\"image\/jpeg\" \/>\n<meta name=\"author\" content=\"Nerea Merino\" \/>\n<meta name=\"twitter:card\" content=\"summary_large_image\" \/>\n<meta name=\"twitter:label1\" content=\"Escrito por\" \/>\n\t<meta name=\"twitter:data1\" content=\"Nerea Merino\" \/>\n\t<meta name=\"twitter:label2\" content=\"Tiempo de lectura\" \/>\n\t<meta name=\"twitter:data2\" content=\"2 minutos\" \/>\n<script type=\"application\/ld+json\" class=\"yoast-schema-graph\">{\"@context\":\"https:\/\/schema.org\",\"@graph\":[{\"@type\":\"WebPage\",\"@id\":\"https:\/\/www.clubdelemprendimiento.com\/blog\/pymes\/formacion-clave-en-la-era-digital\/\",\"url\":\"https:\/\/www.clubdelemprendimiento.com\/blog\/pymes\/formacion-clave-en-la-era-digital\/\",\"name\":\"Formaci\u00f3n clave en la era digital\",\"isPartOf\":{\"@id\":\"https:\/\/www.clubdelemprendimiento.com\/blog\/#website\"},\"primaryImageOfPage\":{\"@id\":\"https:\/\/www.clubdelemprendimiento.com\/blog\/pymes\/formacion-clave-en-la-era-digital\/#primaryimage\"},\"image\":{\"@id\":\"https:\/\/www.clubdelemprendimiento.com\/blog\/pymes\/formacion-clave-en-la-era-digital\/#primaryimage\"},\"thumbnailUrl\":\"https:\/\/www.clubdelemprendimiento.com\/blog\/wp-content\/uploads\/2025\/07\/16288.jpg\",\"datePublished\":\"2025-07-22T07:08:43+00:00\",\"dateModified\":\"2025-07-16T06:33:49+00:00\",\"author\":{\"@id\":\"https:\/\/www.clubdelemprendimiento.com\/blog\/#\/schema\/person\/a82ce0fc1281064b1cab4855c351cea7\"},\"description\":\"La formaci\u00f3n continua impulsa a las pymes a adaptarse, innovar y competir en un entorno digital en constante transformaci\u00f3n.\",\"breadcrumb\":{\"@id\":\"https:\/\/www.clubdelemprendimiento.com\/blog\/pymes\/formacion-clave-en-la-era-digital\/#breadcrumb\"},\"inLanguage\":\"es\",\"potentialAction\":[{\"@type\":\"ReadAction\",\"target\":[\"https:\/\/www.clubdelemprendimiento.com\/blog\/pymes\/formacion-clave-en-la-era-digital\/\"]}]},{\"@type\":\"ImageObject\",\"inLanguage\":\"es\",\"@id\":\"https:\/\/www.clubdelemprendimiento.com\/blog\/pymes\/formacion-clave-en-la-era-digital\/#primaryimage\",\"url\":\"https:\/\/www.clubdelemprendimiento.com\/blog\/wp-content\/uploads\/2025\/07\/16288.jpg\",\"contentUrl\":\"https:\/\/www.clubdelemprendimiento.com\/blog\/wp-content\/uploads\/2025\/07\/16288.jpg\",\"width\":1500,\"height\":1000,\"caption\":\"formaci\u00f3n\"},{\"@type\":\"BreadcrumbList\",\"@id\":\"https:\/\/www.clubdelemprendimiento.com\/blog\/pymes\/formacion-clave-en-la-era-digital\/#breadcrumb\",\"itemListElement\":[{\"@type\":\"ListItem\",\"position\":1,\"name\":\"Home\",\"item\":\"https:\/\/www.clubdelemprendimiento.com\/blog\/\"},{\"@type\":\"ListItem\",\"position\":2,\"name\":\"Las pymes se enfrentan al reto urgente de la formaci\u00f3n de equipos para no quedarse atr\u00e1s\"}]},{\"@type\":\"WebSite\",\"@id\":\"https:\/\/www.clubdelemprendimiento.com\/blog\/#website\",\"url\":\"https:\/\/www.clubdelemprendimiento.com\/blog\/\",\"name\":\"Blog Club del Emprendimiento\",\"description\":\"\",\"potentialAction\":[{\"@type\":\"SearchAction\",\"target\":{\"@type\":\"EntryPoint\",\"urlTemplate\":\"https:\/\/www.clubdelemprendimiento.com\/blog\/?s={search_term_string}\"},\"query-input\":\"required name=search_term_string\"}],\"inLanguage\":\"es\"},{\"@type\":\"Person\",\"@id\":\"https:\/\/www.clubdelemprendimiento.com\/blog\/#\/schema\/person\/a82ce0fc1281064b1cab4855c351cea7\",\"name\":\"Nerea Merino\",\"image\":{\"@type\":\"ImageObject\",\"inLanguage\":\"es\",\"@id\":\"https:\/\/www.clubdelemprendimiento.com\/blog\/#\/schema\/person\/image\/\",\"url\":\"https:\/\/secure.gravatar.com\/avatar\/3b1c906b7b4a65b22c04d52a020d4815?s=96&d=mm&r=g\",\"contentUrl\":\"https:\/\/secure.gravatar.com\/avatar\/3b1c906b7b4a65b22c04d52a020d4815?s=96&d=mm&r=g\",\"caption\":\"Nerea Merino\"},\"url\":\"https:\/\/www.clubdelemprendimiento.com\/blog\/author\/nerea\/\"}]}<\/script>\n<!-- \/ Yoast SEO plugin. -->","yoast_head_json":{"title":"Formaci\u00f3n clave en la era digital","description":"La formaci\u00f3n continua impulsa a las pymes a adaptarse, innovar y competir en un entorno digital en constante transformaci\u00f3n.","robots":{"index":"index","follow":"follow","max-snippet":"max-snippet:-1","max-image-preview":"max-image-preview:large","max-video-preview":"max-video-preview:-1"},"canonical":"https:\/\/www.clubdelemprendimiento.com\/blog\/pymes\/formacion-clave-en-la-era-digital\/","og_locale":"es_ES","og_type":"article","og_title":"Formaci\u00f3n clave en la era digital","og_description":"La formaci\u00f3n continua impulsa a las pymes a adaptarse, innovar y competir en un entorno digital en constante transformaci\u00f3n.","og_url":"https:\/\/www.clubdelemprendimiento.com\/blog\/pymes\/formacion-clave-en-la-era-digital\/","og_site_name":"Blog Club del Emprendimiento","article_published_time":"2025-07-22T07:08:43+00:00","article_modified_time":"2025-07-16T06:33:49+00:00","og_image":[{"width":1500,"height":1000,"url":"https:\/\/www.clubdelemprendimiento.com\/blog\/wp-content\/uploads\/2025\/07\/16288.jpg","type":"image\/jpeg"}],"author":"Nerea Merino","twitter_card":"summary_large_image","twitter_misc":{"Escrito por":"Nerea Merino","Tiempo de lectura":"2 minutos"},"schema":{"@context":"https:\/\/schema.org","@graph":[{"@type":"WebPage","@id":"https:\/\/www.clubdelemprendimiento.com\/blog\/pymes\/formacion-clave-en-la-era-digital\/","url":"https:\/\/www.clubdelemprendimiento.com\/blog\/pymes\/formacion-clave-en-la-era-digital\/","name":"Formaci\u00f3n clave en la era digital","isPartOf":{"@id":"https:\/\/www.clubdelemprendimiento.com\/blog\/#website"},"primaryImageOfPage":{"@id":"https:\/\/www.clubdelemprendimiento.com\/blog\/pymes\/formacion-clave-en-la-era-digital\/#primaryimage"},"image":{"@id":"https:\/\/www.clubdelemprendimiento.com\/blog\/pymes\/formacion-clave-en-la-era-digital\/#primaryimage"},"thumbnailUrl":"https:\/\/www.clubdelemprendimiento.com\/blog\/wp-content\/uploads\/2025\/07\/16288.jpg","datePublished":"2025-07-22T07:08:43+00:00","dateModified":"2025-07-16T06:33:49+00:00","author":{"@id":"https:\/\/www.clubdelemprendimiento.com\/blog\/#\/schema\/person\/a82ce0fc1281064b1cab4855c351cea7"},"description":"La formaci\u00f3n continua impulsa a las pymes a adaptarse, innovar y competir en un entorno digital en constante transformaci\u00f3n.","breadcrumb":{"@id":"https:\/\/www.clubdelemprendimiento.com\/blog\/pymes\/formacion-clave-en-la-era-digital\/#breadcrumb"},"inLanguage":"es","potentialAction":[{"@type":"ReadAction","target":["https:\/\/www.clubdelemprendimiento.com\/blog\/pymes\/formacion-clave-en-la-era-digital\/"]}]},{"@type":"ImageObject","inLanguage":"es","@id":"https:\/\/www.clubdelemprendimiento.com\/blog\/pymes\/formacion-clave-en-la-era-digital\/#primaryimage","url":"https:\/\/www.clubdelemprendimiento.com\/blog\/wp-content\/uploads\/2025\/07\/16288.jpg","contentUrl":"https:\/\/www.clubdelemprendimiento.com\/blog\/wp-content\/uploads\/2025\/07\/16288.jpg","width":1500,"height":1000,"caption":"formaci\u00f3n"},{"@type":"BreadcrumbList","@id":"https:\/\/www.clubdelemprendimiento.com\/blog\/pymes\/formacion-clave-en-la-era-digital\/#breadcrumb","itemListElement":[{"@type":"ListItem","position":1,"name":"Home","item":"https:\/\/www.clubdelemprendimiento.com\/blog\/"},{"@type":"ListItem","position":2,"name":"Las pymes se enfrentan al reto urgente de la formaci\u00f3n de equipos para no quedarse atr\u00e1s"}]},{"@type":"WebSite","@id":"https:\/\/www.clubdelemprendimiento.com\/blog\/#website","url":"https:\/\/www.clubdelemprendimiento.com\/blog\/","name":"Blog Club del Emprendimiento","description":"","potentialAction":[{"@type":"SearchAction","target":{"@type":"EntryPoint","urlTemplate":"https:\/\/www.clubdelemprendimiento.com\/blog\/?s={search_term_string}"},"query-input":"required name=search_term_string"}],"inLanguage":"es"},{"@type":"Person","@id":"https:\/\/www.clubdelemprendimiento.com\/blog\/#\/schema\/person\/a82ce0fc1281064b1cab4855c351cea7","name":"Nerea Merino","image":{"@type":"ImageObject","inLanguage":"es","@id":"https:\/\/www.clubdelemprendimiento.com\/blog\/#\/schema\/person\/image\/","url":"https:\/\/secure.gravatar.com\/avatar\/3b1c906b7b4a65b22c04d52a020d4815?s=96&d=mm&r=g","contentUrl":"https:\/\/secure.gravatar.com\/avatar\/3b1c906b7b4a65b22c04d52a020d4815?s=96&d=mm&r=g","caption":"Nerea Merino"},"url":"https:\/\/www.clubdelemprendimiento.com\/blog\/author\/nerea\/"}]}},"_links":{"self":[{"href":"https:\/\/www.clubdelemprendimiento.com\/blog\/wp-json\/wp\/v2\/posts\/20018"}],"collection":[{"href":"https:\/\/www.clubdelemprendimiento.com\/blog\/wp-json\/wp\/v2\/posts"}],"about":[{"href":"https:\/\/www.clubdelemprendimiento.com\/blog\/wp-json\/wp\/v2\/types\/post"}],"author":[{"embeddable":true,"href":"https:\/\/www.clubdelemprendimiento.com\/blog\/wp-json\/wp\/v2\/users\/14"}],"replies":[{"embeddable":true,"href":"https:\/\/www.clubdelemprendimiento.com\/blog\/wp-json\/wp\/v2\/comments?post=20018"}],"version-history":[{"count":1,"href":"https:\/\/www.clubdelemprendimiento.com\/blog\/wp-json\/wp\/v2\/posts\/20018\/revisions"}],"predecessor-version":[{"id":20020,"href":"https:\/\/www.clubdelemprendimiento.com\/blog\/wp-json\/wp\/v2\/posts\/20018\/revisions\/20020"}],"wp:featuredmedia":[{"embeddable":true,"href":"https:\/\/www.clubdelemprendimiento.com\/blog\/wp-json\/wp\/v2\/media\/20019"}],"wp:attachment":[{"href":"https:\/\/www.clubdelemprendimiento.com\/blog\/wp-json\/wp\/v2\/media?parent=20018"}],"wp:term":[{"taxonomy":"category","embeddable":true,"href":"https:\/\/www.clubdelemprendimiento.com\/blog\/wp-json\/wp\/v2\/categories?post=20018"},{"taxonomy":"post_tag","embeddable":true,"href":"https:\/\/www.clubdelemprendimiento.com\/blog\/wp-json\/wp\/v2\/tags?post=20018"}],"curies":[{"name":"wp","href":"https:\/\/api.w.org\/{rel}","templated":true}]}}