{"id":19872,"date":"2025-07-16T11:17:57","date_gmt":"2025-07-16T11:17:57","guid":{"rendered":"https:\/\/www.clubdelemprendimiento.com\/blog\/?p=19872"},"modified":"2025-07-09T11:31:47","modified_gmt":"2025-07-09T11:31:47","slug":"desaceleracion-del-empleo-en-junio","status":"publish","type":"post","link":"https:\/\/www.clubdelemprendimiento.com\/blog\/pymes\/desaceleracion-del-empleo-en-junio\/","title":{"rendered":"CEPYME alerta sobre la desaceleraci\u00f3n del empleo y reclama m\u00e1s apoyo para las pymes"},"content":{"rendered":"\n<p>El mercado laboral espa\u00f1ol mostr\u00f3 en junio un crecimiento estacional del empleo, aunque con una moderaci\u00f3n en el ritmo habitual para esta \u00e9poca del a\u00f1o. La afiliaci\u00f3n a la Seguridad Social aument\u00f3 un 2,2% interanual, un dato que, aunque positivo, refleja una leve <strong>desaceleraci\u00f3n del empleo<\/strong> frente a los crecimientos registrados en el mismo mes de 2024 (2,5%) y 2023 (2,6%).<\/p>\n\n\n\n<p>Desde la Confederaci\u00f3n Espa\u00f1ola de la Peque\u00f1a y Mediana Empresa (CEPYME) se observa con preocupaci\u00f3n esta tendencia, ya que podr\u00eda estar indicando una menor capacidad de generaci\u00f3n de empleo por parte de las pymes. Factores como el encarecimiento de los costes empresariales o la incertidumbre normativa, especialmente en relaci\u00f3n con posibles reformas como la reducci\u00f3n de la jornada laboral, estar\u00edan afectando especialmente a las microempresas.<\/p>\n\n\n\n<h2 class=\"wp-block-heading\">Desaceleraci\u00f3n del empleo: se\u00f1ales que preocupan al tejido empresarial<\/h2>\n\n\n\n<p>El an\u00e1lisis sectorial muestra comportamientos dispares. Mientras el sector agropecuario volvi\u00f3 a perder empleo con una ca\u00edda del 0,2%, la construcci\u00f3n lider\u00f3 el aumento de afiliaci\u00f3n con un 2,9%. En los servicios, donde se crearon cerca de 392.000 nuevos puestos de trabajo, el ritmo de crecimiento fue el m\u00e1s bajo desde la pandemia. Por su parte, la industria registr\u00f3 un aumento del 1,6% en el empleo.<\/p>\n\n\n\n<p>El empleo p\u00fablico continu\u00f3 creciendo por encima del privado, con una variaci\u00f3n del 2,3% frente al 2,2% respectivamente. Esto supuso 68.800 nuevos empleos en el \u00e1mbito p\u00fablico y 399.400 en el privado.<\/p>\n\n\n\n<p>En cuanto al desempleo, el mes de junio cerr\u00f3 con una reducci\u00f3n de 48.920 personas respecto al mes anterior. En t\u00e9rminos interanuales, la ca\u00edda fue del 6,1%, con 155.100 parados menos.<\/p>\n\n\n\n<p>CEPYME subraya la importancia de reforzar las pol\u00edticas que favorezcan la actividad empresarial, especialmente las orientadas a aliviar cargas y fomentar un entorno estable que permita a las peque\u00f1as y medianas empresas seguir contribuyendo al empleo y al crecimiento econ\u00f3mico.<\/p>\n","protected":false},"excerpt":{"rendered":"<p>El mercado laboral espa\u00f1ol mostr\u00f3 en junio un crecimiento estacional del empleo, aunque con&hellip;<\/p>\n","protected":false},"author":14,"featured_media":19873,"comment_status":"open","ping_status":"open","sticky":false,"template":"","format":"standard","meta":{"_acf_changed":false,"footnotes":""},"categories":[256],"tags":[],"acf":[],"yoast_head":"<!-- This site is optimized with the Yoast SEO plugin v22.7 - https:\/\/yoast.com\/wordpress\/plugins\/seo\/ -->\n<title>Desaceleraci\u00f3n del empleo en junio<\/title>\n<meta name=\"description\" content=\"CEPYME advierte de la desaceleraci\u00f3n del empleo y reclama medidas para apoyar a pymes ante costes crecientes e incertidumbre.\" \/>\n<meta name=\"robots\" content=\"index, follow, max-snippet:-1, max-image-preview:large, max-video-preview:-1\" \/>\n<link rel=\"canonical\" href=\"https:\/\/www.clubdelemprendimiento.com\/blog\/pymes\/desaceleracion-del-empleo-en-junio\/\" \/>\n<meta property=\"og:locale\" content=\"es_ES\" \/>\n<meta property=\"og:type\" content=\"article\" \/>\n<meta property=\"og:title\" content=\"Desaceleraci\u00f3n del empleo en junio\" \/>\n<meta property=\"og:description\" content=\"CEPYME advierte de la desaceleraci\u00f3n del empleo y reclama medidas para apoyar a pymes ante costes crecientes e incertidumbre.\" \/>\n<meta property=\"og:url\" content=\"https:\/\/www.clubdelemprendimiento.com\/blog\/pymes\/desaceleracion-del-empleo-en-junio\/\" \/>\n<meta property=\"og:site_name\" content=\"Blog Club del Emprendimiento\" \/>\n<meta property=\"article:published_time\" content=\"2025-07-16T11:17:57+00:00\" \/>\n<meta property=\"article:modified_time\" content=\"2025-07-09T11:31:47+00:00\" \/>\n<meta property=\"og:image\" content=\"https:\/\/www.clubdelemprendimiento.com\/blog\/wp-content\/uploads\/2025\/07\/2147838573.jpg\" \/>\n\t<meta property=\"og:image:width\" content=\"1500\" \/>\n\t<meta property=\"og:image:height\" content=\"1000\" \/>\n\t<meta property=\"og:image:type\" content=\"image\/jpeg\" \/>\n<meta name=\"author\" content=\"Nerea Merino\" \/>\n<meta name=\"twitter:card\" content=\"summary_large_image\" \/>\n<meta name=\"twitter:label1\" content=\"Escrito por\" \/>\n\t<meta name=\"twitter:data1\" content=\"Nerea Merino\" \/>\n\t<meta name=\"twitter:label2\" content=\"Tiempo de lectura\" \/>\n\t<meta name=\"twitter:data2\" content=\"2 minutos\" \/>\n<script type=\"application\/ld+json\" class=\"yoast-schema-graph\">{\"@context\":\"https:\/\/schema.org\",\"@graph\":[{\"@type\":\"WebPage\",\"@id\":\"https:\/\/www.clubdelemprendimiento.com\/blog\/pymes\/desaceleracion-del-empleo-en-junio\/\",\"url\":\"https:\/\/www.clubdelemprendimiento.com\/blog\/pymes\/desaceleracion-del-empleo-en-junio\/\",\"name\":\"Desaceleraci\u00f3n del empleo en junio\",\"isPartOf\":{\"@id\":\"https:\/\/www.clubdelemprendimiento.com\/blog\/#website\"},\"primaryImageOfPage\":{\"@id\":\"https:\/\/www.clubdelemprendimiento.com\/blog\/pymes\/desaceleracion-del-empleo-en-junio\/#primaryimage\"},\"image\":{\"@id\":\"https:\/\/www.clubdelemprendimiento.com\/blog\/pymes\/desaceleracion-del-empleo-en-junio\/#primaryimage\"},\"thumbnailUrl\":\"https:\/\/www.clubdelemprendimiento.com\/blog\/wp-content\/uploads\/2025\/07\/2147838573.jpg\",\"datePublished\":\"2025-07-16T11:17:57+00:00\",\"dateModified\":\"2025-07-09T11:31:47+00:00\",\"author\":{\"@id\":\"https:\/\/www.clubdelemprendimiento.com\/blog\/#\/schema\/person\/a82ce0fc1281064b1cab4855c351cea7\"},\"description\":\"CEPYME advierte de la desaceleraci\u00f3n del empleo y reclama medidas para apoyar a pymes ante costes crecientes e incertidumbre.\",\"breadcrumb\":{\"@id\":\"https:\/\/www.clubdelemprendimiento.com\/blog\/pymes\/desaceleracion-del-empleo-en-junio\/#breadcrumb\"},\"inLanguage\":\"es\",\"potentialAction\":[{\"@type\":\"ReadAction\",\"target\":[\"https:\/\/www.clubdelemprendimiento.com\/blog\/pymes\/desaceleracion-del-empleo-en-junio\/\"]}]},{\"@type\":\"ImageObject\",\"inLanguage\":\"es\",\"@id\":\"https:\/\/www.clubdelemprendimiento.com\/blog\/pymes\/desaceleracion-del-empleo-en-junio\/#primaryimage\",\"url\":\"https:\/\/www.clubdelemprendimiento.com\/blog\/wp-content\/uploads\/2025\/07\/2147838573.jpg\",\"contentUrl\":\"https:\/\/www.clubdelemprendimiento.com\/blog\/wp-content\/uploads\/2025\/07\/2147838573.jpg\",\"width\":1500,\"height\":1000,\"caption\":\"desaceleraci\u00f3n del empleo\"},{\"@type\":\"BreadcrumbList\",\"@id\":\"https:\/\/www.clubdelemprendimiento.com\/blog\/pymes\/desaceleracion-del-empleo-en-junio\/#breadcrumb\",\"itemListElement\":[{\"@type\":\"ListItem\",\"position\":1,\"name\":\"Home\",\"item\":\"https:\/\/www.clubdelemprendimiento.com\/blog\/\"},{\"@type\":\"ListItem\",\"position\":2,\"name\":\"CEPYME alerta sobre la desaceleraci\u00f3n del empleo y reclama m\u00e1s apoyo para las pymes\"}]},{\"@type\":\"WebSite\",\"@id\":\"https:\/\/www.clubdelemprendimiento.com\/blog\/#website\",\"url\":\"https:\/\/www.clubdelemprendimiento.com\/blog\/\",\"name\":\"Blog Club del Emprendimiento\",\"description\":\"\",\"potentialAction\":[{\"@type\":\"SearchAction\",\"target\":{\"@type\":\"EntryPoint\",\"urlTemplate\":\"https:\/\/www.clubdelemprendimiento.com\/blog\/?s={search_term_string}\"},\"query-input\":\"required name=search_term_string\"}],\"inLanguage\":\"es\"},{\"@type\":\"Person\",\"@id\":\"https:\/\/www.clubdelemprendimiento.com\/blog\/#\/schema\/person\/a82ce0fc1281064b1cab4855c351cea7\",\"name\":\"Nerea Merino\",\"image\":{\"@type\":\"ImageObject\",\"inLanguage\":\"es\",\"@id\":\"https:\/\/www.clubdelemprendimiento.com\/blog\/#\/schema\/person\/image\/\",\"url\":\"https:\/\/secure.gravatar.com\/avatar\/3b1c906b7b4a65b22c04d52a020d4815?s=96&d=mm&r=g\",\"contentUrl\":\"https:\/\/secure.gravatar.com\/avatar\/3b1c906b7b4a65b22c04d52a020d4815?s=96&d=mm&r=g\",\"caption\":\"Nerea Merino\"},\"url\":\"https:\/\/www.clubdelemprendimiento.com\/blog\/author\/nerea\/\"}]}<\/script>\n<!-- \/ Yoast SEO plugin. -->","yoast_head_json":{"title":"Desaceleraci\u00f3n del empleo en junio","description":"CEPYME advierte de la desaceleraci\u00f3n del empleo y reclama medidas para apoyar a pymes ante costes crecientes e incertidumbre.","robots":{"index":"index","follow":"follow","max-snippet":"max-snippet:-1","max-image-preview":"max-image-preview:large","max-video-preview":"max-video-preview:-1"},"canonical":"https:\/\/www.clubdelemprendimiento.com\/blog\/pymes\/desaceleracion-del-empleo-en-junio\/","og_locale":"es_ES","og_type":"article","og_title":"Desaceleraci\u00f3n del empleo en junio","og_description":"CEPYME advierte de la desaceleraci\u00f3n del empleo y reclama medidas para apoyar a pymes ante costes crecientes e incertidumbre.","og_url":"https:\/\/www.clubdelemprendimiento.com\/blog\/pymes\/desaceleracion-del-empleo-en-junio\/","og_site_name":"Blog Club del Emprendimiento","article_published_time":"2025-07-16T11:17:57+00:00","article_modified_time":"2025-07-09T11:31:47+00:00","og_image":[{"width":1500,"height":1000,"url":"https:\/\/www.clubdelemprendimiento.com\/blog\/wp-content\/uploads\/2025\/07\/2147838573.jpg","type":"image\/jpeg"}],"author":"Nerea Merino","twitter_card":"summary_large_image","twitter_misc":{"Escrito por":"Nerea Merino","Tiempo de lectura":"2 minutos"},"schema":{"@context":"https:\/\/schema.org","@graph":[{"@type":"WebPage","@id":"https:\/\/www.clubdelemprendimiento.com\/blog\/pymes\/desaceleracion-del-empleo-en-junio\/","url":"https:\/\/www.clubdelemprendimiento.com\/blog\/pymes\/desaceleracion-del-empleo-en-junio\/","name":"Desaceleraci\u00f3n del empleo en junio","isPartOf":{"@id":"https:\/\/www.clubdelemprendimiento.com\/blog\/#website"},"primaryImageOfPage":{"@id":"https:\/\/www.clubdelemprendimiento.com\/blog\/pymes\/desaceleracion-del-empleo-en-junio\/#primaryimage"},"image":{"@id":"https:\/\/www.clubdelemprendimiento.com\/blog\/pymes\/desaceleracion-del-empleo-en-junio\/#primaryimage"},"thumbnailUrl":"https:\/\/www.clubdelemprendimiento.com\/blog\/wp-content\/uploads\/2025\/07\/2147838573.jpg","datePublished":"2025-07-16T11:17:57+00:00","dateModified":"2025-07-09T11:31:47+00:00","author":{"@id":"https:\/\/www.clubdelemprendimiento.com\/blog\/#\/schema\/person\/a82ce0fc1281064b1cab4855c351cea7"},"description":"CEPYME advierte de la desaceleraci\u00f3n del empleo y reclama medidas para apoyar a pymes ante costes crecientes e incertidumbre.","breadcrumb":{"@id":"https:\/\/www.clubdelemprendimiento.com\/blog\/pymes\/desaceleracion-del-empleo-en-junio\/#breadcrumb"},"inLanguage":"es","potentialAction":[{"@type":"ReadAction","target":["https:\/\/www.clubdelemprendimiento.com\/blog\/pymes\/desaceleracion-del-empleo-en-junio\/"]}]},{"@type":"ImageObject","inLanguage":"es","@id":"https:\/\/www.clubdelemprendimiento.com\/blog\/pymes\/desaceleracion-del-empleo-en-junio\/#primaryimage","url":"https:\/\/www.clubdelemprendimiento.com\/blog\/wp-content\/uploads\/2025\/07\/2147838573.jpg","contentUrl":"https:\/\/www.clubdelemprendimiento.com\/blog\/wp-content\/uploads\/2025\/07\/2147838573.jpg","width":1500,"height":1000,"caption":"desaceleraci\u00f3n del empleo"},{"@type":"BreadcrumbList","@id":"https:\/\/www.clubdelemprendimiento.com\/blog\/pymes\/desaceleracion-del-empleo-en-junio\/#breadcrumb","itemListElement":[{"@type":"ListItem","position":1,"name":"Home","item":"https:\/\/www.clubdelemprendimiento.com\/blog\/"},{"@type":"ListItem","position":2,"name":"CEPYME alerta sobre la desaceleraci\u00f3n del empleo y reclama m\u00e1s apoyo para las pymes"}]},{"@type":"WebSite","@id":"https:\/\/www.clubdelemprendimiento.com\/blog\/#website","url":"https:\/\/www.clubdelemprendimiento.com\/blog\/","name":"Blog Club del Emprendimiento","description":"","potentialAction":[{"@type":"SearchAction","target":{"@type":"EntryPoint","urlTemplate":"https:\/\/www.clubdelemprendimiento.com\/blog\/?s={search_term_string}"},"query-input":"required name=search_term_string"}],"inLanguage":"es"},{"@type":"Person","@id":"https:\/\/www.clubdelemprendimiento.com\/blog\/#\/schema\/person\/a82ce0fc1281064b1cab4855c351cea7","name":"Nerea Merino","image":{"@type":"ImageObject","inLanguage":"es","@id":"https:\/\/www.clubdelemprendimiento.com\/blog\/#\/schema\/person\/image\/","url":"https:\/\/secure.gravatar.com\/avatar\/3b1c906b7b4a65b22c04d52a020d4815?s=96&d=mm&r=g","contentUrl":"https:\/\/secure.gravatar.com\/avatar\/3b1c906b7b4a65b22c04d52a020d4815?s=96&d=mm&r=g","caption":"Nerea Merino"},"url":"https:\/\/www.clubdelemprendimiento.com\/blog\/author\/nerea\/"}]}},"_links":{"self":[{"href":"https:\/\/www.clubdelemprendimiento.com\/blog\/wp-json\/wp\/v2\/posts\/19872"}],"collection":[{"href":"https:\/\/www.clubdelemprendimiento.com\/blog\/wp-json\/wp\/v2\/posts"}],"about":[{"href":"https:\/\/www.clubdelemprendimiento.com\/blog\/wp-json\/wp\/v2\/types\/post"}],"author":[{"embeddable":true,"href":"https:\/\/www.clubdelemprendimiento.com\/blog\/wp-json\/wp\/v2\/users\/14"}],"replies":[{"embeddable":true,"href":"https:\/\/www.clubdelemprendimiento.com\/blog\/wp-json\/wp\/v2\/comments?post=19872"}],"version-history":[{"count":1,"href":"https:\/\/www.clubdelemprendimiento.com\/blog\/wp-json\/wp\/v2\/posts\/19872\/revisions"}],"predecessor-version":[{"id":19874,"href":"https:\/\/www.clubdelemprendimiento.com\/blog\/wp-json\/wp\/v2\/posts\/19872\/revisions\/19874"}],"wp:featuredmedia":[{"embeddable":true,"href":"https:\/\/www.clubdelemprendimiento.com\/blog\/wp-json\/wp\/v2\/media\/19873"}],"wp:attachment":[{"href":"https:\/\/www.clubdelemprendimiento.com\/blog\/wp-json\/wp\/v2\/media?parent=19872"}],"wp:term":[{"taxonomy":"category","embeddable":true,"href":"https:\/\/www.clubdelemprendimiento.com\/blog\/wp-json\/wp\/v2\/categories?post=19872"},{"taxonomy":"post_tag","embeddable":true,"href":"https:\/\/www.clubdelemprendimiento.com\/blog\/wp-json\/wp\/v2\/tags?post=19872"}],"curies":[{"name":"wp","href":"https:\/\/api.w.org\/{rel}","templated":true}]}}