{"id":18452,"date":"2025-05-30T07:33:55","date_gmt":"2025-05-30T07:33:55","guid":{"rendered":"https:\/\/www.clubdelemprendimiento.com\/blog\/?p=18452"},"modified":"2025-06-02T08:33:14","modified_gmt":"2025-06-02T08:33:14","slug":"aje-madrid-impulsa-talento-joven","status":"publish","type":"post","link":"https:\/\/www.clubdelemprendimiento.com\/blog\/nuestros-emprendedores\/aje-madrid-impulsa-talento-joven\/","title":{"rendered":"We Are Young Summer Edition: AJE Madrid conecta innovaci\u00f3n, juventud y oportunidades reales"},"content":{"rendered":"\n<p>El pr\u00f3ximo <strong>3 de junio<\/strong>, el palacete de la <strong>Fundaci\u00f3n PONS<\/strong> se convierte en el epicentro del emprendimiento joven con la celebraci\u00f3n de <strong>We Are Young Summer Edition<\/strong>, un evento promovido por <strong>AJE Madrid<\/strong> en colaboraci\u00f3n con <strong>Scale Lab<\/strong>, que reunir\u00e1 a referentes del ecosistema empresarial para reconocer, conectar e inspirar a la nueva generaci\u00f3n de emprendedores.<\/p>\n\n\n\n<p>La jornada, concebida como una experiencia abierta, inclusiva y participativa, busca potenciar el papel de los j\u00f3venes en la construcci\u00f3n del futuro empresarial de la regi\u00f3n. Con el respaldo del <strong>Ayuntamiento de Madrid<\/strong>, <strong>Madrid Emprende<\/strong> y actores clave del tejido innovador, <strong>We Are Young<\/strong> se presenta como una cita estrat\u00e9gica dentro de una semana en la que la ciudad acoge tambi\u00e9n el <strong>South Summit<\/strong>, consolidando su posici\u00f3n como hub internacional de innovaci\u00f3n.<\/p>\n\n\n\n<h2 class=\"wp-block-heading\">Reconociendo el impulso al emprendimiento<\/h2>\n\n\n\n<p>Durante el evento, se har\u00e1 entrega de las <strong>medallas AJE<\/strong> a distintas personalidades, empresas y organizaciones por su labor destacada en el impulso del emprendimiento. Entre los galardonados de esta edici\u00f3n figuran:<\/p>\n\n\n\n<ul>\n<li><strong>Bolsas y Mercados Espa\u00f1oles (BME\/SIX)<\/strong> y su programa <strong>Entorno Pre Mercado<\/strong><\/li>\n\n\n\n<li>La empresa aeroespacial <strong>PLD Space<\/strong>, representada por su CFO Jos\u00e9 Manuel Rodr\u00edguez<\/li>\n\n\n\n<li>La entidad de formaci\u00f3n <strong>Femxa<\/strong>, con su socio fundador Jos\u00e9 Manuel Campos<\/li>\n\n\n\n<li>El programa <strong>BStartup de Banco Sabadell<\/strong><\/li>\n\n\n\n<li>El empresario <strong>Alejandro Fern\u00e1ndez Luengo<\/strong>, fundador de ColivINN y presidente de Marco Aldany<\/li>\n<\/ul>\n\n\n\n<h2 class=\"wp-block-heading\">AJE Madrid genera conexiones de valor para emprendedores<\/h2>\n\n\n\n<p>La jornada, con formato abierto e inclusivo, ofrecer\u00e1 conversaciones con referentes, experiencias reales y acceso directo a mentores e inversores, culminando con un espacio de <strong>networking de calidad<\/strong>.<\/p>\n\n\n\n<p>El evento cuenta con el respaldo de <strong>Madrid Emprende<\/strong> y el programa <strong>Scale Lab<\/strong>, una iniciativa de <strong>PONS IP<\/strong>, <strong>Fundaci\u00f3n PONS<\/strong> y la <strong>Comunidad de Madrid<\/strong> para apoyar el crecimiento de m\u00e1s de 2.500 startups tecnol\u00f3gicas.<\/p>\n\n\n\n<p>AJE Madrid, con m\u00e1s de <strong>200 eventos anuales<\/strong> y m\u00e1s de <strong>15.000 asistentes hist\u00f3ricos<\/strong>, refuerza as\u00ed su papel clave en el ecosistema emprendedor joven de la regi\u00f3n.<\/p>\n\n\n\n<p>\ud83d\uddd3 <strong>Cu\u00e1ndo:<\/strong> Martes, 3 de junio, de 18:00 a 22:00 h<br>\ud83d\udccd <strong>D\u00f3nde:<\/strong> Palacete Fundaci\u00f3n PONS \u2013 C\/ Serrano 138, Madrid, 28006<\/p>\n","protected":false},"excerpt":{"rendered":"<p>El pr\u00f3ximo 3 de junio, el palacete de la Fundaci\u00f3n PONS se convierte en&hellip;<\/p>\n","protected":false},"author":14,"featured_media":18453,"comment_status":"open","ping_status":"open","sticky":false,"template":"","format":"standard","meta":{"_acf_changed":false,"footnotes":""},"categories":[91],"tags":[],"acf":[],"yoast_head":"<!-- This site is optimized with the Yoast SEO plugin v22.7 - https:\/\/yoast.com\/wordpress\/plugins\/seo\/ -->\n<title>AJE Madrid impulsa talento joven<\/title>\n<meta name=\"description\" content=\"AJE Madrid celebra We Are Young Summer Edition: un evento para premiar, inspirar y conectar a j\u00f3venes emprendedores en Madrid.\" \/>\n<meta name=\"robots\" content=\"index, follow, max-snippet:-1, max-image-preview:large, max-video-preview:-1\" \/>\n<link rel=\"canonical\" href=\"https:\/\/www.clubdelemprendimiento.com\/blog\/nuestros-emprendedores\/aje-madrid-impulsa-talento-joven\/\" \/>\n<meta property=\"og:locale\" content=\"es_ES\" \/>\n<meta property=\"og:type\" content=\"article\" \/>\n<meta property=\"og:title\" content=\"AJE Madrid impulsa talento joven\" \/>\n<meta property=\"og:description\" content=\"AJE Madrid celebra We Are Young Summer Edition: un evento para premiar, inspirar y conectar a j\u00f3venes emprendedores en Madrid.\" \/>\n<meta property=\"og:url\" content=\"https:\/\/www.clubdelemprendimiento.com\/blog\/nuestros-emprendedores\/aje-madrid-impulsa-talento-joven\/\" \/>\n<meta property=\"og:site_name\" content=\"Blog Club del Emprendimiento\" \/>\n<meta property=\"article:published_time\" content=\"2025-05-30T07:33:55+00:00\" \/>\n<meta property=\"article:modified_time\" content=\"2025-06-02T08:33:14+00:00\" \/>\n<meta property=\"og:image\" content=\"https:\/\/www.clubdelemprendimiento.com\/blog\/wp-content\/uploads\/2025\/05\/2147702075.jpg\" \/>\n\t<meta property=\"og:image:width\" content=\"1500\" \/>\n\t<meta property=\"og:image:height\" content=\"1000\" \/>\n\t<meta property=\"og:image:type\" content=\"image\/jpeg\" \/>\n<meta name=\"author\" content=\"Nerea Merino\" \/>\n<meta name=\"twitter:card\" content=\"summary_large_image\" \/>\n<meta name=\"twitter:label1\" content=\"Escrito por\" \/>\n\t<meta name=\"twitter:data1\" content=\"Nerea Merino\" \/>\n\t<meta name=\"twitter:label2\" content=\"Tiempo de lectura\" \/>\n\t<meta name=\"twitter:data2\" content=\"2 minutos\" \/>\n<script type=\"application\/ld+json\" class=\"yoast-schema-graph\">{\"@context\":\"https:\/\/schema.org\",\"@graph\":[{\"@type\":\"WebPage\",\"@id\":\"https:\/\/www.clubdelemprendimiento.com\/blog\/nuestros-emprendedores\/aje-madrid-impulsa-talento-joven\/\",\"url\":\"https:\/\/www.clubdelemprendimiento.com\/blog\/nuestros-emprendedores\/aje-madrid-impulsa-talento-joven\/\",\"name\":\"AJE Madrid impulsa talento joven\",\"isPartOf\":{\"@id\":\"https:\/\/www.clubdelemprendimiento.com\/blog\/#website\"},\"primaryImageOfPage\":{\"@id\":\"https:\/\/www.clubdelemprendimiento.com\/blog\/nuestros-emprendedores\/aje-madrid-impulsa-talento-joven\/#primaryimage\"},\"image\":{\"@id\":\"https:\/\/www.clubdelemprendimiento.com\/blog\/nuestros-emprendedores\/aje-madrid-impulsa-talento-joven\/#primaryimage\"},\"thumbnailUrl\":\"https:\/\/www.clubdelemprendimiento.com\/blog\/wp-content\/uploads\/2025\/05\/2147702075.jpg\",\"datePublished\":\"2025-05-30T07:33:55+00:00\",\"dateModified\":\"2025-06-02T08:33:14+00:00\",\"author\":{\"@id\":\"https:\/\/www.clubdelemprendimiento.com\/blog\/#\/schema\/person\/a82ce0fc1281064b1cab4855c351cea7\"},\"description\":\"AJE Madrid celebra We Are Young Summer Edition: un evento para premiar, inspirar y conectar a j\u00f3venes emprendedores en Madrid.\",\"breadcrumb\":{\"@id\":\"https:\/\/www.clubdelemprendimiento.com\/blog\/nuestros-emprendedores\/aje-madrid-impulsa-talento-joven\/#breadcrumb\"},\"inLanguage\":\"es\",\"potentialAction\":[{\"@type\":\"ReadAction\",\"target\":[\"https:\/\/www.clubdelemprendimiento.com\/blog\/nuestros-emprendedores\/aje-madrid-impulsa-talento-joven\/\"]}]},{\"@type\":\"ImageObject\",\"inLanguage\":\"es\",\"@id\":\"https:\/\/www.clubdelemprendimiento.com\/blog\/nuestros-emprendedores\/aje-madrid-impulsa-talento-joven\/#primaryimage\",\"url\":\"https:\/\/www.clubdelemprendimiento.com\/blog\/wp-content\/uploads\/2025\/05\/2147702075.jpg\",\"contentUrl\":\"https:\/\/www.clubdelemprendimiento.com\/blog\/wp-content\/uploads\/2025\/05\/2147702075.jpg\",\"width\":1500,\"height\":1000,\"caption\":\"AJE Madrid\"},{\"@type\":\"BreadcrumbList\",\"@id\":\"https:\/\/www.clubdelemprendimiento.com\/blog\/nuestros-emprendedores\/aje-madrid-impulsa-talento-joven\/#breadcrumb\",\"itemListElement\":[{\"@type\":\"ListItem\",\"position\":1,\"name\":\"Home\",\"item\":\"https:\/\/www.clubdelemprendimiento.com\/blog\/\"},{\"@type\":\"ListItem\",\"position\":2,\"name\":\"We Are Young Summer Edition: AJE Madrid conecta innovaci\u00f3n, juventud y oportunidades reales\"}]},{\"@type\":\"WebSite\",\"@id\":\"https:\/\/www.clubdelemprendimiento.com\/blog\/#website\",\"url\":\"https:\/\/www.clubdelemprendimiento.com\/blog\/\",\"name\":\"Blog Club del Emprendimiento\",\"description\":\"\",\"potentialAction\":[{\"@type\":\"SearchAction\",\"target\":{\"@type\":\"EntryPoint\",\"urlTemplate\":\"https:\/\/www.clubdelemprendimiento.com\/blog\/?s={search_term_string}\"},\"query-input\":\"required name=search_term_string\"}],\"inLanguage\":\"es\"},{\"@type\":\"Person\",\"@id\":\"https:\/\/www.clubdelemprendimiento.com\/blog\/#\/schema\/person\/a82ce0fc1281064b1cab4855c351cea7\",\"name\":\"Nerea Merino\",\"image\":{\"@type\":\"ImageObject\",\"inLanguage\":\"es\",\"@id\":\"https:\/\/www.clubdelemprendimiento.com\/blog\/#\/schema\/person\/image\/\",\"url\":\"https:\/\/secure.gravatar.com\/avatar\/3b1c906b7b4a65b22c04d52a020d4815?s=96&d=mm&r=g\",\"contentUrl\":\"https:\/\/secure.gravatar.com\/avatar\/3b1c906b7b4a65b22c04d52a020d4815?s=96&d=mm&r=g\",\"caption\":\"Nerea Merino\"},\"url\":\"https:\/\/www.clubdelemprendimiento.com\/blog\/author\/nerea\/\"}]}<\/script>\n<!-- \/ Yoast SEO plugin. -->","yoast_head_json":{"title":"AJE Madrid impulsa talento joven","description":"AJE Madrid celebra We Are Young Summer Edition: un evento para premiar, inspirar y conectar a j\u00f3venes emprendedores en Madrid.","robots":{"index":"index","follow":"follow","max-snippet":"max-snippet:-1","max-image-preview":"max-image-preview:large","max-video-preview":"max-video-preview:-1"},"canonical":"https:\/\/www.clubdelemprendimiento.com\/blog\/nuestros-emprendedores\/aje-madrid-impulsa-talento-joven\/","og_locale":"es_ES","og_type":"article","og_title":"AJE Madrid impulsa talento joven","og_description":"AJE Madrid celebra We Are Young Summer Edition: un evento para premiar, inspirar y conectar a j\u00f3venes emprendedores en Madrid.","og_url":"https:\/\/www.clubdelemprendimiento.com\/blog\/nuestros-emprendedores\/aje-madrid-impulsa-talento-joven\/","og_site_name":"Blog Club del Emprendimiento","article_published_time":"2025-05-30T07:33:55+00:00","article_modified_time":"2025-06-02T08:33:14+00:00","og_image":[{"width":1500,"height":1000,"url":"https:\/\/www.clubdelemprendimiento.com\/blog\/wp-content\/uploads\/2025\/05\/2147702075.jpg","type":"image\/jpeg"}],"author":"Nerea Merino","twitter_card":"summary_large_image","twitter_misc":{"Escrito por":"Nerea Merino","Tiempo de lectura":"2 minutos"},"schema":{"@context":"https:\/\/schema.org","@graph":[{"@type":"WebPage","@id":"https:\/\/www.clubdelemprendimiento.com\/blog\/nuestros-emprendedores\/aje-madrid-impulsa-talento-joven\/","url":"https:\/\/www.clubdelemprendimiento.com\/blog\/nuestros-emprendedores\/aje-madrid-impulsa-talento-joven\/","name":"AJE Madrid impulsa talento joven","isPartOf":{"@id":"https:\/\/www.clubdelemprendimiento.com\/blog\/#website"},"primaryImageOfPage":{"@id":"https:\/\/www.clubdelemprendimiento.com\/blog\/nuestros-emprendedores\/aje-madrid-impulsa-talento-joven\/#primaryimage"},"image":{"@id":"https:\/\/www.clubdelemprendimiento.com\/blog\/nuestros-emprendedores\/aje-madrid-impulsa-talento-joven\/#primaryimage"},"thumbnailUrl":"https:\/\/www.clubdelemprendimiento.com\/blog\/wp-content\/uploads\/2025\/05\/2147702075.jpg","datePublished":"2025-05-30T07:33:55+00:00","dateModified":"2025-06-02T08:33:14+00:00","author":{"@id":"https:\/\/www.clubdelemprendimiento.com\/blog\/#\/schema\/person\/a82ce0fc1281064b1cab4855c351cea7"},"description":"AJE Madrid celebra We Are Young Summer Edition: un evento para premiar, inspirar y conectar a j\u00f3venes emprendedores en Madrid.","breadcrumb":{"@id":"https:\/\/www.clubdelemprendimiento.com\/blog\/nuestros-emprendedores\/aje-madrid-impulsa-talento-joven\/#breadcrumb"},"inLanguage":"es","potentialAction":[{"@type":"ReadAction","target":["https:\/\/www.clubdelemprendimiento.com\/blog\/nuestros-emprendedores\/aje-madrid-impulsa-talento-joven\/"]}]},{"@type":"ImageObject","inLanguage":"es","@id":"https:\/\/www.clubdelemprendimiento.com\/blog\/nuestros-emprendedores\/aje-madrid-impulsa-talento-joven\/#primaryimage","url":"https:\/\/www.clubdelemprendimiento.com\/blog\/wp-content\/uploads\/2025\/05\/2147702075.jpg","contentUrl":"https:\/\/www.clubdelemprendimiento.com\/blog\/wp-content\/uploads\/2025\/05\/2147702075.jpg","width":1500,"height":1000,"caption":"AJE Madrid"},{"@type":"BreadcrumbList","@id":"https:\/\/www.clubdelemprendimiento.com\/blog\/nuestros-emprendedores\/aje-madrid-impulsa-talento-joven\/#breadcrumb","itemListElement":[{"@type":"ListItem","position":1,"name":"Home","item":"https:\/\/www.clubdelemprendimiento.com\/blog\/"},{"@type":"ListItem","position":2,"name":"We Are Young Summer Edition: AJE Madrid conecta innovaci\u00f3n, juventud y oportunidades reales"}]},{"@type":"WebSite","@id":"https:\/\/www.clubdelemprendimiento.com\/blog\/#website","url":"https:\/\/www.clubdelemprendimiento.com\/blog\/","name":"Blog Club del Emprendimiento","description":"","potentialAction":[{"@type":"SearchAction","target":{"@type":"EntryPoint","urlTemplate":"https:\/\/www.clubdelemprendimiento.com\/blog\/?s={search_term_string}"},"query-input":"required name=search_term_string"}],"inLanguage":"es"},{"@type":"Person","@id":"https:\/\/www.clubdelemprendimiento.com\/blog\/#\/schema\/person\/a82ce0fc1281064b1cab4855c351cea7","name":"Nerea Merino","image":{"@type":"ImageObject","inLanguage":"es","@id":"https:\/\/www.clubdelemprendimiento.com\/blog\/#\/schema\/person\/image\/","url":"https:\/\/secure.gravatar.com\/avatar\/3b1c906b7b4a65b22c04d52a020d4815?s=96&d=mm&r=g","contentUrl":"https:\/\/secure.gravatar.com\/avatar\/3b1c906b7b4a65b22c04d52a020d4815?s=96&d=mm&r=g","caption":"Nerea Merino"},"url":"https:\/\/www.clubdelemprendimiento.com\/blog\/author\/nerea\/"}]}},"_links":{"self":[{"href":"https:\/\/www.clubdelemprendimiento.com\/blog\/wp-json\/wp\/v2\/posts\/18452"}],"collection":[{"href":"https:\/\/www.clubdelemprendimiento.com\/blog\/wp-json\/wp\/v2\/posts"}],"about":[{"href":"https:\/\/www.clubdelemprendimiento.com\/blog\/wp-json\/wp\/v2\/types\/post"}],"author":[{"embeddable":true,"href":"https:\/\/www.clubdelemprendimiento.com\/blog\/wp-json\/wp\/v2\/users\/14"}],"replies":[{"embeddable":true,"href":"https:\/\/www.clubdelemprendimiento.com\/blog\/wp-json\/wp\/v2\/comments?post=18452"}],"version-history":[{"count":3,"href":"https:\/\/www.clubdelemprendimiento.com\/blog\/wp-json\/wp\/v2\/posts\/18452\/revisions"}],"predecessor-version":[{"id":18460,"href":"https:\/\/www.clubdelemprendimiento.com\/blog\/wp-json\/wp\/v2\/posts\/18452\/revisions\/18460"}],"wp:featuredmedia":[{"embeddable":true,"href":"https:\/\/www.clubdelemprendimiento.com\/blog\/wp-json\/wp\/v2\/media\/18453"}],"wp:attachment":[{"href":"https:\/\/www.clubdelemprendimiento.com\/blog\/wp-json\/wp\/v2\/media?parent=18452"}],"wp:term":[{"taxonomy":"category","embeddable":true,"href":"https:\/\/www.clubdelemprendimiento.com\/blog\/wp-json\/wp\/v2\/categories?post=18452"},{"taxonomy":"post_tag","embeddable":true,"href":"https:\/\/www.clubdelemprendimiento.com\/blog\/wp-json\/wp\/v2\/tags?post=18452"}],"curies":[{"name":"wp","href":"https:\/\/api.w.org\/{rel}","templated":true}]}}