{"id":18449,"date":"2025-06-02T07:25:44","date_gmt":"2025-06-02T07:25:44","guid":{"rendered":"https:\/\/www.clubdelemprendimiento.com\/blog\/?p=18449"},"modified":"2025-05-28T07:33:55","modified_gmt":"2025-05-28T07:33:55","slug":"crisis-en-el-comercio-minorista-de-calzado","status":"publish","type":"post","link":"https:\/\/www.clubdelemprendimiento.com\/blog\/pymes\/crisis-en-el-comercio-minorista-de-calzado\/","title":{"rendered":"El comercio minorista de calzado pierde m\u00e1s de 4.000 tiendas en una d\u00e9cada por la competencia desleal de fabricantes"},"content":{"rendered":"\n<p>El comercio minorista de calzado atraviesa una crisis sin precedentes en Espa\u00f1a. En los \u00faltimos a\u00f1os,<strong> m\u00e1s de 4.000 tiendas especializadas han echado el cierre<\/strong>, y actualmente solo sobreviven 7.398 establecimientos, frente a los m\u00e1s de 12.000 que exist\u00edan hace apenas una d\u00e9cada, seg\u00fan datos del <a href=\"https:\/\/www.ine.es\/\" target=\"_blank\" rel=\"noreferrer noopener\">Instituto Nacional de Estad\u00edstica<\/a> (INE).<\/p>\n\n\n\n<p>Esta dr\u00e1stica ca\u00edda ha puesto en alerta a la Uni\u00f3n de Profesionales y Trabajadores Aut\u00f3nomos (UPTA) y a la Asociaci\u00f3n Nacional del Comercio de Calzado (ANCC), que el pasado mi\u00e9rcoles 28 de mayo se reunieron con representantes de la Comisi\u00f3n Nacional de los Mercados y la Competencia (CNMC) para denunciar lo que consideran pr\u00e1cticas abusivas por parte de algunos fabricantes nacionales.<\/p>\n\n\n\n<h2 class=\"wp-block-heading\">La transformaci\u00f3n del comercio minorista amenaza al calzado tradicional<\/h2>\n\n\n\n<p>Durante d\u00e9cadas, el modelo de negocio del sector se ha basado en la compra anticipada por parte de los minoristas, que adquir\u00edan los productos de temporada con un a\u00f1o de antelaci\u00f3n, asumiendo importantes riesgos econ\u00f3micos. Sin embargo, este sistema se ha visto gravemente afectado por la <strong>irrupci\u00f3n de la venta directa al consumidor por parte de los propios fabricantes<\/strong>, a trav\u00e9s de sus canales digitales y con importantes descuentos incluso antes de iniciar la temporada.<\/p>\n\n\n\n<p>Seg\u00fan UPTA y ANCC, estas pol\u00edticas de precios agresivos dejan sin margen de maniobra a los peque\u00f1os comercios, que no pueden competir ni sostener la rentabilidad de sus negocios. Adem\u00e1s, alertan de que se est\u00e1 rompiendo la cadena de distribuci\u00f3n de forma unilateral, desplazando a los minoristas del mercado que ellos mismos han contribuido a construir.<\/p>\n\n\n\n<p>Eduardo Abad, presidente de UPTA, ha sido tajante: \u201cLos que presumen de la marca Espa\u00f1a deber\u00edan proteger a su mejor aliado: el comercio minorista. Son precisamente los fabricantes nacionales quienes deber\u00edan reaccionar ante la desaparici\u00f3n del canal que les ha dado valor durante a\u00f1os\u201d.<\/p>\n\n\n\n<p>Ambas organizaciones esperan que la <strong>CNMC abra una investigaci\u00f3n sobre estas pr\u00e1cticas y act\u00fae para salvaguardar el tejido comercial tradicional<\/strong>, vital para la econom\u00eda local de muchos municipios.<\/p>\n","protected":false},"excerpt":{"rendered":"<p>El comercio minorista de calzado atraviesa una crisis sin precedentes en Espa\u00f1a. En los&hellip;<\/p>\n","protected":false},"author":14,"featured_media":18450,"comment_status":"open","ping_status":"open","sticky":false,"template":"","format":"standard","meta":{"_acf_changed":false,"footnotes":""},"categories":[256],"tags":[],"acf":[],"yoast_head":"<!-- This site is optimized with the Yoast SEO plugin v22.7 - https:\/\/yoast.com\/wordpress\/plugins\/seo\/ -->\n<title>Crisis en el comercio minorista de calzado<\/title>\n<meta name=\"description\" content=\"M\u00e1s de 4.000 tiendas han cerrado en una d\u00e9cada. El comercio minorista de calzado, amenazado por pr\u00e1cticas desleales de fabricantes.\" \/>\n<meta name=\"robots\" content=\"index, follow, max-snippet:-1, max-image-preview:large, max-video-preview:-1\" \/>\n<link rel=\"canonical\" href=\"https:\/\/www.clubdelemprendimiento.com\/blog\/pymes\/crisis-en-el-comercio-minorista-de-calzado\/\" \/>\n<meta property=\"og:locale\" content=\"es_ES\" \/>\n<meta property=\"og:type\" content=\"article\" \/>\n<meta property=\"og:title\" content=\"Crisis en el comercio minorista de calzado\" \/>\n<meta property=\"og:description\" content=\"M\u00e1s de 4.000 tiendas han cerrado en una d\u00e9cada. El comercio minorista de calzado, amenazado por pr\u00e1cticas desleales de fabricantes.\" \/>\n<meta property=\"og:url\" content=\"https:\/\/www.clubdelemprendimiento.com\/blog\/pymes\/crisis-en-el-comercio-minorista-de-calzado\/\" \/>\n<meta property=\"og:site_name\" content=\"Blog Club del Emprendimiento\" \/>\n<meta property=\"article:published_time\" content=\"2025-06-02T07:25:44+00:00\" \/>\n<meta property=\"article:modified_time\" content=\"2025-05-28T07:33:55+00:00\" \/>\n<meta property=\"og:image\" content=\"https:\/\/www.clubdelemprendimiento.com\/blog\/wp-content\/uploads\/2025\/05\/escena-de-estilo-de-vida-de-un-centro-comercial-ordinario-en-estados-unidos-scaled.jpg\" \/>\n\t<meta property=\"og:image:width\" content=\"2560\" \/>\n\t<meta property=\"og:image:height\" content=\"1435\" \/>\n\t<meta property=\"og:image:type\" content=\"image\/jpeg\" \/>\n<meta name=\"author\" content=\"Nerea Merino\" \/>\n<meta name=\"twitter:card\" content=\"summary_large_image\" \/>\n<meta name=\"twitter:label1\" content=\"Escrito por\" \/>\n\t<meta name=\"twitter:data1\" content=\"Nerea Merino\" \/>\n\t<meta name=\"twitter:label2\" content=\"Tiempo de lectura\" \/>\n\t<meta name=\"twitter:data2\" content=\"2 minutos\" \/>\n<script type=\"application\/ld+json\" class=\"yoast-schema-graph\">{\"@context\":\"https:\/\/schema.org\",\"@graph\":[{\"@type\":\"WebPage\",\"@id\":\"https:\/\/www.clubdelemprendimiento.com\/blog\/pymes\/crisis-en-el-comercio-minorista-de-calzado\/\",\"url\":\"https:\/\/www.clubdelemprendimiento.com\/blog\/pymes\/crisis-en-el-comercio-minorista-de-calzado\/\",\"name\":\"Crisis en el comercio minorista de calzado\",\"isPartOf\":{\"@id\":\"https:\/\/www.clubdelemprendimiento.com\/blog\/#website\"},\"primaryImageOfPage\":{\"@id\":\"https:\/\/www.clubdelemprendimiento.com\/blog\/pymes\/crisis-en-el-comercio-minorista-de-calzado\/#primaryimage\"},\"image\":{\"@id\":\"https:\/\/www.clubdelemprendimiento.com\/blog\/pymes\/crisis-en-el-comercio-minorista-de-calzado\/#primaryimage\"},\"thumbnailUrl\":\"https:\/\/www.clubdelemprendimiento.com\/blog\/wp-content\/uploads\/2025\/05\/escena-de-estilo-de-vida-de-un-centro-comercial-ordinario-en-estados-unidos-scaled.jpg\",\"datePublished\":\"2025-06-02T07:25:44+00:00\",\"dateModified\":\"2025-05-28T07:33:55+00:00\",\"author\":{\"@id\":\"https:\/\/www.clubdelemprendimiento.com\/blog\/#\/schema\/person\/a82ce0fc1281064b1cab4855c351cea7\"},\"description\":\"M\u00e1s de 4.000 tiendas han cerrado en una d\u00e9cada. El comercio minorista de calzado, amenazado por pr\u00e1cticas desleales de fabricantes.\",\"breadcrumb\":{\"@id\":\"https:\/\/www.clubdelemprendimiento.com\/blog\/pymes\/crisis-en-el-comercio-minorista-de-calzado\/#breadcrumb\"},\"inLanguage\":\"es\",\"potentialAction\":[{\"@type\":\"ReadAction\",\"target\":[\"https:\/\/www.clubdelemprendimiento.com\/blog\/pymes\/crisis-en-el-comercio-minorista-de-calzado\/\"]}]},{\"@type\":\"ImageObject\",\"inLanguage\":\"es\",\"@id\":\"https:\/\/www.clubdelemprendimiento.com\/blog\/pymes\/crisis-en-el-comercio-minorista-de-calzado\/#primaryimage\",\"url\":\"https:\/\/www.clubdelemprendimiento.com\/blog\/wp-content\/uploads\/2025\/05\/escena-de-estilo-de-vida-de-un-centro-comercial-ordinario-en-estados-unidos-scaled.jpg\",\"contentUrl\":\"https:\/\/www.clubdelemprendimiento.com\/blog\/wp-content\/uploads\/2025\/05\/escena-de-estilo-de-vida-de-un-centro-comercial-ordinario-en-estados-unidos-scaled.jpg\",\"width\":2560,\"height\":1435,\"caption\":\"comercio minorista\"},{\"@type\":\"BreadcrumbList\",\"@id\":\"https:\/\/www.clubdelemprendimiento.com\/blog\/pymes\/crisis-en-el-comercio-minorista-de-calzado\/#breadcrumb\",\"itemListElement\":[{\"@type\":\"ListItem\",\"position\":1,\"name\":\"Home\",\"item\":\"https:\/\/www.clubdelemprendimiento.com\/blog\/\"},{\"@type\":\"ListItem\",\"position\":2,\"name\":\"El comercio minorista de calzado pierde m\u00e1s de 4.000 tiendas en una d\u00e9cada por la competencia desleal de fabricantes\"}]},{\"@type\":\"WebSite\",\"@id\":\"https:\/\/www.clubdelemprendimiento.com\/blog\/#website\",\"url\":\"https:\/\/www.clubdelemprendimiento.com\/blog\/\",\"name\":\"Blog Club del Emprendimiento\",\"description\":\"\",\"potentialAction\":[{\"@type\":\"SearchAction\",\"target\":{\"@type\":\"EntryPoint\",\"urlTemplate\":\"https:\/\/www.clubdelemprendimiento.com\/blog\/?s={search_term_string}\"},\"query-input\":\"required name=search_term_string\"}],\"inLanguage\":\"es\"},{\"@type\":\"Person\",\"@id\":\"https:\/\/www.clubdelemprendimiento.com\/blog\/#\/schema\/person\/a82ce0fc1281064b1cab4855c351cea7\",\"name\":\"Nerea Merino\",\"image\":{\"@type\":\"ImageObject\",\"inLanguage\":\"es\",\"@id\":\"https:\/\/www.clubdelemprendimiento.com\/blog\/#\/schema\/person\/image\/\",\"url\":\"https:\/\/secure.gravatar.com\/avatar\/3b1c906b7b4a65b22c04d52a020d4815?s=96&d=mm&r=g\",\"contentUrl\":\"https:\/\/secure.gravatar.com\/avatar\/3b1c906b7b4a65b22c04d52a020d4815?s=96&d=mm&r=g\",\"caption\":\"Nerea Merino\"},\"url\":\"https:\/\/www.clubdelemprendimiento.com\/blog\/author\/nerea\/\"}]}<\/script>\n<!-- \/ Yoast SEO plugin. -->","yoast_head_json":{"title":"Crisis en el comercio minorista de calzado","description":"M\u00e1s de 4.000 tiendas han cerrado en una d\u00e9cada. El comercio minorista de calzado, amenazado por pr\u00e1cticas desleales de fabricantes.","robots":{"index":"index","follow":"follow","max-snippet":"max-snippet:-1","max-image-preview":"max-image-preview:large","max-video-preview":"max-video-preview:-1"},"canonical":"https:\/\/www.clubdelemprendimiento.com\/blog\/pymes\/crisis-en-el-comercio-minorista-de-calzado\/","og_locale":"es_ES","og_type":"article","og_title":"Crisis en el comercio minorista de calzado","og_description":"M\u00e1s de 4.000 tiendas han cerrado en una d\u00e9cada. El comercio minorista de calzado, amenazado por pr\u00e1cticas desleales de fabricantes.","og_url":"https:\/\/www.clubdelemprendimiento.com\/blog\/pymes\/crisis-en-el-comercio-minorista-de-calzado\/","og_site_name":"Blog Club del Emprendimiento","article_published_time":"2025-06-02T07:25:44+00:00","article_modified_time":"2025-05-28T07:33:55+00:00","og_image":[{"width":2560,"height":1435,"url":"https:\/\/www.clubdelemprendimiento.com\/blog\/wp-content\/uploads\/2025\/05\/escena-de-estilo-de-vida-de-un-centro-comercial-ordinario-en-estados-unidos-scaled.jpg","type":"image\/jpeg"}],"author":"Nerea Merino","twitter_card":"summary_large_image","twitter_misc":{"Escrito por":"Nerea Merino","Tiempo de lectura":"2 minutos"},"schema":{"@context":"https:\/\/schema.org","@graph":[{"@type":"WebPage","@id":"https:\/\/www.clubdelemprendimiento.com\/blog\/pymes\/crisis-en-el-comercio-minorista-de-calzado\/","url":"https:\/\/www.clubdelemprendimiento.com\/blog\/pymes\/crisis-en-el-comercio-minorista-de-calzado\/","name":"Crisis en el comercio minorista de calzado","isPartOf":{"@id":"https:\/\/www.clubdelemprendimiento.com\/blog\/#website"},"primaryImageOfPage":{"@id":"https:\/\/www.clubdelemprendimiento.com\/blog\/pymes\/crisis-en-el-comercio-minorista-de-calzado\/#primaryimage"},"image":{"@id":"https:\/\/www.clubdelemprendimiento.com\/blog\/pymes\/crisis-en-el-comercio-minorista-de-calzado\/#primaryimage"},"thumbnailUrl":"https:\/\/www.clubdelemprendimiento.com\/blog\/wp-content\/uploads\/2025\/05\/escena-de-estilo-de-vida-de-un-centro-comercial-ordinario-en-estados-unidos-scaled.jpg","datePublished":"2025-06-02T07:25:44+00:00","dateModified":"2025-05-28T07:33:55+00:00","author":{"@id":"https:\/\/www.clubdelemprendimiento.com\/blog\/#\/schema\/person\/a82ce0fc1281064b1cab4855c351cea7"},"description":"M\u00e1s de 4.000 tiendas han cerrado en una d\u00e9cada. El comercio minorista de calzado, amenazado por pr\u00e1cticas desleales de fabricantes.","breadcrumb":{"@id":"https:\/\/www.clubdelemprendimiento.com\/blog\/pymes\/crisis-en-el-comercio-minorista-de-calzado\/#breadcrumb"},"inLanguage":"es","potentialAction":[{"@type":"ReadAction","target":["https:\/\/www.clubdelemprendimiento.com\/blog\/pymes\/crisis-en-el-comercio-minorista-de-calzado\/"]}]},{"@type":"ImageObject","inLanguage":"es","@id":"https:\/\/www.clubdelemprendimiento.com\/blog\/pymes\/crisis-en-el-comercio-minorista-de-calzado\/#primaryimage","url":"https:\/\/www.clubdelemprendimiento.com\/blog\/wp-content\/uploads\/2025\/05\/escena-de-estilo-de-vida-de-un-centro-comercial-ordinario-en-estados-unidos-scaled.jpg","contentUrl":"https:\/\/www.clubdelemprendimiento.com\/blog\/wp-content\/uploads\/2025\/05\/escena-de-estilo-de-vida-de-un-centro-comercial-ordinario-en-estados-unidos-scaled.jpg","width":2560,"height":1435,"caption":"comercio minorista"},{"@type":"BreadcrumbList","@id":"https:\/\/www.clubdelemprendimiento.com\/blog\/pymes\/crisis-en-el-comercio-minorista-de-calzado\/#breadcrumb","itemListElement":[{"@type":"ListItem","position":1,"name":"Home","item":"https:\/\/www.clubdelemprendimiento.com\/blog\/"},{"@type":"ListItem","position":2,"name":"El comercio minorista de calzado pierde m\u00e1s de 4.000 tiendas en una d\u00e9cada por la competencia desleal de fabricantes"}]},{"@type":"WebSite","@id":"https:\/\/www.clubdelemprendimiento.com\/blog\/#website","url":"https:\/\/www.clubdelemprendimiento.com\/blog\/","name":"Blog Club del Emprendimiento","description":"","potentialAction":[{"@type":"SearchAction","target":{"@type":"EntryPoint","urlTemplate":"https:\/\/www.clubdelemprendimiento.com\/blog\/?s={search_term_string}"},"query-input":"required name=search_term_string"}],"inLanguage":"es"},{"@type":"Person","@id":"https:\/\/www.clubdelemprendimiento.com\/blog\/#\/schema\/person\/a82ce0fc1281064b1cab4855c351cea7","name":"Nerea Merino","image":{"@type":"ImageObject","inLanguage":"es","@id":"https:\/\/www.clubdelemprendimiento.com\/blog\/#\/schema\/person\/image\/","url":"https:\/\/secure.gravatar.com\/avatar\/3b1c906b7b4a65b22c04d52a020d4815?s=96&d=mm&r=g","contentUrl":"https:\/\/secure.gravatar.com\/avatar\/3b1c906b7b4a65b22c04d52a020d4815?s=96&d=mm&r=g","caption":"Nerea Merino"},"url":"https:\/\/www.clubdelemprendimiento.com\/blog\/author\/nerea\/"}]}},"_links":{"self":[{"href":"https:\/\/www.clubdelemprendimiento.com\/blog\/wp-json\/wp\/v2\/posts\/18449"}],"collection":[{"href":"https:\/\/www.clubdelemprendimiento.com\/blog\/wp-json\/wp\/v2\/posts"}],"about":[{"href":"https:\/\/www.clubdelemprendimiento.com\/blog\/wp-json\/wp\/v2\/types\/post"}],"author":[{"embeddable":true,"href":"https:\/\/www.clubdelemprendimiento.com\/blog\/wp-json\/wp\/v2\/users\/14"}],"replies":[{"embeddable":true,"href":"https:\/\/www.clubdelemprendimiento.com\/blog\/wp-json\/wp\/v2\/comments?post=18449"}],"version-history":[{"count":1,"href":"https:\/\/www.clubdelemprendimiento.com\/blog\/wp-json\/wp\/v2\/posts\/18449\/revisions"}],"predecessor-version":[{"id":18451,"href":"https:\/\/www.clubdelemprendimiento.com\/blog\/wp-json\/wp\/v2\/posts\/18449\/revisions\/18451"}],"wp:featuredmedia":[{"embeddable":true,"href":"https:\/\/www.clubdelemprendimiento.com\/blog\/wp-json\/wp\/v2\/media\/18450"}],"wp:attachment":[{"href":"https:\/\/www.clubdelemprendimiento.com\/blog\/wp-json\/wp\/v2\/media?parent=18449"}],"wp:term":[{"taxonomy":"category","embeddable":true,"href":"https:\/\/www.clubdelemprendimiento.com\/blog\/wp-json\/wp\/v2\/categories?post=18449"},{"taxonomy":"post_tag","embeddable":true,"href":"https:\/\/www.clubdelemprendimiento.com\/blog\/wp-json\/wp\/v2\/tags?post=18449"}],"curies":[{"name":"wp","href":"https:\/\/api.w.org\/{rel}","templated":true}]}}