{"id":18437,"date":"2025-06-06T06:40:24","date_gmt":"2025-06-06T06:40:24","guid":{"rendered":"https:\/\/www.clubdelemprendimiento.com\/blog\/?p=18437"},"modified":"2025-05-28T07:35:31","modified_gmt":"2025-05-28T07:35:31","slug":"avances-clave-para-autonomos-migrantes","status":"publish","type":"post","link":"https:\/\/www.clubdelemprendimiento.com\/blog\/autonomos\/avances-clave-para-autonomos-migrantes\/","title":{"rendered":"Los aut\u00f3nomos migrantes ganan terreno con la entrada en vigor del nuevo Reglamento de Extranjer\u00eda"},"content":{"rendered":"\n<p>Desde el pasado 20 de mayo, Espa\u00f1a cuenta con un <strong>renovado <a href=\"https:\/\/www.boe.es\/buscar\/act.php?id=BOE-A-2024-24099\" target=\"_blank\" rel=\"noreferrer noopener\">Reglamento de Extranjer\u00eda<\/a><\/strong>. Este supone un importante avance en el reconocimiento de los derechos laborales de los migrantes. Especialmente en lo que respecta al trabajo por cuenta propia. La actualizaci\u00f3n normativa, impulsada por la Secretar\u00eda de Estado de Migraciones, introduce medidas que facilitan tanto el acceso al empleo. Como el impulso del autoempleo, adapt\u00e1ndose a los desaf\u00edos sociales y econ\u00f3micos actuales.<\/p>\n\n\n\n<p>Entre las principales novedades destaca la<strong> simplificaci\u00f3n de los tr\u00e1mites <\/strong>para los trabajadores aut\u00f3nomos migrantes, que podr\u00e1n acceder a una autorizaci\u00f3n inicial de residencia por un a\u00f1o, prorrogable hasta cuatro. Sin necesidad de reiniciar todo el proceso al cambiar de situaci\u00f3n administrativa. Este cambio reduce la burocracia y aporta mayor estabilidad a quienes deciden emprender.<\/p>\n\n\n\n<p>Otra medida destacada es la creaci\u00f3n del <strong>\u00abarraigo de segunda oportunidad\u00bb<\/strong>, que permitir\u00e1 a quienes hayan perdido su residencia legal hace m\u00e1s de dos a\u00f1os reinsertarse en el sistema con plenas garant\u00edas. Adem\u00e1s, se ampl\u00eda a 12 meses el plazo del visado para b\u00fasqueda de empleo. Una mejora sustancial que brinda m\u00e1s margen a las personas migrantes para incorporarse activamente al mercado laboral, ya sea como asalariadas o emprendedoras.<\/p>\n\n\n\n<p>Desde UPTA, la Uni\u00f3n de Profesionales y Trabajadores Aut\u00f3nomos, se valora de forma muy positiva esta reforma. Su presidente, Eduardo Abad, ha subrayado que se trata de una medida \u201cnecesaria y estrat\u00e9gica\u201d para fortalecer la econom\u00eda, fomentar la integraci\u00f3n y reconocer el papel esencial que desempe\u00f1an miles de aut\u00f3nomos extranjeros en el desarrollo del pa\u00eds.<\/p>\n\n\n\n<p>No en vano, el peso de los aut\u00f3nomos migrantes no ha dejado de crecer. En los \u00faltimos diez a\u00f1os, su afiliaci\u00f3n al R\u00e9gimen Especial de Trabajadores Aut\u00f3nomos (RETA) <strong>ha aumentado m\u00e1s de un 90 %, con un ritmo de crecimiento anual superior al 5 %.<\/strong> Esta evoluci\u00f3n confirma que los migrantes emprendedores ya forman parte imprescindible del tejido productivo nacional. Y que contar con un marco legal m\u00e1s flexible y justo es clave para consolidar esta tendencia.<\/p>\n","protected":false},"excerpt":{"rendered":"<p>Desde el pasado 20 de mayo, Espa\u00f1a cuenta con un renovado Reglamento de Extranjer\u00eda.&hellip;<\/p>\n","protected":false},"author":14,"featured_media":18438,"comment_status":"open","ping_status":"open","sticky":false,"template":"","format":"standard","meta":{"_acf_changed":false,"footnotes":""},"categories":[255],"tags":[],"acf":[],"yoast_head":"<!-- This site is optimized with the Yoast SEO plugin v22.7 - https:\/\/yoast.com\/wordpress\/plugins\/seo\/ -->\n<title>Avances clave para aut\u00f3nomos migrantes<\/title>\n<meta name=\"description\" content=\"El nuevo reglamento de extranjer\u00eda impulsa el trabajo por cuenta propia y mejora los derechos de los aut\u00f3nomos migrantes en Espa\u00f1a.\" \/>\n<meta name=\"robots\" content=\"index, follow, max-snippet:-1, max-image-preview:large, max-video-preview:-1\" \/>\n<link rel=\"canonical\" href=\"https:\/\/www.clubdelemprendimiento.com\/blog\/autonomos\/avances-clave-para-autonomos-migrantes\/\" \/>\n<meta property=\"og:locale\" content=\"es_ES\" \/>\n<meta property=\"og:type\" content=\"article\" \/>\n<meta property=\"og:title\" content=\"Avances clave para aut\u00f3nomos migrantes\" \/>\n<meta property=\"og:description\" content=\"El nuevo reglamento de extranjer\u00eda impulsa el trabajo por cuenta propia y mejora los derechos de los aut\u00f3nomos migrantes en Espa\u00f1a.\" \/>\n<meta property=\"og:url\" content=\"https:\/\/www.clubdelemprendimiento.com\/blog\/autonomos\/avances-clave-para-autonomos-migrantes\/\" \/>\n<meta property=\"og:site_name\" content=\"Blog Club del Emprendimiento\" \/>\n<meta property=\"article:published_time\" content=\"2025-06-06T06:40:24+00:00\" \/>\n<meta property=\"article:modified_time\" content=\"2025-05-28T07:35:31+00:00\" \/>\n<meta property=\"og:image\" content=\"https:\/\/www.clubdelemprendimiento.com\/blog\/wp-content\/uploads\/2025\/05\/2150455568.jpg\" \/>\n\t<meta property=\"og:image:width\" content=\"1500\" \/>\n\t<meta property=\"og:image:height\" content=\"998\" \/>\n\t<meta property=\"og:image:type\" content=\"image\/jpeg\" \/>\n<meta name=\"author\" content=\"Nerea Merino\" \/>\n<meta name=\"twitter:card\" content=\"summary_large_image\" \/>\n<meta name=\"twitter:label1\" content=\"Escrito por\" \/>\n\t<meta name=\"twitter:data1\" content=\"Nerea Merino\" \/>\n\t<meta name=\"twitter:label2\" content=\"Tiempo de lectura\" \/>\n\t<meta name=\"twitter:data2\" content=\"2 minutos\" \/>\n<script type=\"application\/ld+json\" class=\"yoast-schema-graph\">{\"@context\":\"https:\/\/schema.org\",\"@graph\":[{\"@type\":\"WebPage\",\"@id\":\"https:\/\/www.clubdelemprendimiento.com\/blog\/autonomos\/avances-clave-para-autonomos-migrantes\/\",\"url\":\"https:\/\/www.clubdelemprendimiento.com\/blog\/autonomos\/avances-clave-para-autonomos-migrantes\/\",\"name\":\"Avances clave para aut\u00f3nomos migrantes\",\"isPartOf\":{\"@id\":\"https:\/\/www.clubdelemprendimiento.com\/blog\/#website\"},\"primaryImageOfPage\":{\"@id\":\"https:\/\/www.clubdelemprendimiento.com\/blog\/autonomos\/avances-clave-para-autonomos-migrantes\/#primaryimage\"},\"image\":{\"@id\":\"https:\/\/www.clubdelemprendimiento.com\/blog\/autonomos\/avances-clave-para-autonomos-migrantes\/#primaryimage\"},\"thumbnailUrl\":\"https:\/\/www.clubdelemprendimiento.com\/blog\/wp-content\/uploads\/2025\/05\/2150455568.jpg\",\"datePublished\":\"2025-06-06T06:40:24+00:00\",\"dateModified\":\"2025-05-28T07:35:31+00:00\",\"author\":{\"@id\":\"https:\/\/www.clubdelemprendimiento.com\/blog\/#\/schema\/person\/a82ce0fc1281064b1cab4855c351cea7\"},\"description\":\"El nuevo reglamento de extranjer\u00eda impulsa el trabajo por cuenta propia y mejora los derechos de los aut\u00f3nomos migrantes en Espa\u00f1a.\",\"breadcrumb\":{\"@id\":\"https:\/\/www.clubdelemprendimiento.com\/blog\/autonomos\/avances-clave-para-autonomos-migrantes\/#breadcrumb\"},\"inLanguage\":\"es\",\"potentialAction\":[{\"@type\":\"ReadAction\",\"target\":[\"https:\/\/www.clubdelemprendimiento.com\/blog\/autonomos\/avances-clave-para-autonomos-migrantes\/\"]}]},{\"@type\":\"ImageObject\",\"inLanguage\":\"es\",\"@id\":\"https:\/\/www.clubdelemprendimiento.com\/blog\/autonomos\/avances-clave-para-autonomos-migrantes\/#primaryimage\",\"url\":\"https:\/\/www.clubdelemprendimiento.com\/blog\/wp-content\/uploads\/2025\/05\/2150455568.jpg\",\"contentUrl\":\"https:\/\/www.clubdelemprendimiento.com\/blog\/wp-content\/uploads\/2025\/05\/2150455568.jpg\",\"width\":1500,\"height\":998,\"caption\":\"aut\u00f3nomos migrantes\"},{\"@type\":\"BreadcrumbList\",\"@id\":\"https:\/\/www.clubdelemprendimiento.com\/blog\/autonomos\/avances-clave-para-autonomos-migrantes\/#breadcrumb\",\"itemListElement\":[{\"@type\":\"ListItem\",\"position\":1,\"name\":\"Home\",\"item\":\"https:\/\/www.clubdelemprendimiento.com\/blog\/\"},{\"@type\":\"ListItem\",\"position\":2,\"name\":\"Los aut\u00f3nomos migrantes ganan terreno con la entrada en vigor del nuevo Reglamento de Extranjer\u00eda\"}]},{\"@type\":\"WebSite\",\"@id\":\"https:\/\/www.clubdelemprendimiento.com\/blog\/#website\",\"url\":\"https:\/\/www.clubdelemprendimiento.com\/blog\/\",\"name\":\"Blog Club del Emprendimiento\",\"description\":\"\",\"potentialAction\":[{\"@type\":\"SearchAction\",\"target\":{\"@type\":\"EntryPoint\",\"urlTemplate\":\"https:\/\/www.clubdelemprendimiento.com\/blog\/?s={search_term_string}\"},\"query-input\":\"required name=search_term_string\"}],\"inLanguage\":\"es\"},{\"@type\":\"Person\",\"@id\":\"https:\/\/www.clubdelemprendimiento.com\/blog\/#\/schema\/person\/a82ce0fc1281064b1cab4855c351cea7\",\"name\":\"Nerea Merino\",\"image\":{\"@type\":\"ImageObject\",\"inLanguage\":\"es\",\"@id\":\"https:\/\/www.clubdelemprendimiento.com\/blog\/#\/schema\/person\/image\/\",\"url\":\"https:\/\/secure.gravatar.com\/avatar\/3b1c906b7b4a65b22c04d52a020d4815?s=96&d=mm&r=g\",\"contentUrl\":\"https:\/\/secure.gravatar.com\/avatar\/3b1c906b7b4a65b22c04d52a020d4815?s=96&d=mm&r=g\",\"caption\":\"Nerea Merino\"},\"url\":\"https:\/\/www.clubdelemprendimiento.com\/blog\/author\/nerea\/\"}]}<\/script>\n<!-- \/ Yoast SEO plugin. -->","yoast_head_json":{"title":"Avances clave para aut\u00f3nomos migrantes","description":"El nuevo reglamento de extranjer\u00eda impulsa el trabajo por cuenta propia y mejora los derechos de los aut\u00f3nomos migrantes en Espa\u00f1a.","robots":{"index":"index","follow":"follow","max-snippet":"max-snippet:-1","max-image-preview":"max-image-preview:large","max-video-preview":"max-video-preview:-1"},"canonical":"https:\/\/www.clubdelemprendimiento.com\/blog\/autonomos\/avances-clave-para-autonomos-migrantes\/","og_locale":"es_ES","og_type":"article","og_title":"Avances clave para aut\u00f3nomos migrantes","og_description":"El nuevo reglamento de extranjer\u00eda impulsa el trabajo por cuenta propia y mejora los derechos de los aut\u00f3nomos migrantes en Espa\u00f1a.","og_url":"https:\/\/www.clubdelemprendimiento.com\/blog\/autonomos\/avances-clave-para-autonomos-migrantes\/","og_site_name":"Blog Club del Emprendimiento","article_published_time":"2025-06-06T06:40:24+00:00","article_modified_time":"2025-05-28T07:35:31+00:00","og_image":[{"width":1500,"height":998,"url":"https:\/\/www.clubdelemprendimiento.com\/blog\/wp-content\/uploads\/2025\/05\/2150455568.jpg","type":"image\/jpeg"}],"author":"Nerea Merino","twitter_card":"summary_large_image","twitter_misc":{"Escrito por":"Nerea Merino","Tiempo de lectura":"2 minutos"},"schema":{"@context":"https:\/\/schema.org","@graph":[{"@type":"WebPage","@id":"https:\/\/www.clubdelemprendimiento.com\/blog\/autonomos\/avances-clave-para-autonomos-migrantes\/","url":"https:\/\/www.clubdelemprendimiento.com\/blog\/autonomos\/avances-clave-para-autonomos-migrantes\/","name":"Avances clave para aut\u00f3nomos migrantes","isPartOf":{"@id":"https:\/\/www.clubdelemprendimiento.com\/blog\/#website"},"primaryImageOfPage":{"@id":"https:\/\/www.clubdelemprendimiento.com\/blog\/autonomos\/avances-clave-para-autonomos-migrantes\/#primaryimage"},"image":{"@id":"https:\/\/www.clubdelemprendimiento.com\/blog\/autonomos\/avances-clave-para-autonomos-migrantes\/#primaryimage"},"thumbnailUrl":"https:\/\/www.clubdelemprendimiento.com\/blog\/wp-content\/uploads\/2025\/05\/2150455568.jpg","datePublished":"2025-06-06T06:40:24+00:00","dateModified":"2025-05-28T07:35:31+00:00","author":{"@id":"https:\/\/www.clubdelemprendimiento.com\/blog\/#\/schema\/person\/a82ce0fc1281064b1cab4855c351cea7"},"description":"El nuevo reglamento de extranjer\u00eda impulsa el trabajo por cuenta propia y mejora los derechos de los aut\u00f3nomos migrantes en Espa\u00f1a.","breadcrumb":{"@id":"https:\/\/www.clubdelemprendimiento.com\/blog\/autonomos\/avances-clave-para-autonomos-migrantes\/#breadcrumb"},"inLanguage":"es","potentialAction":[{"@type":"ReadAction","target":["https:\/\/www.clubdelemprendimiento.com\/blog\/autonomos\/avances-clave-para-autonomos-migrantes\/"]}]},{"@type":"ImageObject","inLanguage":"es","@id":"https:\/\/www.clubdelemprendimiento.com\/blog\/autonomos\/avances-clave-para-autonomos-migrantes\/#primaryimage","url":"https:\/\/www.clubdelemprendimiento.com\/blog\/wp-content\/uploads\/2025\/05\/2150455568.jpg","contentUrl":"https:\/\/www.clubdelemprendimiento.com\/blog\/wp-content\/uploads\/2025\/05\/2150455568.jpg","width":1500,"height":998,"caption":"aut\u00f3nomos migrantes"},{"@type":"BreadcrumbList","@id":"https:\/\/www.clubdelemprendimiento.com\/blog\/autonomos\/avances-clave-para-autonomos-migrantes\/#breadcrumb","itemListElement":[{"@type":"ListItem","position":1,"name":"Home","item":"https:\/\/www.clubdelemprendimiento.com\/blog\/"},{"@type":"ListItem","position":2,"name":"Los aut\u00f3nomos migrantes ganan terreno con la entrada en vigor del nuevo Reglamento de Extranjer\u00eda"}]},{"@type":"WebSite","@id":"https:\/\/www.clubdelemprendimiento.com\/blog\/#website","url":"https:\/\/www.clubdelemprendimiento.com\/blog\/","name":"Blog Club del Emprendimiento","description":"","potentialAction":[{"@type":"SearchAction","target":{"@type":"EntryPoint","urlTemplate":"https:\/\/www.clubdelemprendimiento.com\/blog\/?s={search_term_string}"},"query-input":"required name=search_term_string"}],"inLanguage":"es"},{"@type":"Person","@id":"https:\/\/www.clubdelemprendimiento.com\/blog\/#\/schema\/person\/a82ce0fc1281064b1cab4855c351cea7","name":"Nerea Merino","image":{"@type":"ImageObject","inLanguage":"es","@id":"https:\/\/www.clubdelemprendimiento.com\/blog\/#\/schema\/person\/image\/","url":"https:\/\/secure.gravatar.com\/avatar\/3b1c906b7b4a65b22c04d52a020d4815?s=96&d=mm&r=g","contentUrl":"https:\/\/secure.gravatar.com\/avatar\/3b1c906b7b4a65b22c04d52a020d4815?s=96&d=mm&r=g","caption":"Nerea Merino"},"url":"https:\/\/www.clubdelemprendimiento.com\/blog\/author\/nerea\/"}]}},"_links":{"self":[{"href":"https:\/\/www.clubdelemprendimiento.com\/blog\/wp-json\/wp\/v2\/posts\/18437"}],"collection":[{"href":"https:\/\/www.clubdelemprendimiento.com\/blog\/wp-json\/wp\/v2\/posts"}],"about":[{"href":"https:\/\/www.clubdelemprendimiento.com\/blog\/wp-json\/wp\/v2\/types\/post"}],"author":[{"embeddable":true,"href":"https:\/\/www.clubdelemprendimiento.com\/blog\/wp-json\/wp\/v2\/users\/14"}],"replies":[{"embeddable":true,"href":"https:\/\/www.clubdelemprendimiento.com\/blog\/wp-json\/wp\/v2\/comments?post=18437"}],"version-history":[{"count":2,"href":"https:\/\/www.clubdelemprendimiento.com\/blog\/wp-json\/wp\/v2\/posts\/18437\/revisions"}],"predecessor-version":[{"id":18441,"href":"https:\/\/www.clubdelemprendimiento.com\/blog\/wp-json\/wp\/v2\/posts\/18437\/revisions\/18441"}],"wp:featuredmedia":[{"embeddable":true,"href":"https:\/\/www.clubdelemprendimiento.com\/blog\/wp-json\/wp\/v2\/media\/18438"}],"wp:attachment":[{"href":"https:\/\/www.clubdelemprendimiento.com\/blog\/wp-json\/wp\/v2\/media?parent=18437"}],"wp:term":[{"taxonomy":"category","embeddable":true,"href":"https:\/\/www.clubdelemprendimiento.com\/blog\/wp-json\/wp\/v2\/categories?post=18437"},{"taxonomy":"post_tag","embeddable":true,"href":"https:\/\/www.clubdelemprendimiento.com\/blog\/wp-json\/wp\/v2\/tags?post=18437"}],"curies":[{"name":"wp","href":"https:\/\/api.w.org\/{rel}","templated":true}]}}