{"id":18434,"date":"2025-05-23T06:44:24","date_gmt":"2025-05-23T06:44:24","guid":{"rendered":"https:\/\/www.clubdelemprendimiento.com\/blog\/?p=18434"},"modified":"2025-05-22T07:03:45","modified_gmt":"2025-05-22T07:03:45","slug":"the-romanach-estetica-con-filo","status":"publish","type":"post","link":"https:\/\/www.clubdelemprendimiento.com\/blog\/pymes\/the-romanach-estetica-con-filo\/","title":{"rendered":"The Romanach: arte, forma y pensamiento\u00a0"},"content":{"rendered":"\n<p><strong>The Romanach no se visita, se atraviesa.<\/strong> En plena calle Orellana, este nuevo espacio madrile\u00f1o se presenta como un club privado con escaparate, un refugio donde la est\u00e9tica no es adorno sino detonante. Bajo la direcci\u00f3n de Almudena Basabe, The Romanach abre sus puertas con una declaraci\u00f3n de intenciones: incomodar desde la belleza, generar pensamiento desde la forma. Hablamos con su fundadora sobre fricci\u00f3n est\u00e9tica, arte como experiencia y por qu\u00e9, en tiempos de scroll, lo verdaderamente radical es detenerse a mirar.<\/p>\n\n\n\n<ul>\n<li><strong>\u00bfC\u00f3mo describir\u00edas The Romanach?<\/strong><\/li>\n<\/ul>\n\n\n\n<p><em>The Romanach<\/em>\u00a0no es una galer\u00eda al uso. Es un espacio de pensamiento est\u00e9tico camuflado de club privado con escaparate. Un lugar donde el arte no se contempla, se discute; donde la belleza no adorna, incomoda. Nos interesa m\u00e1s la est\u00e9tica que el arte. Nos importa m\u00e1s provocar una fricci\u00f3n que complacer una mirada.<\/p>\n\n\n\n<ul>\n<li><strong>\u00bfQu\u00e9 diferencia a The Romanach de otras galer\u00edas tradicionales?<\/strong><\/li>\n<\/ul>\n\n\n\n<p>No representamos artistas, representamos ideas. No buscamos lo nuevo por lo nuevo, sino lo disruptivo desde la belleza.\u00a0<em>The Romanach<\/em>\u00a0no se monta sobre la l\u00f3gica del mercado, sino sobre el deseo de rescatar la experiencia est\u00e9tica como algo transformador. Pensamos que lo transgresor ahora es lo bello.<\/p>\n\n\n\n<ul>\n<li><strong>\u00bfQu\u00e9 te inspir\u00f3 a crear The Romanach y c\u00f3mo lograste definir su propuesta \u00fanica dentro del panorama art\u00edstico de Madrid?<\/strong><\/li>\n<\/ul>\n\n\n\n<p>La chispa naci\u00f3 del contraste: entre pasado y futuro, entre lo cl\u00e1sico y lo contempor\u00e1neo, entre lo t\u00e9cnico y lo sensorial.<\/p>\n\n\n\n<p>Despu\u00e9s de a\u00f1os viviendo en ciudades como Roma o Londres, entend\u00ed que la tradici\u00f3n puede ser vanguardista si se la deja evolucionar. Los romanos lo sab\u00edan: integraban ingenier\u00eda, est\u00e9tica, y poder simb\u00f3lico en una misma forma. Esa idea \u2014de lo hoy es lo cl\u00e1sico -que un dia fue una innovaci\u00f3n radical\u2014 me fascin\u00f3.<\/p>\n\n\n\n<p>La propuesta se construy\u00f3 como una arquitectura invisible: por capas, como un perfume \u2014con notas de fondo, coraz\u00f3n y salida. Cada decisi\u00f3n \u2014desde el color del suelo hasta la manera en que entra la luz\u2014 responde a una l\u00f3gica est\u00e9tica. Se cruzan referencias, materiales y atm\u00f3sferas, con la precisi\u00f3n de una composici\u00f3n. Nada est\u00e1 ah\u00ed por azar. Es un lugar que no busca imponerse, sino resonar.<\/p>\n\n\n\n<p>Todo est\u00e1 dise\u00f1ado para producir un efecto. Pero lo verdaderamente m\u00e1gico es, como en los perfumes, que en cada persona resuena de forma distinta. La salida que deja es siempre personal, \u00fanica e intransferible.<\/p>\n\n\n\n<p>Algunos ver\u00e1n s\u00f3lo lo visual, y otros ver\u00e1n tambi\u00e9n lo que les ha hecho sentir, lo que les ha transmitido y lo que les anima a repensar o evolucionar.&nbsp;<\/p>\n\n\n\n<p>Eso para m\u00ed es lo que se vive en ciudades como Londres o Roma, es el pensamiento cr\u00edtico que luego se plasma en la calle, en el arte\u2026 y que ayuda a evolucionar.<\/p>\n\n\n\n<ul>\n<li><strong>En un sector tan competitivo como el del arte, \u00bfcu\u00e1les son los desaf\u00edos que enfrenta una galer\u00eda como The Romanach y c\u00f3mo los has afrontado?<\/strong><\/li>\n<\/ul>\n\n\n\n<p>El mayor desaf\u00edo es no parecerse a los dem\u00e1s, encontrar tu hueco, y definir tu&nbsp;<em>Statement<\/em>&nbsp;sin necesidad de gritarlo. Resistir la tentaci\u00f3n de lo obvio, de lo rentable, de lo que \u201cfunciona\u201d. Preferimos ir hablando desde el silencio, no desde el ruido que ya sabemos que es muy facil pero que puede resultar en algo pasajero.<\/p>\n\n\n\n<p>Nosotros respondemos con calma, coherencia y car\u00e1cter. Apostamos por el contenido que deja poso, por la belleza que no se deja capturar en una imagen, y es la que perdura.<\/p>\n\n\n\n<p>Afrontamos los desaf\u00edos como se enfrenta uno a una obra dif\u00edcil: con tiempo, mirada entrenada y sin miedo al vac\u00edo.<\/p>\n\n\n\n<ul>\n<li><strong>\u00bfC\u00f3mo defines el concepto de \u201cfricci\u00f3n est\u00e9tica\u201d que caracteriza a The Romanach, y por qu\u00e9 consideras que este enfoque es necesario en el arte contempor\u00e1neo?<\/strong><\/li>\n<\/ul>\n\n\n\n<p>Fricci\u00f3n est\u00e9tica es cuando algo te atrae pero no terminas de entender. Cuando una obra parece bella, pero hay algo que la vuelve extra\u00f1a. Ese roce es el que activa la conciencia. Es ah\u00ed cuando empiezas a pensarlo.<\/p>\n\n\n\n<p>En un mundo donde todo busca ser agradable, la fricci\u00f3n est\u00e9tica es una forma de resistencia. No es arte para decorar, sino para interrumpir. Para que el espectador salga distinto de como entr\u00f3.<\/p>\n\n\n\n<ul>\n<li><strong>El espacio no es solo una galer\u00eda, sino un \u201cclub privado con escaparate\u201d. \u00bfQu\u00e9 significa este enfoque y c\u00f3mo se refleja en la experiencia del visitante?<\/strong><\/li>\n<\/ul>\n\n\n\n<p>Es una forma de generar intimidad sin excluir. Desde fuera se ve, pero no se entiende del todo. Hay algo de misterio, de ritual.<\/p>\n\n\n\n<p>El visitante entra en un lugar donde cada detalle tiene intenci\u00f3n. El suelo rojo no est\u00e1 ah\u00ed por moda, sino para marcar el umbral. La experiencia se cuida como si fuera una escena: luz, olor, sonido, gesto.<\/p>\n\n\n\n<p><em>The Romanach<\/em>&nbsp;es un club, s\u00ed, pero sin carnet. Solo hace falta sensibilidad. Y estar abierto a dejarse transformar y salir diferente.<\/p>\n\n\n\n<ul>\n<li><strong>\u00bfQu\u00e9 piensas sobre la relaci\u00f3n entre la tecnolog\u00eda y el arte en el contexto actual? \u00bfCrees que la digitalizaci\u00f3n est\u00e1 transformando la forma en que se percibe y se consume el arte?<\/strong><\/li>\n<\/ul>\n\n\n\n<p>La tecnolog\u00eda ya no es un tema, es un entorno. No se trata de usarla como efecto especial, sino de entender c\u00f3mo transforma nuestra percepci\u00f3n.<\/p>\n\n\n\n<p>En&nbsp;<em>The Romanach<\/em>&nbsp;nos interesan los artistas que dominan lo digital sin rendirse a \u00e9l. Que imprimen en 3D como si modelaran a mano. Que usan escaneos como quien usa memoria.<\/p>\n\n\n\n<p>Lo digital puede ser profundamente t\u00e1ctil si se trabaja desde lo est\u00e9tico, us\u00e1ndolo como medio y aprovechando su mensaje, el lenguaje que crea. No como fin en s\u00ed mismo, no desde el espect\u00e1culo.&nbsp;<\/p>\n\n\n\n<p>Los artistas han de ser testigos de su tiempo, y la tecnolog\u00eda est\u00e1 ah\u00ed para usarla. Si\u00a0<em>Leonardo<\/em>\u00a0hubiera tenido una m\u00e1quina 3D.. Tu crees que no la habr\u00eda usado? Probablemente hasta la hubiera inventado \u00e9l\u2026 o si no inventado, mejorado seguro que s\u00ed.<\/p>\n\n\n\n<ul>\n<li><strong>\u00bfC\u00f3mo seleccionas a los artistas y proyectos que exponen en The Romanach? \u00bfQu\u00e9 criterios sigues para garantizar que las exposiciones sigan la l\u00ednea conceptual de la galer\u00eda?<\/strong><\/li>\n<\/ul>\n\n\n\n<p>La selecci\u00f3n no es un casting, es un di\u00e1logo. Nos fijamos m\u00e1s en la mirada que en el curr\u00edculum. En la coherencia interna del trabajo, en su capacidad de generar preguntas, en c\u00f3mo unen conceptos con lenguajes.<\/p>\n\n\n\n<p>Buscamos proyectos que conecten con nuestra sensibilidad: lo bello que incomoda, lo cl\u00e1sico que se rehace, lo digital que respira.<\/p>\n\n\n\n<p>Y algo fundamental: el artista debe entender el espacio, y dejarse afectar por \u00e9l. En&nbsp;<em>The Romanach<\/em>, cada exposici\u00f3n es una peque\u00f1a dramaturgia.<\/p>\n\n\n\n<ul>\n<li><strong>\u00bfEn qu\u00e9 medida The Romanach busca provocar una reflexi\u00f3n cr\u00edtica sobre el arte y la est\u00e9tica en la sociedad contempor\u00e1nea?<\/strong><\/li>\n<\/ul>\n\n\n\n<p>No queremos aleccionar, pero s\u00ed desordenar. La cr\u00edtica no viene en forma de discurso, sino de gesto. De elecci\u00f3n est\u00e9tica. El simple hecho de apostar por lo bello en tiempos de iron\u00eda ya es una toma de posici\u00f3n.<\/p>\n\n\n\n<p>En&nbsp;<em>The Romanach<\/em>, la est\u00e9tica no es una etiqueta, es una forma de conocimiento. Y todo conocimiento verdadero implica un peque\u00f1o temblor.<\/p>\n\n\n\n<p>Desde la est\u00e9tica, Comprender una obra es participar en su revelaci\u00f3n, no descifrar un c\u00f3digo.<\/p>\n\n\n\n<ul>\n<li><strong>\u00bfQu\u00e9 papel juega la est\u00e9tica en la cultura contempor\u00e1nea y c\u00f3mo crees que los espacios como The Romanach contribuyen a ese debate?<\/strong><\/li>\n<\/ul>\n\n\n\n<p>Hoy todo es est\u00e9tica, pero casi nada es est\u00e9tico. Se nos da la imagen, pero no la experiencia.<\/p>\n\n\n\n<p><em>The Romanach<\/em>&nbsp;busca devolver a la est\u00e9tica su densidad: no como ornamento, sino como herramienta sensible para leer el mundo.<\/p>\n\n\n\n<p>Contribuimos creando un espacio donde mirar no es consumir, sino comprometerse. Donde lo visual vuelve a tener peso, pausa, potencia.<\/p>\n\n\n\n<p>En tiempos de scroll, ofrecemos una escena.<\/p>\n","protected":false},"excerpt":{"rendered":"<p>The Romanach no se visita, se atraviesa. En plena calle Orellana, este nuevo espacio&hellip;<\/p>\n","protected":false},"author":14,"featured_media":18435,"comment_status":"open","ping_status":"open","sticky":false,"template":"","format":"standard","meta":{"_acf_changed":false,"footnotes":""},"categories":[256],"tags":[],"acf":[],"yoast_head":"<!-- This site is optimized with the Yoast SEO plugin v22.7 - https:\/\/yoast.com\/wordpress\/plugins\/seo\/ -->\n<title>The Romanach: est\u00e9tica con filo<\/title>\n<meta name=\"description\" content=\"The Romanach, un club con escaparate donde el arte incomoda, la belleza provoca y cada exposici\u00f3n activa el pensamiento desde la forma.\" \/>\n<meta name=\"robots\" content=\"index, follow, max-snippet:-1, max-image-preview:large, max-video-preview:-1\" \/>\n<link rel=\"canonical\" href=\"https:\/\/www.clubdelemprendimiento.com\/blog\/pymes\/the-romanach-estetica-con-filo\/\" \/>\n<meta property=\"og:locale\" content=\"es_ES\" \/>\n<meta property=\"og:type\" content=\"article\" \/>\n<meta property=\"og:title\" content=\"The Romanach: est\u00e9tica con filo\" \/>\n<meta property=\"og:description\" content=\"The Romanach, un club con escaparate donde el arte incomoda, la belleza provoca y cada exposici\u00f3n activa el pensamiento desde la forma.\" \/>\n<meta property=\"og:url\" content=\"https:\/\/www.clubdelemprendimiento.com\/blog\/pymes\/the-romanach-estetica-con-filo\/\" \/>\n<meta property=\"og:site_name\" content=\"Blog Club del Emprendimiento\" \/>\n<meta property=\"article:published_time\" content=\"2025-05-23T06:44:24+00:00\" \/>\n<meta property=\"article:modified_time\" content=\"2025-05-22T07:03:45+00:00\" \/>\n<meta property=\"og:image\" content=\"https:\/\/www.clubdelemprendimiento.com\/blog\/wp-content\/uploads\/2025\/05\/the-romanach.jpg\" \/>\n\t<meta property=\"og:image:width\" content=\"945\" \/>\n\t<meta property=\"og:image:height\" content=\"516\" \/>\n\t<meta property=\"og:image:type\" content=\"image\/jpeg\" \/>\n<meta name=\"author\" content=\"Nerea Merino\" \/>\n<meta name=\"twitter:card\" content=\"summary_large_image\" \/>\n<meta name=\"twitter:label1\" content=\"Escrito por\" \/>\n\t<meta name=\"twitter:data1\" content=\"Nerea Merino\" \/>\n\t<meta name=\"twitter:label2\" content=\"Tiempo de lectura\" \/>\n\t<meta name=\"twitter:data2\" content=\"6 minutos\" \/>\n<script type=\"application\/ld+json\" class=\"yoast-schema-graph\">{\"@context\":\"https:\/\/schema.org\",\"@graph\":[{\"@type\":\"WebPage\",\"@id\":\"https:\/\/www.clubdelemprendimiento.com\/blog\/pymes\/the-romanach-estetica-con-filo\/\",\"url\":\"https:\/\/www.clubdelemprendimiento.com\/blog\/pymes\/the-romanach-estetica-con-filo\/\",\"name\":\"The Romanach: est\u00e9tica con filo\",\"isPartOf\":{\"@id\":\"https:\/\/www.clubdelemprendimiento.com\/blog\/#website\"},\"primaryImageOfPage\":{\"@id\":\"https:\/\/www.clubdelemprendimiento.com\/blog\/pymes\/the-romanach-estetica-con-filo\/#primaryimage\"},\"image\":{\"@id\":\"https:\/\/www.clubdelemprendimiento.com\/blog\/pymes\/the-romanach-estetica-con-filo\/#primaryimage\"},\"thumbnailUrl\":\"https:\/\/www.clubdelemprendimiento.com\/blog\/wp-content\/uploads\/2025\/05\/the-romanach.jpg\",\"datePublished\":\"2025-05-23T06:44:24+00:00\",\"dateModified\":\"2025-05-22T07:03:45+00:00\",\"author\":{\"@id\":\"https:\/\/www.clubdelemprendimiento.com\/blog\/#\/schema\/person\/a82ce0fc1281064b1cab4855c351cea7\"},\"description\":\"The Romanach, un club con escaparate donde el arte incomoda, la belleza provoca y cada exposici\u00f3n activa el pensamiento desde la forma.\",\"breadcrumb\":{\"@id\":\"https:\/\/www.clubdelemprendimiento.com\/blog\/pymes\/the-romanach-estetica-con-filo\/#breadcrumb\"},\"inLanguage\":\"es\",\"potentialAction\":[{\"@type\":\"ReadAction\",\"target\":[\"https:\/\/www.clubdelemprendimiento.com\/blog\/pymes\/the-romanach-estetica-con-filo\/\"]}]},{\"@type\":\"ImageObject\",\"inLanguage\":\"es\",\"@id\":\"https:\/\/www.clubdelemprendimiento.com\/blog\/pymes\/the-romanach-estetica-con-filo\/#primaryimage\",\"url\":\"https:\/\/www.clubdelemprendimiento.com\/blog\/wp-content\/uploads\/2025\/05\/the-romanach.jpg\",\"contentUrl\":\"https:\/\/www.clubdelemprendimiento.com\/blog\/wp-content\/uploads\/2025\/05\/the-romanach.jpg\",\"width\":945,\"height\":516,\"caption\":\"the romanach\"},{\"@type\":\"BreadcrumbList\",\"@id\":\"https:\/\/www.clubdelemprendimiento.com\/blog\/pymes\/the-romanach-estetica-con-filo\/#breadcrumb\",\"itemListElement\":[{\"@type\":\"ListItem\",\"position\":1,\"name\":\"Home\",\"item\":\"https:\/\/www.clubdelemprendimiento.com\/blog\/\"},{\"@type\":\"ListItem\",\"position\":2,\"name\":\"The Romanach: arte, forma y pensamiento\u00a0\"}]},{\"@type\":\"WebSite\",\"@id\":\"https:\/\/www.clubdelemprendimiento.com\/blog\/#website\",\"url\":\"https:\/\/www.clubdelemprendimiento.com\/blog\/\",\"name\":\"Blog Club del Emprendimiento\",\"description\":\"\",\"potentialAction\":[{\"@type\":\"SearchAction\",\"target\":{\"@type\":\"EntryPoint\",\"urlTemplate\":\"https:\/\/www.clubdelemprendimiento.com\/blog\/?s={search_term_string}\"},\"query-input\":\"required name=search_term_string\"}],\"inLanguage\":\"es\"},{\"@type\":\"Person\",\"@id\":\"https:\/\/www.clubdelemprendimiento.com\/blog\/#\/schema\/person\/a82ce0fc1281064b1cab4855c351cea7\",\"name\":\"Nerea Merino\",\"image\":{\"@type\":\"ImageObject\",\"inLanguage\":\"es\",\"@id\":\"https:\/\/www.clubdelemprendimiento.com\/blog\/#\/schema\/person\/image\/\",\"url\":\"https:\/\/secure.gravatar.com\/avatar\/3b1c906b7b4a65b22c04d52a020d4815?s=96&d=mm&r=g\",\"contentUrl\":\"https:\/\/secure.gravatar.com\/avatar\/3b1c906b7b4a65b22c04d52a020d4815?s=96&d=mm&r=g\",\"caption\":\"Nerea Merino\"},\"url\":\"https:\/\/www.clubdelemprendimiento.com\/blog\/author\/nerea\/\"}]}<\/script>\n<!-- \/ Yoast SEO plugin. -->","yoast_head_json":{"title":"The Romanach: est\u00e9tica con filo","description":"The Romanach, un club con escaparate donde el arte incomoda, la belleza provoca y cada exposici\u00f3n activa el pensamiento desde la forma.","robots":{"index":"index","follow":"follow","max-snippet":"max-snippet:-1","max-image-preview":"max-image-preview:large","max-video-preview":"max-video-preview:-1"},"canonical":"https:\/\/www.clubdelemprendimiento.com\/blog\/pymes\/the-romanach-estetica-con-filo\/","og_locale":"es_ES","og_type":"article","og_title":"The Romanach: est\u00e9tica con filo","og_description":"The Romanach, un club con escaparate donde el arte incomoda, la belleza provoca y cada exposici\u00f3n activa el pensamiento desde la forma.","og_url":"https:\/\/www.clubdelemprendimiento.com\/blog\/pymes\/the-romanach-estetica-con-filo\/","og_site_name":"Blog Club del Emprendimiento","article_published_time":"2025-05-23T06:44:24+00:00","article_modified_time":"2025-05-22T07:03:45+00:00","og_image":[{"width":945,"height":516,"url":"https:\/\/www.clubdelemprendimiento.com\/blog\/wp-content\/uploads\/2025\/05\/the-romanach.jpg","type":"image\/jpeg"}],"author":"Nerea Merino","twitter_card":"summary_large_image","twitter_misc":{"Escrito por":"Nerea Merino","Tiempo de lectura":"6 minutos"},"schema":{"@context":"https:\/\/schema.org","@graph":[{"@type":"WebPage","@id":"https:\/\/www.clubdelemprendimiento.com\/blog\/pymes\/the-romanach-estetica-con-filo\/","url":"https:\/\/www.clubdelemprendimiento.com\/blog\/pymes\/the-romanach-estetica-con-filo\/","name":"The Romanach: est\u00e9tica con filo","isPartOf":{"@id":"https:\/\/www.clubdelemprendimiento.com\/blog\/#website"},"primaryImageOfPage":{"@id":"https:\/\/www.clubdelemprendimiento.com\/blog\/pymes\/the-romanach-estetica-con-filo\/#primaryimage"},"image":{"@id":"https:\/\/www.clubdelemprendimiento.com\/blog\/pymes\/the-romanach-estetica-con-filo\/#primaryimage"},"thumbnailUrl":"https:\/\/www.clubdelemprendimiento.com\/blog\/wp-content\/uploads\/2025\/05\/the-romanach.jpg","datePublished":"2025-05-23T06:44:24+00:00","dateModified":"2025-05-22T07:03:45+00:00","author":{"@id":"https:\/\/www.clubdelemprendimiento.com\/blog\/#\/schema\/person\/a82ce0fc1281064b1cab4855c351cea7"},"description":"The Romanach, un club con escaparate donde el arte incomoda, la belleza provoca y cada exposici\u00f3n activa el pensamiento desde la forma.","breadcrumb":{"@id":"https:\/\/www.clubdelemprendimiento.com\/blog\/pymes\/the-romanach-estetica-con-filo\/#breadcrumb"},"inLanguage":"es","potentialAction":[{"@type":"ReadAction","target":["https:\/\/www.clubdelemprendimiento.com\/blog\/pymes\/the-romanach-estetica-con-filo\/"]}]},{"@type":"ImageObject","inLanguage":"es","@id":"https:\/\/www.clubdelemprendimiento.com\/blog\/pymes\/the-romanach-estetica-con-filo\/#primaryimage","url":"https:\/\/www.clubdelemprendimiento.com\/blog\/wp-content\/uploads\/2025\/05\/the-romanach.jpg","contentUrl":"https:\/\/www.clubdelemprendimiento.com\/blog\/wp-content\/uploads\/2025\/05\/the-romanach.jpg","width":945,"height":516,"caption":"the romanach"},{"@type":"BreadcrumbList","@id":"https:\/\/www.clubdelemprendimiento.com\/blog\/pymes\/the-romanach-estetica-con-filo\/#breadcrumb","itemListElement":[{"@type":"ListItem","position":1,"name":"Home","item":"https:\/\/www.clubdelemprendimiento.com\/blog\/"},{"@type":"ListItem","position":2,"name":"The Romanach: arte, forma y pensamiento\u00a0"}]},{"@type":"WebSite","@id":"https:\/\/www.clubdelemprendimiento.com\/blog\/#website","url":"https:\/\/www.clubdelemprendimiento.com\/blog\/","name":"Blog Club del Emprendimiento","description":"","potentialAction":[{"@type":"SearchAction","target":{"@type":"EntryPoint","urlTemplate":"https:\/\/www.clubdelemprendimiento.com\/blog\/?s={search_term_string}"},"query-input":"required name=search_term_string"}],"inLanguage":"es"},{"@type":"Person","@id":"https:\/\/www.clubdelemprendimiento.com\/blog\/#\/schema\/person\/a82ce0fc1281064b1cab4855c351cea7","name":"Nerea Merino","image":{"@type":"ImageObject","inLanguage":"es","@id":"https:\/\/www.clubdelemprendimiento.com\/blog\/#\/schema\/person\/image\/","url":"https:\/\/secure.gravatar.com\/avatar\/3b1c906b7b4a65b22c04d52a020d4815?s=96&d=mm&r=g","contentUrl":"https:\/\/secure.gravatar.com\/avatar\/3b1c906b7b4a65b22c04d52a020d4815?s=96&d=mm&r=g","caption":"Nerea Merino"},"url":"https:\/\/www.clubdelemprendimiento.com\/blog\/author\/nerea\/"}]}},"_links":{"self":[{"href":"https:\/\/www.clubdelemprendimiento.com\/blog\/wp-json\/wp\/v2\/posts\/18434"}],"collection":[{"href":"https:\/\/www.clubdelemprendimiento.com\/blog\/wp-json\/wp\/v2\/posts"}],"about":[{"href":"https:\/\/www.clubdelemprendimiento.com\/blog\/wp-json\/wp\/v2\/types\/post"}],"author":[{"embeddable":true,"href":"https:\/\/www.clubdelemprendimiento.com\/blog\/wp-json\/wp\/v2\/users\/14"}],"replies":[{"embeddable":true,"href":"https:\/\/www.clubdelemprendimiento.com\/blog\/wp-json\/wp\/v2\/comments?post=18434"}],"version-history":[{"count":1,"href":"https:\/\/www.clubdelemprendimiento.com\/blog\/wp-json\/wp\/v2\/posts\/18434\/revisions"}],"predecessor-version":[{"id":18436,"href":"https:\/\/www.clubdelemprendimiento.com\/blog\/wp-json\/wp\/v2\/posts\/18434\/revisions\/18436"}],"wp:featuredmedia":[{"embeddable":true,"href":"https:\/\/www.clubdelemprendimiento.com\/blog\/wp-json\/wp\/v2\/media\/18435"}],"wp:attachment":[{"href":"https:\/\/www.clubdelemprendimiento.com\/blog\/wp-json\/wp\/v2\/media?parent=18434"}],"wp:term":[{"taxonomy":"category","embeddable":true,"href":"https:\/\/www.clubdelemprendimiento.com\/blog\/wp-json\/wp\/v2\/categories?post=18434"},{"taxonomy":"post_tag","embeddable":true,"href":"https:\/\/www.clubdelemprendimiento.com\/blog\/wp-json\/wp\/v2\/tags?post=18434"}],"curies":[{"name":"wp","href":"https:\/\/api.w.org\/{rel}","templated":true}]}}