{"id":18421,"date":"2025-05-27T11:42:26","date_gmt":"2025-05-27T11:42:26","guid":{"rendered":"https:\/\/www.clubdelemprendimiento.com\/blog\/?p=18421"},"modified":"2025-05-19T11:56:20","modified_gmt":"2025-05-19T11:56:20","slug":"reduccion-de-jornada-avance-laboral-en-espana","status":"publish","type":"post","link":"https:\/\/www.clubdelemprendimiento.com\/blog\/nuestros-emprendedores\/reduccion-de-jornada-avance-laboral-en-espana\/","title":{"rendered":"Reducci\u00f3n de jornada a 37,5 horas: una oportunidad para mejorar la competitividad"},"content":{"rendered":"\n<p>La reciente aprobaci\u00f3n de la reducci\u00f3n de la jornada laboral a 37,5 horas semanales por parte del Consejo de Ministros marca un hito en la<em> evoluci\u00f3n de las condiciones laborales en Espa\u00f1a.<\/em> La medida, que beneficiar\u00e1 a m\u00e1s de 12 millones de trabajadores asalariados, ha sido recibida con satisfacci\u00f3n por organizaciones que representan a los trabajadores por cuenta propia. Quienes subrayan que esta decisi\u00f3n no supondr\u00e1 un impacto negativo en la actividad de los peque\u00f1os negocios ni de los aut\u00f3nomos empleadores.<\/p>\n\n\n\n<p>En un escenario econ\u00f3mico favorable, con cifras de empleo en niveles hist\u00f3ricos y un crecimiento constante en la afiliaci\u00f3n al R\u00e9gimen Especial de Trabajadores Aut\u00f3nomos (RETA), esta iniciativa se interpreta como <strong>un paso natural hacia un modelo laboral m\u00e1s sostenible y moderno.<\/strong> La jornada reducida busca mejorar la calidad de vida de los trabajadores y fomentar entornos de trabajo m\u00e1s eficientes y motivadores.<\/p>\n\n\n\n<h2 class=\"wp-block-heading\">Productividad y reducci\u00f3n de jornada: un falso dilema<\/h2>\n\n\n\n<p>Contrario a ciertos discursos que intentan asociar menos horas de trabajo con una menor productividad, diversos expertos y representantes del \u00e1mbito aut\u00f3nomo insisten en que<strong> el rendimiento laboral depende m\u00e1s de la organizaci\u00f3n interna, la digitalizaci\u00f3n y la motivaci\u00f3n del equipo <\/strong>que del n\u00famero de horas trabajadas. Adem\u00e1s, muchas de las reducciones ya est\u00e1n reflejadas en convenios colectivos sectoriales, lo que minimiza el impacto de la medida en el d\u00eda a d\u00eda de numerosos empleadores. <\/p>\n\n\n\n<p>Para los m\u00e1s de 400.000 aut\u00f3nomos que cuentan con personas a su cargo, la nueva normativa no implicar\u00e1 una transformaci\u00f3n dr\u00e1stica. En muchos casos, <strong>ya han adaptado sus horarios a modelos m\u00e1s flexibles<\/strong>, conscientes de que ofrecer mejores condiciones ayuda a retener talento y reduce la rotaci\u00f3n del personal. En este sentido, la medida podr\u00eda incluso nivelar el terreno de juego, permitiendo que peque\u00f1as y medianas empresas puedan competir en atracci\u00f3n de talento frente a grandes compa\u00f1\u00edas con mayores recursos.<\/p>\n\n\n\n<p>La decisi\u00f3n tambi\u00e9n refuerza una visi\u00f3n del trabajo m\u00e1s acorde con las necesidades del siglo XXI. Donde <strong>el equilibrio entre vida profesional y personal se valora tanto como el salario. <\/strong>En lugar de representar una carga para los negocios, puede convertirse en una herramienta estrat\u00e9gica para mejorar la productividad real, fortalecer las relaciones laborales y elevar la competitividad del tejido empresarial.<\/p>\n\n\n\n<p>En definitiva, la reducci\u00f3n de la jornada laboral no solo es viable, sino que puede ser beneficiosa para el conjunto del sistema econ\u00f3mico, siempre que venga acompa\u00f1ada de una adecuada gesti\u00f3n del tiempo y una visi\u00f3n moderna de las relaciones laborales.<\/p>\n","protected":false},"excerpt":{"rendered":"<p>La reciente aprobaci\u00f3n de la reducci\u00f3n de la jornada laboral a 37,5 horas semanales&hellip;<\/p>\n","protected":false},"author":14,"featured_media":18422,"comment_status":"open","ping_status":"open","sticky":false,"template":"","format":"standard","meta":{"_acf_changed":false,"footnotes":""},"categories":[91],"tags":[],"acf":[],"yoast_head":"<!-- This site is optimized with the Yoast SEO plugin v22.7 - https:\/\/yoast.com\/wordpress\/plugins\/seo\/ -->\n<title>Reducci\u00f3n de jornada: avance laboral en Espa\u00f1a<\/title>\n<meta name=\"description\" content=\"La reducci\u00f3n de jornada a 37,5 h busca mejorar la vida laboral sin afectar la productividad, beneficiando a trabajadores y aut\u00f3nomos.\" \/>\n<meta name=\"robots\" content=\"index, follow, max-snippet:-1, max-image-preview:large, max-video-preview:-1\" \/>\n<link rel=\"canonical\" href=\"https:\/\/www.clubdelemprendimiento.com\/blog\/nuestros-emprendedores\/reduccion-de-jornada-avance-laboral-en-espana\/\" \/>\n<meta property=\"og:locale\" content=\"es_ES\" \/>\n<meta property=\"og:type\" content=\"article\" \/>\n<meta property=\"og:title\" content=\"Reducci\u00f3n de jornada: avance laboral en Espa\u00f1a\" \/>\n<meta property=\"og:description\" content=\"La reducci\u00f3n de jornada a 37,5 h busca mejorar la vida laboral sin afectar la productividad, beneficiando a trabajadores y aut\u00f3nomos.\" \/>\n<meta property=\"og:url\" content=\"https:\/\/www.clubdelemprendimiento.com\/blog\/nuestros-emprendedores\/reduccion-de-jornada-avance-laboral-en-espana\/\" \/>\n<meta property=\"og:site_name\" content=\"Blog Club del Emprendimiento\" \/>\n<meta property=\"article:published_time\" content=\"2025-05-27T11:42:26+00:00\" \/>\n<meta property=\"article:modified_time\" content=\"2025-05-19T11:56:20+00:00\" \/>\n<meta property=\"og:image\" content=\"https:\/\/www.clubdelemprendimiento.com\/blog\/wp-content\/uploads\/2025\/05\/13940.jpg\" \/>\n\t<meta property=\"og:image:width\" content=\"1500\" \/>\n\t<meta property=\"og:image:height\" content=\"1001\" \/>\n\t<meta property=\"og:image:type\" content=\"image\/jpeg\" \/>\n<meta name=\"author\" content=\"Nerea Merino\" \/>\n<meta name=\"twitter:card\" content=\"summary_large_image\" \/>\n<meta name=\"twitter:label1\" content=\"Escrito por\" \/>\n\t<meta name=\"twitter:data1\" content=\"Nerea Merino\" \/>\n\t<meta name=\"twitter:label2\" content=\"Tiempo de lectura\" \/>\n\t<meta name=\"twitter:data2\" content=\"3 minutos\" \/>\n<script type=\"application\/ld+json\" class=\"yoast-schema-graph\">{\"@context\":\"https:\/\/schema.org\",\"@graph\":[{\"@type\":\"WebPage\",\"@id\":\"https:\/\/www.clubdelemprendimiento.com\/blog\/nuestros-emprendedores\/reduccion-de-jornada-avance-laboral-en-espana\/\",\"url\":\"https:\/\/www.clubdelemprendimiento.com\/blog\/nuestros-emprendedores\/reduccion-de-jornada-avance-laboral-en-espana\/\",\"name\":\"Reducci\u00f3n de jornada: avance laboral en Espa\u00f1a\",\"isPartOf\":{\"@id\":\"https:\/\/www.clubdelemprendimiento.com\/blog\/#website\"},\"primaryImageOfPage\":{\"@id\":\"https:\/\/www.clubdelemprendimiento.com\/blog\/nuestros-emprendedores\/reduccion-de-jornada-avance-laboral-en-espana\/#primaryimage\"},\"image\":{\"@id\":\"https:\/\/www.clubdelemprendimiento.com\/blog\/nuestros-emprendedores\/reduccion-de-jornada-avance-laboral-en-espana\/#primaryimage\"},\"thumbnailUrl\":\"https:\/\/www.clubdelemprendimiento.com\/blog\/wp-content\/uploads\/2025\/05\/13940.jpg\",\"datePublished\":\"2025-05-27T11:42:26+00:00\",\"dateModified\":\"2025-05-19T11:56:20+00:00\",\"author\":{\"@id\":\"https:\/\/www.clubdelemprendimiento.com\/blog\/#\/schema\/person\/a82ce0fc1281064b1cab4855c351cea7\"},\"description\":\"La reducci\u00f3n de jornada a 37,5 h busca mejorar la vida laboral sin afectar la productividad, beneficiando a trabajadores y aut\u00f3nomos.\",\"breadcrumb\":{\"@id\":\"https:\/\/www.clubdelemprendimiento.com\/blog\/nuestros-emprendedores\/reduccion-de-jornada-avance-laboral-en-espana\/#breadcrumb\"},\"inLanguage\":\"es\",\"potentialAction\":[{\"@type\":\"ReadAction\",\"target\":[\"https:\/\/www.clubdelemprendimiento.com\/blog\/nuestros-emprendedores\/reduccion-de-jornada-avance-laboral-en-espana\/\"]}]},{\"@type\":\"ImageObject\",\"inLanguage\":\"es\",\"@id\":\"https:\/\/www.clubdelemprendimiento.com\/blog\/nuestros-emprendedores\/reduccion-de-jornada-avance-laboral-en-espana\/#primaryimage\",\"url\":\"https:\/\/www.clubdelemprendimiento.com\/blog\/wp-content\/uploads\/2025\/05\/13940.jpg\",\"contentUrl\":\"https:\/\/www.clubdelemprendimiento.com\/blog\/wp-content\/uploads\/2025\/05\/13940.jpg\",\"width\":1500,\"height\":1001,\"caption\":\"reducci\u00f3n de jornaada\"},{\"@type\":\"BreadcrumbList\",\"@id\":\"https:\/\/www.clubdelemprendimiento.com\/blog\/nuestros-emprendedores\/reduccion-de-jornada-avance-laboral-en-espana\/#breadcrumb\",\"itemListElement\":[{\"@type\":\"ListItem\",\"position\":1,\"name\":\"Home\",\"item\":\"https:\/\/www.clubdelemprendimiento.com\/blog\/\"},{\"@type\":\"ListItem\",\"position\":2,\"name\":\"Reducci\u00f3n de jornada a 37,5 horas: una oportunidad para mejorar la competitividad\"}]},{\"@type\":\"WebSite\",\"@id\":\"https:\/\/www.clubdelemprendimiento.com\/blog\/#website\",\"url\":\"https:\/\/www.clubdelemprendimiento.com\/blog\/\",\"name\":\"Blog Club del Emprendimiento\",\"description\":\"\",\"potentialAction\":[{\"@type\":\"SearchAction\",\"target\":{\"@type\":\"EntryPoint\",\"urlTemplate\":\"https:\/\/www.clubdelemprendimiento.com\/blog\/?s={search_term_string}\"},\"query-input\":\"required name=search_term_string\"}],\"inLanguage\":\"es\"},{\"@type\":\"Person\",\"@id\":\"https:\/\/www.clubdelemprendimiento.com\/blog\/#\/schema\/person\/a82ce0fc1281064b1cab4855c351cea7\",\"name\":\"Nerea Merino\",\"image\":{\"@type\":\"ImageObject\",\"inLanguage\":\"es\",\"@id\":\"https:\/\/www.clubdelemprendimiento.com\/blog\/#\/schema\/person\/image\/\",\"url\":\"https:\/\/secure.gravatar.com\/avatar\/3b1c906b7b4a65b22c04d52a020d4815?s=96&d=mm&r=g\",\"contentUrl\":\"https:\/\/secure.gravatar.com\/avatar\/3b1c906b7b4a65b22c04d52a020d4815?s=96&d=mm&r=g\",\"caption\":\"Nerea Merino\"},\"url\":\"https:\/\/www.clubdelemprendimiento.com\/blog\/author\/nerea\/\"}]}<\/script>\n<!-- \/ Yoast SEO plugin. -->","yoast_head_json":{"title":"Reducci\u00f3n de jornada: avance laboral en Espa\u00f1a","description":"La reducci\u00f3n de jornada a 37,5 h busca mejorar la vida laboral sin afectar la productividad, beneficiando a trabajadores y aut\u00f3nomos.","robots":{"index":"index","follow":"follow","max-snippet":"max-snippet:-1","max-image-preview":"max-image-preview:large","max-video-preview":"max-video-preview:-1"},"canonical":"https:\/\/www.clubdelemprendimiento.com\/blog\/nuestros-emprendedores\/reduccion-de-jornada-avance-laboral-en-espana\/","og_locale":"es_ES","og_type":"article","og_title":"Reducci\u00f3n de jornada: avance laboral en Espa\u00f1a","og_description":"La reducci\u00f3n de jornada a 37,5 h busca mejorar la vida laboral sin afectar la productividad, beneficiando a trabajadores y aut\u00f3nomos.","og_url":"https:\/\/www.clubdelemprendimiento.com\/blog\/nuestros-emprendedores\/reduccion-de-jornada-avance-laboral-en-espana\/","og_site_name":"Blog Club del Emprendimiento","article_published_time":"2025-05-27T11:42:26+00:00","article_modified_time":"2025-05-19T11:56:20+00:00","og_image":[{"width":1500,"height":1001,"url":"https:\/\/www.clubdelemprendimiento.com\/blog\/wp-content\/uploads\/2025\/05\/13940.jpg","type":"image\/jpeg"}],"author":"Nerea Merino","twitter_card":"summary_large_image","twitter_misc":{"Escrito por":"Nerea Merino","Tiempo de lectura":"3 minutos"},"schema":{"@context":"https:\/\/schema.org","@graph":[{"@type":"WebPage","@id":"https:\/\/www.clubdelemprendimiento.com\/blog\/nuestros-emprendedores\/reduccion-de-jornada-avance-laboral-en-espana\/","url":"https:\/\/www.clubdelemprendimiento.com\/blog\/nuestros-emprendedores\/reduccion-de-jornada-avance-laboral-en-espana\/","name":"Reducci\u00f3n de jornada: avance laboral en Espa\u00f1a","isPartOf":{"@id":"https:\/\/www.clubdelemprendimiento.com\/blog\/#website"},"primaryImageOfPage":{"@id":"https:\/\/www.clubdelemprendimiento.com\/blog\/nuestros-emprendedores\/reduccion-de-jornada-avance-laboral-en-espana\/#primaryimage"},"image":{"@id":"https:\/\/www.clubdelemprendimiento.com\/blog\/nuestros-emprendedores\/reduccion-de-jornada-avance-laboral-en-espana\/#primaryimage"},"thumbnailUrl":"https:\/\/www.clubdelemprendimiento.com\/blog\/wp-content\/uploads\/2025\/05\/13940.jpg","datePublished":"2025-05-27T11:42:26+00:00","dateModified":"2025-05-19T11:56:20+00:00","author":{"@id":"https:\/\/www.clubdelemprendimiento.com\/blog\/#\/schema\/person\/a82ce0fc1281064b1cab4855c351cea7"},"description":"La reducci\u00f3n de jornada a 37,5 h busca mejorar la vida laboral sin afectar la productividad, beneficiando a trabajadores y aut\u00f3nomos.","breadcrumb":{"@id":"https:\/\/www.clubdelemprendimiento.com\/blog\/nuestros-emprendedores\/reduccion-de-jornada-avance-laboral-en-espana\/#breadcrumb"},"inLanguage":"es","potentialAction":[{"@type":"ReadAction","target":["https:\/\/www.clubdelemprendimiento.com\/blog\/nuestros-emprendedores\/reduccion-de-jornada-avance-laboral-en-espana\/"]}]},{"@type":"ImageObject","inLanguage":"es","@id":"https:\/\/www.clubdelemprendimiento.com\/blog\/nuestros-emprendedores\/reduccion-de-jornada-avance-laboral-en-espana\/#primaryimage","url":"https:\/\/www.clubdelemprendimiento.com\/blog\/wp-content\/uploads\/2025\/05\/13940.jpg","contentUrl":"https:\/\/www.clubdelemprendimiento.com\/blog\/wp-content\/uploads\/2025\/05\/13940.jpg","width":1500,"height":1001,"caption":"reducci\u00f3n de jornaada"},{"@type":"BreadcrumbList","@id":"https:\/\/www.clubdelemprendimiento.com\/blog\/nuestros-emprendedores\/reduccion-de-jornada-avance-laboral-en-espana\/#breadcrumb","itemListElement":[{"@type":"ListItem","position":1,"name":"Home","item":"https:\/\/www.clubdelemprendimiento.com\/blog\/"},{"@type":"ListItem","position":2,"name":"Reducci\u00f3n de jornada a 37,5 horas: una oportunidad para mejorar la competitividad"}]},{"@type":"WebSite","@id":"https:\/\/www.clubdelemprendimiento.com\/blog\/#website","url":"https:\/\/www.clubdelemprendimiento.com\/blog\/","name":"Blog Club del Emprendimiento","description":"","potentialAction":[{"@type":"SearchAction","target":{"@type":"EntryPoint","urlTemplate":"https:\/\/www.clubdelemprendimiento.com\/blog\/?s={search_term_string}"},"query-input":"required name=search_term_string"}],"inLanguage":"es"},{"@type":"Person","@id":"https:\/\/www.clubdelemprendimiento.com\/blog\/#\/schema\/person\/a82ce0fc1281064b1cab4855c351cea7","name":"Nerea Merino","image":{"@type":"ImageObject","inLanguage":"es","@id":"https:\/\/www.clubdelemprendimiento.com\/blog\/#\/schema\/person\/image\/","url":"https:\/\/secure.gravatar.com\/avatar\/3b1c906b7b4a65b22c04d52a020d4815?s=96&d=mm&r=g","contentUrl":"https:\/\/secure.gravatar.com\/avatar\/3b1c906b7b4a65b22c04d52a020d4815?s=96&d=mm&r=g","caption":"Nerea Merino"},"url":"https:\/\/www.clubdelemprendimiento.com\/blog\/author\/nerea\/"}]}},"_links":{"self":[{"href":"https:\/\/www.clubdelemprendimiento.com\/blog\/wp-json\/wp\/v2\/posts\/18421"}],"collection":[{"href":"https:\/\/www.clubdelemprendimiento.com\/blog\/wp-json\/wp\/v2\/posts"}],"about":[{"href":"https:\/\/www.clubdelemprendimiento.com\/blog\/wp-json\/wp\/v2\/types\/post"}],"author":[{"embeddable":true,"href":"https:\/\/www.clubdelemprendimiento.com\/blog\/wp-json\/wp\/v2\/users\/14"}],"replies":[{"embeddable":true,"href":"https:\/\/www.clubdelemprendimiento.com\/blog\/wp-json\/wp\/v2\/comments?post=18421"}],"version-history":[{"count":1,"href":"https:\/\/www.clubdelemprendimiento.com\/blog\/wp-json\/wp\/v2\/posts\/18421\/revisions"}],"predecessor-version":[{"id":18423,"href":"https:\/\/www.clubdelemprendimiento.com\/blog\/wp-json\/wp\/v2\/posts\/18421\/revisions\/18423"}],"wp:featuredmedia":[{"embeddable":true,"href":"https:\/\/www.clubdelemprendimiento.com\/blog\/wp-json\/wp\/v2\/media\/18422"}],"wp:attachment":[{"href":"https:\/\/www.clubdelemprendimiento.com\/blog\/wp-json\/wp\/v2\/media?parent=18421"}],"wp:term":[{"taxonomy":"category","embeddable":true,"href":"https:\/\/www.clubdelemprendimiento.com\/blog\/wp-json\/wp\/v2\/categories?post=18421"},{"taxonomy":"post_tag","embeddable":true,"href":"https:\/\/www.clubdelemprendimiento.com\/blog\/wp-json\/wp\/v2\/tags?post=18421"}],"curies":[{"name":"wp","href":"https:\/\/api.w.org\/{rel}","templated":true}]}}