{"id":18415,"date":"2025-06-03T07:41:13","date_gmt":"2025-06-03T07:41:13","guid":{"rendered":"https:\/\/www.clubdelemprendimiento.com\/blog\/?p=18415"},"modified":"2025-05-28T07:34:30","modified_gmt":"2025-05-28T07:34:30","slug":"cae-el-autoempleo-juvenil-en-espana","status":"publish","type":"post","link":"https:\/\/www.clubdelemprendimiento.com\/blog\/autonomos\/cae-el-autoempleo-juvenil-en-espana\/","title":{"rendered":"El autoempleo juvenil pierde fuerza: UPTA reclama medidas urgentes y un plan nacional espec\u00edfico"},"content":{"rendered":"\n<p>El panorama del autoempleo juvenil en Espa\u00f1a atraviesa una etapa preocupante. En los \u00faltimos diez a\u00f1os, la cifra de j\u00f3venes aut\u00f3nomos ha ca\u00eddo un 8,6%, lo que supone la p\u00e9rdida de m\u00e1s de 45.000 trabajadores por cuenta propia menores de 35 a\u00f1os. Este descenso refleja un estancamiento en el emprendimiento juvenil que. Seg\u00fan <a href=\"https:\/\/upta.es\/\" target=\"_blank\" rel=\"noreferrer noopener\">UPTA<\/a> (Uni\u00f3n de Profesionales y Trabajadores Aut\u00f3nomos), obedece a la falta de pol\u00edticas p\u00fablicas eficaces y sostenidas en el tiempo.<\/p>\n\n\n\n<p>En 2015, los menores de 35 a\u00f1os representaban el 17% del total de inscritos en el R\u00e9gimen Especial de Trabajadores Aut\u00f3nomos (RETA). Hoy apenas alcanzan el 14%. El dato es a\u00fan m\u00e1s preocupante entre las mujeres j\u00f3venes, que solo constituyen un 5% del colectivo.<\/p>\n\n\n\n<h2 class=\"wp-block-heading\">El autoempleo juvenil en Espa\u00f1a necesita un impulso real y estructurado<\/h2>\n\n\n\n<p>Aunque existen programas e iniciativas como la tarifa plana, los fondos europeos Next Generation o la Estrategia de Emprendimiento y Empleo Joven, UPTA critica que estas medidas han sido puntuales. De escaso impacto y centradas principalmente en perfiles tecnol\u00f3gicos, dejando de lado a quienes optan por proyectos de \u00edndole m\u00e1s tradicional.<\/p>\n\n\n\n<p>El perfil actual de los j\u00f3venes que emprenden se concentra en sectores como el comercio (18%). Seguido por las actividades profesionales, cient\u00edficas y t\u00e9cnicas (11%) y la hosteler\u00eda (9%). Esta diversidad contrasta con la fuerte concentraci\u00f3n en servicios que se observaba hace una d\u00e9cada. Pero no ha sido suficiente para revertir la tendencia a la baja.<\/p>\n\n\n\n<p>Ante esta situaci\u00f3n, UPTA urge al Ministerio de Trabajo y a las Comunidades Aut\u00f3nomas a impulsar un <strong>Plan Nacional de Emprendimiento Joven<\/strong>. La organizaci\u00f3n considera imprescindible establecer una hoja de ruta clara, estable y adaptada a las necesidades reales de los j\u00f3venes emprendedores, con incentivos espec\u00edficos y una reforma fiscal favorable para este colectivo.<\/p>\n\n\n\n<p>Eduardo Abad, presidente de UPTA, advierte que la falta de renovaci\u00f3n generacional en el tejido aut\u00f3nomo amenaza con la desaparici\u00f3n de miles de negocios. Adem\u00e1s, destaca el escaso desarrollo del emprendimiento entre j\u00f3venes en el \u00e1mbito rural, un problema que, a su juicio, agrava el fen\u00f3meno de la \u201cEspa\u00f1a vaciada\u201d.<\/p>\n","protected":false},"excerpt":{"rendered":"<p>El panorama del autoempleo juvenil en Espa\u00f1a atraviesa una etapa preocupante. En los \u00faltimos&hellip;<\/p>\n","protected":false},"author":14,"featured_media":18416,"comment_status":"open","ping_status":"open","sticky":false,"template":"","format":"standard","meta":{"_acf_changed":false,"footnotes":""},"categories":[255],"tags":[],"acf":[],"yoast_head":"<!-- This site is optimized with the Yoast SEO plugin v22.7 - https:\/\/yoast.com\/wordpress\/plugins\/seo\/ -->\n<title>Cae el autoempleo juvenil en Espa\u00f1a<\/title>\n<meta name=\"description\" content=\"El autoempleo juvenil pierde fuerza: UPTA reclama un plan nacional para impulsar a los j\u00f3venes aut\u00f3nomos y frenar su descenso.\" \/>\n<meta name=\"robots\" content=\"index, follow, max-snippet:-1, max-image-preview:large, max-video-preview:-1\" \/>\n<link rel=\"canonical\" href=\"https:\/\/www.clubdelemprendimiento.com\/blog\/autonomos\/cae-el-autoempleo-juvenil-en-espana\/\" \/>\n<meta property=\"og:locale\" content=\"es_ES\" \/>\n<meta property=\"og:type\" content=\"article\" \/>\n<meta property=\"og:title\" content=\"Cae el autoempleo juvenil en Espa\u00f1a\" \/>\n<meta property=\"og:description\" content=\"El autoempleo juvenil pierde fuerza: UPTA reclama un plan nacional para impulsar a los j\u00f3venes aut\u00f3nomos y frenar su descenso.\" \/>\n<meta property=\"og:url\" content=\"https:\/\/www.clubdelemprendimiento.com\/blog\/autonomos\/cae-el-autoempleo-juvenil-en-espana\/\" \/>\n<meta property=\"og:site_name\" content=\"Blog Club del Emprendimiento\" \/>\n<meta property=\"article:published_time\" content=\"2025-06-03T07:41:13+00:00\" \/>\n<meta property=\"article:modified_time\" content=\"2025-05-28T07:34:30+00:00\" \/>\n<meta property=\"og:image\" content=\"https:\/\/www.clubdelemprendimiento.com\/blog\/wp-content\/uploads\/2025\/05\/2149411521.jpg\" \/>\n\t<meta property=\"og:image:width\" content=\"1500\" \/>\n\t<meta property=\"og:image:height\" content=\"1000\" \/>\n\t<meta property=\"og:image:type\" content=\"image\/jpeg\" \/>\n<meta name=\"author\" content=\"Nerea Merino\" \/>\n<meta name=\"twitter:card\" content=\"summary_large_image\" \/>\n<meta name=\"twitter:label1\" content=\"Escrito por\" \/>\n\t<meta name=\"twitter:data1\" content=\"Nerea Merino\" \/>\n\t<meta name=\"twitter:label2\" content=\"Tiempo de lectura\" \/>\n\t<meta name=\"twitter:data2\" content=\"2 minutos\" \/>\n<script type=\"application\/ld+json\" class=\"yoast-schema-graph\">{\"@context\":\"https:\/\/schema.org\",\"@graph\":[{\"@type\":\"WebPage\",\"@id\":\"https:\/\/www.clubdelemprendimiento.com\/blog\/autonomos\/cae-el-autoempleo-juvenil-en-espana\/\",\"url\":\"https:\/\/www.clubdelemprendimiento.com\/blog\/autonomos\/cae-el-autoempleo-juvenil-en-espana\/\",\"name\":\"Cae el autoempleo juvenil en Espa\u00f1a\",\"isPartOf\":{\"@id\":\"https:\/\/www.clubdelemprendimiento.com\/blog\/#website\"},\"primaryImageOfPage\":{\"@id\":\"https:\/\/www.clubdelemprendimiento.com\/blog\/autonomos\/cae-el-autoempleo-juvenil-en-espana\/#primaryimage\"},\"image\":{\"@id\":\"https:\/\/www.clubdelemprendimiento.com\/blog\/autonomos\/cae-el-autoempleo-juvenil-en-espana\/#primaryimage\"},\"thumbnailUrl\":\"https:\/\/www.clubdelemprendimiento.com\/blog\/wp-content\/uploads\/2025\/05\/2149411521.jpg\",\"datePublished\":\"2025-06-03T07:41:13+00:00\",\"dateModified\":\"2025-05-28T07:34:30+00:00\",\"author\":{\"@id\":\"https:\/\/www.clubdelemprendimiento.com\/blog\/#\/schema\/person\/a82ce0fc1281064b1cab4855c351cea7\"},\"description\":\"El autoempleo juvenil pierde fuerza: UPTA reclama un plan nacional para impulsar a los j\u00f3venes aut\u00f3nomos y frenar su descenso.\",\"breadcrumb\":{\"@id\":\"https:\/\/www.clubdelemprendimiento.com\/blog\/autonomos\/cae-el-autoempleo-juvenil-en-espana\/#breadcrumb\"},\"inLanguage\":\"es\",\"potentialAction\":[{\"@type\":\"ReadAction\",\"target\":[\"https:\/\/www.clubdelemprendimiento.com\/blog\/autonomos\/cae-el-autoempleo-juvenil-en-espana\/\"]}]},{\"@type\":\"ImageObject\",\"inLanguage\":\"es\",\"@id\":\"https:\/\/www.clubdelemprendimiento.com\/blog\/autonomos\/cae-el-autoempleo-juvenil-en-espana\/#primaryimage\",\"url\":\"https:\/\/www.clubdelemprendimiento.com\/blog\/wp-content\/uploads\/2025\/05\/2149411521.jpg\",\"contentUrl\":\"https:\/\/www.clubdelemprendimiento.com\/blog\/wp-content\/uploads\/2025\/05\/2149411521.jpg\",\"width\":1500,\"height\":1000,\"caption\":\"empleo juvenil\"},{\"@type\":\"BreadcrumbList\",\"@id\":\"https:\/\/www.clubdelemprendimiento.com\/blog\/autonomos\/cae-el-autoempleo-juvenil-en-espana\/#breadcrumb\",\"itemListElement\":[{\"@type\":\"ListItem\",\"position\":1,\"name\":\"Home\",\"item\":\"https:\/\/www.clubdelemprendimiento.com\/blog\/\"},{\"@type\":\"ListItem\",\"position\":2,\"name\":\"El autoempleo juvenil pierde fuerza: UPTA reclama medidas urgentes y un plan nacional espec\u00edfico\"}]},{\"@type\":\"WebSite\",\"@id\":\"https:\/\/www.clubdelemprendimiento.com\/blog\/#website\",\"url\":\"https:\/\/www.clubdelemprendimiento.com\/blog\/\",\"name\":\"Blog Club del Emprendimiento\",\"description\":\"\",\"potentialAction\":[{\"@type\":\"SearchAction\",\"target\":{\"@type\":\"EntryPoint\",\"urlTemplate\":\"https:\/\/www.clubdelemprendimiento.com\/blog\/?s={search_term_string}\"},\"query-input\":\"required name=search_term_string\"}],\"inLanguage\":\"es\"},{\"@type\":\"Person\",\"@id\":\"https:\/\/www.clubdelemprendimiento.com\/blog\/#\/schema\/person\/a82ce0fc1281064b1cab4855c351cea7\",\"name\":\"Nerea Merino\",\"image\":{\"@type\":\"ImageObject\",\"inLanguage\":\"es\",\"@id\":\"https:\/\/www.clubdelemprendimiento.com\/blog\/#\/schema\/person\/image\/\",\"url\":\"https:\/\/secure.gravatar.com\/avatar\/3b1c906b7b4a65b22c04d52a020d4815?s=96&d=mm&r=g\",\"contentUrl\":\"https:\/\/secure.gravatar.com\/avatar\/3b1c906b7b4a65b22c04d52a020d4815?s=96&d=mm&r=g\",\"caption\":\"Nerea Merino\"},\"url\":\"https:\/\/www.clubdelemprendimiento.com\/blog\/author\/nerea\/\"}]}<\/script>\n<!-- \/ Yoast SEO plugin. -->","yoast_head_json":{"title":"Cae el autoempleo juvenil en Espa\u00f1a","description":"El autoempleo juvenil pierde fuerza: UPTA reclama un plan nacional para impulsar a los j\u00f3venes aut\u00f3nomos y frenar su descenso.","robots":{"index":"index","follow":"follow","max-snippet":"max-snippet:-1","max-image-preview":"max-image-preview:large","max-video-preview":"max-video-preview:-1"},"canonical":"https:\/\/www.clubdelemprendimiento.com\/blog\/autonomos\/cae-el-autoempleo-juvenil-en-espana\/","og_locale":"es_ES","og_type":"article","og_title":"Cae el autoempleo juvenil en Espa\u00f1a","og_description":"El autoempleo juvenil pierde fuerza: UPTA reclama un plan nacional para impulsar a los j\u00f3venes aut\u00f3nomos y frenar su descenso.","og_url":"https:\/\/www.clubdelemprendimiento.com\/blog\/autonomos\/cae-el-autoempleo-juvenil-en-espana\/","og_site_name":"Blog Club del Emprendimiento","article_published_time":"2025-06-03T07:41:13+00:00","article_modified_time":"2025-05-28T07:34:30+00:00","og_image":[{"width":1500,"height":1000,"url":"https:\/\/www.clubdelemprendimiento.com\/blog\/wp-content\/uploads\/2025\/05\/2149411521.jpg","type":"image\/jpeg"}],"author":"Nerea Merino","twitter_card":"summary_large_image","twitter_misc":{"Escrito por":"Nerea Merino","Tiempo de lectura":"2 minutos"},"schema":{"@context":"https:\/\/schema.org","@graph":[{"@type":"WebPage","@id":"https:\/\/www.clubdelemprendimiento.com\/blog\/autonomos\/cae-el-autoempleo-juvenil-en-espana\/","url":"https:\/\/www.clubdelemprendimiento.com\/blog\/autonomos\/cae-el-autoempleo-juvenil-en-espana\/","name":"Cae el autoempleo juvenil en Espa\u00f1a","isPartOf":{"@id":"https:\/\/www.clubdelemprendimiento.com\/blog\/#website"},"primaryImageOfPage":{"@id":"https:\/\/www.clubdelemprendimiento.com\/blog\/autonomos\/cae-el-autoempleo-juvenil-en-espana\/#primaryimage"},"image":{"@id":"https:\/\/www.clubdelemprendimiento.com\/blog\/autonomos\/cae-el-autoempleo-juvenil-en-espana\/#primaryimage"},"thumbnailUrl":"https:\/\/www.clubdelemprendimiento.com\/blog\/wp-content\/uploads\/2025\/05\/2149411521.jpg","datePublished":"2025-06-03T07:41:13+00:00","dateModified":"2025-05-28T07:34:30+00:00","author":{"@id":"https:\/\/www.clubdelemprendimiento.com\/blog\/#\/schema\/person\/a82ce0fc1281064b1cab4855c351cea7"},"description":"El autoempleo juvenil pierde fuerza: UPTA reclama un plan nacional para impulsar a los j\u00f3venes aut\u00f3nomos y frenar su descenso.","breadcrumb":{"@id":"https:\/\/www.clubdelemprendimiento.com\/blog\/autonomos\/cae-el-autoempleo-juvenil-en-espana\/#breadcrumb"},"inLanguage":"es","potentialAction":[{"@type":"ReadAction","target":["https:\/\/www.clubdelemprendimiento.com\/blog\/autonomos\/cae-el-autoempleo-juvenil-en-espana\/"]}]},{"@type":"ImageObject","inLanguage":"es","@id":"https:\/\/www.clubdelemprendimiento.com\/blog\/autonomos\/cae-el-autoempleo-juvenil-en-espana\/#primaryimage","url":"https:\/\/www.clubdelemprendimiento.com\/blog\/wp-content\/uploads\/2025\/05\/2149411521.jpg","contentUrl":"https:\/\/www.clubdelemprendimiento.com\/blog\/wp-content\/uploads\/2025\/05\/2149411521.jpg","width":1500,"height":1000,"caption":"empleo juvenil"},{"@type":"BreadcrumbList","@id":"https:\/\/www.clubdelemprendimiento.com\/blog\/autonomos\/cae-el-autoempleo-juvenil-en-espana\/#breadcrumb","itemListElement":[{"@type":"ListItem","position":1,"name":"Home","item":"https:\/\/www.clubdelemprendimiento.com\/blog\/"},{"@type":"ListItem","position":2,"name":"El autoempleo juvenil pierde fuerza: UPTA reclama medidas urgentes y un plan nacional espec\u00edfico"}]},{"@type":"WebSite","@id":"https:\/\/www.clubdelemprendimiento.com\/blog\/#website","url":"https:\/\/www.clubdelemprendimiento.com\/blog\/","name":"Blog Club del Emprendimiento","description":"","potentialAction":[{"@type":"SearchAction","target":{"@type":"EntryPoint","urlTemplate":"https:\/\/www.clubdelemprendimiento.com\/blog\/?s={search_term_string}"},"query-input":"required name=search_term_string"}],"inLanguage":"es"},{"@type":"Person","@id":"https:\/\/www.clubdelemprendimiento.com\/blog\/#\/schema\/person\/a82ce0fc1281064b1cab4855c351cea7","name":"Nerea Merino","image":{"@type":"ImageObject","inLanguage":"es","@id":"https:\/\/www.clubdelemprendimiento.com\/blog\/#\/schema\/person\/image\/","url":"https:\/\/secure.gravatar.com\/avatar\/3b1c906b7b4a65b22c04d52a020d4815?s=96&d=mm&r=g","contentUrl":"https:\/\/secure.gravatar.com\/avatar\/3b1c906b7b4a65b22c04d52a020d4815?s=96&d=mm&r=g","caption":"Nerea Merino"},"url":"https:\/\/www.clubdelemprendimiento.com\/blog\/author\/nerea\/"}]}},"_links":{"self":[{"href":"https:\/\/www.clubdelemprendimiento.com\/blog\/wp-json\/wp\/v2\/posts\/18415"}],"collection":[{"href":"https:\/\/www.clubdelemprendimiento.com\/blog\/wp-json\/wp\/v2\/posts"}],"about":[{"href":"https:\/\/www.clubdelemprendimiento.com\/blog\/wp-json\/wp\/v2\/types\/post"}],"author":[{"embeddable":true,"href":"https:\/\/www.clubdelemprendimiento.com\/blog\/wp-json\/wp\/v2\/users\/14"}],"replies":[{"embeddable":true,"href":"https:\/\/www.clubdelemprendimiento.com\/blog\/wp-json\/wp\/v2\/comments?post=18415"}],"version-history":[{"count":1,"href":"https:\/\/www.clubdelemprendimiento.com\/blog\/wp-json\/wp\/v2\/posts\/18415\/revisions"}],"predecessor-version":[{"id":18417,"href":"https:\/\/www.clubdelemprendimiento.com\/blog\/wp-json\/wp\/v2\/posts\/18415\/revisions\/18417"}],"wp:featuredmedia":[{"embeddable":true,"href":"https:\/\/www.clubdelemprendimiento.com\/blog\/wp-json\/wp\/v2\/media\/18416"}],"wp:attachment":[{"href":"https:\/\/www.clubdelemprendimiento.com\/blog\/wp-json\/wp\/v2\/media?parent=18415"}],"wp:term":[{"taxonomy":"category","embeddable":true,"href":"https:\/\/www.clubdelemprendimiento.com\/blog\/wp-json\/wp\/v2\/categories?post=18415"},{"taxonomy":"post_tag","embeddable":true,"href":"https:\/\/www.clubdelemprendimiento.com\/blog\/wp-json\/wp\/v2\/tags?post=18415"}],"curies":[{"name":"wp","href":"https:\/\/api.w.org\/{rel}","templated":true}]}}