{"id":18368,"date":"2025-05-28T06:27:30","date_gmt":"2025-05-28T06:27:30","guid":{"rendered":"https:\/\/www.clubdelemprendimiento.com\/blog\/?p=18368"},"modified":"2025-05-20T11:37:22","modified_gmt":"2025-05-20T11:37:22","slug":"estres-empresarial-impacta-en-espana","status":"publish","type":"post","link":"https:\/\/www.clubdelemprendimiento.com\/blog\/nuestros-emprendedores\/estres-empresarial-impacta-en-espana\/","title":{"rendered":"El estr\u00e9s se apodera de los empresarios espa\u00f1oles: el 68% reconoce un impacto en su vida personal"},"content":{"rendered":"\n<p>En el marco del mes de la concienciaci\u00f3n sobre el estr\u00e9s, un nuevo informe de Square revela la creciente presi\u00f3n que soportan los propietarios de negocios en Espa\u00f1a. Seg\u00fan el estudio, <strong>solo un 2% de los emprendedores afirma no sufrir estr\u00e9s<\/strong>, mientras que la mitad reconoce manejar niveles elevados de tensi\u00f3n en su d\u00eda a d\u00eda.<\/p>\n\n\n\n<p>La investigaci\u00f3n destaca que liderar una empresa no solo exige habilidades estrat\u00e9gicas, sino que tambi\u00e9n implica afrontar importantes sacrificios emocionales. Entre las principales fuentes de estr\u00e9s, los empresarios se\u00f1alan la toma de <strong>decisiones estrat\u00e9gicas (36%), la gesti\u00f3n financiera (30%) y la direcci\u00f3n de equipos humanos (29%)<\/strong>. La falta de apoyo institucional agrava la situaci\u00f3n: seis de cada diez consideran insuficientes las ayudas p\u00fablicas disponibles.<\/p>\n\n\n\n<h2 class=\"wp-block-heading\">Aspectos positivos a pesar del estr\u00e9s <\/h2>\n\n\n\n<p>A pesar de las adversidades, los emprendedores encuentran en su autonom\u00eda uno de los grandes beneficios de dirigir su propio negocio. No obstante, el impacto del estr\u00e9s trasciende el entorno laboral: <strong>el 68% admite que afecta directamente su vida personal y un 39% ha recurrido a ayuda profesional <\/strong>para gestionar su salud mental. Esta tendencia es especialmente pronunciada entre los empresarios m\u00e1s j\u00f3venes, donde casi la mitad de la Generaci\u00f3n Z ha buscado apoyo psicol\u00f3gico.<\/p>\n\n\n\n<p>Square subraya la importancia de invertir en soluciones tecnol\u00f3gicas que alivien las cargas operativas. De hecho, muchos empresarios lamentan no haber apostado antes por herramientas digitales que optimicen la gesti\u00f3n de sus negocios.<\/p>\n\n\n\n<p>\u201cEmprender deber\u00eda ser una fuente de satisfacci\u00f3n, no de desgaste\u201d, afirma Gonzalo S\u00e1enz, Director de Ventas de Square Espa\u00f1a, quien insiste en que la innovaci\u00f3n tecnol\u00f3gica y un mayor respaldo institucional son claves para preservar la salud mental del tejido empresarial.<\/p>\n\n\n\n<p>Pese a los retos, el estudio muestra que la <strong>pasi\u00f3n, el crecimiento profesional y el logro personal siguen siendo motores esenciales <\/strong>para que miles de empresarios espa\u00f1oles persistan en su sue\u00f1o de liderar sus propios proyectos.<\/p>\n","protected":false},"excerpt":{"rendered":"<p>En el marco del mes de la concienciaci\u00f3n sobre el estr\u00e9s, un nuevo informe&hellip;<\/p>\n","protected":false},"author":14,"featured_media":18369,"comment_status":"open","ping_status":"open","sticky":false,"template":"","format":"standard","meta":{"_acf_changed":false,"footnotes":""},"categories":[91],"tags":[],"acf":[],"yoast_head":"<!-- This site is optimized with the Yoast SEO plugin v22.7 - https:\/\/yoast.com\/wordpress\/plugins\/seo\/ -->\n<title>Estr\u00e9s empresarial impacta en Espa\u00f1a<\/title>\n<meta name=\"description\" content=\"El 68% de los empresarios espa\u00f1oles admite que el estr\u00e9s afecta su vida personal, seg\u00fan un nuevo informe de Square.\" \/>\n<meta name=\"robots\" content=\"index, follow, max-snippet:-1, max-image-preview:large, max-video-preview:-1\" \/>\n<link rel=\"canonical\" href=\"https:\/\/www.clubdelemprendimiento.com\/blog\/nuestros-emprendedores\/estres-empresarial-impacta-en-espana\/\" \/>\n<meta property=\"og:locale\" content=\"es_ES\" \/>\n<meta property=\"og:type\" content=\"article\" \/>\n<meta property=\"og:title\" content=\"Estr\u00e9s empresarial impacta en Espa\u00f1a\" \/>\n<meta property=\"og:description\" content=\"El 68% de los empresarios espa\u00f1oles admite que el estr\u00e9s afecta su vida personal, seg\u00fan un nuevo informe de Square.\" \/>\n<meta property=\"og:url\" content=\"https:\/\/www.clubdelemprendimiento.com\/blog\/nuestros-emprendedores\/estres-empresarial-impacta-en-espana\/\" \/>\n<meta property=\"og:site_name\" content=\"Blog Club del Emprendimiento\" \/>\n<meta property=\"article:published_time\" content=\"2025-05-28T06:27:30+00:00\" \/>\n<meta property=\"article:modified_time\" content=\"2025-05-20T11:37:22+00:00\" \/>\n<meta property=\"og:image\" content=\"https:\/\/www.clubdelemprendimiento.com\/blog\/wp-content\/uploads\/2025\/04\/19208.jpg\" \/>\n\t<meta property=\"og:image:width\" content=\"1500\" \/>\n\t<meta property=\"og:image:height\" content=\"1001\" \/>\n\t<meta property=\"og:image:type\" content=\"image\/jpeg\" \/>\n<meta name=\"author\" content=\"Nerea Merino\" \/>\n<meta name=\"twitter:card\" content=\"summary_large_image\" \/>\n<meta name=\"twitter:label1\" content=\"Escrito por\" \/>\n\t<meta name=\"twitter:data1\" content=\"Nerea Merino\" \/>\n\t<meta name=\"twitter:label2\" content=\"Tiempo de lectura\" \/>\n\t<meta name=\"twitter:data2\" content=\"2 minutos\" \/>\n<script type=\"application\/ld+json\" class=\"yoast-schema-graph\">{\"@context\":\"https:\/\/schema.org\",\"@graph\":[{\"@type\":\"WebPage\",\"@id\":\"https:\/\/www.clubdelemprendimiento.com\/blog\/nuestros-emprendedores\/estres-empresarial-impacta-en-espana\/\",\"url\":\"https:\/\/www.clubdelemprendimiento.com\/blog\/nuestros-emprendedores\/estres-empresarial-impacta-en-espana\/\",\"name\":\"Estr\u00e9s empresarial impacta en Espa\u00f1a\",\"isPartOf\":{\"@id\":\"https:\/\/www.clubdelemprendimiento.com\/blog\/#website\"},\"primaryImageOfPage\":{\"@id\":\"https:\/\/www.clubdelemprendimiento.com\/blog\/nuestros-emprendedores\/estres-empresarial-impacta-en-espana\/#primaryimage\"},\"image\":{\"@id\":\"https:\/\/www.clubdelemprendimiento.com\/blog\/nuestros-emprendedores\/estres-empresarial-impacta-en-espana\/#primaryimage\"},\"thumbnailUrl\":\"https:\/\/www.clubdelemprendimiento.com\/blog\/wp-content\/uploads\/2025\/04\/19208.jpg\",\"datePublished\":\"2025-05-28T06:27:30+00:00\",\"dateModified\":\"2025-05-20T11:37:22+00:00\",\"author\":{\"@id\":\"https:\/\/www.clubdelemprendimiento.com\/blog\/#\/schema\/person\/a82ce0fc1281064b1cab4855c351cea7\"},\"description\":\"El 68% de los empresarios espa\u00f1oles admite que el estr\u00e9s afecta su vida personal, seg\u00fan un nuevo informe de Square.\",\"breadcrumb\":{\"@id\":\"https:\/\/www.clubdelemprendimiento.com\/blog\/nuestros-emprendedores\/estres-empresarial-impacta-en-espana\/#breadcrumb\"},\"inLanguage\":\"es\",\"potentialAction\":[{\"@type\":\"ReadAction\",\"target\":[\"https:\/\/www.clubdelemprendimiento.com\/blog\/nuestros-emprendedores\/estres-empresarial-impacta-en-espana\/\"]}]},{\"@type\":\"ImageObject\",\"inLanguage\":\"es\",\"@id\":\"https:\/\/www.clubdelemprendimiento.com\/blog\/nuestros-emprendedores\/estres-empresarial-impacta-en-espana\/#primaryimage\",\"url\":\"https:\/\/www.clubdelemprendimiento.com\/blog\/wp-content\/uploads\/2025\/04\/19208.jpg\",\"contentUrl\":\"https:\/\/www.clubdelemprendimiento.com\/blog\/wp-content\/uploads\/2025\/04\/19208.jpg\",\"width\":1500,\"height\":1001,\"caption\":\"estr\u00e9s\"},{\"@type\":\"BreadcrumbList\",\"@id\":\"https:\/\/www.clubdelemprendimiento.com\/blog\/nuestros-emprendedores\/estres-empresarial-impacta-en-espana\/#breadcrumb\",\"itemListElement\":[{\"@type\":\"ListItem\",\"position\":1,\"name\":\"Home\",\"item\":\"https:\/\/www.clubdelemprendimiento.com\/blog\/\"},{\"@type\":\"ListItem\",\"position\":2,\"name\":\"El estr\u00e9s se apodera de los empresarios espa\u00f1oles: el 68% reconoce un impacto en su vida personal\"}]},{\"@type\":\"WebSite\",\"@id\":\"https:\/\/www.clubdelemprendimiento.com\/blog\/#website\",\"url\":\"https:\/\/www.clubdelemprendimiento.com\/blog\/\",\"name\":\"Blog Club del Emprendimiento\",\"description\":\"\",\"potentialAction\":[{\"@type\":\"SearchAction\",\"target\":{\"@type\":\"EntryPoint\",\"urlTemplate\":\"https:\/\/www.clubdelemprendimiento.com\/blog\/?s={search_term_string}\"},\"query-input\":\"required name=search_term_string\"}],\"inLanguage\":\"es\"},{\"@type\":\"Person\",\"@id\":\"https:\/\/www.clubdelemprendimiento.com\/blog\/#\/schema\/person\/a82ce0fc1281064b1cab4855c351cea7\",\"name\":\"Nerea Merino\",\"image\":{\"@type\":\"ImageObject\",\"inLanguage\":\"es\",\"@id\":\"https:\/\/www.clubdelemprendimiento.com\/blog\/#\/schema\/person\/image\/\",\"url\":\"https:\/\/secure.gravatar.com\/avatar\/3b1c906b7b4a65b22c04d52a020d4815?s=96&d=mm&r=g\",\"contentUrl\":\"https:\/\/secure.gravatar.com\/avatar\/3b1c906b7b4a65b22c04d52a020d4815?s=96&d=mm&r=g\",\"caption\":\"Nerea Merino\"},\"url\":\"https:\/\/www.clubdelemprendimiento.com\/blog\/author\/nerea\/\"}]}<\/script>\n<!-- \/ Yoast SEO plugin. -->","yoast_head_json":{"title":"Estr\u00e9s empresarial impacta en Espa\u00f1a","description":"El 68% de los empresarios espa\u00f1oles admite que el estr\u00e9s afecta su vida personal, seg\u00fan un nuevo informe de Square.","robots":{"index":"index","follow":"follow","max-snippet":"max-snippet:-1","max-image-preview":"max-image-preview:large","max-video-preview":"max-video-preview:-1"},"canonical":"https:\/\/www.clubdelemprendimiento.com\/blog\/nuestros-emprendedores\/estres-empresarial-impacta-en-espana\/","og_locale":"es_ES","og_type":"article","og_title":"Estr\u00e9s empresarial impacta en Espa\u00f1a","og_description":"El 68% de los empresarios espa\u00f1oles admite que el estr\u00e9s afecta su vida personal, seg\u00fan un nuevo informe de Square.","og_url":"https:\/\/www.clubdelemprendimiento.com\/blog\/nuestros-emprendedores\/estres-empresarial-impacta-en-espana\/","og_site_name":"Blog Club del Emprendimiento","article_published_time":"2025-05-28T06:27:30+00:00","article_modified_time":"2025-05-20T11:37:22+00:00","og_image":[{"width":1500,"height":1001,"url":"https:\/\/www.clubdelemprendimiento.com\/blog\/wp-content\/uploads\/2025\/04\/19208.jpg","type":"image\/jpeg"}],"author":"Nerea Merino","twitter_card":"summary_large_image","twitter_misc":{"Escrito por":"Nerea Merino","Tiempo de lectura":"2 minutos"},"schema":{"@context":"https:\/\/schema.org","@graph":[{"@type":"WebPage","@id":"https:\/\/www.clubdelemprendimiento.com\/blog\/nuestros-emprendedores\/estres-empresarial-impacta-en-espana\/","url":"https:\/\/www.clubdelemprendimiento.com\/blog\/nuestros-emprendedores\/estres-empresarial-impacta-en-espana\/","name":"Estr\u00e9s empresarial impacta en Espa\u00f1a","isPartOf":{"@id":"https:\/\/www.clubdelemprendimiento.com\/blog\/#website"},"primaryImageOfPage":{"@id":"https:\/\/www.clubdelemprendimiento.com\/blog\/nuestros-emprendedores\/estres-empresarial-impacta-en-espana\/#primaryimage"},"image":{"@id":"https:\/\/www.clubdelemprendimiento.com\/blog\/nuestros-emprendedores\/estres-empresarial-impacta-en-espana\/#primaryimage"},"thumbnailUrl":"https:\/\/www.clubdelemprendimiento.com\/blog\/wp-content\/uploads\/2025\/04\/19208.jpg","datePublished":"2025-05-28T06:27:30+00:00","dateModified":"2025-05-20T11:37:22+00:00","author":{"@id":"https:\/\/www.clubdelemprendimiento.com\/blog\/#\/schema\/person\/a82ce0fc1281064b1cab4855c351cea7"},"description":"El 68% de los empresarios espa\u00f1oles admite que el estr\u00e9s afecta su vida personal, seg\u00fan un nuevo informe de Square.","breadcrumb":{"@id":"https:\/\/www.clubdelemprendimiento.com\/blog\/nuestros-emprendedores\/estres-empresarial-impacta-en-espana\/#breadcrumb"},"inLanguage":"es","potentialAction":[{"@type":"ReadAction","target":["https:\/\/www.clubdelemprendimiento.com\/blog\/nuestros-emprendedores\/estres-empresarial-impacta-en-espana\/"]}]},{"@type":"ImageObject","inLanguage":"es","@id":"https:\/\/www.clubdelemprendimiento.com\/blog\/nuestros-emprendedores\/estres-empresarial-impacta-en-espana\/#primaryimage","url":"https:\/\/www.clubdelemprendimiento.com\/blog\/wp-content\/uploads\/2025\/04\/19208.jpg","contentUrl":"https:\/\/www.clubdelemprendimiento.com\/blog\/wp-content\/uploads\/2025\/04\/19208.jpg","width":1500,"height":1001,"caption":"estr\u00e9s"},{"@type":"BreadcrumbList","@id":"https:\/\/www.clubdelemprendimiento.com\/blog\/nuestros-emprendedores\/estres-empresarial-impacta-en-espana\/#breadcrumb","itemListElement":[{"@type":"ListItem","position":1,"name":"Home","item":"https:\/\/www.clubdelemprendimiento.com\/blog\/"},{"@type":"ListItem","position":2,"name":"El estr\u00e9s se apodera de los empresarios espa\u00f1oles: el 68% reconoce un impacto en su vida personal"}]},{"@type":"WebSite","@id":"https:\/\/www.clubdelemprendimiento.com\/blog\/#website","url":"https:\/\/www.clubdelemprendimiento.com\/blog\/","name":"Blog Club del Emprendimiento","description":"","potentialAction":[{"@type":"SearchAction","target":{"@type":"EntryPoint","urlTemplate":"https:\/\/www.clubdelemprendimiento.com\/blog\/?s={search_term_string}"},"query-input":"required name=search_term_string"}],"inLanguage":"es"},{"@type":"Person","@id":"https:\/\/www.clubdelemprendimiento.com\/blog\/#\/schema\/person\/a82ce0fc1281064b1cab4855c351cea7","name":"Nerea Merino","image":{"@type":"ImageObject","inLanguage":"es","@id":"https:\/\/www.clubdelemprendimiento.com\/blog\/#\/schema\/person\/image\/","url":"https:\/\/secure.gravatar.com\/avatar\/3b1c906b7b4a65b22c04d52a020d4815?s=96&d=mm&r=g","contentUrl":"https:\/\/secure.gravatar.com\/avatar\/3b1c906b7b4a65b22c04d52a020d4815?s=96&d=mm&r=g","caption":"Nerea Merino"},"url":"https:\/\/www.clubdelemprendimiento.com\/blog\/author\/nerea\/"}]}},"_links":{"self":[{"href":"https:\/\/www.clubdelemprendimiento.com\/blog\/wp-json\/wp\/v2\/posts\/18368"}],"collection":[{"href":"https:\/\/www.clubdelemprendimiento.com\/blog\/wp-json\/wp\/v2\/posts"}],"about":[{"href":"https:\/\/www.clubdelemprendimiento.com\/blog\/wp-json\/wp\/v2\/types\/post"}],"author":[{"embeddable":true,"href":"https:\/\/www.clubdelemprendimiento.com\/blog\/wp-json\/wp\/v2\/users\/14"}],"replies":[{"embeddable":true,"href":"https:\/\/www.clubdelemprendimiento.com\/blog\/wp-json\/wp\/v2\/comments?post=18368"}],"version-history":[{"count":2,"href":"https:\/\/www.clubdelemprendimiento.com\/blog\/wp-json\/wp\/v2\/posts\/18368\/revisions"}],"predecessor-version":[{"id":18382,"href":"https:\/\/www.clubdelemprendimiento.com\/blog\/wp-json\/wp\/v2\/posts\/18368\/revisions\/18382"}],"wp:featuredmedia":[{"embeddable":true,"href":"https:\/\/www.clubdelemprendimiento.com\/blog\/wp-json\/wp\/v2\/media\/18369"}],"wp:attachment":[{"href":"https:\/\/www.clubdelemprendimiento.com\/blog\/wp-json\/wp\/v2\/media?parent=18368"}],"wp:term":[{"taxonomy":"category","embeddable":true,"href":"https:\/\/www.clubdelemprendimiento.com\/blog\/wp-json\/wp\/v2\/categories?post=18368"},{"taxonomy":"post_tag","embeddable":true,"href":"https:\/\/www.clubdelemprendimiento.com\/blog\/wp-json\/wp\/v2\/tags?post=18368"}],"curies":[{"name":"wp","href":"https:\/\/api.w.org\/{rel}","templated":true}]}}