{"id":18342,"date":"2025-04-11T06:28:02","date_gmt":"2025-04-11T06:28:02","guid":{"rendered":"https:\/\/www.clubdelemprendimiento.com\/blog\/?p=18342"},"modified":"2025-04-10T06:34:04","modified_gmt":"2025-04-10T06:34:04","slug":"animayo-2025-educacion-talento-y-cine","status":"publish","type":"post","link":"https:\/\/www.clubdelemprendimiento.com\/blog\/nuestros-emprendedores\/animayo-2025-educacion-talento-y-cine\/","title":{"rendered":"Animayo 2025: el talento joven, protagonista de una experiencia transformadora"},"content":{"rendered":"\n<p>Conscientes de que el acceso a una formaci\u00f3n adecuada es el primer paso para trabajar en las industrias creativas, Animayo 2025 Gran Canaria refuerza su compromiso con la orientaci\u00f3n educativa a trav\u00e9s del programa <strong>\u2018Decide tu Futuro\u2019<\/strong>. Dirigido a j\u00f3venes estudiantes, padres y tutores, esta iniciativa incluye ponencias especializadas sobre carreras que abarcan desde lo m\u00e1s art\u00edstico a lo m\u00e1s tecnol\u00f3gico, impartidas por algunas de las universidades y escuelas m\u00e1s destacadas del pa\u00eds.<\/p>\n\n\n\n<p>Instituciones como <strong>U-Tad, U-DIT, ECIB, Artediez, School of Visual Arts (Los Angeles), L&#8217;Idem, Trazos, ECAM Studio y 3Doubles Campus<\/strong> participan activamente en este programa. Los centros educativos interesados en asistir pueden solicitar su inscripci\u00f3n enviando un correo a <strong><a class=\"\">dori@animayo.com<\/a><\/strong>.<\/p>\n\n\n\n<p>Adem\u00e1s, Animayo vuelve a apostar por el talento emergente con la convocatoria de sus ya consolidadas <strong>\u2018Becas al Talento Animayo\u2019<\/strong>, que ofrecer\u00e1n m\u00e1s de <strong>600.000 euros<\/strong> para estudios presenciales y online en el curso 2025-2026. Una oportunidad abierta a nivel internacional y sin l\u00edmite geogr\u00e1fico, disponible hasta agosto de 2025 (consultar condiciones espec\u00edficas en la web de Animayo).<\/p>\n\n\n\n<h2 class=\"wp-block-heading\"><strong>Proyecciones con sello Oscar\u00ae<\/strong><\/h2>\n\n\n\n<p>Animayo no solo forma, tambi\u00e9n proyecta. Y lo hace con el prestigio de ser el <strong>\u00fanico Festival en Espa\u00f1a calificador para los Premios Oscar\u00ae<\/strong> en la categor\u00eda de cortometraje de animaci\u00f3n y, desde 2022, tambi\u00e9n en la categor\u00eda de mejor obra en idioma espa\u00f1ol. Las <strong>5 Secciones Oficiales a Concurso<\/strong>, que se exhibir\u00e1n del <strong>7 al 10 de mayo en el Teatro Guiniguada<\/strong>, ofrecer\u00e1n una cuidada selecci\u00f3n de cortometrajes de animaci\u00f3n 2D, 3D, efectos visuales, cine experimental, publicidad, videoclips, cinem\u00e1ticas de videojuegos y realidad virtual.<\/p>\n\n\n\n<p>Obras procedentes de m\u00e1s de 15 pa\u00edses competir\u00e1n por hacerse un hueco en el <strong>Palmar\u00e9s Oficial Animayo 2025<\/strong>, tras una selecci\u00f3n entre m\u00e1s de 2.000 piezas recibidas durante el a\u00f1o.<\/p>\n\n\n\n<h2 class=\"wp-block-heading\"><strong>Zona Fan y experiencias inmersivas<\/strong><\/h2>\n\n\n\n<p>La <strong>Zona Fan y Experiencias Animayo<\/strong>, ubicada en el CICCA, ser\u00e1 otro de los espacios clave del Festival. Aqu\u00ed, el p\u00fablico podr\u00e1 explorar videojuegos, participar en actividades interactivas y descubrir nuevas publicaciones del sector. Destaca la presentaci\u00f3n del nuevo libro <strong>\u00abManual del artista de Storyboard\u00bb<\/strong> de <strong>Ra\u00fal Garc\u00eda<\/strong>, director, animador y productor espa\u00f1ol con una trayectoria de m\u00e1s de 40 a\u00f1os en estudios como Disney y miembro de la Academia de Hollywood.<\/p>\n\n\n\n<p>Asimismo, se presentar\u00e1n las novelas gr\u00e1ficas <strong>\u00abCuida de \u00c1ngela\u00bb<\/strong>, del creador digital Ivart (Iv\u00e1n Pineros), y <strong>\u00abEl rojo duele menos\u00bb<\/strong>, de la ilustradora y escritora Gema Vadillo, ambas obras que combinan ilustraci\u00f3n digital y narrativas con profundidad emocional.<\/p>\n\n\n\n<h2 class=\"wp-block-heading\"><strong>Animaci\u00f3n para toda la familia<\/strong><\/h2>\n\n\n\n<p>Como cada a\u00f1o, Animayo dedica una parte esencial de su programaci\u00f3n a los m\u00e1s peque\u00f1os. El <strong>s\u00e1bado 10 de mayo<\/strong> se celebrar\u00e1 <strong>\u2018Mi Primer Festival\u2019<\/strong>, una sesi\u00f3n de cortometrajes dirigida al p\u00fablico familiar, con entrada gratuita hasta completar aforo. Ni\u00f1os y ni\u00f1as a partir de 5 a\u00f1os, junto con j\u00f3venes y adultos, disfrutar\u00e1n de una selecci\u00f3n internacional de cortos que promueven valores como la solidaridad, la amistad o la persecuci\u00f3n de los sue\u00f1os.<\/p>\n\n\n\n<h2 class=\"wp-block-heading\"><strong>Un festival global con alma local<\/strong><\/h2>\n\n\n\n<p>La imagen oficial de esta edici\u00f3n es obra de la artista ucraniana <strong>Kateryna Cheromukhina<\/strong>, de 19 a\u00f1os, quien gan\u00f3 el <strong>Concurso Internacional de Carteles Animayo 2025<\/strong> con su pieza <strong>\u00abUn viaje a lo desconocido\u00bb<\/strong>, seleccionada entre <strong>893 propuestas de 77 pa\u00edses<\/strong>. Con t\u00e9cnicas que van desde la ilustraci\u00f3n tradicional hasta el 3D, este certamen refleja la diversidad y creatividad global que define a Animayo.<\/p>\n\n\n\n<p>Con un enfoque <strong>h\u00edbrido, presencial y online<\/strong>, Animayo ampl\u00eda fronteras a trav\u00e9s de su versi\u00f3n <strong>\u201cAnimayo Itinerante\u201d<\/strong>, con presencia en ciudades como Los Angeles, Madrid, Barcelona, Bruselas, Mumbai o Bogot\u00e1, entre muchas otras.<\/p>\n","protected":false},"excerpt":{"rendered":"<p>Conscientes de que el acceso a una formaci\u00f3n adecuada es el primer paso para&hellip;<\/p>\n","protected":false},"author":14,"featured_media":18343,"comment_status":"open","ping_status":"open","sticky":false,"template":"","format":"standard","meta":{"_acf_changed":false,"footnotes":""},"categories":[91],"tags":[],"acf":[],"yoast_head":"<!-- This site is optimized with the Yoast SEO plugin v22.7 - https:\/\/yoast.com\/wordpress\/plugins\/seo\/ -->\n<title>Animayo 2025: Educaci\u00f3n, talento y cine<\/title>\n<meta name=\"description\" content=\"Animayo 2025 impulsa la educaci\u00f3n, el talento joven y la creatividad con becas, proyecciones, ponencias y actividades para todos.\" \/>\n<meta name=\"robots\" content=\"index, follow, max-snippet:-1, max-image-preview:large, max-video-preview:-1\" \/>\n<link rel=\"canonical\" href=\"https:\/\/www.clubdelemprendimiento.com\/blog\/nuestros-emprendedores\/animayo-2025-educacion-talento-y-cine\/\" \/>\n<meta property=\"og:locale\" content=\"es_ES\" \/>\n<meta property=\"og:type\" content=\"article\" \/>\n<meta property=\"og:title\" content=\"Animayo 2025: Educaci\u00f3n, talento y cine\" \/>\n<meta property=\"og:description\" content=\"Animayo 2025 impulsa la educaci\u00f3n, el talento joven y la creatividad con becas, proyecciones, ponencias y actividades para todos.\" \/>\n<meta property=\"og:url\" content=\"https:\/\/www.clubdelemprendimiento.com\/blog\/nuestros-emprendedores\/animayo-2025-educacion-talento-y-cine\/\" \/>\n<meta property=\"og:site_name\" content=\"Blog Club del Emprendimiento\" \/>\n<meta property=\"article:published_time\" content=\"2025-04-11T06:28:02+00:00\" \/>\n<meta property=\"article:modified_time\" content=\"2025-04-10T06:34:04+00:00\" \/>\n<meta property=\"og:image\" content=\"https:\/\/www.clubdelemprendimiento.com\/blog\/wp-content\/uploads\/2025\/04\/54440821028_05cfcf3560_c.jpg\" \/>\n\t<meta property=\"og:image:width\" content=\"800\" \/>\n\t<meta property=\"og:image:height\" content=\"532\" \/>\n\t<meta property=\"og:image:type\" content=\"image\/jpeg\" \/>\n<meta name=\"author\" content=\"Nerea Merino\" \/>\n<meta name=\"twitter:card\" content=\"summary_large_image\" \/>\n<meta name=\"twitter:label1\" content=\"Escrito por\" \/>\n\t<meta name=\"twitter:data1\" content=\"Nerea Merino\" \/>\n\t<meta name=\"twitter:label2\" content=\"Tiempo de lectura\" \/>\n\t<meta name=\"twitter:data2\" content=\"3 minutos\" \/>\n<script type=\"application\/ld+json\" class=\"yoast-schema-graph\">{\"@context\":\"https:\/\/schema.org\",\"@graph\":[{\"@type\":\"WebPage\",\"@id\":\"https:\/\/www.clubdelemprendimiento.com\/blog\/nuestros-emprendedores\/animayo-2025-educacion-talento-y-cine\/\",\"url\":\"https:\/\/www.clubdelemprendimiento.com\/blog\/nuestros-emprendedores\/animayo-2025-educacion-talento-y-cine\/\",\"name\":\"Animayo 2025: Educaci\u00f3n, talento y cine\",\"isPartOf\":{\"@id\":\"https:\/\/www.clubdelemprendimiento.com\/blog\/#website\"},\"primaryImageOfPage\":{\"@id\":\"https:\/\/www.clubdelemprendimiento.com\/blog\/nuestros-emprendedores\/animayo-2025-educacion-talento-y-cine\/#primaryimage\"},\"image\":{\"@id\":\"https:\/\/www.clubdelemprendimiento.com\/blog\/nuestros-emprendedores\/animayo-2025-educacion-talento-y-cine\/#primaryimage\"},\"thumbnailUrl\":\"https:\/\/www.clubdelemprendimiento.com\/blog\/wp-content\/uploads\/2025\/04\/54440821028_05cfcf3560_c.jpg\",\"datePublished\":\"2025-04-11T06:28:02+00:00\",\"dateModified\":\"2025-04-10T06:34:04+00:00\",\"author\":{\"@id\":\"https:\/\/www.clubdelemprendimiento.com\/blog\/#\/schema\/person\/a82ce0fc1281064b1cab4855c351cea7\"},\"description\":\"Animayo 2025 impulsa la educaci\u00f3n, el talento joven y la creatividad con becas, proyecciones, ponencias y actividades para todos.\",\"breadcrumb\":{\"@id\":\"https:\/\/www.clubdelemprendimiento.com\/blog\/nuestros-emprendedores\/animayo-2025-educacion-talento-y-cine\/#breadcrumb\"},\"inLanguage\":\"es\",\"potentialAction\":[{\"@type\":\"ReadAction\",\"target\":[\"https:\/\/www.clubdelemprendimiento.com\/blog\/nuestros-emprendedores\/animayo-2025-educacion-talento-y-cine\/\"]}]},{\"@type\":\"ImageObject\",\"inLanguage\":\"es\",\"@id\":\"https:\/\/www.clubdelemprendimiento.com\/blog\/nuestros-emprendedores\/animayo-2025-educacion-talento-y-cine\/#primaryimage\",\"url\":\"https:\/\/www.clubdelemprendimiento.com\/blog\/wp-content\/uploads\/2025\/04\/54440821028_05cfcf3560_c.jpg\",\"contentUrl\":\"https:\/\/www.clubdelemprendimiento.com\/blog\/wp-content\/uploads\/2025\/04\/54440821028_05cfcf3560_c.jpg\",\"width\":800,\"height\":532,\"caption\":\"Animayo 2025\"},{\"@type\":\"BreadcrumbList\",\"@id\":\"https:\/\/www.clubdelemprendimiento.com\/blog\/nuestros-emprendedores\/animayo-2025-educacion-talento-y-cine\/#breadcrumb\",\"itemListElement\":[{\"@type\":\"ListItem\",\"position\":1,\"name\":\"Home\",\"item\":\"https:\/\/www.clubdelemprendimiento.com\/blog\/\"},{\"@type\":\"ListItem\",\"position\":2,\"name\":\"Animayo 2025: el talento joven, protagonista de una experiencia transformadora\"}]},{\"@type\":\"WebSite\",\"@id\":\"https:\/\/www.clubdelemprendimiento.com\/blog\/#website\",\"url\":\"https:\/\/www.clubdelemprendimiento.com\/blog\/\",\"name\":\"Blog Club del Emprendimiento\",\"description\":\"\",\"potentialAction\":[{\"@type\":\"SearchAction\",\"target\":{\"@type\":\"EntryPoint\",\"urlTemplate\":\"https:\/\/www.clubdelemprendimiento.com\/blog\/?s={search_term_string}\"},\"query-input\":\"required name=search_term_string\"}],\"inLanguage\":\"es\"},{\"@type\":\"Person\",\"@id\":\"https:\/\/www.clubdelemprendimiento.com\/blog\/#\/schema\/person\/a82ce0fc1281064b1cab4855c351cea7\",\"name\":\"Nerea Merino\",\"image\":{\"@type\":\"ImageObject\",\"inLanguage\":\"es\",\"@id\":\"https:\/\/www.clubdelemprendimiento.com\/blog\/#\/schema\/person\/image\/\",\"url\":\"https:\/\/secure.gravatar.com\/avatar\/3b1c906b7b4a65b22c04d52a020d4815?s=96&d=mm&r=g\",\"contentUrl\":\"https:\/\/secure.gravatar.com\/avatar\/3b1c906b7b4a65b22c04d52a020d4815?s=96&d=mm&r=g\",\"caption\":\"Nerea Merino\"},\"url\":\"https:\/\/www.clubdelemprendimiento.com\/blog\/author\/nerea\/\"}]}<\/script>\n<!-- \/ Yoast SEO plugin. -->","yoast_head_json":{"title":"Animayo 2025: Educaci\u00f3n, talento y cine","description":"Animayo 2025 impulsa la educaci\u00f3n, el talento joven y la creatividad con becas, proyecciones, ponencias y actividades para todos.","robots":{"index":"index","follow":"follow","max-snippet":"max-snippet:-1","max-image-preview":"max-image-preview:large","max-video-preview":"max-video-preview:-1"},"canonical":"https:\/\/www.clubdelemprendimiento.com\/blog\/nuestros-emprendedores\/animayo-2025-educacion-talento-y-cine\/","og_locale":"es_ES","og_type":"article","og_title":"Animayo 2025: Educaci\u00f3n, talento y cine","og_description":"Animayo 2025 impulsa la educaci\u00f3n, el talento joven y la creatividad con becas, proyecciones, ponencias y actividades para todos.","og_url":"https:\/\/www.clubdelemprendimiento.com\/blog\/nuestros-emprendedores\/animayo-2025-educacion-talento-y-cine\/","og_site_name":"Blog Club del Emprendimiento","article_published_time":"2025-04-11T06:28:02+00:00","article_modified_time":"2025-04-10T06:34:04+00:00","og_image":[{"width":800,"height":532,"url":"https:\/\/www.clubdelemprendimiento.com\/blog\/wp-content\/uploads\/2025\/04\/54440821028_05cfcf3560_c.jpg","type":"image\/jpeg"}],"author":"Nerea Merino","twitter_card":"summary_large_image","twitter_misc":{"Escrito por":"Nerea Merino","Tiempo de lectura":"3 minutos"},"schema":{"@context":"https:\/\/schema.org","@graph":[{"@type":"WebPage","@id":"https:\/\/www.clubdelemprendimiento.com\/blog\/nuestros-emprendedores\/animayo-2025-educacion-talento-y-cine\/","url":"https:\/\/www.clubdelemprendimiento.com\/blog\/nuestros-emprendedores\/animayo-2025-educacion-talento-y-cine\/","name":"Animayo 2025: Educaci\u00f3n, talento y cine","isPartOf":{"@id":"https:\/\/www.clubdelemprendimiento.com\/blog\/#website"},"primaryImageOfPage":{"@id":"https:\/\/www.clubdelemprendimiento.com\/blog\/nuestros-emprendedores\/animayo-2025-educacion-talento-y-cine\/#primaryimage"},"image":{"@id":"https:\/\/www.clubdelemprendimiento.com\/blog\/nuestros-emprendedores\/animayo-2025-educacion-talento-y-cine\/#primaryimage"},"thumbnailUrl":"https:\/\/www.clubdelemprendimiento.com\/blog\/wp-content\/uploads\/2025\/04\/54440821028_05cfcf3560_c.jpg","datePublished":"2025-04-11T06:28:02+00:00","dateModified":"2025-04-10T06:34:04+00:00","author":{"@id":"https:\/\/www.clubdelemprendimiento.com\/blog\/#\/schema\/person\/a82ce0fc1281064b1cab4855c351cea7"},"description":"Animayo 2025 impulsa la educaci\u00f3n, el talento joven y la creatividad con becas, proyecciones, ponencias y actividades para todos.","breadcrumb":{"@id":"https:\/\/www.clubdelemprendimiento.com\/blog\/nuestros-emprendedores\/animayo-2025-educacion-talento-y-cine\/#breadcrumb"},"inLanguage":"es","potentialAction":[{"@type":"ReadAction","target":["https:\/\/www.clubdelemprendimiento.com\/blog\/nuestros-emprendedores\/animayo-2025-educacion-talento-y-cine\/"]}]},{"@type":"ImageObject","inLanguage":"es","@id":"https:\/\/www.clubdelemprendimiento.com\/blog\/nuestros-emprendedores\/animayo-2025-educacion-talento-y-cine\/#primaryimage","url":"https:\/\/www.clubdelemprendimiento.com\/blog\/wp-content\/uploads\/2025\/04\/54440821028_05cfcf3560_c.jpg","contentUrl":"https:\/\/www.clubdelemprendimiento.com\/blog\/wp-content\/uploads\/2025\/04\/54440821028_05cfcf3560_c.jpg","width":800,"height":532,"caption":"Animayo 2025"},{"@type":"BreadcrumbList","@id":"https:\/\/www.clubdelemprendimiento.com\/blog\/nuestros-emprendedores\/animayo-2025-educacion-talento-y-cine\/#breadcrumb","itemListElement":[{"@type":"ListItem","position":1,"name":"Home","item":"https:\/\/www.clubdelemprendimiento.com\/blog\/"},{"@type":"ListItem","position":2,"name":"Animayo 2025: el talento joven, protagonista de una experiencia transformadora"}]},{"@type":"WebSite","@id":"https:\/\/www.clubdelemprendimiento.com\/blog\/#website","url":"https:\/\/www.clubdelemprendimiento.com\/blog\/","name":"Blog Club del Emprendimiento","description":"","potentialAction":[{"@type":"SearchAction","target":{"@type":"EntryPoint","urlTemplate":"https:\/\/www.clubdelemprendimiento.com\/blog\/?s={search_term_string}"},"query-input":"required name=search_term_string"}],"inLanguage":"es"},{"@type":"Person","@id":"https:\/\/www.clubdelemprendimiento.com\/blog\/#\/schema\/person\/a82ce0fc1281064b1cab4855c351cea7","name":"Nerea Merino","image":{"@type":"ImageObject","inLanguage":"es","@id":"https:\/\/www.clubdelemprendimiento.com\/blog\/#\/schema\/person\/image\/","url":"https:\/\/secure.gravatar.com\/avatar\/3b1c906b7b4a65b22c04d52a020d4815?s=96&d=mm&r=g","contentUrl":"https:\/\/secure.gravatar.com\/avatar\/3b1c906b7b4a65b22c04d52a020d4815?s=96&d=mm&r=g","caption":"Nerea Merino"},"url":"https:\/\/www.clubdelemprendimiento.com\/blog\/author\/nerea\/"}]}},"_links":{"self":[{"href":"https:\/\/www.clubdelemprendimiento.com\/blog\/wp-json\/wp\/v2\/posts\/18342"}],"collection":[{"href":"https:\/\/www.clubdelemprendimiento.com\/blog\/wp-json\/wp\/v2\/posts"}],"about":[{"href":"https:\/\/www.clubdelemprendimiento.com\/blog\/wp-json\/wp\/v2\/types\/post"}],"author":[{"embeddable":true,"href":"https:\/\/www.clubdelemprendimiento.com\/blog\/wp-json\/wp\/v2\/users\/14"}],"replies":[{"embeddable":true,"href":"https:\/\/www.clubdelemprendimiento.com\/blog\/wp-json\/wp\/v2\/comments?post=18342"}],"version-history":[{"count":1,"href":"https:\/\/www.clubdelemprendimiento.com\/blog\/wp-json\/wp\/v2\/posts\/18342\/revisions"}],"predecessor-version":[{"id":18344,"href":"https:\/\/www.clubdelemprendimiento.com\/blog\/wp-json\/wp\/v2\/posts\/18342\/revisions\/18344"}],"wp:featuredmedia":[{"embeddable":true,"href":"https:\/\/www.clubdelemprendimiento.com\/blog\/wp-json\/wp\/v2\/media\/18343"}],"wp:attachment":[{"href":"https:\/\/www.clubdelemprendimiento.com\/blog\/wp-json\/wp\/v2\/media?parent=18342"}],"wp:term":[{"taxonomy":"category","embeddable":true,"href":"https:\/\/www.clubdelemprendimiento.com\/blog\/wp-json\/wp\/v2\/categories?post=18342"},{"taxonomy":"post_tag","embeddable":true,"href":"https:\/\/www.clubdelemprendimiento.com\/blog\/wp-json\/wp\/v2\/tags?post=18342"}],"curies":[{"name":"wp","href":"https:\/\/api.w.org\/{rel}","templated":true}]}}