{"id":18333,"date":"2025-04-23T07:55:52","date_gmt":"2025-04-23T07:55:52","guid":{"rendered":"https:\/\/www.clubdelemprendimiento.com\/blog\/?p=18333"},"modified":"2025-04-08T08:03:06","modified_gmt":"2025-04-08T08:03:06","slug":"ceoe-alerta-sobre-la-creacion-de-empleo","status":"publish","type":"post","link":"https:\/\/www.clubdelemprendimiento.com\/blog\/pymes\/ceoe-alerta-sobre-la-creacion-de-empleo\/","title":{"rendered":"CEOE reclama medidas para proteger a las peque\u00f1as empresas y la creaci\u00f3n de empleo"},"content":{"rendered":"\n<p>La Confederaci\u00f3n Espa\u00f1ola de Organizaciones Empresariales (CEOE) ha resaltado la necesidad urgente de <strong>reforzar la protecci\u00f3n de las peque\u00f1as empresas<\/strong>. Un incremento de costes, cargas fiscales o trabas regulatorias puede poner en riesgo la competitividad del segmento y frenar la creaci\u00f3n de empleo.<\/p>\n\n\n\n<p>Aunque los datos de afiliaci\u00f3n del mes de marzo muestran un repunte positivo, el entorno macroecon\u00f3mico sigue marcado por la <strong>incertidumbre<\/strong>. Agravada por la <strong>volatilidad geopol\u00edtica y una creciente inseguridad jur\u00eddica<\/strong> derivada de continuos cambios normativos. Estos factores, junto al <strong>aumento de los costes laborales <\/strong>sin mejoras asociadas en productividad, golpean especialmente a las empresas de menor tama\u00f1o.<\/p>\n\n\n\n<p>La CEOE tambi\u00e9n advierte de un cambio en la din\u00e1mica del mercado laboral. Mientras que las grandes empresas logran aumentar su plantilla,<strong> las microempresas pierden peso en la generaci\u00f3n de empleo<\/strong>. Seg\u00fan datos del <a href=\"https:\/\/sede.inclusion.gob.es\/\" target=\"_blank\" rel=\"noreferrer noopener\">Ministerio de Inclusi\u00f3n, Seguridad Social y Migraciones<\/a>, la proporci\u00f3n de empleo en empresas de menos de tres trabajadores ha descendido m\u00e1s de tres puntos desde 2019.<\/p>\n\n\n\n<p>En el balance de marzo, la Seguridad Social alcanz\u00f3 una cifra r\u00e9cord de <strong>21,3 millones de afiliados<\/strong>, evidenciando la capacidad de resistencia del sector empresarial frente al complicado contexto. Sin embargo, aunque el desempleo se redujo en m\u00e1s de 13.000 personas, los resultados son menos alentadores que los registrados en el mismo periodo de los dos \u00faltimos a\u00f1os.<\/p>\n\n\n\n<p>Entre los datos m\u00e1s destacados, la hosteler\u00eda lider\u00f3 la creaci\u00f3n de empleo en el R\u00e9gimen General, seguida por el sector educativo. Tambi\u00e9n los trabajadores aut\u00f3nomos aumentaron en m\u00e1s de 12.000 afiliados respecto a febrero, aunque sectores como el comercio registraron descensos.<\/p>\n\n\n\n<p>El empleo femenino contin\u00faa su tendencia alcista. Marca un nuevo r\u00e9cord al superar los 10,1 millones de trabajadoras. Representa casi el 47,4% del total de afiliados. Asimismo, la contrataci\u00f3n indefinida se consolida y la tasa de temporalidad cae a m\u00ednimos hist\u00f3ricos.<\/p>\n\n\n\n<h2 class=\"wp-block-heading\">Desaf\u00edos en la creaci\u00f3n de empleo<\/h2>\n\n\n\n<p>Espa\u00f1a sigue encabezando las tasas de desempleo en la Zona Euro. Hay algunos sectores que tienen dificultades para cubrir vacantes. Esto muestra una<strong> desconexi\u00f3n entre la oferta y la demanda de empleo en algunas \u00e1reas de actividad.<\/strong><\/p>\n","protected":false},"excerpt":{"rendered":"<p>La Confederaci\u00f3n Espa\u00f1ola de Organizaciones Empresariales (CEOE) ha resaltado la necesidad urgente de reforzar&hellip;<\/p>\n","protected":false},"author":14,"featured_media":18334,"comment_status":"open","ping_status":"open","sticky":false,"template":"","format":"standard","meta":{"_acf_changed":false,"footnotes":""},"categories":[256],"tags":[],"acf":[],"yoast_head":"<!-- This site is optimized with the Yoast SEO plugin v22.7 - https:\/\/yoast.com\/wordpress\/plugins\/seo\/ -->\n<title>CEOE alerta sobre la creaci\u00f3n de empleo<\/title>\n<meta name=\"description\" content=\"CEOE advierte que los costes y trabas a pymes amenazan la creaci\u00f3n de empleo en un mercado laboral ya marcado por la incertidumbre.\" \/>\n<meta name=\"robots\" content=\"index, follow, max-snippet:-1, max-image-preview:large, max-video-preview:-1\" \/>\n<link rel=\"canonical\" href=\"https:\/\/www.clubdelemprendimiento.com\/blog\/pymes\/ceoe-alerta-sobre-la-creacion-de-empleo\/\" \/>\n<meta property=\"og:locale\" content=\"es_ES\" \/>\n<meta property=\"og:type\" content=\"article\" \/>\n<meta property=\"og:title\" content=\"CEOE alerta sobre la creaci\u00f3n de empleo\" \/>\n<meta property=\"og:description\" content=\"CEOE advierte que los costes y trabas a pymes amenazan la creaci\u00f3n de empleo en un mercado laboral ya marcado por la incertidumbre.\" \/>\n<meta property=\"og:url\" content=\"https:\/\/www.clubdelemprendimiento.com\/blog\/pymes\/ceoe-alerta-sobre-la-creacion-de-empleo\/\" \/>\n<meta property=\"og:site_name\" content=\"Blog Club del Emprendimiento\" \/>\n<meta property=\"article:published_time\" content=\"2025-04-23T07:55:52+00:00\" \/>\n<meta property=\"article:modified_time\" content=\"2025-04-08T08:03:06+00:00\" \/>\n<meta property=\"og:image\" content=\"https:\/\/www.clubdelemprendimiento.com\/blog\/wp-content\/uploads\/2025\/04\/2147727729.jpg\" \/>\n\t<meta property=\"og:image:width\" content=\"1500\" \/>\n\t<meta property=\"og:image:height\" content=\"1000\" \/>\n\t<meta property=\"og:image:type\" content=\"image\/jpeg\" \/>\n<meta name=\"author\" content=\"Nerea Merino\" \/>\n<meta name=\"twitter:card\" content=\"summary_large_image\" \/>\n<meta name=\"twitter:label1\" content=\"Escrito por\" \/>\n\t<meta name=\"twitter:data1\" content=\"Nerea Merino\" \/>\n\t<meta name=\"twitter:label2\" content=\"Tiempo de lectura\" \/>\n\t<meta name=\"twitter:data2\" content=\"2 minutos\" \/>\n<script type=\"application\/ld+json\" class=\"yoast-schema-graph\">{\"@context\":\"https:\/\/schema.org\",\"@graph\":[{\"@type\":\"WebPage\",\"@id\":\"https:\/\/www.clubdelemprendimiento.com\/blog\/pymes\/ceoe-alerta-sobre-la-creacion-de-empleo\/\",\"url\":\"https:\/\/www.clubdelemprendimiento.com\/blog\/pymes\/ceoe-alerta-sobre-la-creacion-de-empleo\/\",\"name\":\"CEOE alerta sobre la creaci\u00f3n de empleo\",\"isPartOf\":{\"@id\":\"https:\/\/www.clubdelemprendimiento.com\/blog\/#website\"},\"primaryImageOfPage\":{\"@id\":\"https:\/\/www.clubdelemprendimiento.com\/blog\/pymes\/ceoe-alerta-sobre-la-creacion-de-empleo\/#primaryimage\"},\"image\":{\"@id\":\"https:\/\/www.clubdelemprendimiento.com\/blog\/pymes\/ceoe-alerta-sobre-la-creacion-de-empleo\/#primaryimage\"},\"thumbnailUrl\":\"https:\/\/www.clubdelemprendimiento.com\/blog\/wp-content\/uploads\/2025\/04\/2147727729.jpg\",\"datePublished\":\"2025-04-23T07:55:52+00:00\",\"dateModified\":\"2025-04-08T08:03:06+00:00\",\"author\":{\"@id\":\"https:\/\/www.clubdelemprendimiento.com\/blog\/#\/schema\/person\/a82ce0fc1281064b1cab4855c351cea7\"},\"description\":\"CEOE advierte que los costes y trabas a pymes amenazan la creaci\u00f3n de empleo en un mercado laboral ya marcado por la incertidumbre.\",\"breadcrumb\":{\"@id\":\"https:\/\/www.clubdelemprendimiento.com\/blog\/pymes\/ceoe-alerta-sobre-la-creacion-de-empleo\/#breadcrumb\"},\"inLanguage\":\"es\",\"potentialAction\":[{\"@type\":\"ReadAction\",\"target\":[\"https:\/\/www.clubdelemprendimiento.com\/blog\/pymes\/ceoe-alerta-sobre-la-creacion-de-empleo\/\"]}]},{\"@type\":\"ImageObject\",\"inLanguage\":\"es\",\"@id\":\"https:\/\/www.clubdelemprendimiento.com\/blog\/pymes\/ceoe-alerta-sobre-la-creacion-de-empleo\/#primaryimage\",\"url\":\"https:\/\/www.clubdelemprendimiento.com\/blog\/wp-content\/uploads\/2025\/04\/2147727729.jpg\",\"contentUrl\":\"https:\/\/www.clubdelemprendimiento.com\/blog\/wp-content\/uploads\/2025\/04\/2147727729.jpg\",\"width\":1500,\"height\":1000,\"caption\":\"creaci\u00f3n de empleo\"},{\"@type\":\"BreadcrumbList\",\"@id\":\"https:\/\/www.clubdelemprendimiento.com\/blog\/pymes\/ceoe-alerta-sobre-la-creacion-de-empleo\/#breadcrumb\",\"itemListElement\":[{\"@type\":\"ListItem\",\"position\":1,\"name\":\"Home\",\"item\":\"https:\/\/www.clubdelemprendimiento.com\/blog\/\"},{\"@type\":\"ListItem\",\"position\":2,\"name\":\"CEOE reclama medidas para proteger a las peque\u00f1as empresas y la creaci\u00f3n de empleo\"}]},{\"@type\":\"WebSite\",\"@id\":\"https:\/\/www.clubdelemprendimiento.com\/blog\/#website\",\"url\":\"https:\/\/www.clubdelemprendimiento.com\/blog\/\",\"name\":\"Blog Club del Emprendimiento\",\"description\":\"\",\"potentialAction\":[{\"@type\":\"SearchAction\",\"target\":{\"@type\":\"EntryPoint\",\"urlTemplate\":\"https:\/\/www.clubdelemprendimiento.com\/blog\/?s={search_term_string}\"},\"query-input\":\"required name=search_term_string\"}],\"inLanguage\":\"es\"},{\"@type\":\"Person\",\"@id\":\"https:\/\/www.clubdelemprendimiento.com\/blog\/#\/schema\/person\/a82ce0fc1281064b1cab4855c351cea7\",\"name\":\"Nerea Merino\",\"image\":{\"@type\":\"ImageObject\",\"inLanguage\":\"es\",\"@id\":\"https:\/\/www.clubdelemprendimiento.com\/blog\/#\/schema\/person\/image\/\",\"url\":\"https:\/\/secure.gravatar.com\/avatar\/3b1c906b7b4a65b22c04d52a020d4815?s=96&d=mm&r=g\",\"contentUrl\":\"https:\/\/secure.gravatar.com\/avatar\/3b1c906b7b4a65b22c04d52a020d4815?s=96&d=mm&r=g\",\"caption\":\"Nerea Merino\"},\"url\":\"https:\/\/www.clubdelemprendimiento.com\/blog\/author\/nerea\/\"}]}<\/script>\n<!-- \/ Yoast SEO plugin. -->","yoast_head_json":{"title":"CEOE alerta sobre la creaci\u00f3n de empleo","description":"CEOE advierte que los costes y trabas a pymes amenazan la creaci\u00f3n de empleo en un mercado laboral ya marcado por la incertidumbre.","robots":{"index":"index","follow":"follow","max-snippet":"max-snippet:-1","max-image-preview":"max-image-preview:large","max-video-preview":"max-video-preview:-1"},"canonical":"https:\/\/www.clubdelemprendimiento.com\/blog\/pymes\/ceoe-alerta-sobre-la-creacion-de-empleo\/","og_locale":"es_ES","og_type":"article","og_title":"CEOE alerta sobre la creaci\u00f3n de empleo","og_description":"CEOE advierte que los costes y trabas a pymes amenazan la creaci\u00f3n de empleo en un mercado laboral ya marcado por la incertidumbre.","og_url":"https:\/\/www.clubdelemprendimiento.com\/blog\/pymes\/ceoe-alerta-sobre-la-creacion-de-empleo\/","og_site_name":"Blog Club del Emprendimiento","article_published_time":"2025-04-23T07:55:52+00:00","article_modified_time":"2025-04-08T08:03:06+00:00","og_image":[{"width":1500,"height":1000,"url":"https:\/\/www.clubdelemprendimiento.com\/blog\/wp-content\/uploads\/2025\/04\/2147727729.jpg","type":"image\/jpeg"}],"author":"Nerea Merino","twitter_card":"summary_large_image","twitter_misc":{"Escrito por":"Nerea Merino","Tiempo de lectura":"2 minutos"},"schema":{"@context":"https:\/\/schema.org","@graph":[{"@type":"WebPage","@id":"https:\/\/www.clubdelemprendimiento.com\/blog\/pymes\/ceoe-alerta-sobre-la-creacion-de-empleo\/","url":"https:\/\/www.clubdelemprendimiento.com\/blog\/pymes\/ceoe-alerta-sobre-la-creacion-de-empleo\/","name":"CEOE alerta sobre la creaci\u00f3n de empleo","isPartOf":{"@id":"https:\/\/www.clubdelemprendimiento.com\/blog\/#website"},"primaryImageOfPage":{"@id":"https:\/\/www.clubdelemprendimiento.com\/blog\/pymes\/ceoe-alerta-sobre-la-creacion-de-empleo\/#primaryimage"},"image":{"@id":"https:\/\/www.clubdelemprendimiento.com\/blog\/pymes\/ceoe-alerta-sobre-la-creacion-de-empleo\/#primaryimage"},"thumbnailUrl":"https:\/\/www.clubdelemprendimiento.com\/blog\/wp-content\/uploads\/2025\/04\/2147727729.jpg","datePublished":"2025-04-23T07:55:52+00:00","dateModified":"2025-04-08T08:03:06+00:00","author":{"@id":"https:\/\/www.clubdelemprendimiento.com\/blog\/#\/schema\/person\/a82ce0fc1281064b1cab4855c351cea7"},"description":"CEOE advierte que los costes y trabas a pymes amenazan la creaci\u00f3n de empleo en un mercado laboral ya marcado por la incertidumbre.","breadcrumb":{"@id":"https:\/\/www.clubdelemprendimiento.com\/blog\/pymes\/ceoe-alerta-sobre-la-creacion-de-empleo\/#breadcrumb"},"inLanguage":"es","potentialAction":[{"@type":"ReadAction","target":["https:\/\/www.clubdelemprendimiento.com\/blog\/pymes\/ceoe-alerta-sobre-la-creacion-de-empleo\/"]}]},{"@type":"ImageObject","inLanguage":"es","@id":"https:\/\/www.clubdelemprendimiento.com\/blog\/pymes\/ceoe-alerta-sobre-la-creacion-de-empleo\/#primaryimage","url":"https:\/\/www.clubdelemprendimiento.com\/blog\/wp-content\/uploads\/2025\/04\/2147727729.jpg","contentUrl":"https:\/\/www.clubdelemprendimiento.com\/blog\/wp-content\/uploads\/2025\/04\/2147727729.jpg","width":1500,"height":1000,"caption":"creaci\u00f3n de empleo"},{"@type":"BreadcrumbList","@id":"https:\/\/www.clubdelemprendimiento.com\/blog\/pymes\/ceoe-alerta-sobre-la-creacion-de-empleo\/#breadcrumb","itemListElement":[{"@type":"ListItem","position":1,"name":"Home","item":"https:\/\/www.clubdelemprendimiento.com\/blog\/"},{"@type":"ListItem","position":2,"name":"CEOE reclama medidas para proteger a las peque\u00f1as empresas y la creaci\u00f3n de empleo"}]},{"@type":"WebSite","@id":"https:\/\/www.clubdelemprendimiento.com\/blog\/#website","url":"https:\/\/www.clubdelemprendimiento.com\/blog\/","name":"Blog Club del Emprendimiento","description":"","potentialAction":[{"@type":"SearchAction","target":{"@type":"EntryPoint","urlTemplate":"https:\/\/www.clubdelemprendimiento.com\/blog\/?s={search_term_string}"},"query-input":"required name=search_term_string"}],"inLanguage":"es"},{"@type":"Person","@id":"https:\/\/www.clubdelemprendimiento.com\/blog\/#\/schema\/person\/a82ce0fc1281064b1cab4855c351cea7","name":"Nerea Merino","image":{"@type":"ImageObject","inLanguage":"es","@id":"https:\/\/www.clubdelemprendimiento.com\/blog\/#\/schema\/person\/image\/","url":"https:\/\/secure.gravatar.com\/avatar\/3b1c906b7b4a65b22c04d52a020d4815?s=96&d=mm&r=g","contentUrl":"https:\/\/secure.gravatar.com\/avatar\/3b1c906b7b4a65b22c04d52a020d4815?s=96&d=mm&r=g","caption":"Nerea Merino"},"url":"https:\/\/www.clubdelemprendimiento.com\/blog\/author\/nerea\/"}]}},"_links":{"self":[{"href":"https:\/\/www.clubdelemprendimiento.com\/blog\/wp-json\/wp\/v2\/posts\/18333"}],"collection":[{"href":"https:\/\/www.clubdelemprendimiento.com\/blog\/wp-json\/wp\/v2\/posts"}],"about":[{"href":"https:\/\/www.clubdelemprendimiento.com\/blog\/wp-json\/wp\/v2\/types\/post"}],"author":[{"embeddable":true,"href":"https:\/\/www.clubdelemprendimiento.com\/blog\/wp-json\/wp\/v2\/users\/14"}],"replies":[{"embeddable":true,"href":"https:\/\/www.clubdelemprendimiento.com\/blog\/wp-json\/wp\/v2\/comments?post=18333"}],"version-history":[{"count":1,"href":"https:\/\/www.clubdelemprendimiento.com\/blog\/wp-json\/wp\/v2\/posts\/18333\/revisions"}],"predecessor-version":[{"id":18335,"href":"https:\/\/www.clubdelemprendimiento.com\/blog\/wp-json\/wp\/v2\/posts\/18333\/revisions\/18335"}],"wp:featuredmedia":[{"embeddable":true,"href":"https:\/\/www.clubdelemprendimiento.com\/blog\/wp-json\/wp\/v2\/media\/18334"}],"wp:attachment":[{"href":"https:\/\/www.clubdelemprendimiento.com\/blog\/wp-json\/wp\/v2\/media?parent=18333"}],"wp:term":[{"taxonomy":"category","embeddable":true,"href":"https:\/\/www.clubdelemprendimiento.com\/blog\/wp-json\/wp\/v2\/categories?post=18333"},{"taxonomy":"post_tag","embeddable":true,"href":"https:\/\/www.clubdelemprendimiento.com\/blog\/wp-json\/wp\/v2\/tags?post=18333"}],"curies":[{"name":"wp","href":"https:\/\/api.w.org\/{rel}","templated":true}]}}