{"id":18322,"date":"2025-04-18T06:42:48","date_gmt":"2025-04-18T06:42:48","guid":{"rendered":"https:\/\/www.clubdelemprendimiento.com\/blog\/?p=18322"},"modified":"2025-04-04T06:51:08","modified_gmt":"2025-04-04T06:51:08","slug":"autonomos-y-la-guerra-comercial-con-estados-unidos","status":"publish","type":"post","link":"https:\/\/www.clubdelemprendimiento.com\/blog\/autonomos\/autonomos-y-la-guerra-comercial-con-estados-unidos\/","title":{"rendered":"El conflicto comercial con Estados Unidos amenaza la estabilidad de miles de aut\u00f3nomos espa\u00f1oles"},"content":{"rendered":"\n<p>La guerra comercial iniciada por Estados Unidos, con la imposici\u00f3n de aranceles sobre productos clave para la econom\u00eda espa\u00f1ola, podr\u00eda tener efectos devastadores para miles de aut\u00f3nomos. Sectores como la agricultura, la automoci\u00f3n o la industria alimentaria, altamente dependientes de la exportaci\u00f3n, <strong>se enfrentan a un escenario incierto tras las nuevas tasas del 25% en veh\u00edculos y del 20% en otros bienes <\/strong>como el aceite y productos agrarios.<\/p>\n\n\n\n<h2 class=\"wp-block-heading\">Exigen medidas de apoyo econ\u00f3mico para los aut\u00f3nomos tras el conflicto con Estados Unidos<\/h2>\n\n\n\n<p>Desde la Uni\u00f3n de Profesionales y Trabajadores Aut\u00f3nomos (UPTA) advierten del alto grado de exposici\u00f3n que muchos trabajadores por cuenta propia tienen frente a estos cambios en el comercio internacional. A diferencia de las grandes empresas, <strong>muchos aut\u00f3nomos carecen de respaldo suficiente para soportar el impacto de estas medidas proteccionistas<\/strong>, lo que podr\u00eda traducirse en una ca\u00edda abrupta de ingresos e incluso cierres de actividad.<\/p>\n\n\n\n<p>UPTA ha instado al Gobierno a garantizar que este colectivo est\u00e9 incluido en los planes de apoyo econ\u00f3mico ya anunciados, que contemplan una inversi\u00f3n de m\u00e1s de 14.000 millones de euros. La organizaci\u00f3n reclama ayudas espec\u00edficas como acceso prioritario a financiaci\u00f3n, apertura de nuevos mercados internacionales y la creaci\u00f3n de mecanismos similares al cese de actividad extraordinario, aplicable a quienes vean reducida dr\u00e1sticamente su facturaci\u00f3n por culpa de los aranceles.<\/p>\n\n\n\n<h2 class=\"wp-block-heading\">La falta de apoyo puede agravar la situaci\u00f3n econ\u00f3mica de los aut\u00f3nomos<\/h2>\n\n\n\n<p>El impacto de los aranceles podr\u00eda ser a\u00fan mayor si los aut\u00f3nomos no cuentan con los mecanismos adecuados para adaptarse a la nueva situaci\u00f3n comercial. En muchos casos, los aut\u00f3nomos, que ya enfrentan dificultades en t\u00e9rminos de acceso a financiaci\u00f3n y competitividad, <strong>se ven ahora obligados a hacer frente a un entorno internacional m\u00e1s hostil.<\/strong> Sin una respuesta institucional efectiva, este colectivo podr\u00eda ver gravemente comprometida su viabilidad econ\u00f3mica. La inclusi\u00f3n de los aut\u00f3nomos en los planes de protecci\u00f3n dise\u00f1ados por el Gobierno es, seg\u00fan UPTA, esencial para garantizar que puedan mantener su actividad y seguir contribuyendo al desarrollo econ\u00f3mico del pa\u00eds.<\/p>\n\n\n\n<p>En un contexto internacional vol\u00e1til, los aut\u00f3nomos espa\u00f1oles<strong> podr\u00edan convertirse en los principales damnificados si no se toman medidas adaptadas a su realidad.<\/strong> UPTA recuerda que este colectivo representa una parte esencial del tejido productivo del pa\u00eds y pide que su protecci\u00f3n sea una prioridad en la respuesta institucional al conflicto comercial.<\/p>\n","protected":false},"excerpt":{"rendered":"<p>La guerra comercial iniciada por Estados Unidos, con la imposici\u00f3n de aranceles sobre productos&hellip;<\/p>\n","protected":false},"author":14,"featured_media":18323,"comment_status":"open","ping_status":"open","sticky":false,"template":"","format":"standard","meta":{"_acf_changed":false,"footnotes":""},"categories":[255],"tags":[],"acf":[],"yoast_head":"<!-- This site is optimized with the Yoast SEO plugin v22.7 - https:\/\/yoast.com\/wordpress\/plugins\/seo\/ -->\n<title>Aut\u00f3nomos y la guerra comercial con Estados Unidos<\/title>\n<meta name=\"description\" content=\"Los nuevos aranceles de Estados Unidos impactar\u00e1n a miles de aut\u00f3nomos espa\u00f1oles. UPTA pide al Gobierno medidas de protecci\u00f3n urgentes.\" \/>\n<meta name=\"robots\" content=\"index, follow, max-snippet:-1, max-image-preview:large, max-video-preview:-1\" \/>\n<link rel=\"canonical\" href=\"https:\/\/www.clubdelemprendimiento.com\/blog\/autonomos\/autonomos-y-la-guerra-comercial-con-estados-unidos\/\" \/>\n<meta property=\"og:locale\" content=\"es_ES\" \/>\n<meta property=\"og:type\" content=\"article\" \/>\n<meta property=\"og:title\" content=\"Aut\u00f3nomos y la guerra comercial con Estados Unidos\" \/>\n<meta property=\"og:description\" content=\"Los nuevos aranceles de Estados Unidos impactar\u00e1n a miles de aut\u00f3nomos espa\u00f1oles. UPTA pide al Gobierno medidas de protecci\u00f3n urgentes.\" \/>\n<meta property=\"og:url\" content=\"https:\/\/www.clubdelemprendimiento.com\/blog\/autonomos\/autonomos-y-la-guerra-comercial-con-estados-unidos\/\" \/>\n<meta property=\"og:site_name\" content=\"Blog Club del Emprendimiento\" \/>\n<meta property=\"article:published_time\" content=\"2025-04-18T06:42:48+00:00\" \/>\n<meta property=\"article:modified_time\" content=\"2025-04-04T06:51:08+00:00\" \/>\n<meta property=\"og:image\" content=\"https:\/\/www.clubdelemprendimiento.com\/blog\/wp-content\/uploads\/2025\/04\/72.jpg\" \/>\n\t<meta property=\"og:image:width\" content=\"1500\" \/>\n\t<meta property=\"og:image:height\" content=\"1001\" \/>\n\t<meta property=\"og:image:type\" content=\"image\/jpeg\" \/>\n<meta name=\"author\" content=\"Nerea Merino\" \/>\n<meta name=\"twitter:card\" content=\"summary_large_image\" \/>\n<meta name=\"twitter:label1\" content=\"Escrito por\" \/>\n\t<meta name=\"twitter:data1\" content=\"Nerea Merino\" \/>\n\t<meta name=\"twitter:label2\" content=\"Tiempo de lectura\" \/>\n\t<meta name=\"twitter:data2\" content=\"2 minutos\" \/>\n<script type=\"application\/ld+json\" class=\"yoast-schema-graph\">{\"@context\":\"https:\/\/schema.org\",\"@graph\":[{\"@type\":\"WebPage\",\"@id\":\"https:\/\/www.clubdelemprendimiento.com\/blog\/autonomos\/autonomos-y-la-guerra-comercial-con-estados-unidos\/\",\"url\":\"https:\/\/www.clubdelemprendimiento.com\/blog\/autonomos\/autonomos-y-la-guerra-comercial-con-estados-unidos\/\",\"name\":\"Aut\u00f3nomos y la guerra comercial con Estados Unidos\",\"isPartOf\":{\"@id\":\"https:\/\/www.clubdelemprendimiento.com\/blog\/#website\"},\"primaryImageOfPage\":{\"@id\":\"https:\/\/www.clubdelemprendimiento.com\/blog\/autonomos\/autonomos-y-la-guerra-comercial-con-estados-unidos\/#primaryimage\"},\"image\":{\"@id\":\"https:\/\/www.clubdelemprendimiento.com\/blog\/autonomos\/autonomos-y-la-guerra-comercial-con-estados-unidos\/#primaryimage\"},\"thumbnailUrl\":\"https:\/\/www.clubdelemprendimiento.com\/blog\/wp-content\/uploads\/2025\/04\/72.jpg\",\"datePublished\":\"2025-04-18T06:42:48+00:00\",\"dateModified\":\"2025-04-04T06:51:08+00:00\",\"author\":{\"@id\":\"https:\/\/www.clubdelemprendimiento.com\/blog\/#\/schema\/person\/a82ce0fc1281064b1cab4855c351cea7\"},\"description\":\"Los nuevos aranceles de Estados Unidos impactar\u00e1n a miles de aut\u00f3nomos espa\u00f1oles. UPTA pide al Gobierno medidas de protecci\u00f3n urgentes.\",\"breadcrumb\":{\"@id\":\"https:\/\/www.clubdelemprendimiento.com\/blog\/autonomos\/autonomos-y-la-guerra-comercial-con-estados-unidos\/#breadcrumb\"},\"inLanguage\":\"es\",\"potentialAction\":[{\"@type\":\"ReadAction\",\"target\":[\"https:\/\/www.clubdelemprendimiento.com\/blog\/autonomos\/autonomos-y-la-guerra-comercial-con-estados-unidos\/\"]}]},{\"@type\":\"ImageObject\",\"inLanguage\":\"es\",\"@id\":\"https:\/\/www.clubdelemprendimiento.com\/blog\/autonomos\/autonomos-y-la-guerra-comercial-con-estados-unidos\/#primaryimage\",\"url\":\"https:\/\/www.clubdelemprendimiento.com\/blog\/wp-content\/uploads\/2025\/04\/72.jpg\",\"contentUrl\":\"https:\/\/www.clubdelemprendimiento.com\/blog\/wp-content\/uploads\/2025\/04\/72.jpg\",\"width\":1500,\"height\":1001,\"caption\":\"Estados Unidos\"},{\"@type\":\"BreadcrumbList\",\"@id\":\"https:\/\/www.clubdelemprendimiento.com\/blog\/autonomos\/autonomos-y-la-guerra-comercial-con-estados-unidos\/#breadcrumb\",\"itemListElement\":[{\"@type\":\"ListItem\",\"position\":1,\"name\":\"Home\",\"item\":\"https:\/\/www.clubdelemprendimiento.com\/blog\/\"},{\"@type\":\"ListItem\",\"position\":2,\"name\":\"El conflicto comercial con Estados Unidos amenaza la estabilidad de miles de aut\u00f3nomos espa\u00f1oles\"}]},{\"@type\":\"WebSite\",\"@id\":\"https:\/\/www.clubdelemprendimiento.com\/blog\/#website\",\"url\":\"https:\/\/www.clubdelemprendimiento.com\/blog\/\",\"name\":\"Blog Club del Emprendimiento\",\"description\":\"\",\"potentialAction\":[{\"@type\":\"SearchAction\",\"target\":{\"@type\":\"EntryPoint\",\"urlTemplate\":\"https:\/\/www.clubdelemprendimiento.com\/blog\/?s={search_term_string}\"},\"query-input\":\"required name=search_term_string\"}],\"inLanguage\":\"es\"},{\"@type\":\"Person\",\"@id\":\"https:\/\/www.clubdelemprendimiento.com\/blog\/#\/schema\/person\/a82ce0fc1281064b1cab4855c351cea7\",\"name\":\"Nerea Merino\",\"image\":{\"@type\":\"ImageObject\",\"inLanguage\":\"es\",\"@id\":\"https:\/\/www.clubdelemprendimiento.com\/blog\/#\/schema\/person\/image\/\",\"url\":\"https:\/\/secure.gravatar.com\/avatar\/3b1c906b7b4a65b22c04d52a020d4815?s=96&d=mm&r=g\",\"contentUrl\":\"https:\/\/secure.gravatar.com\/avatar\/3b1c906b7b4a65b22c04d52a020d4815?s=96&d=mm&r=g\",\"caption\":\"Nerea Merino\"},\"url\":\"https:\/\/www.clubdelemprendimiento.com\/blog\/author\/nerea\/\"}]}<\/script>\n<!-- \/ Yoast SEO plugin. -->","yoast_head_json":{"title":"Aut\u00f3nomos y la guerra comercial con Estados Unidos","description":"Los nuevos aranceles de Estados Unidos impactar\u00e1n a miles de aut\u00f3nomos espa\u00f1oles. UPTA pide al Gobierno medidas de protecci\u00f3n urgentes.","robots":{"index":"index","follow":"follow","max-snippet":"max-snippet:-1","max-image-preview":"max-image-preview:large","max-video-preview":"max-video-preview:-1"},"canonical":"https:\/\/www.clubdelemprendimiento.com\/blog\/autonomos\/autonomos-y-la-guerra-comercial-con-estados-unidos\/","og_locale":"es_ES","og_type":"article","og_title":"Aut\u00f3nomos y la guerra comercial con Estados Unidos","og_description":"Los nuevos aranceles de Estados Unidos impactar\u00e1n a miles de aut\u00f3nomos espa\u00f1oles. UPTA pide al Gobierno medidas de protecci\u00f3n urgentes.","og_url":"https:\/\/www.clubdelemprendimiento.com\/blog\/autonomos\/autonomos-y-la-guerra-comercial-con-estados-unidos\/","og_site_name":"Blog Club del Emprendimiento","article_published_time":"2025-04-18T06:42:48+00:00","article_modified_time":"2025-04-04T06:51:08+00:00","og_image":[{"width":1500,"height":1001,"url":"https:\/\/www.clubdelemprendimiento.com\/blog\/wp-content\/uploads\/2025\/04\/72.jpg","type":"image\/jpeg"}],"author":"Nerea Merino","twitter_card":"summary_large_image","twitter_misc":{"Escrito por":"Nerea Merino","Tiempo de lectura":"2 minutos"},"schema":{"@context":"https:\/\/schema.org","@graph":[{"@type":"WebPage","@id":"https:\/\/www.clubdelemprendimiento.com\/blog\/autonomos\/autonomos-y-la-guerra-comercial-con-estados-unidos\/","url":"https:\/\/www.clubdelemprendimiento.com\/blog\/autonomos\/autonomos-y-la-guerra-comercial-con-estados-unidos\/","name":"Aut\u00f3nomos y la guerra comercial con Estados Unidos","isPartOf":{"@id":"https:\/\/www.clubdelemprendimiento.com\/blog\/#website"},"primaryImageOfPage":{"@id":"https:\/\/www.clubdelemprendimiento.com\/blog\/autonomos\/autonomos-y-la-guerra-comercial-con-estados-unidos\/#primaryimage"},"image":{"@id":"https:\/\/www.clubdelemprendimiento.com\/blog\/autonomos\/autonomos-y-la-guerra-comercial-con-estados-unidos\/#primaryimage"},"thumbnailUrl":"https:\/\/www.clubdelemprendimiento.com\/blog\/wp-content\/uploads\/2025\/04\/72.jpg","datePublished":"2025-04-18T06:42:48+00:00","dateModified":"2025-04-04T06:51:08+00:00","author":{"@id":"https:\/\/www.clubdelemprendimiento.com\/blog\/#\/schema\/person\/a82ce0fc1281064b1cab4855c351cea7"},"description":"Los nuevos aranceles de Estados Unidos impactar\u00e1n a miles de aut\u00f3nomos espa\u00f1oles. UPTA pide al Gobierno medidas de protecci\u00f3n urgentes.","breadcrumb":{"@id":"https:\/\/www.clubdelemprendimiento.com\/blog\/autonomos\/autonomos-y-la-guerra-comercial-con-estados-unidos\/#breadcrumb"},"inLanguage":"es","potentialAction":[{"@type":"ReadAction","target":["https:\/\/www.clubdelemprendimiento.com\/blog\/autonomos\/autonomos-y-la-guerra-comercial-con-estados-unidos\/"]}]},{"@type":"ImageObject","inLanguage":"es","@id":"https:\/\/www.clubdelemprendimiento.com\/blog\/autonomos\/autonomos-y-la-guerra-comercial-con-estados-unidos\/#primaryimage","url":"https:\/\/www.clubdelemprendimiento.com\/blog\/wp-content\/uploads\/2025\/04\/72.jpg","contentUrl":"https:\/\/www.clubdelemprendimiento.com\/blog\/wp-content\/uploads\/2025\/04\/72.jpg","width":1500,"height":1001,"caption":"Estados Unidos"},{"@type":"BreadcrumbList","@id":"https:\/\/www.clubdelemprendimiento.com\/blog\/autonomos\/autonomos-y-la-guerra-comercial-con-estados-unidos\/#breadcrumb","itemListElement":[{"@type":"ListItem","position":1,"name":"Home","item":"https:\/\/www.clubdelemprendimiento.com\/blog\/"},{"@type":"ListItem","position":2,"name":"El conflicto comercial con Estados Unidos amenaza la estabilidad de miles de aut\u00f3nomos espa\u00f1oles"}]},{"@type":"WebSite","@id":"https:\/\/www.clubdelemprendimiento.com\/blog\/#website","url":"https:\/\/www.clubdelemprendimiento.com\/blog\/","name":"Blog Club del Emprendimiento","description":"","potentialAction":[{"@type":"SearchAction","target":{"@type":"EntryPoint","urlTemplate":"https:\/\/www.clubdelemprendimiento.com\/blog\/?s={search_term_string}"},"query-input":"required name=search_term_string"}],"inLanguage":"es"},{"@type":"Person","@id":"https:\/\/www.clubdelemprendimiento.com\/blog\/#\/schema\/person\/a82ce0fc1281064b1cab4855c351cea7","name":"Nerea Merino","image":{"@type":"ImageObject","inLanguage":"es","@id":"https:\/\/www.clubdelemprendimiento.com\/blog\/#\/schema\/person\/image\/","url":"https:\/\/secure.gravatar.com\/avatar\/3b1c906b7b4a65b22c04d52a020d4815?s=96&d=mm&r=g","contentUrl":"https:\/\/secure.gravatar.com\/avatar\/3b1c906b7b4a65b22c04d52a020d4815?s=96&d=mm&r=g","caption":"Nerea Merino"},"url":"https:\/\/www.clubdelemprendimiento.com\/blog\/author\/nerea\/"}]}},"_links":{"self":[{"href":"https:\/\/www.clubdelemprendimiento.com\/blog\/wp-json\/wp\/v2\/posts\/18322"}],"collection":[{"href":"https:\/\/www.clubdelemprendimiento.com\/blog\/wp-json\/wp\/v2\/posts"}],"about":[{"href":"https:\/\/www.clubdelemprendimiento.com\/blog\/wp-json\/wp\/v2\/types\/post"}],"author":[{"embeddable":true,"href":"https:\/\/www.clubdelemprendimiento.com\/blog\/wp-json\/wp\/v2\/users\/14"}],"replies":[{"embeddable":true,"href":"https:\/\/www.clubdelemprendimiento.com\/blog\/wp-json\/wp\/v2\/comments?post=18322"}],"version-history":[{"count":1,"href":"https:\/\/www.clubdelemprendimiento.com\/blog\/wp-json\/wp\/v2\/posts\/18322\/revisions"}],"predecessor-version":[{"id":18324,"href":"https:\/\/www.clubdelemprendimiento.com\/blog\/wp-json\/wp\/v2\/posts\/18322\/revisions\/18324"}],"wp:featuredmedia":[{"embeddable":true,"href":"https:\/\/www.clubdelemprendimiento.com\/blog\/wp-json\/wp\/v2\/media\/18323"}],"wp:attachment":[{"href":"https:\/\/www.clubdelemprendimiento.com\/blog\/wp-json\/wp\/v2\/media?parent=18322"}],"wp:term":[{"taxonomy":"category","embeddable":true,"href":"https:\/\/www.clubdelemprendimiento.com\/blog\/wp-json\/wp\/v2\/categories?post=18322"},{"taxonomy":"post_tag","embeddable":true,"href":"https:\/\/www.clubdelemprendimiento.com\/blog\/wp-json\/wp\/v2\/tags?post=18322"}],"curies":[{"name":"wp","href":"https:\/\/api.w.org\/{rel}","templated":true}]}}