{"id":18315,"date":"2025-04-16T06:31:32","date_gmt":"2025-04-16T06:31:32","guid":{"rendered":"https:\/\/www.clubdelemprendimiento.com\/blog\/?p=18315"},"modified":"2025-04-03T06:47:10","modified_gmt":"2025-04-03T06:47:10","slug":"crecimiento-de-autonomos-en-marzo","status":"publish","type":"post","link":"https:\/\/www.clubdelemprendimiento.com\/blog\/autonomos\/crecimiento-de-autonomos-en-marzo\/","title":{"rendered":"Crecimiento aut\u00f3nomos en marzo, impulsando el empleo en Espa\u00f1a"},"content":{"rendered":"\n<p>El R\u00e9gimen Especial de Trabajadores Aut\u00f3nomos (RETA) ha experimentado un crecimiento significativo durante marzo de 2025, sumando<strong> 12.102 nuevos afiliados<\/strong>, seg\u00fan datos proporcionados por la Asociaci\u00f3n de Trabajadores Aut\u00f3nomos (ATA). Este aumento <strong>eleva el n\u00famero total de aut\u00f3nomos en Espa\u00f1a a 3,38 millones<\/strong>, reflejando una tendencia positiva en el autoempleo y el emprendimiento en el pa\u00eds.\u200b<\/p>\n\n\n\n<p>Este crecimiento en el n\u00famero de aut\u00f3nomos coincide con una mejora general en el mercado laboral espa\u00f1ol. En marzo, la Seguridad Social registr\u00f3 un incremento de 161.491 afiliados, situando el total en 21.357.646 cotizantes. Este aumento, aunque inferior al del mismo mes del a\u00f1o anterior, es superior a la media de los a\u00f1os previos a la pandemia. Lo que indica una <strong>recuperaci\u00f3n sostenida del empleo.<\/strong> Sectores como la hosteler\u00eda, la educaci\u00f3n y las actividades administrativas han sido los principales impulsores de este crecimiento.\u200b<\/p>\n\n\n\n<h2 class=\"wp-block-heading\">Causas crecimiento aut\u00f3nomos<\/h2>\n\n\n\n<p>La Semana Santa, que este a\u00f1o se celebra en abril, ha influido en la creaci\u00f3n de empleo, especialmente en <strong>sectores relacionados con el turismo y la hosteler\u00eda.<\/strong> Se estima que la campa\u00f1a de Semana Santa generar\u00e1 alrededor de 126.260 contrataciones, un 5,6% m\u00e1s que el a\u00f1o anterior, concentradas en \u00e1reas como transporte, log\u00edstica, hosteler\u00eda y entretenimiento.\u200b<\/p>\n\n\n\n<p>La calidad del empleo tambi\u00e9n ha mostrado signos de mejora. En marzo, s<strong>e firmaron 68.110 nuevos contratos<\/strong>, con una proporci\u00f3n significativa de contratos indefinidos. Adem\u00e1s, la afiliaci\u00f3n femenina alcanz\u00f3 cifras r\u00e9cord, superando los 10,1 millones de cotizantes, lo que refleja una mayor participaci\u00f3n de las mujeres en el mercado laboral.\u200b<\/p>\n\n\n\n<p>El incremento en el n\u00famero de aut\u00f3nomos es especialmente relevante en este contexto de recuperaci\u00f3n econ\u00f3mica. Los trabajadores por cuenta propia desempe\u00f1an un papel crucial en la econom\u00eda espa\u00f1ola, <strong>contribuyendo significativamente al tejido empresarial y a la generaci\u00f3n de empleo<\/strong>. La tendencia al alza en el RETA sugiere un entorno favorable para el emprendimiento y la consolidaci\u00f3n de nuevos negocios en el pa\u00eds.\u200b<\/p>\n\n\n\n<p>En resumen, los datos de marzo de 2025 reflejan una evoluci\u00f3n positiva del mercado laboral en Espa\u00f1a, con un notable aumento en el n\u00famero de aut\u00f3nomos y una mejora en la calidad del empleo. Estos indicadores apuntan hacia una recuperaci\u00f3n econ\u00f3mica sostenida y un fortalecimiento del tejido empresarial nacional.<\/p>\n","protected":false},"excerpt":{"rendered":"<p>El R\u00e9gimen Especial de Trabajadores Aut\u00f3nomos (RETA) ha experimentado un crecimiento significativo durante marzo&hellip;<\/p>\n","protected":false},"author":14,"featured_media":18317,"comment_status":"open","ping_status":"open","sticky":false,"template":"","format":"standard","meta":{"_acf_changed":false,"footnotes":""},"categories":[255],"tags":[],"acf":[],"yoast_head":"<!-- This site is optimized with the Yoast SEO plugin v22.7 - https:\/\/yoast.com\/wordpress\/plugins\/seo\/ -->\n<title>Crecimiento de aut\u00f3nomos en marzo<\/title>\n<meta name=\"description\" content=\"El RETA suma 12.102 afiliados en marzo, reflejando el crecimiento de aut\u00f3nomos y la recuperaci\u00f3n del empleo en Espa\u00f1a.\" \/>\n<meta name=\"robots\" content=\"index, follow, max-snippet:-1, max-image-preview:large, max-video-preview:-1\" \/>\n<link rel=\"canonical\" href=\"https:\/\/www.clubdelemprendimiento.com\/blog\/autonomos\/crecimiento-de-autonomos-en-marzo\/\" \/>\n<meta property=\"og:locale\" content=\"es_ES\" \/>\n<meta property=\"og:type\" content=\"article\" \/>\n<meta property=\"og:title\" content=\"Crecimiento de aut\u00f3nomos en marzo\" \/>\n<meta property=\"og:description\" content=\"El RETA suma 12.102 afiliados en marzo, reflejando el crecimiento de aut\u00f3nomos y la recuperaci\u00f3n del empleo en Espa\u00f1a.\" \/>\n<meta property=\"og:url\" content=\"https:\/\/www.clubdelemprendimiento.com\/blog\/autonomos\/crecimiento-de-autonomos-en-marzo\/\" \/>\n<meta property=\"og:site_name\" content=\"Blog Club del Emprendimiento\" \/>\n<meta property=\"article:published_time\" content=\"2025-04-16T06:31:32+00:00\" \/>\n<meta property=\"article:modified_time\" content=\"2025-04-03T06:47:10+00:00\" \/>\n<meta property=\"og:image\" content=\"https:\/\/www.clubdelemprendimiento.com\/blog\/wp-content\/uploads\/2025\/04\/4303.jpg\" \/>\n\t<meta property=\"og:image:width\" content=\"1500\" \/>\n\t<meta property=\"og:image:height\" content=\"1000\" \/>\n\t<meta property=\"og:image:type\" content=\"image\/jpeg\" \/>\n<meta name=\"author\" content=\"Nerea Merino\" \/>\n<meta name=\"twitter:card\" content=\"summary_large_image\" \/>\n<meta name=\"twitter:label1\" content=\"Escrito por\" \/>\n\t<meta name=\"twitter:data1\" content=\"Nerea Merino\" \/>\n\t<meta name=\"twitter:label2\" content=\"Tiempo de lectura\" \/>\n\t<meta name=\"twitter:data2\" content=\"2 minutos\" \/>\n<script type=\"application\/ld+json\" class=\"yoast-schema-graph\">{\"@context\":\"https:\/\/schema.org\",\"@graph\":[{\"@type\":\"WebPage\",\"@id\":\"https:\/\/www.clubdelemprendimiento.com\/blog\/autonomos\/crecimiento-de-autonomos-en-marzo\/\",\"url\":\"https:\/\/www.clubdelemprendimiento.com\/blog\/autonomos\/crecimiento-de-autonomos-en-marzo\/\",\"name\":\"Crecimiento de aut\u00f3nomos en marzo\",\"isPartOf\":{\"@id\":\"https:\/\/www.clubdelemprendimiento.com\/blog\/#website\"},\"primaryImageOfPage\":{\"@id\":\"https:\/\/www.clubdelemprendimiento.com\/blog\/autonomos\/crecimiento-de-autonomos-en-marzo\/#primaryimage\"},\"image\":{\"@id\":\"https:\/\/www.clubdelemprendimiento.com\/blog\/autonomos\/crecimiento-de-autonomos-en-marzo\/#primaryimage\"},\"thumbnailUrl\":\"https:\/\/www.clubdelemprendimiento.com\/blog\/wp-content\/uploads\/2025\/04\/4303.jpg\",\"datePublished\":\"2025-04-16T06:31:32+00:00\",\"dateModified\":\"2025-04-03T06:47:10+00:00\",\"author\":{\"@id\":\"https:\/\/www.clubdelemprendimiento.com\/blog\/#\/schema\/person\/a82ce0fc1281064b1cab4855c351cea7\"},\"description\":\"El RETA suma 12.102 afiliados en marzo, reflejando el crecimiento de aut\u00f3nomos y la recuperaci\u00f3n del empleo en Espa\u00f1a.\",\"breadcrumb\":{\"@id\":\"https:\/\/www.clubdelemprendimiento.com\/blog\/autonomos\/crecimiento-de-autonomos-en-marzo\/#breadcrumb\"},\"inLanguage\":\"es\",\"potentialAction\":[{\"@type\":\"ReadAction\",\"target\":[\"https:\/\/www.clubdelemprendimiento.com\/blog\/autonomos\/crecimiento-de-autonomos-en-marzo\/\"]}]},{\"@type\":\"ImageObject\",\"inLanguage\":\"es\",\"@id\":\"https:\/\/www.clubdelemprendimiento.com\/blog\/autonomos\/crecimiento-de-autonomos-en-marzo\/#primaryimage\",\"url\":\"https:\/\/www.clubdelemprendimiento.com\/blog\/wp-content\/uploads\/2025\/04\/4303.jpg\",\"contentUrl\":\"https:\/\/www.clubdelemprendimiento.com\/blog\/wp-content\/uploads\/2025\/04\/4303.jpg\",\"width\":1500,\"height\":1000,\"caption\":\"crecimiento aut\u00f3nomos\"},{\"@type\":\"BreadcrumbList\",\"@id\":\"https:\/\/www.clubdelemprendimiento.com\/blog\/autonomos\/crecimiento-de-autonomos-en-marzo\/#breadcrumb\",\"itemListElement\":[{\"@type\":\"ListItem\",\"position\":1,\"name\":\"Home\",\"item\":\"https:\/\/www.clubdelemprendimiento.com\/blog\/\"},{\"@type\":\"ListItem\",\"position\":2,\"name\":\"Crecimiento aut\u00f3nomos en marzo, impulsando el empleo en Espa\u00f1a\"}]},{\"@type\":\"WebSite\",\"@id\":\"https:\/\/www.clubdelemprendimiento.com\/blog\/#website\",\"url\":\"https:\/\/www.clubdelemprendimiento.com\/blog\/\",\"name\":\"Blog Club del Emprendimiento\",\"description\":\"\",\"potentialAction\":[{\"@type\":\"SearchAction\",\"target\":{\"@type\":\"EntryPoint\",\"urlTemplate\":\"https:\/\/www.clubdelemprendimiento.com\/blog\/?s={search_term_string}\"},\"query-input\":\"required name=search_term_string\"}],\"inLanguage\":\"es\"},{\"@type\":\"Person\",\"@id\":\"https:\/\/www.clubdelemprendimiento.com\/blog\/#\/schema\/person\/a82ce0fc1281064b1cab4855c351cea7\",\"name\":\"Nerea Merino\",\"image\":{\"@type\":\"ImageObject\",\"inLanguage\":\"es\",\"@id\":\"https:\/\/www.clubdelemprendimiento.com\/blog\/#\/schema\/person\/image\/\",\"url\":\"https:\/\/secure.gravatar.com\/avatar\/3b1c906b7b4a65b22c04d52a020d4815?s=96&d=mm&r=g\",\"contentUrl\":\"https:\/\/secure.gravatar.com\/avatar\/3b1c906b7b4a65b22c04d52a020d4815?s=96&d=mm&r=g\",\"caption\":\"Nerea Merino\"},\"url\":\"https:\/\/www.clubdelemprendimiento.com\/blog\/author\/nerea\/\"}]}<\/script>\n<!-- \/ Yoast SEO plugin. -->","yoast_head_json":{"title":"Crecimiento de aut\u00f3nomos en marzo","description":"El RETA suma 12.102 afiliados en marzo, reflejando el crecimiento de aut\u00f3nomos y la recuperaci\u00f3n del empleo en Espa\u00f1a.","robots":{"index":"index","follow":"follow","max-snippet":"max-snippet:-1","max-image-preview":"max-image-preview:large","max-video-preview":"max-video-preview:-1"},"canonical":"https:\/\/www.clubdelemprendimiento.com\/blog\/autonomos\/crecimiento-de-autonomos-en-marzo\/","og_locale":"es_ES","og_type":"article","og_title":"Crecimiento de aut\u00f3nomos en marzo","og_description":"El RETA suma 12.102 afiliados en marzo, reflejando el crecimiento de aut\u00f3nomos y la recuperaci\u00f3n del empleo en Espa\u00f1a.","og_url":"https:\/\/www.clubdelemprendimiento.com\/blog\/autonomos\/crecimiento-de-autonomos-en-marzo\/","og_site_name":"Blog Club del Emprendimiento","article_published_time":"2025-04-16T06:31:32+00:00","article_modified_time":"2025-04-03T06:47:10+00:00","og_image":[{"width":1500,"height":1000,"url":"https:\/\/www.clubdelemprendimiento.com\/blog\/wp-content\/uploads\/2025\/04\/4303.jpg","type":"image\/jpeg"}],"author":"Nerea Merino","twitter_card":"summary_large_image","twitter_misc":{"Escrito por":"Nerea Merino","Tiempo de lectura":"2 minutos"},"schema":{"@context":"https:\/\/schema.org","@graph":[{"@type":"WebPage","@id":"https:\/\/www.clubdelemprendimiento.com\/blog\/autonomos\/crecimiento-de-autonomos-en-marzo\/","url":"https:\/\/www.clubdelemprendimiento.com\/blog\/autonomos\/crecimiento-de-autonomos-en-marzo\/","name":"Crecimiento de aut\u00f3nomos en marzo","isPartOf":{"@id":"https:\/\/www.clubdelemprendimiento.com\/blog\/#website"},"primaryImageOfPage":{"@id":"https:\/\/www.clubdelemprendimiento.com\/blog\/autonomos\/crecimiento-de-autonomos-en-marzo\/#primaryimage"},"image":{"@id":"https:\/\/www.clubdelemprendimiento.com\/blog\/autonomos\/crecimiento-de-autonomos-en-marzo\/#primaryimage"},"thumbnailUrl":"https:\/\/www.clubdelemprendimiento.com\/blog\/wp-content\/uploads\/2025\/04\/4303.jpg","datePublished":"2025-04-16T06:31:32+00:00","dateModified":"2025-04-03T06:47:10+00:00","author":{"@id":"https:\/\/www.clubdelemprendimiento.com\/blog\/#\/schema\/person\/a82ce0fc1281064b1cab4855c351cea7"},"description":"El RETA suma 12.102 afiliados en marzo, reflejando el crecimiento de aut\u00f3nomos y la recuperaci\u00f3n del empleo en Espa\u00f1a.","breadcrumb":{"@id":"https:\/\/www.clubdelemprendimiento.com\/blog\/autonomos\/crecimiento-de-autonomos-en-marzo\/#breadcrumb"},"inLanguage":"es","potentialAction":[{"@type":"ReadAction","target":["https:\/\/www.clubdelemprendimiento.com\/blog\/autonomos\/crecimiento-de-autonomos-en-marzo\/"]}]},{"@type":"ImageObject","inLanguage":"es","@id":"https:\/\/www.clubdelemprendimiento.com\/blog\/autonomos\/crecimiento-de-autonomos-en-marzo\/#primaryimage","url":"https:\/\/www.clubdelemprendimiento.com\/blog\/wp-content\/uploads\/2025\/04\/4303.jpg","contentUrl":"https:\/\/www.clubdelemprendimiento.com\/blog\/wp-content\/uploads\/2025\/04\/4303.jpg","width":1500,"height":1000,"caption":"crecimiento aut\u00f3nomos"},{"@type":"BreadcrumbList","@id":"https:\/\/www.clubdelemprendimiento.com\/blog\/autonomos\/crecimiento-de-autonomos-en-marzo\/#breadcrumb","itemListElement":[{"@type":"ListItem","position":1,"name":"Home","item":"https:\/\/www.clubdelemprendimiento.com\/blog\/"},{"@type":"ListItem","position":2,"name":"Crecimiento aut\u00f3nomos en marzo, impulsando el empleo en Espa\u00f1a"}]},{"@type":"WebSite","@id":"https:\/\/www.clubdelemprendimiento.com\/blog\/#website","url":"https:\/\/www.clubdelemprendimiento.com\/blog\/","name":"Blog Club del Emprendimiento","description":"","potentialAction":[{"@type":"SearchAction","target":{"@type":"EntryPoint","urlTemplate":"https:\/\/www.clubdelemprendimiento.com\/blog\/?s={search_term_string}"},"query-input":"required name=search_term_string"}],"inLanguage":"es"},{"@type":"Person","@id":"https:\/\/www.clubdelemprendimiento.com\/blog\/#\/schema\/person\/a82ce0fc1281064b1cab4855c351cea7","name":"Nerea Merino","image":{"@type":"ImageObject","inLanguage":"es","@id":"https:\/\/www.clubdelemprendimiento.com\/blog\/#\/schema\/person\/image\/","url":"https:\/\/secure.gravatar.com\/avatar\/3b1c906b7b4a65b22c04d52a020d4815?s=96&d=mm&r=g","contentUrl":"https:\/\/secure.gravatar.com\/avatar\/3b1c906b7b4a65b22c04d52a020d4815?s=96&d=mm&r=g","caption":"Nerea Merino"},"url":"https:\/\/www.clubdelemprendimiento.com\/blog\/author\/nerea\/"}]}},"_links":{"self":[{"href":"https:\/\/www.clubdelemprendimiento.com\/blog\/wp-json\/wp\/v2\/posts\/18315"}],"collection":[{"href":"https:\/\/www.clubdelemprendimiento.com\/blog\/wp-json\/wp\/v2\/posts"}],"about":[{"href":"https:\/\/www.clubdelemprendimiento.com\/blog\/wp-json\/wp\/v2\/types\/post"}],"author":[{"embeddable":true,"href":"https:\/\/www.clubdelemprendimiento.com\/blog\/wp-json\/wp\/v2\/users\/14"}],"replies":[{"embeddable":true,"href":"https:\/\/www.clubdelemprendimiento.com\/blog\/wp-json\/wp\/v2\/comments?post=18315"}],"version-history":[{"count":1,"href":"https:\/\/www.clubdelemprendimiento.com\/blog\/wp-json\/wp\/v2\/posts\/18315\/revisions"}],"predecessor-version":[{"id":18318,"href":"https:\/\/www.clubdelemprendimiento.com\/blog\/wp-json\/wp\/v2\/posts\/18315\/revisions\/18318"}],"wp:featuredmedia":[{"embeddable":true,"href":"https:\/\/www.clubdelemprendimiento.com\/blog\/wp-json\/wp\/v2\/media\/18317"}],"wp:attachment":[{"href":"https:\/\/www.clubdelemprendimiento.com\/blog\/wp-json\/wp\/v2\/media?parent=18315"}],"wp:term":[{"taxonomy":"category","embeddable":true,"href":"https:\/\/www.clubdelemprendimiento.com\/blog\/wp-json\/wp\/v2\/categories?post=18315"},{"taxonomy":"post_tag","embeddable":true,"href":"https:\/\/www.clubdelemprendimiento.com\/blog\/wp-json\/wp\/v2\/tags?post=18315"}],"curies":[{"name":"wp","href":"https:\/\/api.w.org\/{rel}","templated":true}]}}