{"id":18309,"date":"2025-04-29T07:29:50","date_gmt":"2025-04-29T07:29:50","guid":{"rendered":"https:\/\/www.clubdelemprendimiento.com\/blog\/?p=18309"},"modified":"2025-04-11T06:30:51","modified_gmt":"2025-04-11T06:30:51","slug":"autonomos-sin-acceso-a-formacion-pese-a-cotizar","status":"publish","type":"post","link":"https:\/\/www.clubdelemprendimiento.com\/blog\/autonomos\/autonomos-sin-acceso-a-formacion-pese-a-cotizar\/","title":{"rendered":"Los aut\u00f3nomos denuncian la falta de acceso a formaci\u00f3n pese a su cotizaci\u00f3n obligatoria"},"content":{"rendered":"\n<p>Desde 2019, los aut\u00f3nomos en Espa\u00f1a han estado contribuyendo a la formaci\u00f3n profesional a trav\u00e9s de sus cotizaciones a la Seguridad Social. Sin embargo, los 32 millones de euros recaudados anualmente para este fin no se han destinado a ello. Los aut\u00f3nomos no tienen acceso a formaci\u00f3n, lo que ha generado indignaci\u00f3n entre las organizaciones de trabajadores por cuenta propia.<\/p>\n\n\n\n<p>La Uni\u00f3n de Profesionales y Trabajadores Aut\u00f3nomos (UPTA) ha denunciado que, desde la entrada en vigor del Real Decreto-Ley 28\/2018, los aut\u00f3nomos han aportado cerca de 192 millones de euros sin recibir acceso a planes formativos espec\u00edficos. A diferencia de los trabajadores asalariados, que s\u00ed pueden beneficiarse de la formaci\u00f3n subvencionada a trav\u00e9s de la Fundaci\u00f3n Estatal para la Formaci\u00f3n en el Empleo (FUNDAE). Los aut\u00f3nomos se encuentran sin opciones claras para mejorar sus competencias con estos fondos.<\/p>\n\n\n\n<h2 class=\"wp-block-heading\"><strong>Un problema de gesti\u00f3n de recursos<\/strong> <strong>en el acceso a formaci\u00f3n<\/strong><\/h2>\n\n\n\n<p>Desde UPTA consideran que esta situaci\u00f3n representa un agravio comparativo. Reclaman que los fondos recaudados sean transferidos al Ministerio de Trabajo y Econom\u00eda Social para desarrollar un plan formativo adecuado a los aut\u00f3nomos. Su presidente, Eduardo Abad, ha sido tajante al respecto: \u201cNo podemos permitir que se prive a los aut\u00f3nomos de la posibilidad de actualizar sus conocimientos en un mercado laboral que exige cada vez m\u00e1s especializaci\u00f3n\u201d.<\/p>\n\n\n\n<p>Para la organizaci\u00f3n, la falta de acceso a formaci\u00f3n no solo afecta la competitividad de los aut\u00f3nomos. Tambi\u00e9n frena la evoluci\u00f3n del tejido productivo espa\u00f1ol. Por ello, han anunciado que est\u00e1n dispuestos a tomar acciones legales. Su objetivo es garantizar que estos fondos sean utilizados con el prop\u00f3sito para el que fueron creados.<\/p>\n\n\n\n<p>A medida que el debate sobre el futuro de los aut\u00f3nomos en Espa\u00f1a sigue abierto, la cuesti\u00f3n de la formaci\u00f3n se posiciona como un elemento clave para garantizar su desarrollo profesional. Y, su capacidad para adaptarse a los cambios del mercado.<\/p>\n\n\n\n<p><\/p>\n","protected":false},"excerpt":{"rendered":"<p>Desde 2019, los aut\u00f3nomos en Espa\u00f1a han estado contribuyendo a la formaci\u00f3n profesional a&hellip;<\/p>\n","protected":false},"author":14,"featured_media":18310,"comment_status":"open","ping_status":"open","sticky":false,"template":"","format":"standard","meta":{"_acf_changed":false,"footnotes":""},"categories":[255],"tags":[],"acf":[],"yoast_head":"<!-- This site is optimized with the Yoast SEO plugin v22.7 - https:\/\/yoast.com\/wordpress\/plugins\/seo\/ -->\n<title>Aut\u00f3nomos sin acceso a formaci\u00f3n pese a cotizar<\/title>\n<meta name=\"description\" content=\"Los aut\u00f3nomos denuncian que, pese a cotizar por formaci\u00f3n, no tienen acceso a formaci\u00f3n. UPTA exige una gesti\u00f3n eficiente de los fondos.\" \/>\n<meta name=\"robots\" content=\"index, follow, max-snippet:-1, max-image-preview:large, max-video-preview:-1\" \/>\n<link rel=\"canonical\" href=\"https:\/\/www.clubdelemprendimiento.com\/blog\/autonomos\/autonomos-sin-acceso-a-formacion-pese-a-cotizar\/\" \/>\n<meta property=\"og:locale\" content=\"es_ES\" \/>\n<meta property=\"og:type\" content=\"article\" \/>\n<meta property=\"og:title\" content=\"Aut\u00f3nomos sin acceso a formaci\u00f3n pese a cotizar\" \/>\n<meta property=\"og:description\" content=\"Los aut\u00f3nomos denuncian que, pese a cotizar por formaci\u00f3n, no tienen acceso a formaci\u00f3n. UPTA exige una gesti\u00f3n eficiente de los fondos.\" \/>\n<meta property=\"og:url\" content=\"https:\/\/www.clubdelemprendimiento.com\/blog\/autonomos\/autonomos-sin-acceso-a-formacion-pese-a-cotizar\/\" \/>\n<meta property=\"og:site_name\" content=\"Blog Club del Emprendimiento\" \/>\n<meta property=\"article:published_time\" content=\"2025-04-29T07:29:50+00:00\" \/>\n<meta property=\"article:modified_time\" content=\"2025-04-11T06:30:51+00:00\" \/>\n<meta property=\"og:image\" content=\"https:\/\/www.clubdelemprendimiento.com\/blog\/wp-content\/uploads\/2025\/04\/2149085992.jpg\" \/>\n\t<meta property=\"og:image:width\" content=\"1500\" \/>\n\t<meta property=\"og:image:height\" content=\"1000\" \/>\n\t<meta property=\"og:image:type\" content=\"image\/jpeg\" \/>\n<meta name=\"author\" content=\"Nerea Merino\" \/>\n<meta name=\"twitter:card\" content=\"summary_large_image\" \/>\n<meta name=\"twitter:label1\" content=\"Escrito por\" \/>\n\t<meta name=\"twitter:data1\" content=\"Nerea Merino\" \/>\n\t<meta name=\"twitter:label2\" content=\"Tiempo de lectura\" \/>\n\t<meta name=\"twitter:data2\" content=\"2 minutos\" \/>\n<script type=\"application\/ld+json\" class=\"yoast-schema-graph\">{\"@context\":\"https:\/\/schema.org\",\"@graph\":[{\"@type\":\"WebPage\",\"@id\":\"https:\/\/www.clubdelemprendimiento.com\/blog\/autonomos\/autonomos-sin-acceso-a-formacion-pese-a-cotizar\/\",\"url\":\"https:\/\/www.clubdelemprendimiento.com\/blog\/autonomos\/autonomos-sin-acceso-a-formacion-pese-a-cotizar\/\",\"name\":\"Aut\u00f3nomos sin acceso a formaci\u00f3n pese a cotizar\",\"isPartOf\":{\"@id\":\"https:\/\/www.clubdelemprendimiento.com\/blog\/#website\"},\"primaryImageOfPage\":{\"@id\":\"https:\/\/www.clubdelemprendimiento.com\/blog\/autonomos\/autonomos-sin-acceso-a-formacion-pese-a-cotizar\/#primaryimage\"},\"image\":{\"@id\":\"https:\/\/www.clubdelemprendimiento.com\/blog\/autonomos\/autonomos-sin-acceso-a-formacion-pese-a-cotizar\/#primaryimage\"},\"thumbnailUrl\":\"https:\/\/www.clubdelemprendimiento.com\/blog\/wp-content\/uploads\/2025\/04\/2149085992.jpg\",\"datePublished\":\"2025-04-29T07:29:50+00:00\",\"dateModified\":\"2025-04-11T06:30:51+00:00\",\"author\":{\"@id\":\"https:\/\/www.clubdelemprendimiento.com\/blog\/#\/schema\/person\/a82ce0fc1281064b1cab4855c351cea7\"},\"description\":\"Los aut\u00f3nomos denuncian que, pese a cotizar por formaci\u00f3n, no tienen acceso a formaci\u00f3n. UPTA exige una gesti\u00f3n eficiente de los fondos.\",\"breadcrumb\":{\"@id\":\"https:\/\/www.clubdelemprendimiento.com\/blog\/autonomos\/autonomos-sin-acceso-a-formacion-pese-a-cotizar\/#breadcrumb\"},\"inLanguage\":\"es\",\"potentialAction\":[{\"@type\":\"ReadAction\",\"target\":[\"https:\/\/www.clubdelemprendimiento.com\/blog\/autonomos\/autonomos-sin-acceso-a-formacion-pese-a-cotizar\/\"]}]},{\"@type\":\"ImageObject\",\"inLanguage\":\"es\",\"@id\":\"https:\/\/www.clubdelemprendimiento.com\/blog\/autonomos\/autonomos-sin-acceso-a-formacion-pese-a-cotizar\/#primaryimage\",\"url\":\"https:\/\/www.clubdelemprendimiento.com\/blog\/wp-content\/uploads\/2025\/04\/2149085992.jpg\",\"contentUrl\":\"https:\/\/www.clubdelemprendimiento.com\/blog\/wp-content\/uploads\/2025\/04\/2149085992.jpg\",\"width\":1500,\"height\":1000,\"caption\":\"acceso a formaci\u00f3n\"},{\"@type\":\"BreadcrumbList\",\"@id\":\"https:\/\/www.clubdelemprendimiento.com\/blog\/autonomos\/autonomos-sin-acceso-a-formacion-pese-a-cotizar\/#breadcrumb\",\"itemListElement\":[{\"@type\":\"ListItem\",\"position\":1,\"name\":\"Home\",\"item\":\"https:\/\/www.clubdelemprendimiento.com\/blog\/\"},{\"@type\":\"ListItem\",\"position\":2,\"name\":\"Los aut\u00f3nomos denuncian la falta de acceso a formaci\u00f3n pese a su cotizaci\u00f3n obligatoria\"}]},{\"@type\":\"WebSite\",\"@id\":\"https:\/\/www.clubdelemprendimiento.com\/blog\/#website\",\"url\":\"https:\/\/www.clubdelemprendimiento.com\/blog\/\",\"name\":\"Blog Club del Emprendimiento\",\"description\":\"\",\"potentialAction\":[{\"@type\":\"SearchAction\",\"target\":{\"@type\":\"EntryPoint\",\"urlTemplate\":\"https:\/\/www.clubdelemprendimiento.com\/blog\/?s={search_term_string}\"},\"query-input\":\"required name=search_term_string\"}],\"inLanguage\":\"es\"},{\"@type\":\"Person\",\"@id\":\"https:\/\/www.clubdelemprendimiento.com\/blog\/#\/schema\/person\/a82ce0fc1281064b1cab4855c351cea7\",\"name\":\"Nerea Merino\",\"image\":{\"@type\":\"ImageObject\",\"inLanguage\":\"es\",\"@id\":\"https:\/\/www.clubdelemprendimiento.com\/blog\/#\/schema\/person\/image\/\",\"url\":\"https:\/\/secure.gravatar.com\/avatar\/3b1c906b7b4a65b22c04d52a020d4815?s=96&d=mm&r=g\",\"contentUrl\":\"https:\/\/secure.gravatar.com\/avatar\/3b1c906b7b4a65b22c04d52a020d4815?s=96&d=mm&r=g\",\"caption\":\"Nerea Merino\"},\"url\":\"https:\/\/www.clubdelemprendimiento.com\/blog\/author\/nerea\/\"}]}<\/script>\n<!-- \/ Yoast SEO plugin. -->","yoast_head_json":{"title":"Aut\u00f3nomos sin acceso a formaci\u00f3n pese a cotizar","description":"Los aut\u00f3nomos denuncian que, pese a cotizar por formaci\u00f3n, no tienen acceso a formaci\u00f3n. UPTA exige una gesti\u00f3n eficiente de los fondos.","robots":{"index":"index","follow":"follow","max-snippet":"max-snippet:-1","max-image-preview":"max-image-preview:large","max-video-preview":"max-video-preview:-1"},"canonical":"https:\/\/www.clubdelemprendimiento.com\/blog\/autonomos\/autonomos-sin-acceso-a-formacion-pese-a-cotizar\/","og_locale":"es_ES","og_type":"article","og_title":"Aut\u00f3nomos sin acceso a formaci\u00f3n pese a cotizar","og_description":"Los aut\u00f3nomos denuncian que, pese a cotizar por formaci\u00f3n, no tienen acceso a formaci\u00f3n. UPTA exige una gesti\u00f3n eficiente de los fondos.","og_url":"https:\/\/www.clubdelemprendimiento.com\/blog\/autonomos\/autonomos-sin-acceso-a-formacion-pese-a-cotizar\/","og_site_name":"Blog Club del Emprendimiento","article_published_time":"2025-04-29T07:29:50+00:00","article_modified_time":"2025-04-11T06:30:51+00:00","og_image":[{"width":1500,"height":1000,"url":"https:\/\/www.clubdelemprendimiento.com\/blog\/wp-content\/uploads\/2025\/04\/2149085992.jpg","type":"image\/jpeg"}],"author":"Nerea Merino","twitter_card":"summary_large_image","twitter_misc":{"Escrito por":"Nerea Merino","Tiempo de lectura":"2 minutos"},"schema":{"@context":"https:\/\/schema.org","@graph":[{"@type":"WebPage","@id":"https:\/\/www.clubdelemprendimiento.com\/blog\/autonomos\/autonomos-sin-acceso-a-formacion-pese-a-cotizar\/","url":"https:\/\/www.clubdelemprendimiento.com\/blog\/autonomos\/autonomos-sin-acceso-a-formacion-pese-a-cotizar\/","name":"Aut\u00f3nomos sin acceso a formaci\u00f3n pese a cotizar","isPartOf":{"@id":"https:\/\/www.clubdelemprendimiento.com\/blog\/#website"},"primaryImageOfPage":{"@id":"https:\/\/www.clubdelemprendimiento.com\/blog\/autonomos\/autonomos-sin-acceso-a-formacion-pese-a-cotizar\/#primaryimage"},"image":{"@id":"https:\/\/www.clubdelemprendimiento.com\/blog\/autonomos\/autonomos-sin-acceso-a-formacion-pese-a-cotizar\/#primaryimage"},"thumbnailUrl":"https:\/\/www.clubdelemprendimiento.com\/blog\/wp-content\/uploads\/2025\/04\/2149085992.jpg","datePublished":"2025-04-29T07:29:50+00:00","dateModified":"2025-04-11T06:30:51+00:00","author":{"@id":"https:\/\/www.clubdelemprendimiento.com\/blog\/#\/schema\/person\/a82ce0fc1281064b1cab4855c351cea7"},"description":"Los aut\u00f3nomos denuncian que, pese a cotizar por formaci\u00f3n, no tienen acceso a formaci\u00f3n. UPTA exige una gesti\u00f3n eficiente de los fondos.","breadcrumb":{"@id":"https:\/\/www.clubdelemprendimiento.com\/blog\/autonomos\/autonomos-sin-acceso-a-formacion-pese-a-cotizar\/#breadcrumb"},"inLanguage":"es","potentialAction":[{"@type":"ReadAction","target":["https:\/\/www.clubdelemprendimiento.com\/blog\/autonomos\/autonomos-sin-acceso-a-formacion-pese-a-cotizar\/"]}]},{"@type":"ImageObject","inLanguage":"es","@id":"https:\/\/www.clubdelemprendimiento.com\/blog\/autonomos\/autonomos-sin-acceso-a-formacion-pese-a-cotizar\/#primaryimage","url":"https:\/\/www.clubdelemprendimiento.com\/blog\/wp-content\/uploads\/2025\/04\/2149085992.jpg","contentUrl":"https:\/\/www.clubdelemprendimiento.com\/blog\/wp-content\/uploads\/2025\/04\/2149085992.jpg","width":1500,"height":1000,"caption":"acceso a formaci\u00f3n"},{"@type":"BreadcrumbList","@id":"https:\/\/www.clubdelemprendimiento.com\/blog\/autonomos\/autonomos-sin-acceso-a-formacion-pese-a-cotizar\/#breadcrumb","itemListElement":[{"@type":"ListItem","position":1,"name":"Home","item":"https:\/\/www.clubdelemprendimiento.com\/blog\/"},{"@type":"ListItem","position":2,"name":"Los aut\u00f3nomos denuncian la falta de acceso a formaci\u00f3n pese a su cotizaci\u00f3n obligatoria"}]},{"@type":"WebSite","@id":"https:\/\/www.clubdelemprendimiento.com\/blog\/#website","url":"https:\/\/www.clubdelemprendimiento.com\/blog\/","name":"Blog Club del Emprendimiento","description":"","potentialAction":[{"@type":"SearchAction","target":{"@type":"EntryPoint","urlTemplate":"https:\/\/www.clubdelemprendimiento.com\/blog\/?s={search_term_string}"},"query-input":"required name=search_term_string"}],"inLanguage":"es"},{"@type":"Person","@id":"https:\/\/www.clubdelemprendimiento.com\/blog\/#\/schema\/person\/a82ce0fc1281064b1cab4855c351cea7","name":"Nerea Merino","image":{"@type":"ImageObject","inLanguage":"es","@id":"https:\/\/www.clubdelemprendimiento.com\/blog\/#\/schema\/person\/image\/","url":"https:\/\/secure.gravatar.com\/avatar\/3b1c906b7b4a65b22c04d52a020d4815?s=96&d=mm&r=g","contentUrl":"https:\/\/secure.gravatar.com\/avatar\/3b1c906b7b4a65b22c04d52a020d4815?s=96&d=mm&r=g","caption":"Nerea Merino"},"url":"https:\/\/www.clubdelemprendimiento.com\/blog\/author\/nerea\/"}]}},"_links":{"self":[{"href":"https:\/\/www.clubdelemprendimiento.com\/blog\/wp-json\/wp\/v2\/posts\/18309"}],"collection":[{"href":"https:\/\/www.clubdelemprendimiento.com\/blog\/wp-json\/wp\/v2\/posts"}],"about":[{"href":"https:\/\/www.clubdelemprendimiento.com\/blog\/wp-json\/wp\/v2\/types\/post"}],"author":[{"embeddable":true,"href":"https:\/\/www.clubdelemprendimiento.com\/blog\/wp-json\/wp\/v2\/users\/14"}],"replies":[{"embeddable":true,"href":"https:\/\/www.clubdelemprendimiento.com\/blog\/wp-json\/wp\/v2\/comments?post=18309"}],"version-history":[{"count":1,"href":"https:\/\/www.clubdelemprendimiento.com\/blog\/wp-json\/wp\/v2\/posts\/18309\/revisions"}],"predecessor-version":[{"id":18311,"href":"https:\/\/www.clubdelemprendimiento.com\/blog\/wp-json\/wp\/v2\/posts\/18309\/revisions\/18311"}],"wp:featuredmedia":[{"embeddable":true,"href":"https:\/\/www.clubdelemprendimiento.com\/blog\/wp-json\/wp\/v2\/media\/18310"}],"wp:attachment":[{"href":"https:\/\/www.clubdelemprendimiento.com\/blog\/wp-json\/wp\/v2\/media?parent=18309"}],"wp:term":[{"taxonomy":"category","embeddable":true,"href":"https:\/\/www.clubdelemprendimiento.com\/blog\/wp-json\/wp\/v2\/categories?post=18309"},{"taxonomy":"post_tag","embeddable":true,"href":"https:\/\/www.clubdelemprendimiento.com\/blog\/wp-json\/wp\/v2\/tags?post=18309"}],"curies":[{"name":"wp","href":"https:\/\/api.w.org\/{rel}","templated":true}]}}