{"id":18281,"date":"2025-04-02T08:07:32","date_gmt":"2025-04-02T08:07:32","guid":{"rendered":"https:\/\/www.clubdelemprendimiento.com\/blog\/?p=18281"},"modified":"2025-03-24T08:15:03","modified_gmt":"2025-03-24T08:15:03","slug":"registro-de-jornada-laboral-obligatorio","status":"publish","type":"post","link":"https:\/\/www.clubdelemprendimiento.com\/blog\/pymes\/registro-de-jornada-laboral-obligatorio\/","title":{"rendered":"Registro de la jornada laboral: obligaci\u00f3n legal y novedades"},"content":{"rendered":"\n<p>Desde la entrada en vigor del Real Decreto-ley 8\/2019, todas las empresas en Espa\u00f1a est\u00e1n obligadas a llevar un registro diario de la jornada laboral de sus empleados. Esta medida busca garantizar el cumplimiento de la normativa sobre horas trabajadas y combatir el fraude laboral.&nbsp;<\/p>\n\n\n\n<h2 class=\"wp-block-heading\">Obligatoriedad del registro de jornada<\/h2>\n\n\n\n<p>El art\u00edculo 34 del Estatuto de los Trabajadores, modificado por el mencionado Real Decreto-ley, establece que las empresas deben <strong>garantizar el registro diario de la jornada, incluyendo el horario concreto de inicio y finalizaci\u00f3n de la misma para cada trabajador<\/strong>, sin perjuicio de la flexibilidad horaria. Este registro es aplicable a todos los empleados, independientemente de su categor\u00eda profesional, sector de actividad o tama\u00f1o de la empresa. \u200b<\/p>\n\n\n\n<h2 class=\"wp-block-heading\">Conservaci\u00f3n y acceso al registro<\/h2>\n\n\n\n<p>Las empresas est\u00e1n obligadas a conservar los registros de jornada durante un periodo m\u00ednimo de <strong>cuatro a\u00f1os. <\/strong>Estos deben estar disponibles para los trabajadores, sus representantes legales y la Inspecci\u00f3n de Trabajo y Seguridad Social.\u00a0<\/p>\n\n\n\n<h2 class=\"wp-block-heading\">Sistemas de registro<\/h2>\n\n\n\n<p>La normativa no especifica un m\u00e9todo \u00fanico para el registro de la jornada, permitiendo a las empresas elegir el sistema que mejor se adapte a sus necesidades, siempre que garantice la fiabilidad e invariabilidad de los datos. Entre los sistemas m\u00e1s comunes se encuentran:\u200b<\/p>\n\n\n\n<ul>\n<li><strong>Registros manuales<\/strong>. Hojas de papel donde los empleados anotan sus horas de entrada y salida.\u200b<br><\/li>\n\n\n\n<li><strong>Sistemas mec\u00e1nicos<\/strong>. Relojes de fichar que imprimen la hora en tarjetas de cart\u00f3n.\u200b<br><\/li>\n\n\n\n<li><strong>Sistemas digitales<\/strong>. Software o aplicaciones que permiten el registro electr\u00f3nico de la jornada, incluyendo opciones biom\u00e9tricas como huellas dactilares o reconocimiento facial.\u200b<br><\/li>\n<\/ul>\n\n\n\n<p>Es importante destacar que, seg\u00fan recientes sentencias, los registros en papel pueden ser considerados inv\u00e1lidos si no garantizan la fiabilidad e invariabilidad de los datos,<\/p>\n\n\n\n<h2 class=\"wp-block-heading\">Novedades en la normativa laboral de 2025<\/h2>\n\n\n\n<p>En 2025, el Gobierno present\u00f3 un anteproyecto de ley para reducir la jornada laboral a 37,5 horas semanales y reforzar el control horario. Entre las principales novedades se encuentran:\u200b<\/p>\n\n\n\n<ul>\n<li><strong>Registro digital obligatorio<\/strong>. Las empresas deber\u00e1n implementar sistemas de registro de jornada completamente digitales y accesibles de manera remota para la Inspecci\u00f3n de Trabajo y Seguridad Social.<br><\/li>\n\n\n\n<li><strong>Entrega de recibos de horas extra<\/strong>. Las empresas estar\u00e1n obligadas a proporcionar a sus empleados un recibo detallado con las horas extra realizadas, asegurando transparencia en el c\u00f3mputo y pago de estas horas.<br><\/li>\n\n\n\n<li><strong>Sanciones m\u00e1s severas<\/strong>. Las multas por incumplimiento de la normativa de registro horario pueden alcanzar hasta 10.000 euros por trabajador afectado. \u200b<br><\/li>\n\n\n\n<li><strong>Derecho a la desconexi\u00f3n digital<\/strong>. Se refuerza el derecho de los trabajadores a no ser contactados fuera de su horario laboral, salvo en casos de emergencia.<\/li>\n<\/ul>\n\n\n\n<h2 class=\"wp-block-heading\">Importancia del cumplimiento del registro de la jornada laboral<\/h2>\n\n\n\n<p>El adecuado registro de la jornada laboral es fundamental para<strong> garantizar los derechos de los trabajadores y evitar posibles sanciones para las empresas<\/strong>. Adem\u00e1s, contribuye a una mayor transparencia en la relaci\u00f3n laboral y facilita la detecci\u00f3n y compensaci\u00f3n de horas extra.\u200b<\/p>\n\n\n\n<p>En conclusi\u00f3n, el registro de la jornada laboral es una obligaci\u00f3n legal que todas las empresas deben cumplir. La implementaci\u00f3n de sistemas de registro fiables y adecuados a la normativa vigente es esencial para asegurar el cumplimiento de las obligaciones laborales y proteger los derechos de los trabajadores.<\/p>\n","protected":false},"excerpt":{"rendered":"<p>Desde la entrada en vigor del Real Decreto-ley 8\/2019, todas las empresas en Espa\u00f1a&hellip;<\/p>\n","protected":false},"author":14,"featured_media":18282,"comment_status":"open","ping_status":"open","sticky":false,"template":"","format":"standard","meta":{"_acf_changed":false,"footnotes":""},"categories":[256],"tags":[],"acf":[],"yoast_head":"<!-- This site is optimized with the Yoast SEO plugin v22.7 - https:\/\/yoast.com\/wordpress\/plugins\/seo\/ -->\n<title>Registro de jornada laboral obligatorio<\/title>\n<meta name=\"description\" content=\"Descubre c\u00f3mo hacer el registro de la jornada laboral en tu empresa y las nuevas normativas para 2025. Evita sanciones y cumple la ley.\" \/>\n<meta name=\"robots\" content=\"index, follow, max-snippet:-1, max-image-preview:large, max-video-preview:-1\" \/>\n<link rel=\"canonical\" href=\"https:\/\/www.clubdelemprendimiento.com\/blog\/pymes\/registro-de-jornada-laboral-obligatorio\/\" \/>\n<meta property=\"og:locale\" content=\"es_ES\" \/>\n<meta property=\"og:type\" content=\"article\" \/>\n<meta property=\"og:title\" content=\"Registro de jornada laboral obligatorio\" \/>\n<meta property=\"og:description\" content=\"Descubre c\u00f3mo hacer el registro de la jornada laboral en tu empresa y las nuevas normativas para 2025. Evita sanciones y cumple la ley.\" \/>\n<meta property=\"og:url\" content=\"https:\/\/www.clubdelemprendimiento.com\/blog\/pymes\/registro-de-jornada-laboral-obligatorio\/\" \/>\n<meta property=\"og:site_name\" content=\"Blog Club del Emprendimiento\" \/>\n<meta property=\"article:published_time\" content=\"2025-04-02T08:07:32+00:00\" \/>\n<meta property=\"article:modified_time\" content=\"2025-03-24T08:15:03+00:00\" \/>\n<meta property=\"og:image\" content=\"https:\/\/www.clubdelemprendimiento.com\/blog\/wp-content\/uploads\/2025\/03\/20530.jpg\" \/>\n\t<meta property=\"og:image:width\" content=\"1500\" \/>\n\t<meta property=\"og:image:height\" content=\"1001\" \/>\n\t<meta property=\"og:image:type\" content=\"image\/jpeg\" \/>\n<meta name=\"author\" content=\"Nerea Merino\" \/>\n<meta name=\"twitter:card\" content=\"summary_large_image\" \/>\n<meta name=\"twitter:label1\" content=\"Escrito por\" \/>\n\t<meta name=\"twitter:data1\" content=\"Nerea Merino\" \/>\n\t<meta name=\"twitter:label2\" content=\"Tiempo de lectura\" \/>\n\t<meta name=\"twitter:data2\" content=\"3 minutos\" \/>\n<script type=\"application\/ld+json\" class=\"yoast-schema-graph\">{\"@context\":\"https:\/\/schema.org\",\"@graph\":[{\"@type\":\"WebPage\",\"@id\":\"https:\/\/www.clubdelemprendimiento.com\/blog\/pymes\/registro-de-jornada-laboral-obligatorio\/\",\"url\":\"https:\/\/www.clubdelemprendimiento.com\/blog\/pymes\/registro-de-jornada-laboral-obligatorio\/\",\"name\":\"Registro de jornada laboral obligatorio\",\"isPartOf\":{\"@id\":\"https:\/\/www.clubdelemprendimiento.com\/blog\/#website\"},\"primaryImageOfPage\":{\"@id\":\"https:\/\/www.clubdelemprendimiento.com\/blog\/pymes\/registro-de-jornada-laboral-obligatorio\/#primaryimage\"},\"image\":{\"@id\":\"https:\/\/www.clubdelemprendimiento.com\/blog\/pymes\/registro-de-jornada-laboral-obligatorio\/#primaryimage\"},\"thumbnailUrl\":\"https:\/\/www.clubdelemprendimiento.com\/blog\/wp-content\/uploads\/2025\/03\/20530.jpg\",\"datePublished\":\"2025-04-02T08:07:32+00:00\",\"dateModified\":\"2025-03-24T08:15:03+00:00\",\"author\":{\"@id\":\"https:\/\/www.clubdelemprendimiento.com\/blog\/#\/schema\/person\/a82ce0fc1281064b1cab4855c351cea7\"},\"description\":\"Descubre c\u00f3mo hacer el registro de la jornada laboral en tu empresa y las nuevas normativas para 2025. Evita sanciones y cumple la ley.\",\"breadcrumb\":{\"@id\":\"https:\/\/www.clubdelemprendimiento.com\/blog\/pymes\/registro-de-jornada-laboral-obligatorio\/#breadcrumb\"},\"inLanguage\":\"es\",\"potentialAction\":[{\"@type\":\"ReadAction\",\"target\":[\"https:\/\/www.clubdelemprendimiento.com\/blog\/pymes\/registro-de-jornada-laboral-obligatorio\/\"]}]},{\"@type\":\"ImageObject\",\"inLanguage\":\"es\",\"@id\":\"https:\/\/www.clubdelemprendimiento.com\/blog\/pymes\/registro-de-jornada-laboral-obligatorio\/#primaryimage\",\"url\":\"https:\/\/www.clubdelemprendimiento.com\/blog\/wp-content\/uploads\/2025\/03\/20530.jpg\",\"contentUrl\":\"https:\/\/www.clubdelemprendimiento.com\/blog\/wp-content\/uploads\/2025\/03\/20530.jpg\",\"width\":1500,\"height\":1001,\"caption\":\"registro de jornada laboral\"},{\"@type\":\"BreadcrumbList\",\"@id\":\"https:\/\/www.clubdelemprendimiento.com\/blog\/pymes\/registro-de-jornada-laboral-obligatorio\/#breadcrumb\",\"itemListElement\":[{\"@type\":\"ListItem\",\"position\":1,\"name\":\"Home\",\"item\":\"https:\/\/www.clubdelemprendimiento.com\/blog\/\"},{\"@type\":\"ListItem\",\"position\":2,\"name\":\"Registro de la jornada laboral: obligaci\u00f3n legal y novedades\"}]},{\"@type\":\"WebSite\",\"@id\":\"https:\/\/www.clubdelemprendimiento.com\/blog\/#website\",\"url\":\"https:\/\/www.clubdelemprendimiento.com\/blog\/\",\"name\":\"Blog Club del Emprendimiento\",\"description\":\"\",\"potentialAction\":[{\"@type\":\"SearchAction\",\"target\":{\"@type\":\"EntryPoint\",\"urlTemplate\":\"https:\/\/www.clubdelemprendimiento.com\/blog\/?s={search_term_string}\"},\"query-input\":\"required name=search_term_string\"}],\"inLanguage\":\"es\"},{\"@type\":\"Person\",\"@id\":\"https:\/\/www.clubdelemprendimiento.com\/blog\/#\/schema\/person\/a82ce0fc1281064b1cab4855c351cea7\",\"name\":\"Nerea Merino\",\"image\":{\"@type\":\"ImageObject\",\"inLanguage\":\"es\",\"@id\":\"https:\/\/www.clubdelemprendimiento.com\/blog\/#\/schema\/person\/image\/\",\"url\":\"https:\/\/secure.gravatar.com\/avatar\/3b1c906b7b4a65b22c04d52a020d4815?s=96&d=mm&r=g\",\"contentUrl\":\"https:\/\/secure.gravatar.com\/avatar\/3b1c906b7b4a65b22c04d52a020d4815?s=96&d=mm&r=g\",\"caption\":\"Nerea Merino\"},\"url\":\"https:\/\/www.clubdelemprendimiento.com\/blog\/author\/nerea\/\"}]}<\/script>\n<!-- \/ Yoast SEO plugin. -->","yoast_head_json":{"title":"Registro de jornada laboral obligatorio","description":"Descubre c\u00f3mo hacer el registro de la jornada laboral en tu empresa y las nuevas normativas para 2025. Evita sanciones y cumple la ley.","robots":{"index":"index","follow":"follow","max-snippet":"max-snippet:-1","max-image-preview":"max-image-preview:large","max-video-preview":"max-video-preview:-1"},"canonical":"https:\/\/www.clubdelemprendimiento.com\/blog\/pymes\/registro-de-jornada-laboral-obligatorio\/","og_locale":"es_ES","og_type":"article","og_title":"Registro de jornada laboral obligatorio","og_description":"Descubre c\u00f3mo hacer el registro de la jornada laboral en tu empresa y las nuevas normativas para 2025. Evita sanciones y cumple la ley.","og_url":"https:\/\/www.clubdelemprendimiento.com\/blog\/pymes\/registro-de-jornada-laboral-obligatorio\/","og_site_name":"Blog Club del Emprendimiento","article_published_time":"2025-04-02T08:07:32+00:00","article_modified_time":"2025-03-24T08:15:03+00:00","og_image":[{"width":1500,"height":1001,"url":"https:\/\/www.clubdelemprendimiento.com\/blog\/wp-content\/uploads\/2025\/03\/20530.jpg","type":"image\/jpeg"}],"author":"Nerea Merino","twitter_card":"summary_large_image","twitter_misc":{"Escrito por":"Nerea Merino","Tiempo de lectura":"3 minutos"},"schema":{"@context":"https:\/\/schema.org","@graph":[{"@type":"WebPage","@id":"https:\/\/www.clubdelemprendimiento.com\/blog\/pymes\/registro-de-jornada-laboral-obligatorio\/","url":"https:\/\/www.clubdelemprendimiento.com\/blog\/pymes\/registro-de-jornada-laboral-obligatorio\/","name":"Registro de jornada laboral obligatorio","isPartOf":{"@id":"https:\/\/www.clubdelemprendimiento.com\/blog\/#website"},"primaryImageOfPage":{"@id":"https:\/\/www.clubdelemprendimiento.com\/blog\/pymes\/registro-de-jornada-laboral-obligatorio\/#primaryimage"},"image":{"@id":"https:\/\/www.clubdelemprendimiento.com\/blog\/pymes\/registro-de-jornada-laboral-obligatorio\/#primaryimage"},"thumbnailUrl":"https:\/\/www.clubdelemprendimiento.com\/blog\/wp-content\/uploads\/2025\/03\/20530.jpg","datePublished":"2025-04-02T08:07:32+00:00","dateModified":"2025-03-24T08:15:03+00:00","author":{"@id":"https:\/\/www.clubdelemprendimiento.com\/blog\/#\/schema\/person\/a82ce0fc1281064b1cab4855c351cea7"},"description":"Descubre c\u00f3mo hacer el registro de la jornada laboral en tu empresa y las nuevas normativas para 2025. Evita sanciones y cumple la ley.","breadcrumb":{"@id":"https:\/\/www.clubdelemprendimiento.com\/blog\/pymes\/registro-de-jornada-laboral-obligatorio\/#breadcrumb"},"inLanguage":"es","potentialAction":[{"@type":"ReadAction","target":["https:\/\/www.clubdelemprendimiento.com\/blog\/pymes\/registro-de-jornada-laboral-obligatorio\/"]}]},{"@type":"ImageObject","inLanguage":"es","@id":"https:\/\/www.clubdelemprendimiento.com\/blog\/pymes\/registro-de-jornada-laboral-obligatorio\/#primaryimage","url":"https:\/\/www.clubdelemprendimiento.com\/blog\/wp-content\/uploads\/2025\/03\/20530.jpg","contentUrl":"https:\/\/www.clubdelemprendimiento.com\/blog\/wp-content\/uploads\/2025\/03\/20530.jpg","width":1500,"height":1001,"caption":"registro de jornada laboral"},{"@type":"BreadcrumbList","@id":"https:\/\/www.clubdelemprendimiento.com\/blog\/pymes\/registro-de-jornada-laboral-obligatorio\/#breadcrumb","itemListElement":[{"@type":"ListItem","position":1,"name":"Home","item":"https:\/\/www.clubdelemprendimiento.com\/blog\/"},{"@type":"ListItem","position":2,"name":"Registro de la jornada laboral: obligaci\u00f3n legal y novedades"}]},{"@type":"WebSite","@id":"https:\/\/www.clubdelemprendimiento.com\/blog\/#website","url":"https:\/\/www.clubdelemprendimiento.com\/blog\/","name":"Blog Club del Emprendimiento","description":"","potentialAction":[{"@type":"SearchAction","target":{"@type":"EntryPoint","urlTemplate":"https:\/\/www.clubdelemprendimiento.com\/blog\/?s={search_term_string}"},"query-input":"required name=search_term_string"}],"inLanguage":"es"},{"@type":"Person","@id":"https:\/\/www.clubdelemprendimiento.com\/blog\/#\/schema\/person\/a82ce0fc1281064b1cab4855c351cea7","name":"Nerea Merino","image":{"@type":"ImageObject","inLanguage":"es","@id":"https:\/\/www.clubdelemprendimiento.com\/blog\/#\/schema\/person\/image\/","url":"https:\/\/secure.gravatar.com\/avatar\/3b1c906b7b4a65b22c04d52a020d4815?s=96&d=mm&r=g","contentUrl":"https:\/\/secure.gravatar.com\/avatar\/3b1c906b7b4a65b22c04d52a020d4815?s=96&d=mm&r=g","caption":"Nerea Merino"},"url":"https:\/\/www.clubdelemprendimiento.com\/blog\/author\/nerea\/"}]}},"_links":{"self":[{"href":"https:\/\/www.clubdelemprendimiento.com\/blog\/wp-json\/wp\/v2\/posts\/18281"}],"collection":[{"href":"https:\/\/www.clubdelemprendimiento.com\/blog\/wp-json\/wp\/v2\/posts"}],"about":[{"href":"https:\/\/www.clubdelemprendimiento.com\/blog\/wp-json\/wp\/v2\/types\/post"}],"author":[{"embeddable":true,"href":"https:\/\/www.clubdelemprendimiento.com\/blog\/wp-json\/wp\/v2\/users\/14"}],"replies":[{"embeddable":true,"href":"https:\/\/www.clubdelemprendimiento.com\/blog\/wp-json\/wp\/v2\/comments?post=18281"}],"version-history":[{"count":1,"href":"https:\/\/www.clubdelemprendimiento.com\/blog\/wp-json\/wp\/v2\/posts\/18281\/revisions"}],"predecessor-version":[{"id":18283,"href":"https:\/\/www.clubdelemprendimiento.com\/blog\/wp-json\/wp\/v2\/posts\/18281\/revisions\/18283"}],"wp:featuredmedia":[{"embeddable":true,"href":"https:\/\/www.clubdelemprendimiento.com\/blog\/wp-json\/wp\/v2\/media\/18282"}],"wp:attachment":[{"href":"https:\/\/www.clubdelemprendimiento.com\/blog\/wp-json\/wp\/v2\/media?parent=18281"}],"wp:term":[{"taxonomy":"category","embeddable":true,"href":"https:\/\/www.clubdelemprendimiento.com\/blog\/wp-json\/wp\/v2\/categories?post=18281"},{"taxonomy":"post_tag","embeddable":true,"href":"https:\/\/www.clubdelemprendimiento.com\/blog\/wp-json\/wp\/v2\/tags?post=18281"}],"curies":[{"name":"wp","href":"https:\/\/api.w.org\/{rel}","templated":true}]}}