{"id":18260,"date":"2025-04-09T08:15:21","date_gmt":"2025-04-09T08:15:21","guid":{"rendered":"https:\/\/www.clubdelemprendimiento.com\/blog\/?p=18260"},"modified":"2025-03-27T12:27:12","modified_gmt":"2025-03-27T12:27:12","slug":"sin-mejoras-en-cese-de-actividad-para-autonomos","status":"publish","type":"post","link":"https:\/\/www.clubdelemprendimiento.com\/blog\/autonomos\/sin-mejoras-en-cese-de-actividad-para-autonomos\/","title":{"rendered":"Los aut\u00f3nomos siguen sin mejoras en la protecci\u00f3n por cese de actividad"},"content":{"rendered":"\n<p>A cinco a\u00f1os del inicio de la pandemia de COVID-19, los trabajadores aut\u00f3nomos en Espa\u00f1a contin\u00faan esperando una reforma efectiva en su sistema de protecci\u00f3n social. La Uni\u00f3n de Profesionales y Trabajadores Aut\u00f3nomos (UPTA) denuncia que, a pesar de los cambios introducidos en 2022, el acceso a la prestaci\u00f3n por cese de actividad sigue siendo complicado y poco accesible para el colectivo.<\/p>\n\n\n\n<p>Seg\u00fan datos del Instituto Nacional de Estad\u00edstica, en 2020 <strong>cerraron 311.259 negocios en Espa\u00f1a, dejando un saldo negativo de 32.734 empresas,<\/strong> en su mayor\u00eda de peque\u00f1os emprendedores con entre uno y cinco trabajadores. Durante la crisis sanitaria, cerca de un mill\u00f3n y medio de aut\u00f3nomos accedieron a la Prestaci\u00f3n Extraordinaria por Cese de Actividad, una ayuda que result\u00f3 fundamental para la supervivencia de miles de negocios.<\/p>\n\n\n\n<h2 class=\"wp-block-heading\">Problemas acceso cese de actividad <\/h2>\n\n\n\n<p>Sin embargo, UPTA advierte que el actual sistema de protecci\u00f3n sigue siendo insuficiente para los aut\u00f3nomos. La organizaci\u00f3n reclama una <strong>mayor flexibilidad para acceder a la prestaci\u00f3n por cese de actividad<\/strong> y exige la implementaci\u00f3n del subsidio para aut\u00f3nomos mayores de 52 a\u00f1os. Esta \u00faltima medida busca brindar apoyo a aquellos profesionales que, tras cerrar sus negocios, tienen dificultades para reincorporarse al mercado laboral.<\/p>\n\n\n\n<p>Eduardo Abad, presidente de UPTA, ha manifestado su preocupaci\u00f3n ante la falta de avances en la materia: \u00abCinco a\u00f1os despu\u00e9s de la pandemia, los aut\u00f3nomos siguen careciendo de una protecci\u00f3n social adecuada para afrontar futuras crisis. Es imprescindible que el Ministerio de Seguridad Social ponga en marcha una reforma efectiva que garantice la seguridad de quienes m\u00e1s lo necesitan\u00bb.<\/p>\n\n\n\n<p>UPTA contin\u00faa presionando a las administraciones para que se implementen <strong>medidas urgentes.<\/strong> Quieren que dichas medidas equiparen la protecci\u00f3n social de los aut\u00f3nomos con la de los trabajadores asalariados. Es la manera de asegurar una red de seguridad m\u00e1s justa y eficaz para el colectivo.<\/p>\n","protected":false},"excerpt":{"rendered":"<p>A cinco a\u00f1os del inicio de la pandemia de COVID-19, los trabajadores aut\u00f3nomos en&hellip;<\/p>\n","protected":false},"author":14,"featured_media":18261,"comment_status":"open","ping_status":"open","sticky":false,"template":"","format":"standard","meta":{"_acf_changed":false,"footnotes":""},"categories":[255],"tags":[],"acf":[],"yoast_head":"<!-- This site is optimized with the Yoast SEO plugin v22.7 - https:\/\/yoast.com\/wordpress\/plugins\/seo\/ -->\n<title>Sin mejoras en cese de actividad para aut\u00f3nomos<\/title>\n<meta name=\"description\" content=\"Cinco a\u00f1os despu\u00e9s de la pandemia, los aut\u00f3nomos siguen sin acceso f\u00e1cil al cese de actividad y exigen mayor protecci\u00f3n social.\" \/>\n<meta name=\"robots\" content=\"index, follow, max-snippet:-1, max-image-preview:large, max-video-preview:-1\" \/>\n<link rel=\"canonical\" href=\"https:\/\/www.clubdelemprendimiento.com\/blog\/autonomos\/sin-mejoras-en-cese-de-actividad-para-autonomos\/\" \/>\n<meta property=\"og:locale\" content=\"es_ES\" \/>\n<meta property=\"og:type\" content=\"article\" \/>\n<meta property=\"og:title\" content=\"Sin mejoras en cese de actividad para aut\u00f3nomos\" \/>\n<meta property=\"og:description\" content=\"Cinco a\u00f1os despu\u00e9s de la pandemia, los aut\u00f3nomos siguen sin acceso f\u00e1cil al cese de actividad y exigen mayor protecci\u00f3n social.\" \/>\n<meta property=\"og:url\" content=\"https:\/\/www.clubdelemprendimiento.com\/blog\/autonomos\/sin-mejoras-en-cese-de-actividad-para-autonomos\/\" \/>\n<meta property=\"og:site_name\" content=\"Blog Club del Emprendimiento\" \/>\n<meta property=\"article:published_time\" content=\"2025-04-09T08:15:21+00:00\" \/>\n<meta property=\"article:modified_time\" content=\"2025-03-27T12:27:12+00:00\" \/>\n<meta property=\"og:image\" content=\"https:\/\/www.clubdelemprendimiento.com\/blog\/wp-content\/uploads\/2025\/03\/1645.jpg\" \/>\n\t<meta property=\"og:image:width\" content=\"1500\" \/>\n\t<meta property=\"og:image:height\" content=\"1000\" \/>\n\t<meta property=\"og:image:type\" content=\"image\/jpeg\" \/>\n<meta name=\"author\" content=\"Nerea Merino\" \/>\n<meta name=\"twitter:card\" content=\"summary_large_image\" \/>\n<meta name=\"twitter:label1\" content=\"Escrito por\" \/>\n\t<meta name=\"twitter:data1\" content=\"Nerea Merino\" \/>\n\t<meta name=\"twitter:label2\" content=\"Tiempo de lectura\" \/>\n\t<meta name=\"twitter:data2\" content=\"2 minutos\" \/>\n<script type=\"application\/ld+json\" class=\"yoast-schema-graph\">{\"@context\":\"https:\/\/schema.org\",\"@graph\":[{\"@type\":\"WebPage\",\"@id\":\"https:\/\/www.clubdelemprendimiento.com\/blog\/autonomos\/sin-mejoras-en-cese-de-actividad-para-autonomos\/\",\"url\":\"https:\/\/www.clubdelemprendimiento.com\/blog\/autonomos\/sin-mejoras-en-cese-de-actividad-para-autonomos\/\",\"name\":\"Sin mejoras en cese de actividad para aut\u00f3nomos\",\"isPartOf\":{\"@id\":\"https:\/\/www.clubdelemprendimiento.com\/blog\/#website\"},\"primaryImageOfPage\":{\"@id\":\"https:\/\/www.clubdelemprendimiento.com\/blog\/autonomos\/sin-mejoras-en-cese-de-actividad-para-autonomos\/#primaryimage\"},\"image\":{\"@id\":\"https:\/\/www.clubdelemprendimiento.com\/blog\/autonomos\/sin-mejoras-en-cese-de-actividad-para-autonomos\/#primaryimage\"},\"thumbnailUrl\":\"https:\/\/www.clubdelemprendimiento.com\/blog\/wp-content\/uploads\/2025\/03\/1645.jpg\",\"datePublished\":\"2025-04-09T08:15:21+00:00\",\"dateModified\":\"2025-03-27T12:27:12+00:00\",\"author\":{\"@id\":\"https:\/\/www.clubdelemprendimiento.com\/blog\/#\/schema\/person\/a82ce0fc1281064b1cab4855c351cea7\"},\"description\":\"Cinco a\u00f1os despu\u00e9s de la pandemia, los aut\u00f3nomos siguen sin acceso f\u00e1cil al cese de actividad y exigen mayor protecci\u00f3n social.\",\"breadcrumb\":{\"@id\":\"https:\/\/www.clubdelemprendimiento.com\/blog\/autonomos\/sin-mejoras-en-cese-de-actividad-para-autonomos\/#breadcrumb\"},\"inLanguage\":\"es\",\"potentialAction\":[{\"@type\":\"ReadAction\",\"target\":[\"https:\/\/www.clubdelemprendimiento.com\/blog\/autonomos\/sin-mejoras-en-cese-de-actividad-para-autonomos\/\"]}]},{\"@type\":\"ImageObject\",\"inLanguage\":\"es\",\"@id\":\"https:\/\/www.clubdelemprendimiento.com\/blog\/autonomos\/sin-mejoras-en-cese-de-actividad-para-autonomos\/#primaryimage\",\"url\":\"https:\/\/www.clubdelemprendimiento.com\/blog\/wp-content\/uploads\/2025\/03\/1645.jpg\",\"contentUrl\":\"https:\/\/www.clubdelemprendimiento.com\/blog\/wp-content\/uploads\/2025\/03\/1645.jpg\",\"width\":1500,\"height\":1000,\"caption\":\"cese de actividad\"},{\"@type\":\"BreadcrumbList\",\"@id\":\"https:\/\/www.clubdelemprendimiento.com\/blog\/autonomos\/sin-mejoras-en-cese-de-actividad-para-autonomos\/#breadcrumb\",\"itemListElement\":[{\"@type\":\"ListItem\",\"position\":1,\"name\":\"Home\",\"item\":\"https:\/\/www.clubdelemprendimiento.com\/blog\/\"},{\"@type\":\"ListItem\",\"position\":2,\"name\":\"Los aut\u00f3nomos siguen sin mejoras en la protecci\u00f3n por cese de actividad\"}]},{\"@type\":\"WebSite\",\"@id\":\"https:\/\/www.clubdelemprendimiento.com\/blog\/#website\",\"url\":\"https:\/\/www.clubdelemprendimiento.com\/blog\/\",\"name\":\"Blog Club del Emprendimiento\",\"description\":\"\",\"potentialAction\":[{\"@type\":\"SearchAction\",\"target\":{\"@type\":\"EntryPoint\",\"urlTemplate\":\"https:\/\/www.clubdelemprendimiento.com\/blog\/?s={search_term_string}\"},\"query-input\":\"required name=search_term_string\"}],\"inLanguage\":\"es\"},{\"@type\":\"Person\",\"@id\":\"https:\/\/www.clubdelemprendimiento.com\/blog\/#\/schema\/person\/a82ce0fc1281064b1cab4855c351cea7\",\"name\":\"Nerea Merino\",\"image\":{\"@type\":\"ImageObject\",\"inLanguage\":\"es\",\"@id\":\"https:\/\/www.clubdelemprendimiento.com\/blog\/#\/schema\/person\/image\/\",\"url\":\"https:\/\/secure.gravatar.com\/avatar\/3b1c906b7b4a65b22c04d52a020d4815?s=96&d=mm&r=g\",\"contentUrl\":\"https:\/\/secure.gravatar.com\/avatar\/3b1c906b7b4a65b22c04d52a020d4815?s=96&d=mm&r=g\",\"caption\":\"Nerea Merino\"},\"url\":\"https:\/\/www.clubdelemprendimiento.com\/blog\/author\/nerea\/\"}]}<\/script>\n<!-- \/ Yoast SEO plugin. -->","yoast_head_json":{"title":"Sin mejoras en cese de actividad para aut\u00f3nomos","description":"Cinco a\u00f1os despu\u00e9s de la pandemia, los aut\u00f3nomos siguen sin acceso f\u00e1cil al cese de actividad y exigen mayor protecci\u00f3n social.","robots":{"index":"index","follow":"follow","max-snippet":"max-snippet:-1","max-image-preview":"max-image-preview:large","max-video-preview":"max-video-preview:-1"},"canonical":"https:\/\/www.clubdelemprendimiento.com\/blog\/autonomos\/sin-mejoras-en-cese-de-actividad-para-autonomos\/","og_locale":"es_ES","og_type":"article","og_title":"Sin mejoras en cese de actividad para aut\u00f3nomos","og_description":"Cinco a\u00f1os despu\u00e9s de la pandemia, los aut\u00f3nomos siguen sin acceso f\u00e1cil al cese de actividad y exigen mayor protecci\u00f3n social.","og_url":"https:\/\/www.clubdelemprendimiento.com\/blog\/autonomos\/sin-mejoras-en-cese-de-actividad-para-autonomos\/","og_site_name":"Blog Club del Emprendimiento","article_published_time":"2025-04-09T08:15:21+00:00","article_modified_time":"2025-03-27T12:27:12+00:00","og_image":[{"width":1500,"height":1000,"url":"https:\/\/www.clubdelemprendimiento.com\/blog\/wp-content\/uploads\/2025\/03\/1645.jpg","type":"image\/jpeg"}],"author":"Nerea Merino","twitter_card":"summary_large_image","twitter_misc":{"Escrito por":"Nerea Merino","Tiempo de lectura":"2 minutos"},"schema":{"@context":"https:\/\/schema.org","@graph":[{"@type":"WebPage","@id":"https:\/\/www.clubdelemprendimiento.com\/blog\/autonomos\/sin-mejoras-en-cese-de-actividad-para-autonomos\/","url":"https:\/\/www.clubdelemprendimiento.com\/blog\/autonomos\/sin-mejoras-en-cese-de-actividad-para-autonomos\/","name":"Sin mejoras en cese de actividad para aut\u00f3nomos","isPartOf":{"@id":"https:\/\/www.clubdelemprendimiento.com\/blog\/#website"},"primaryImageOfPage":{"@id":"https:\/\/www.clubdelemprendimiento.com\/blog\/autonomos\/sin-mejoras-en-cese-de-actividad-para-autonomos\/#primaryimage"},"image":{"@id":"https:\/\/www.clubdelemprendimiento.com\/blog\/autonomos\/sin-mejoras-en-cese-de-actividad-para-autonomos\/#primaryimage"},"thumbnailUrl":"https:\/\/www.clubdelemprendimiento.com\/blog\/wp-content\/uploads\/2025\/03\/1645.jpg","datePublished":"2025-04-09T08:15:21+00:00","dateModified":"2025-03-27T12:27:12+00:00","author":{"@id":"https:\/\/www.clubdelemprendimiento.com\/blog\/#\/schema\/person\/a82ce0fc1281064b1cab4855c351cea7"},"description":"Cinco a\u00f1os despu\u00e9s de la pandemia, los aut\u00f3nomos siguen sin acceso f\u00e1cil al cese de actividad y exigen mayor protecci\u00f3n social.","breadcrumb":{"@id":"https:\/\/www.clubdelemprendimiento.com\/blog\/autonomos\/sin-mejoras-en-cese-de-actividad-para-autonomos\/#breadcrumb"},"inLanguage":"es","potentialAction":[{"@type":"ReadAction","target":["https:\/\/www.clubdelemprendimiento.com\/blog\/autonomos\/sin-mejoras-en-cese-de-actividad-para-autonomos\/"]}]},{"@type":"ImageObject","inLanguage":"es","@id":"https:\/\/www.clubdelemprendimiento.com\/blog\/autonomos\/sin-mejoras-en-cese-de-actividad-para-autonomos\/#primaryimage","url":"https:\/\/www.clubdelemprendimiento.com\/blog\/wp-content\/uploads\/2025\/03\/1645.jpg","contentUrl":"https:\/\/www.clubdelemprendimiento.com\/blog\/wp-content\/uploads\/2025\/03\/1645.jpg","width":1500,"height":1000,"caption":"cese de actividad"},{"@type":"BreadcrumbList","@id":"https:\/\/www.clubdelemprendimiento.com\/blog\/autonomos\/sin-mejoras-en-cese-de-actividad-para-autonomos\/#breadcrumb","itemListElement":[{"@type":"ListItem","position":1,"name":"Home","item":"https:\/\/www.clubdelemprendimiento.com\/blog\/"},{"@type":"ListItem","position":2,"name":"Los aut\u00f3nomos siguen sin mejoras en la protecci\u00f3n por cese de actividad"}]},{"@type":"WebSite","@id":"https:\/\/www.clubdelemprendimiento.com\/blog\/#website","url":"https:\/\/www.clubdelemprendimiento.com\/blog\/","name":"Blog Club del Emprendimiento","description":"","potentialAction":[{"@type":"SearchAction","target":{"@type":"EntryPoint","urlTemplate":"https:\/\/www.clubdelemprendimiento.com\/blog\/?s={search_term_string}"},"query-input":"required name=search_term_string"}],"inLanguage":"es"},{"@type":"Person","@id":"https:\/\/www.clubdelemprendimiento.com\/blog\/#\/schema\/person\/a82ce0fc1281064b1cab4855c351cea7","name":"Nerea Merino","image":{"@type":"ImageObject","inLanguage":"es","@id":"https:\/\/www.clubdelemprendimiento.com\/blog\/#\/schema\/person\/image\/","url":"https:\/\/secure.gravatar.com\/avatar\/3b1c906b7b4a65b22c04d52a020d4815?s=96&d=mm&r=g","contentUrl":"https:\/\/secure.gravatar.com\/avatar\/3b1c906b7b4a65b22c04d52a020d4815?s=96&d=mm&r=g","caption":"Nerea Merino"},"url":"https:\/\/www.clubdelemprendimiento.com\/blog\/author\/nerea\/"}]}},"_links":{"self":[{"href":"https:\/\/www.clubdelemprendimiento.com\/blog\/wp-json\/wp\/v2\/posts\/18260"}],"collection":[{"href":"https:\/\/www.clubdelemprendimiento.com\/blog\/wp-json\/wp\/v2\/posts"}],"about":[{"href":"https:\/\/www.clubdelemprendimiento.com\/blog\/wp-json\/wp\/v2\/types\/post"}],"author":[{"embeddable":true,"href":"https:\/\/www.clubdelemprendimiento.com\/blog\/wp-json\/wp\/v2\/users\/14"}],"replies":[{"embeddable":true,"href":"https:\/\/www.clubdelemprendimiento.com\/blog\/wp-json\/wp\/v2\/comments?post=18260"}],"version-history":[{"count":1,"href":"https:\/\/www.clubdelemprendimiento.com\/blog\/wp-json\/wp\/v2\/posts\/18260\/revisions"}],"predecessor-version":[{"id":18262,"href":"https:\/\/www.clubdelemprendimiento.com\/blog\/wp-json\/wp\/v2\/posts\/18260\/revisions\/18262"}],"wp:featuredmedia":[{"embeddable":true,"href":"https:\/\/www.clubdelemprendimiento.com\/blog\/wp-json\/wp\/v2\/media\/18261"}],"wp:attachment":[{"href":"https:\/\/www.clubdelemprendimiento.com\/blog\/wp-json\/wp\/v2\/media?parent=18260"}],"wp:term":[{"taxonomy":"category","embeddable":true,"href":"https:\/\/www.clubdelemprendimiento.com\/blog\/wp-json\/wp\/v2\/categories?post=18260"},{"taxonomy":"post_tag","embeddable":true,"href":"https:\/\/www.clubdelemprendimiento.com\/blog\/wp-json\/wp\/v2\/tags?post=18260"}],"curies":[{"name":"wp","href":"https:\/\/api.w.org\/{rel}","templated":true}]}}