{"id":18219,"date":"2025-02-25T07:56:59","date_gmt":"2025-02-25T07:56:59","guid":{"rendered":"https:\/\/www.clubdelemprendimiento.com\/blog\/?p=18219"},"modified":"2025-02-25T07:57:00","modified_gmt":"2025-02-25T07:57:00","slug":"experiencias-aromaticas-de-yolanda-del-moral","status":"publish","type":"post","link":"https:\/\/www.clubdelemprendimiento.com\/blog\/nuestros-emprendedores\/experiencias-aromaticas-de-yolanda-del-moral\/","title":{"rendered":"Experiencias Arom\u00e1ticas: \u00e9xito en la incubaci\u00f3n del club del emprendimiento"},"content":{"rendered":"\n<p>El emprendimiento suele nacer de la pasi\u00f3n y la experiencia personal, y este es precisamente el caso de <strong>Yolanda del Moral<\/strong> y su proyecto <strong>Experiencias Arom\u00e1ticas<\/strong>. Tras un intenso recorrido profesional en el sector tecnol\u00f3gico, descubri\u00f3 en la aromaterapia una herramienta poderosa para el bienestar, lo que la llev\u00f3 a dar un giro radical en su carrera. Su dedicaci\u00f3n y esfuerzo la han llevado a ser seleccionada en la <strong>incubaci\u00f3n del Club del Emprendimiento en Salamanca<\/strong>, un reconocimiento clave dentro del programa <strong>INCIBE Emprende<\/strong>, financiado por la Uni\u00f3n Europea a trav\u00e9s del <strong>PRTR y los fondos NextGenerationEU<\/strong>. En esta entrevista, Yolanda nos comparte su inspirador viaje, los desaf\u00edos superados y su visi\u00f3n para el futuro de la aromaterapia en el \u00e1mbito empresarial.<\/p>\n\n\n\n<ul>\n<li><strong>\u00bfQu\u00e9 fue lo que te llev\u00f3 a dar el salto del sector tecnol\u00f3gico a la aromaterapia?<\/strong><\/li>\n<\/ul>\n\n\n\n<p>Un problema de estr\u00e9s muy fuerte me llev\u00f3 a buscar soluciones para mejorar mi calidad de vida y mi bienestar. Encontr\u00e9 en la aromaterapia una ayuda para mejorar tanto mi salud f\u00edsica como emocional y desde entonces se convirti\u00f3 en una fiel compa\u00f1era. Me di cuenta de que era una gran desconocida y empec\u00e9 a so\u00f1ar aunque cre\u00eda que nunca me atrever\u00eda a dar el salto. Pero el tiempo fue poniendo todo en su lugar y finalmente me atrev\u00ed a dar el salto.<\/p>\n\n\n\n<ul>\n<li><strong>\u00bfC\u00f3mo fue tu experiencia personal con los aceites esenciales y en qu\u00e9 momento decidiste convertirlo en un proyecto empresarial?<\/strong><\/li>\n<\/ul>\n\n\n\n<p>A medida que me adentraba m\u00e1s y m\u00e1s en el conocimiento de los usos terap\u00e9uticos de las plantas, frutos y \u00e1rboles arom\u00e1ticos, iba creciendo en mi interior un deseo de hacer \u00abalgo\u00bb con ello. Al principio no lograba darle forma pero hay una cosa que recuerdo de aquellos a\u00f1os. No consegu\u00eda apartar de mi cabeza la \u00abloca idea\u00bb de dejar atr\u00e1s mi pasado tecnol\u00f3gico y dar un giro de ciento ochenta grados a mi carrera profesional y tom\u00e9 la decisi\u00f3n a finales de 2016.<\/p>\n\n\n\n<ul>\n<li><strong>\u00bfQu\u00e9 impacto has observado en los empleados que han participado en tus talleres o experiencias?<\/strong><\/li>\n<\/ul>\n\n\n\n<p>Hay un porcentaje muy alto de personas que dicen cosas como \u00abme has descubierto un mundo nuevo\u00bb o \u00abme dejas con ganas de m\u00e1s\u00bb o \u00abno ten\u00eda ni idea de todo esto\u00bb. Tambi\u00e9n comentarios respecto a la necesidad de \u00abparar para reconectar\u00bb y que los aromas le hab\u00edan permitido hacerlo de una forma que no imaginaban.<\/p>\n\n\n\n<ul>\n<li><strong>\u00bfCu\u00e1les son los principales desaf\u00edos al introducir la aromaterapia en el mundo empresarial?<\/strong><\/li>\n<\/ul>\n\n\n\n<p>El principal desaf\u00edo es la innovaci\u00f3n. No es una pr\u00e1ctica extendida en absoluta dentro de las organizaciones y hay cierta desconfianza al principio. Siento un agradecimiento enorme a las primeras grandes empresas que confiaron en m\u00ed, como Mahou San Miguel, Cruz Roja o Mapfre, ya que todos necesitamos referencias para que otros conf\u00eden.<\/p>\n\n\n\n<ul>\n<li><strong>\u00bfQu\u00e9 ha significado para ti y para Experiencias Arom\u00e1ticas ser seleccionados en la incubaci\u00f3n del Club del Emprendimiento?<\/strong><\/li>\n<\/ul>\n\n\n\n<p>Fue una alegr\u00eda inmensa ya que me dej\u00e9 la piel durante los tres meses que dur\u00f3 la incubaci\u00f3n en hacerlo lo mejor posible para lograr ser seleccionada. El Club del Emprendimiento es un referente en Espa\u00f1a y sab\u00eda que pod\u00eda significar para m\u00ed un gran avance. Si ellos conf\u00edan en las Experiencias Arom\u00e1ticas espero que esto anime a otros a confiar tambi\u00e9n.<\/p>\n\n\n\n<ul>\n<li><strong>A lo largo de este proceso de incubaci\u00f3n, \u00bfhubo alg\u00fan desaf\u00edo que no esperabas y que tuviste que superar gracias al apoyo recibido del programa?<\/strong><\/li>\n<\/ul>\n\n\n\n<p>La ayuda de los mentores es inestimable. Un absoluto lujazo el que las sesiones fueran \u00abuno a uno\u00bb. Personas con trayectorias de empresa alucinantes, examinando tu marca. Merece especial atenci\u00f3n el cap\u00edtulo de \u00abdelegar tareas\u00bb. Ah\u00ed me ayudaron much\u00edsimo a comprender que era el momento de dar el paso. Todos los emprendedores somos hombres\/mujeres orquesta, lo hacemos todo nosotros y es algo que produce mucho desgaste y que alg\u00fan d\u00eda hay que solucionar. Es el paso en el que me encuentro ahora.<\/p>\n\n\n\n<ul>\n<li><strong>Tras haber vivido esta experiencia de incubaci\u00f3n, \u00bfc\u00f3mo valorar\u00edas la importancia de contar con programas de este tipo para el crecimiento de proyectos innovadores en el \u00e1mbito del bienestar y la sostenibilidad?<\/strong><\/li>\n<\/ul>\n\n\n\n<p>Poner bajo la lupa de grandes mentores mi marca ha sido absolutamente revelador. Cuando ped\u00ed ayuda a Efr\u00e9n mis palabras fueron \u00abnecesito ayuda para pensar\u00bb. Los puntos de vista que pueden ofrecerte otros profesionales te ayudan a avanzar y a abrir la mente. Se habla mucho de la soledad del emprendedor y de sus consecuencias. Este tipo de programas son muy necesarios para llevar al \u00e9xito a nuestras marcas.<\/p>\n\n\n\n<ul>\n<li><strong>Mencionaste la importancia de delegar tareas. \u00bfC\u00f3mo planeas estructurar el crecimiento del proyecto en el futuro?<\/strong><\/li>\n<\/ul>\n\n\n\n<p>Necesito apoyarme en profesionales expertos que me ayuden a dar visibilidad a la marca para poder dedicarme a la tarea formativa que es una experiencia arom\u00e1tica. Mi pasi\u00f3n es la formaci\u00f3n, el trasladar conocimiento a las personas que les pueda servir de ayuda y quiero centrarme lo m\u00e1s posible en esa funci\u00f3n, que es la que realmente me hace brillar y sentirme plena.<\/p>\n\n\n\n<ul>\n<li><strong>\u00bfCu\u00e1les son los pr\u00f3ximos pasos para Experiencias Arom\u00e1ticas? \u00bfTienes en mente nuevas iniciativas o colaboraciones para expandir el impacto del proyecto?<\/strong><\/li>\n<\/ul>\n\n\n\n<p>Estoy trabajando con nuevos clientes que necesitan gestionar la salud mental y emocional de sus equipos y est\u00e1n buscando formas nuevas de poder hacerlo. Y por supuesto seguir colaborando con el Club del Emprendimiento ya que es un gran compa\u00f1ero de viaje.<\/p>\n","protected":false},"excerpt":{"rendered":"<p>El emprendimiento suele nacer de la pasi\u00f3n y la experiencia personal, y este es&hellip;<\/p>\n","protected":false},"author":14,"featured_media":18220,"comment_status":"open","ping_status":"open","sticky":false,"template":"","format":"standard","meta":{"_acf_changed":false,"footnotes":""},"categories":[91],"tags":[],"acf":[],"yoast_head":"<!-- This site is optimized with the Yoast SEO plugin v22.7 - https:\/\/yoast.com\/wordpress\/plugins\/seo\/ -->\n<title>Experiencias Arom\u00e1ticas de Yolanda del Moral<\/title>\n<meta name=\"description\" content=\"Yolanda del Moral dej\u00f3 la tecnolog\u00eda por la aromaterapia. Su proyecto, Experiencias Arom\u00e1ticas, fue incubado por el Club del Emprendimiento.\" \/>\n<meta name=\"robots\" content=\"index, follow, max-snippet:-1, max-image-preview:large, max-video-preview:-1\" \/>\n<link rel=\"canonical\" href=\"https:\/\/www.clubdelemprendimiento.com\/blog\/nuestros-emprendedores\/experiencias-aromaticas-de-yolanda-del-moral\/\" \/>\n<meta property=\"og:locale\" content=\"es_ES\" \/>\n<meta property=\"og:type\" content=\"article\" \/>\n<meta property=\"og:title\" content=\"Experiencias Arom\u00e1ticas de Yolanda del Moral\" \/>\n<meta property=\"og:description\" content=\"Yolanda del Moral dej\u00f3 la tecnolog\u00eda por la aromaterapia. Su proyecto, Experiencias Arom\u00e1ticas, fue incubado por el Club del Emprendimiento.\" \/>\n<meta property=\"og:url\" content=\"https:\/\/www.clubdelemprendimiento.com\/blog\/nuestros-emprendedores\/experiencias-aromaticas-de-yolanda-del-moral\/\" \/>\n<meta property=\"og:site_name\" content=\"Blog Club del Emprendimiento\" \/>\n<meta property=\"article:published_time\" content=\"2025-02-25T07:56:59+00:00\" \/>\n<meta property=\"article:modified_time\" content=\"2025-02-25T07:57:00+00:00\" \/>\n<meta property=\"og:image\" content=\"https:\/\/www.clubdelemprendimiento.com\/blog\/wp-content\/uploads\/2025\/02\/Foto-Yolanda-2-1200-pix.jpg\" \/>\n\t<meta property=\"og:image:width\" content=\"1200\" \/>\n\t<meta property=\"og:image:height\" content=\"800\" \/>\n\t<meta property=\"og:image:type\" content=\"image\/jpeg\" \/>\n<meta name=\"author\" content=\"Nerea Merino\" \/>\n<meta name=\"twitter:card\" content=\"summary_large_image\" \/>\n<meta name=\"twitter:label1\" content=\"Escrito por\" \/>\n\t<meta name=\"twitter:data1\" content=\"Nerea Merino\" \/>\n\t<meta name=\"twitter:label2\" content=\"Tiempo de lectura\" \/>\n\t<meta name=\"twitter:data2\" content=\"5 minutos\" \/>\n<script type=\"application\/ld+json\" class=\"yoast-schema-graph\">{\"@context\":\"https:\/\/schema.org\",\"@graph\":[{\"@type\":\"WebPage\",\"@id\":\"https:\/\/www.clubdelemprendimiento.com\/blog\/nuestros-emprendedores\/experiencias-aromaticas-de-yolanda-del-moral\/\",\"url\":\"https:\/\/www.clubdelemprendimiento.com\/blog\/nuestros-emprendedores\/experiencias-aromaticas-de-yolanda-del-moral\/\",\"name\":\"Experiencias Arom\u00e1ticas de Yolanda del Moral\",\"isPartOf\":{\"@id\":\"https:\/\/www.clubdelemprendimiento.com\/blog\/#website\"},\"primaryImageOfPage\":{\"@id\":\"https:\/\/www.clubdelemprendimiento.com\/blog\/nuestros-emprendedores\/experiencias-aromaticas-de-yolanda-del-moral\/#primaryimage\"},\"image\":{\"@id\":\"https:\/\/www.clubdelemprendimiento.com\/blog\/nuestros-emprendedores\/experiencias-aromaticas-de-yolanda-del-moral\/#primaryimage\"},\"thumbnailUrl\":\"https:\/\/www.clubdelemprendimiento.com\/blog\/wp-content\/uploads\/2025\/02\/Foto-Yolanda-2-1200-pix.jpg\",\"datePublished\":\"2025-02-25T07:56:59+00:00\",\"dateModified\":\"2025-02-25T07:57:00+00:00\",\"author\":{\"@id\":\"https:\/\/www.clubdelemprendimiento.com\/blog\/#\/schema\/person\/a82ce0fc1281064b1cab4855c351cea7\"},\"description\":\"Yolanda del Moral dej\u00f3 la tecnolog\u00eda por la aromaterapia. Su proyecto, Experiencias Arom\u00e1ticas, fue incubado por el Club del Emprendimiento.\",\"breadcrumb\":{\"@id\":\"https:\/\/www.clubdelemprendimiento.com\/blog\/nuestros-emprendedores\/experiencias-aromaticas-de-yolanda-del-moral\/#breadcrumb\"},\"inLanguage\":\"es\",\"potentialAction\":[{\"@type\":\"ReadAction\",\"target\":[\"https:\/\/www.clubdelemprendimiento.com\/blog\/nuestros-emprendedores\/experiencias-aromaticas-de-yolanda-del-moral\/\"]}]},{\"@type\":\"ImageObject\",\"inLanguage\":\"es\",\"@id\":\"https:\/\/www.clubdelemprendimiento.com\/blog\/nuestros-emprendedores\/experiencias-aromaticas-de-yolanda-del-moral\/#primaryimage\",\"url\":\"https:\/\/www.clubdelemprendimiento.com\/blog\/wp-content\/uploads\/2025\/02\/Foto-Yolanda-2-1200-pix.jpg\",\"contentUrl\":\"https:\/\/www.clubdelemprendimiento.com\/blog\/wp-content\/uploads\/2025\/02\/Foto-Yolanda-2-1200-pix.jpg\",\"width\":1200,\"height\":800,\"caption\":\"Experiencias Arom\u00e1ticas\"},{\"@type\":\"BreadcrumbList\",\"@id\":\"https:\/\/www.clubdelemprendimiento.com\/blog\/nuestros-emprendedores\/experiencias-aromaticas-de-yolanda-del-moral\/#breadcrumb\",\"itemListElement\":[{\"@type\":\"ListItem\",\"position\":1,\"name\":\"Home\",\"item\":\"https:\/\/www.clubdelemprendimiento.com\/blog\/\"},{\"@type\":\"ListItem\",\"position\":2,\"name\":\"Experiencias Arom\u00e1ticas: \u00e9xito en la incubaci\u00f3n del club del emprendimiento\"}]},{\"@type\":\"WebSite\",\"@id\":\"https:\/\/www.clubdelemprendimiento.com\/blog\/#website\",\"url\":\"https:\/\/www.clubdelemprendimiento.com\/blog\/\",\"name\":\"Blog Club del Emprendimiento\",\"description\":\"\",\"potentialAction\":[{\"@type\":\"SearchAction\",\"target\":{\"@type\":\"EntryPoint\",\"urlTemplate\":\"https:\/\/www.clubdelemprendimiento.com\/blog\/?s={search_term_string}\"},\"query-input\":\"required name=search_term_string\"}],\"inLanguage\":\"es\"},{\"@type\":\"Person\",\"@id\":\"https:\/\/www.clubdelemprendimiento.com\/blog\/#\/schema\/person\/a82ce0fc1281064b1cab4855c351cea7\",\"name\":\"Nerea Merino\",\"image\":{\"@type\":\"ImageObject\",\"inLanguage\":\"es\",\"@id\":\"https:\/\/www.clubdelemprendimiento.com\/blog\/#\/schema\/person\/image\/\",\"url\":\"https:\/\/secure.gravatar.com\/avatar\/3b1c906b7b4a65b22c04d52a020d4815?s=96&d=mm&r=g\",\"contentUrl\":\"https:\/\/secure.gravatar.com\/avatar\/3b1c906b7b4a65b22c04d52a020d4815?s=96&d=mm&r=g\",\"caption\":\"Nerea Merino\"},\"url\":\"https:\/\/www.clubdelemprendimiento.com\/blog\/author\/nerea\/\"}]}<\/script>\n<!-- \/ Yoast SEO plugin. -->","yoast_head_json":{"title":"Experiencias Arom\u00e1ticas de Yolanda del Moral","description":"Yolanda del Moral dej\u00f3 la tecnolog\u00eda por la aromaterapia. Su proyecto, Experiencias Arom\u00e1ticas, fue incubado por el Club del Emprendimiento.","robots":{"index":"index","follow":"follow","max-snippet":"max-snippet:-1","max-image-preview":"max-image-preview:large","max-video-preview":"max-video-preview:-1"},"canonical":"https:\/\/www.clubdelemprendimiento.com\/blog\/nuestros-emprendedores\/experiencias-aromaticas-de-yolanda-del-moral\/","og_locale":"es_ES","og_type":"article","og_title":"Experiencias Arom\u00e1ticas de Yolanda del Moral","og_description":"Yolanda del Moral dej\u00f3 la tecnolog\u00eda por la aromaterapia. Su proyecto, Experiencias Arom\u00e1ticas, fue incubado por el Club del Emprendimiento.","og_url":"https:\/\/www.clubdelemprendimiento.com\/blog\/nuestros-emprendedores\/experiencias-aromaticas-de-yolanda-del-moral\/","og_site_name":"Blog Club del Emprendimiento","article_published_time":"2025-02-25T07:56:59+00:00","article_modified_time":"2025-02-25T07:57:00+00:00","og_image":[{"width":1200,"height":800,"url":"https:\/\/www.clubdelemprendimiento.com\/blog\/wp-content\/uploads\/2025\/02\/Foto-Yolanda-2-1200-pix.jpg","type":"image\/jpeg"}],"author":"Nerea Merino","twitter_card":"summary_large_image","twitter_misc":{"Escrito por":"Nerea Merino","Tiempo de lectura":"5 minutos"},"schema":{"@context":"https:\/\/schema.org","@graph":[{"@type":"WebPage","@id":"https:\/\/www.clubdelemprendimiento.com\/blog\/nuestros-emprendedores\/experiencias-aromaticas-de-yolanda-del-moral\/","url":"https:\/\/www.clubdelemprendimiento.com\/blog\/nuestros-emprendedores\/experiencias-aromaticas-de-yolanda-del-moral\/","name":"Experiencias Arom\u00e1ticas de Yolanda del Moral","isPartOf":{"@id":"https:\/\/www.clubdelemprendimiento.com\/blog\/#website"},"primaryImageOfPage":{"@id":"https:\/\/www.clubdelemprendimiento.com\/blog\/nuestros-emprendedores\/experiencias-aromaticas-de-yolanda-del-moral\/#primaryimage"},"image":{"@id":"https:\/\/www.clubdelemprendimiento.com\/blog\/nuestros-emprendedores\/experiencias-aromaticas-de-yolanda-del-moral\/#primaryimage"},"thumbnailUrl":"https:\/\/www.clubdelemprendimiento.com\/blog\/wp-content\/uploads\/2025\/02\/Foto-Yolanda-2-1200-pix.jpg","datePublished":"2025-02-25T07:56:59+00:00","dateModified":"2025-02-25T07:57:00+00:00","author":{"@id":"https:\/\/www.clubdelemprendimiento.com\/blog\/#\/schema\/person\/a82ce0fc1281064b1cab4855c351cea7"},"description":"Yolanda del Moral dej\u00f3 la tecnolog\u00eda por la aromaterapia. Su proyecto, Experiencias Arom\u00e1ticas, fue incubado por el Club del Emprendimiento.","breadcrumb":{"@id":"https:\/\/www.clubdelemprendimiento.com\/blog\/nuestros-emprendedores\/experiencias-aromaticas-de-yolanda-del-moral\/#breadcrumb"},"inLanguage":"es","potentialAction":[{"@type":"ReadAction","target":["https:\/\/www.clubdelemprendimiento.com\/blog\/nuestros-emprendedores\/experiencias-aromaticas-de-yolanda-del-moral\/"]}]},{"@type":"ImageObject","inLanguage":"es","@id":"https:\/\/www.clubdelemprendimiento.com\/blog\/nuestros-emprendedores\/experiencias-aromaticas-de-yolanda-del-moral\/#primaryimage","url":"https:\/\/www.clubdelemprendimiento.com\/blog\/wp-content\/uploads\/2025\/02\/Foto-Yolanda-2-1200-pix.jpg","contentUrl":"https:\/\/www.clubdelemprendimiento.com\/blog\/wp-content\/uploads\/2025\/02\/Foto-Yolanda-2-1200-pix.jpg","width":1200,"height":800,"caption":"Experiencias Arom\u00e1ticas"},{"@type":"BreadcrumbList","@id":"https:\/\/www.clubdelemprendimiento.com\/blog\/nuestros-emprendedores\/experiencias-aromaticas-de-yolanda-del-moral\/#breadcrumb","itemListElement":[{"@type":"ListItem","position":1,"name":"Home","item":"https:\/\/www.clubdelemprendimiento.com\/blog\/"},{"@type":"ListItem","position":2,"name":"Experiencias Arom\u00e1ticas: \u00e9xito en la incubaci\u00f3n del club del emprendimiento"}]},{"@type":"WebSite","@id":"https:\/\/www.clubdelemprendimiento.com\/blog\/#website","url":"https:\/\/www.clubdelemprendimiento.com\/blog\/","name":"Blog Club del Emprendimiento","description":"","potentialAction":[{"@type":"SearchAction","target":{"@type":"EntryPoint","urlTemplate":"https:\/\/www.clubdelemprendimiento.com\/blog\/?s={search_term_string}"},"query-input":"required name=search_term_string"}],"inLanguage":"es"},{"@type":"Person","@id":"https:\/\/www.clubdelemprendimiento.com\/blog\/#\/schema\/person\/a82ce0fc1281064b1cab4855c351cea7","name":"Nerea Merino","image":{"@type":"ImageObject","inLanguage":"es","@id":"https:\/\/www.clubdelemprendimiento.com\/blog\/#\/schema\/person\/image\/","url":"https:\/\/secure.gravatar.com\/avatar\/3b1c906b7b4a65b22c04d52a020d4815?s=96&d=mm&r=g","contentUrl":"https:\/\/secure.gravatar.com\/avatar\/3b1c906b7b4a65b22c04d52a020d4815?s=96&d=mm&r=g","caption":"Nerea Merino"},"url":"https:\/\/www.clubdelemprendimiento.com\/blog\/author\/nerea\/"}]}},"_links":{"self":[{"href":"https:\/\/www.clubdelemprendimiento.com\/blog\/wp-json\/wp\/v2\/posts\/18219"}],"collection":[{"href":"https:\/\/www.clubdelemprendimiento.com\/blog\/wp-json\/wp\/v2\/posts"}],"about":[{"href":"https:\/\/www.clubdelemprendimiento.com\/blog\/wp-json\/wp\/v2\/types\/post"}],"author":[{"embeddable":true,"href":"https:\/\/www.clubdelemprendimiento.com\/blog\/wp-json\/wp\/v2\/users\/14"}],"replies":[{"embeddable":true,"href":"https:\/\/www.clubdelemprendimiento.com\/blog\/wp-json\/wp\/v2\/comments?post=18219"}],"version-history":[{"count":1,"href":"https:\/\/www.clubdelemprendimiento.com\/blog\/wp-json\/wp\/v2\/posts\/18219\/revisions"}],"predecessor-version":[{"id":18221,"href":"https:\/\/www.clubdelemprendimiento.com\/blog\/wp-json\/wp\/v2\/posts\/18219\/revisions\/18221"}],"wp:featuredmedia":[{"embeddable":true,"href":"https:\/\/www.clubdelemprendimiento.com\/blog\/wp-json\/wp\/v2\/media\/18220"}],"wp:attachment":[{"href":"https:\/\/www.clubdelemprendimiento.com\/blog\/wp-json\/wp\/v2\/media?parent=18219"}],"wp:term":[{"taxonomy":"category","embeddable":true,"href":"https:\/\/www.clubdelemprendimiento.com\/blog\/wp-json\/wp\/v2\/categories?post=18219"},{"taxonomy":"post_tag","embeddable":true,"href":"https:\/\/www.clubdelemprendimiento.com\/blog\/wp-json\/wp\/v2\/tags?post=18219"}],"curies":[{"name":"wp","href":"https:\/\/api.w.org\/{rel}","templated":true}]}}