{"id":18212,"date":"2025-03-03T09:03:54","date_gmt":"2025-03-03T09:03:54","guid":{"rendered":"https:\/\/www.clubdelemprendimiento.com\/blog\/?p=18212"},"modified":"2025-02-20T09:11:34","modified_gmt":"2025-02-20T09:11:34","slug":"accidentes-laborales-preocupacion-por-la-prevencion","status":"publish","type":"post","link":"https:\/\/www.clubdelemprendimiento.com\/blog\/autonomos\/accidentes-laborales-preocupacion-por-la-prevencion\/","title":{"rendered":"Descienden los accidentes laborales entre los aut\u00f3nomos"},"content":{"rendered":"\n<p>El n\u00famero de trabajadores aut\u00f3nomos fallecidos en accidentes laborales en Espa\u00f1a descendi\u00f3 un 10,8% en 2024 con respecto al a\u00f1o anterior, situ\u00e1ndose en 66 muertes. A pesar de esta reducci\u00f3n, la siniestralidad laboral sigue siendo motivo de preocupaci\u00f3n, especialmente ante la falta de pol\u00edticas preventivas dirigidas a este colectivo.<\/p>\n\n\n\n<p>Seg\u00fan los datos de la Estad\u00edstica de Accidentes de Trabajo publicada por el <a href=\"https:\/\/www.mites.gob.es\/\" target=\"_blank\" rel=\"noreferrer noopener\">Ministerio de Trabajo y Econom\u00eda Social<\/a>, en 2024 se registraron 32.817 accidentes con baja entre los aut\u00f3nomos, lo que representa un descenso del 5,2% respecto a 2023. En contraste, los accidentes con baja entre los asalariados aumentaron un 0,9%, alcanzando los 595.483 casos.<\/p>\n\n\n\n<p>El secretario general de la Federaci\u00f3n Nacional de Asociaciones de Trabajadores Aut\u00f3nomos (ATA), Jos\u00e9 Luis Perea, ha denunciado la falta de iniciativas para mejorar la seguridad laboral de este colectivo. \u201cLas cifras siguen siendo inasumibles. No hay planes ni programas que fomenten una cultura de prevenci\u00f3n, y las administraciones han dejado de lado su responsabilidad en este \u00e1mbito\u201d, afirm\u00f3.<\/p>\n\n\n\n<h2 class=\"wp-block-heading\"><strong>Las comunidades m\u00e1s afectadas<\/strong><\/h2>\n\n\n\n<p>Por territorios, Andaluc\u00eda, Comunidad Valenciana y Catalu\u00f1a encabezaron el n\u00famero de fallecimientos entre los trabajadores aut\u00f3nomos, con ocho muertes cada una. Tambi\u00e9n destacan Castilla-La Mancha y Castilla y Le\u00f3n, con siete fallecimientos, seguidas de Galicia (6), Navarra (5) y Extremadura y Arag\u00f3n (4 cada una). En Madrid se contabilizaron dos fallecimientos, mientras que Baleares, Canarias, Murcia y La Rioja registraron uno.<\/p>\n\n\n\n<p>Sin embargo, si se analiza la incidencia de los accidentes mortales en relaci\u00f3n con el n\u00famero de aut\u00f3nomos afiliados, Navarra (11,02), Extremadura (5,16) y Castilla-La Mancha (4,87) presentan los \u00edndices m\u00e1s altos, lo que refleja una mayor gravedad del problema en estas regiones.<\/p>\n\n\n\n<h2 class=\"wp-block-heading\"><strong>El sector servicios, el m\u00e1s afectado<\/strong> <strong>por los accidentes laborales <\/strong><\/h2>\n\n\n\n<p>El sector servicios acumul\u00f3 el mayor n\u00famero de accidentes laborales con baja entre los aut\u00f3nomos en 2024, con 16.224 casos, seguido de la construcci\u00f3n (9.700), la agricultura (3.721) y la industria (3.172). En t\u00e9rminos de accidentes mortales, el sector servicios tambi\u00e9n lidera con 29 fallecimientos, seguido de la construcci\u00f3n y la agricultura, ambos con 15, y la industria, con 7.<\/p>\n\n\n\n<h2 class=\"wp-block-heading\"><strong>Llamado a reforzar la prevenci\u00f3n<\/strong><\/h2>\n\n\n\n<p>A pesar de la reducci\u00f3n en el n\u00famero de accidentes laborales entre los aut\u00f3nomos, los datos siguen reflejando una realidad preocupante. Jos\u00e9 Luis Perea insiste en que es urgente desarrollar planes de prevenci\u00f3n que mejoren la seguridad de los trabajadores por cuenta propia. \u201cNo podemos permitir que 66 aut\u00f3nomos pierdan la vida mientras desarrollan su actividad. Falta mucho por hacer en materia de prevenci\u00f3n\u201d, concluy\u00f3.<\/p>\n","protected":false},"excerpt":{"rendered":"<p>El n\u00famero de trabajadores aut\u00f3nomos fallecidos en accidentes laborales en Espa\u00f1a descendi\u00f3 un 10,8%&hellip;<\/p>\n","protected":false},"author":14,"featured_media":18213,"comment_status":"open","ping_status":"open","sticky":false,"template":"","format":"standard","meta":{"_acf_changed":false,"footnotes":""},"categories":[255],"tags":[],"acf":[],"yoast_head":"<!-- This site is optimized with the Yoast SEO plugin v22.7 - https:\/\/yoast.com\/wordpress\/plugins\/seo\/ -->\n<title>Accidentes laborales: preocupaci\u00f3n por la prevenci\u00f3n<\/title>\n<meta name=\"description\" content=\"Los accidentes laborales entre aut\u00f3nomos bajan un 10,8% en 2024, pero sigue la preocupaci\u00f3n por la falta de pol\u00edticas de prevenci\u00f3n.\" \/>\n<meta name=\"robots\" content=\"index, follow, max-snippet:-1, max-image-preview:large, max-video-preview:-1\" \/>\n<link rel=\"canonical\" href=\"https:\/\/www.clubdelemprendimiento.com\/blog\/autonomos\/accidentes-laborales-preocupacion-por-la-prevencion\/\" \/>\n<meta property=\"og:locale\" content=\"es_ES\" \/>\n<meta property=\"og:type\" content=\"article\" \/>\n<meta property=\"og:title\" content=\"Accidentes laborales: preocupaci\u00f3n por la prevenci\u00f3n\" \/>\n<meta property=\"og:description\" content=\"Los accidentes laborales entre aut\u00f3nomos bajan un 10,8% en 2024, pero sigue la preocupaci\u00f3n por la falta de pol\u00edticas de prevenci\u00f3n.\" \/>\n<meta property=\"og:url\" content=\"https:\/\/www.clubdelemprendimiento.com\/blog\/autonomos\/accidentes-laborales-preocupacion-por-la-prevencion\/\" \/>\n<meta property=\"og:site_name\" content=\"Blog Club del Emprendimiento\" \/>\n<meta property=\"article:published_time\" content=\"2025-03-03T09:03:54+00:00\" \/>\n<meta property=\"article:modified_time\" content=\"2025-02-20T09:11:34+00:00\" \/>\n<meta property=\"og:image\" content=\"https:\/\/www.clubdelemprendimiento.com\/blog\/wp-content\/uploads\/2025\/02\/24852.jpg\" \/>\n\t<meta property=\"og:image:width\" content=\"1500\" \/>\n\t<meta property=\"og:image:height\" content=\"1000\" \/>\n\t<meta property=\"og:image:type\" content=\"image\/jpeg\" \/>\n<meta name=\"author\" content=\"Nerea Merino\" \/>\n<meta name=\"twitter:card\" content=\"summary_large_image\" \/>\n<meta name=\"twitter:label1\" content=\"Escrito por\" \/>\n\t<meta name=\"twitter:data1\" content=\"Nerea Merino\" \/>\n\t<meta name=\"twitter:label2\" content=\"Tiempo de lectura\" \/>\n\t<meta name=\"twitter:data2\" content=\"3 minutos\" \/>\n<script type=\"application\/ld+json\" class=\"yoast-schema-graph\">{\"@context\":\"https:\/\/schema.org\",\"@graph\":[{\"@type\":\"WebPage\",\"@id\":\"https:\/\/www.clubdelemprendimiento.com\/blog\/autonomos\/accidentes-laborales-preocupacion-por-la-prevencion\/\",\"url\":\"https:\/\/www.clubdelemprendimiento.com\/blog\/autonomos\/accidentes-laborales-preocupacion-por-la-prevencion\/\",\"name\":\"Accidentes laborales: preocupaci\u00f3n por la prevenci\u00f3n\",\"isPartOf\":{\"@id\":\"https:\/\/www.clubdelemprendimiento.com\/blog\/#website\"},\"primaryImageOfPage\":{\"@id\":\"https:\/\/www.clubdelemprendimiento.com\/blog\/autonomos\/accidentes-laborales-preocupacion-por-la-prevencion\/#primaryimage\"},\"image\":{\"@id\":\"https:\/\/www.clubdelemprendimiento.com\/blog\/autonomos\/accidentes-laborales-preocupacion-por-la-prevencion\/#primaryimage\"},\"thumbnailUrl\":\"https:\/\/www.clubdelemprendimiento.com\/blog\/wp-content\/uploads\/2025\/02\/24852.jpg\",\"datePublished\":\"2025-03-03T09:03:54+00:00\",\"dateModified\":\"2025-02-20T09:11:34+00:00\",\"author\":{\"@id\":\"https:\/\/www.clubdelemprendimiento.com\/blog\/#\/schema\/person\/a82ce0fc1281064b1cab4855c351cea7\"},\"description\":\"Los accidentes laborales entre aut\u00f3nomos bajan un 10,8% en 2024, pero sigue la preocupaci\u00f3n por la falta de pol\u00edticas de prevenci\u00f3n.\",\"breadcrumb\":{\"@id\":\"https:\/\/www.clubdelemprendimiento.com\/blog\/autonomos\/accidentes-laborales-preocupacion-por-la-prevencion\/#breadcrumb\"},\"inLanguage\":\"es\",\"potentialAction\":[{\"@type\":\"ReadAction\",\"target\":[\"https:\/\/www.clubdelemprendimiento.com\/blog\/autonomos\/accidentes-laborales-preocupacion-por-la-prevencion\/\"]}]},{\"@type\":\"ImageObject\",\"inLanguage\":\"es\",\"@id\":\"https:\/\/www.clubdelemprendimiento.com\/blog\/autonomos\/accidentes-laborales-preocupacion-por-la-prevencion\/#primaryimage\",\"url\":\"https:\/\/www.clubdelemprendimiento.com\/blog\/wp-content\/uploads\/2025\/02\/24852.jpg\",\"contentUrl\":\"https:\/\/www.clubdelemprendimiento.com\/blog\/wp-content\/uploads\/2025\/02\/24852.jpg\",\"width\":1500,\"height\":1000,\"caption\":\"accidentes laborales\"},{\"@type\":\"BreadcrumbList\",\"@id\":\"https:\/\/www.clubdelemprendimiento.com\/blog\/autonomos\/accidentes-laborales-preocupacion-por-la-prevencion\/#breadcrumb\",\"itemListElement\":[{\"@type\":\"ListItem\",\"position\":1,\"name\":\"Home\",\"item\":\"https:\/\/www.clubdelemprendimiento.com\/blog\/\"},{\"@type\":\"ListItem\",\"position\":2,\"name\":\"Descienden los accidentes laborales entre los aut\u00f3nomos\"}]},{\"@type\":\"WebSite\",\"@id\":\"https:\/\/www.clubdelemprendimiento.com\/blog\/#website\",\"url\":\"https:\/\/www.clubdelemprendimiento.com\/blog\/\",\"name\":\"Blog Club del Emprendimiento\",\"description\":\"\",\"potentialAction\":[{\"@type\":\"SearchAction\",\"target\":{\"@type\":\"EntryPoint\",\"urlTemplate\":\"https:\/\/www.clubdelemprendimiento.com\/blog\/?s={search_term_string}\"},\"query-input\":\"required name=search_term_string\"}],\"inLanguage\":\"es\"},{\"@type\":\"Person\",\"@id\":\"https:\/\/www.clubdelemprendimiento.com\/blog\/#\/schema\/person\/a82ce0fc1281064b1cab4855c351cea7\",\"name\":\"Nerea Merino\",\"image\":{\"@type\":\"ImageObject\",\"inLanguage\":\"es\",\"@id\":\"https:\/\/www.clubdelemprendimiento.com\/blog\/#\/schema\/person\/image\/\",\"url\":\"https:\/\/secure.gravatar.com\/avatar\/3b1c906b7b4a65b22c04d52a020d4815?s=96&d=mm&r=g\",\"contentUrl\":\"https:\/\/secure.gravatar.com\/avatar\/3b1c906b7b4a65b22c04d52a020d4815?s=96&d=mm&r=g\",\"caption\":\"Nerea Merino\"},\"url\":\"https:\/\/www.clubdelemprendimiento.com\/blog\/author\/nerea\/\"}]}<\/script>\n<!-- \/ Yoast SEO plugin. -->","yoast_head_json":{"title":"Accidentes laborales: preocupaci\u00f3n por la prevenci\u00f3n","description":"Los accidentes laborales entre aut\u00f3nomos bajan un 10,8% en 2024, pero sigue la preocupaci\u00f3n por la falta de pol\u00edticas de prevenci\u00f3n.","robots":{"index":"index","follow":"follow","max-snippet":"max-snippet:-1","max-image-preview":"max-image-preview:large","max-video-preview":"max-video-preview:-1"},"canonical":"https:\/\/www.clubdelemprendimiento.com\/blog\/autonomos\/accidentes-laborales-preocupacion-por-la-prevencion\/","og_locale":"es_ES","og_type":"article","og_title":"Accidentes laborales: preocupaci\u00f3n por la prevenci\u00f3n","og_description":"Los accidentes laborales entre aut\u00f3nomos bajan un 10,8% en 2024, pero sigue la preocupaci\u00f3n por la falta de pol\u00edticas de prevenci\u00f3n.","og_url":"https:\/\/www.clubdelemprendimiento.com\/blog\/autonomos\/accidentes-laborales-preocupacion-por-la-prevencion\/","og_site_name":"Blog Club del Emprendimiento","article_published_time":"2025-03-03T09:03:54+00:00","article_modified_time":"2025-02-20T09:11:34+00:00","og_image":[{"width":1500,"height":1000,"url":"https:\/\/www.clubdelemprendimiento.com\/blog\/wp-content\/uploads\/2025\/02\/24852.jpg","type":"image\/jpeg"}],"author":"Nerea Merino","twitter_card":"summary_large_image","twitter_misc":{"Escrito por":"Nerea Merino","Tiempo de lectura":"3 minutos"},"schema":{"@context":"https:\/\/schema.org","@graph":[{"@type":"WebPage","@id":"https:\/\/www.clubdelemprendimiento.com\/blog\/autonomos\/accidentes-laborales-preocupacion-por-la-prevencion\/","url":"https:\/\/www.clubdelemprendimiento.com\/blog\/autonomos\/accidentes-laborales-preocupacion-por-la-prevencion\/","name":"Accidentes laborales: preocupaci\u00f3n por la prevenci\u00f3n","isPartOf":{"@id":"https:\/\/www.clubdelemprendimiento.com\/blog\/#website"},"primaryImageOfPage":{"@id":"https:\/\/www.clubdelemprendimiento.com\/blog\/autonomos\/accidentes-laborales-preocupacion-por-la-prevencion\/#primaryimage"},"image":{"@id":"https:\/\/www.clubdelemprendimiento.com\/blog\/autonomos\/accidentes-laborales-preocupacion-por-la-prevencion\/#primaryimage"},"thumbnailUrl":"https:\/\/www.clubdelemprendimiento.com\/blog\/wp-content\/uploads\/2025\/02\/24852.jpg","datePublished":"2025-03-03T09:03:54+00:00","dateModified":"2025-02-20T09:11:34+00:00","author":{"@id":"https:\/\/www.clubdelemprendimiento.com\/blog\/#\/schema\/person\/a82ce0fc1281064b1cab4855c351cea7"},"description":"Los accidentes laborales entre aut\u00f3nomos bajan un 10,8% en 2024, pero sigue la preocupaci\u00f3n por la falta de pol\u00edticas de prevenci\u00f3n.","breadcrumb":{"@id":"https:\/\/www.clubdelemprendimiento.com\/blog\/autonomos\/accidentes-laborales-preocupacion-por-la-prevencion\/#breadcrumb"},"inLanguage":"es","potentialAction":[{"@type":"ReadAction","target":["https:\/\/www.clubdelemprendimiento.com\/blog\/autonomos\/accidentes-laborales-preocupacion-por-la-prevencion\/"]}]},{"@type":"ImageObject","inLanguage":"es","@id":"https:\/\/www.clubdelemprendimiento.com\/blog\/autonomos\/accidentes-laborales-preocupacion-por-la-prevencion\/#primaryimage","url":"https:\/\/www.clubdelemprendimiento.com\/blog\/wp-content\/uploads\/2025\/02\/24852.jpg","contentUrl":"https:\/\/www.clubdelemprendimiento.com\/blog\/wp-content\/uploads\/2025\/02\/24852.jpg","width":1500,"height":1000,"caption":"accidentes laborales"},{"@type":"BreadcrumbList","@id":"https:\/\/www.clubdelemprendimiento.com\/blog\/autonomos\/accidentes-laborales-preocupacion-por-la-prevencion\/#breadcrumb","itemListElement":[{"@type":"ListItem","position":1,"name":"Home","item":"https:\/\/www.clubdelemprendimiento.com\/blog\/"},{"@type":"ListItem","position":2,"name":"Descienden los accidentes laborales entre los aut\u00f3nomos"}]},{"@type":"WebSite","@id":"https:\/\/www.clubdelemprendimiento.com\/blog\/#website","url":"https:\/\/www.clubdelemprendimiento.com\/blog\/","name":"Blog Club del Emprendimiento","description":"","potentialAction":[{"@type":"SearchAction","target":{"@type":"EntryPoint","urlTemplate":"https:\/\/www.clubdelemprendimiento.com\/blog\/?s={search_term_string}"},"query-input":"required name=search_term_string"}],"inLanguage":"es"},{"@type":"Person","@id":"https:\/\/www.clubdelemprendimiento.com\/blog\/#\/schema\/person\/a82ce0fc1281064b1cab4855c351cea7","name":"Nerea Merino","image":{"@type":"ImageObject","inLanguage":"es","@id":"https:\/\/www.clubdelemprendimiento.com\/blog\/#\/schema\/person\/image\/","url":"https:\/\/secure.gravatar.com\/avatar\/3b1c906b7b4a65b22c04d52a020d4815?s=96&d=mm&r=g","contentUrl":"https:\/\/secure.gravatar.com\/avatar\/3b1c906b7b4a65b22c04d52a020d4815?s=96&d=mm&r=g","caption":"Nerea Merino"},"url":"https:\/\/www.clubdelemprendimiento.com\/blog\/author\/nerea\/"}]}},"_links":{"self":[{"href":"https:\/\/www.clubdelemprendimiento.com\/blog\/wp-json\/wp\/v2\/posts\/18212"}],"collection":[{"href":"https:\/\/www.clubdelemprendimiento.com\/blog\/wp-json\/wp\/v2\/posts"}],"about":[{"href":"https:\/\/www.clubdelemprendimiento.com\/blog\/wp-json\/wp\/v2\/types\/post"}],"author":[{"embeddable":true,"href":"https:\/\/www.clubdelemprendimiento.com\/blog\/wp-json\/wp\/v2\/users\/14"}],"replies":[{"embeddable":true,"href":"https:\/\/www.clubdelemprendimiento.com\/blog\/wp-json\/wp\/v2\/comments?post=18212"}],"version-history":[{"count":1,"href":"https:\/\/www.clubdelemprendimiento.com\/blog\/wp-json\/wp\/v2\/posts\/18212\/revisions"}],"predecessor-version":[{"id":18214,"href":"https:\/\/www.clubdelemprendimiento.com\/blog\/wp-json\/wp\/v2\/posts\/18212\/revisions\/18214"}],"wp:featuredmedia":[{"embeddable":true,"href":"https:\/\/www.clubdelemprendimiento.com\/blog\/wp-json\/wp\/v2\/media\/18213"}],"wp:attachment":[{"href":"https:\/\/www.clubdelemprendimiento.com\/blog\/wp-json\/wp\/v2\/media?parent=18212"}],"wp:term":[{"taxonomy":"category","embeddable":true,"href":"https:\/\/www.clubdelemprendimiento.com\/blog\/wp-json\/wp\/v2\/categories?post=18212"},{"taxonomy":"post_tag","embeddable":true,"href":"https:\/\/www.clubdelemprendimiento.com\/blog\/wp-json\/wp\/v2\/tags?post=18212"}],"curies":[{"name":"wp","href":"https:\/\/api.w.org\/{rel}","templated":true}]}}