{"id":18149,"date":"2025-02-05T07:53:30","date_gmt":"2025-02-05T07:53:30","guid":{"rendered":"https:\/\/www.clubdelemprendimiento.com\/blog\/?p=18149"},"modified":"2025-01-28T07:59:06","modified_gmt":"2025-01-28T07:59:06","slug":"el-crecimiento-de-las-pymes-en-europa","status":"publish","type":"post","link":"https:\/\/www.clubdelemprendimiento.com\/blog\/pymes\/el-crecimiento-de-las-pymes-en-europa\/","title":{"rendered":"El auge y los desaf\u00edos de las pymes en Europa"},"content":{"rendered":"\n<p>Las peque\u00f1as y medianas empresas se han convertido en la columna vertebral de la econom\u00eda europea, ya que representan hasta el<strong> 99,8% de los negocios activos en el continente.<\/strong> Seg\u00fan un reciente informe elaborado por Holded y Visma, con el apoyo de Kantar, <strong>Europa alberga actualmente 24,5 millones de pymes<\/strong>, un n\u00famero que sigue creciendo gracias al dinamismo de los nuevos emprendedores.<\/p>\n\n\n\n<p>La mitad de estas empresas han surgido en los \u00faltimos 15 a\u00f1os, reflejando un impulso renovado en el esp\u00edritu empresarial. En el caso de Espa\u00f1a, los datos ofrecen una visi\u00f3n interesante de las motivaciones detr\u00e1s de quienes se animan a emprender: mientras un 24% lo hace por pura pasi\u00f3n, otro 10% busca mejorar su calidad de vida mediante una mejor conciliaci\u00f3n entre trabajo y familia. Sin embargo, un dato llamativo del informe es que apenas<strong> el 2% de los emprendedores en el pa\u00eds cita un cambio social como su motor principal.<\/strong><\/p>\n\n\n\n<h2 class=\"wp-block-heading\">Desaf\u00edos de las pymes en Europa<\/h2>\n\n\n\n<p>No obstante, a pesar de los datos anteriores, el camino del emprendimiento no est\u00e1 exento de dificultades. A nivel europeo, los nuevos negocios enfrentan principalmente el reto de ganar visibilidad en mercados cada vez m\u00e1s competitivos.&nbsp;<\/p>\n\n\n\n<p>En Espa\u00f1a, los emprendedores se encuentran con desaf\u00edos m\u00e1s espec\u00edficos. Entre los que destacan principalmente:<\/p>\n\n\n\n<ul>\n<li>La dificultad para acceder a <strong>financiaci\u00f3n<\/strong>.<\/li>\n\n\n\n<li>Una <strong>legislaci\u00f3n <\/strong>compleja.<\/li>\n\n\n\n<li>Presi\u00f3n de la <strong>competencia<\/strong>.\u00a0<\/li>\n<\/ul>\n\n\n\n<p>Estos factores son percibidos como las principales barreras que limitan tanto el nacimiento como el crecimiento de las pymes en Europa. <\/p>\n\n\n\n<p>Este estudio revela el peso de las pymes en la econom\u00eda y pone en evidencia <strong>las \u00e1reas que requieren apoyo adicional para garantizar su sostenibilidad.<\/strong> Con un enfoque estrat\u00e9gico en la innovaci\u00f3n, la simplificaci\u00f3n de procesos legales y el acceso a recursos financieros, las pymes en Europa podr\u00edan consolidarse a\u00fan m\u00e1s como el motor del desarrollo econ\u00f3mico.\u00a0<\/p>\n","protected":false},"excerpt":{"rendered":"<p>Las peque\u00f1as y medianas empresas se han convertido en la columna vertebral de la&hellip;<\/p>\n","protected":false},"author":14,"featured_media":18150,"comment_status":"open","ping_status":"open","sticky":false,"template":"","format":"standard","meta":{"_acf_changed":false,"footnotes":""},"categories":[256],"tags":[],"acf":[],"yoast_head":"<!-- This site is optimized with the Yoast SEO plugin v22.7 - https:\/\/yoast.com\/wordpress\/plugins\/seo\/ -->\n<title>El crecimiento de las pymes en Europa<\/title>\n<meta name=\"description\" content=\"Las pymes en Europa representan el 99,8% de las empresas activas. Un estudio revela sus retos y motivaciones principales.\" \/>\n<meta name=\"robots\" content=\"index, follow, max-snippet:-1, max-image-preview:large, max-video-preview:-1\" \/>\n<link rel=\"canonical\" href=\"https:\/\/www.clubdelemprendimiento.com\/blog\/pymes\/el-crecimiento-de-las-pymes-en-europa\/\" \/>\n<meta property=\"og:locale\" content=\"es_ES\" \/>\n<meta property=\"og:type\" content=\"article\" \/>\n<meta property=\"og:title\" content=\"El crecimiento de las pymes en Europa\" \/>\n<meta property=\"og:description\" content=\"Las pymes en Europa representan el 99,8% de las empresas activas. Un estudio revela sus retos y motivaciones principales.\" \/>\n<meta property=\"og:url\" content=\"https:\/\/www.clubdelemprendimiento.com\/blog\/pymes\/el-crecimiento-de-las-pymes-en-europa\/\" \/>\n<meta property=\"og:site_name\" content=\"Blog Club del Emprendimiento\" \/>\n<meta property=\"article:published_time\" content=\"2025-02-05T07:53:30+00:00\" \/>\n<meta property=\"article:modified_time\" content=\"2025-01-28T07:59:06+00:00\" \/>\n<meta property=\"og:image\" content=\"https:\/\/www.clubdelemprendimiento.com\/blog\/wp-content\/uploads\/2025\/01\/124059.jpg\" \/>\n\t<meta property=\"og:image:width\" content=\"1500\" \/>\n\t<meta property=\"og:image:height\" content=\"1001\" \/>\n\t<meta property=\"og:image:type\" content=\"image\/jpeg\" \/>\n<meta name=\"author\" content=\"Nerea Merino\" \/>\n<meta name=\"twitter:card\" content=\"summary_large_image\" \/>\n<meta name=\"twitter:label1\" content=\"Escrito por\" \/>\n\t<meta name=\"twitter:data1\" content=\"Nerea Merino\" \/>\n\t<meta name=\"twitter:label2\" content=\"Tiempo de lectura\" \/>\n\t<meta name=\"twitter:data2\" content=\"2 minutos\" \/>\n<script type=\"application\/ld+json\" class=\"yoast-schema-graph\">{\"@context\":\"https:\/\/schema.org\",\"@graph\":[{\"@type\":\"WebPage\",\"@id\":\"https:\/\/www.clubdelemprendimiento.com\/blog\/pymes\/el-crecimiento-de-las-pymes-en-europa\/\",\"url\":\"https:\/\/www.clubdelemprendimiento.com\/blog\/pymes\/el-crecimiento-de-las-pymes-en-europa\/\",\"name\":\"El crecimiento de las pymes en Europa\",\"isPartOf\":{\"@id\":\"https:\/\/www.clubdelemprendimiento.com\/blog\/#website\"},\"primaryImageOfPage\":{\"@id\":\"https:\/\/www.clubdelemprendimiento.com\/blog\/pymes\/el-crecimiento-de-las-pymes-en-europa\/#primaryimage\"},\"image\":{\"@id\":\"https:\/\/www.clubdelemprendimiento.com\/blog\/pymes\/el-crecimiento-de-las-pymes-en-europa\/#primaryimage\"},\"thumbnailUrl\":\"https:\/\/www.clubdelemprendimiento.com\/blog\/wp-content\/uploads\/2025\/01\/124059.jpg\",\"datePublished\":\"2025-02-05T07:53:30+00:00\",\"dateModified\":\"2025-01-28T07:59:06+00:00\",\"author\":{\"@id\":\"https:\/\/www.clubdelemprendimiento.com\/blog\/#\/schema\/person\/a82ce0fc1281064b1cab4855c351cea7\"},\"description\":\"Las pymes en Europa representan el 99,8% de las empresas activas. Un estudio revela sus retos y motivaciones principales.\",\"breadcrumb\":{\"@id\":\"https:\/\/www.clubdelemprendimiento.com\/blog\/pymes\/el-crecimiento-de-las-pymes-en-europa\/#breadcrumb\"},\"inLanguage\":\"es\",\"potentialAction\":[{\"@type\":\"ReadAction\",\"target\":[\"https:\/\/www.clubdelemprendimiento.com\/blog\/pymes\/el-crecimiento-de-las-pymes-en-europa\/\"]}]},{\"@type\":\"ImageObject\",\"inLanguage\":\"es\",\"@id\":\"https:\/\/www.clubdelemprendimiento.com\/blog\/pymes\/el-crecimiento-de-las-pymes-en-europa\/#primaryimage\",\"url\":\"https:\/\/www.clubdelemprendimiento.com\/blog\/wp-content\/uploads\/2025\/01\/124059.jpg\",\"contentUrl\":\"https:\/\/www.clubdelemprendimiento.com\/blog\/wp-content\/uploads\/2025\/01\/124059.jpg\",\"width\":1500,\"height\":1001,\"caption\":\"pymes en Europa\"},{\"@type\":\"BreadcrumbList\",\"@id\":\"https:\/\/www.clubdelemprendimiento.com\/blog\/pymes\/el-crecimiento-de-las-pymes-en-europa\/#breadcrumb\",\"itemListElement\":[{\"@type\":\"ListItem\",\"position\":1,\"name\":\"Home\",\"item\":\"https:\/\/www.clubdelemprendimiento.com\/blog\/\"},{\"@type\":\"ListItem\",\"position\":2,\"name\":\"El auge y los desaf\u00edos de las pymes en Europa\"}]},{\"@type\":\"WebSite\",\"@id\":\"https:\/\/www.clubdelemprendimiento.com\/blog\/#website\",\"url\":\"https:\/\/www.clubdelemprendimiento.com\/blog\/\",\"name\":\"Blog Club del Emprendimiento\",\"description\":\"\",\"potentialAction\":[{\"@type\":\"SearchAction\",\"target\":{\"@type\":\"EntryPoint\",\"urlTemplate\":\"https:\/\/www.clubdelemprendimiento.com\/blog\/?s={search_term_string}\"},\"query-input\":\"required name=search_term_string\"}],\"inLanguage\":\"es\"},{\"@type\":\"Person\",\"@id\":\"https:\/\/www.clubdelemprendimiento.com\/blog\/#\/schema\/person\/a82ce0fc1281064b1cab4855c351cea7\",\"name\":\"Nerea Merino\",\"image\":{\"@type\":\"ImageObject\",\"inLanguage\":\"es\",\"@id\":\"https:\/\/www.clubdelemprendimiento.com\/blog\/#\/schema\/person\/image\/\",\"url\":\"https:\/\/secure.gravatar.com\/avatar\/3b1c906b7b4a65b22c04d52a020d4815?s=96&d=mm&r=g\",\"contentUrl\":\"https:\/\/secure.gravatar.com\/avatar\/3b1c906b7b4a65b22c04d52a020d4815?s=96&d=mm&r=g\",\"caption\":\"Nerea Merino\"},\"url\":\"https:\/\/www.clubdelemprendimiento.com\/blog\/author\/nerea\/\"}]}<\/script>\n<!-- \/ Yoast SEO plugin. -->","yoast_head_json":{"title":"El crecimiento de las pymes en Europa","description":"Las pymes en Europa representan el 99,8% de las empresas activas. Un estudio revela sus retos y motivaciones principales.","robots":{"index":"index","follow":"follow","max-snippet":"max-snippet:-1","max-image-preview":"max-image-preview:large","max-video-preview":"max-video-preview:-1"},"canonical":"https:\/\/www.clubdelemprendimiento.com\/blog\/pymes\/el-crecimiento-de-las-pymes-en-europa\/","og_locale":"es_ES","og_type":"article","og_title":"El crecimiento de las pymes en Europa","og_description":"Las pymes en Europa representan el 99,8% de las empresas activas. Un estudio revela sus retos y motivaciones principales.","og_url":"https:\/\/www.clubdelemprendimiento.com\/blog\/pymes\/el-crecimiento-de-las-pymes-en-europa\/","og_site_name":"Blog Club del Emprendimiento","article_published_time":"2025-02-05T07:53:30+00:00","article_modified_time":"2025-01-28T07:59:06+00:00","og_image":[{"width":1500,"height":1001,"url":"https:\/\/www.clubdelemprendimiento.com\/blog\/wp-content\/uploads\/2025\/01\/124059.jpg","type":"image\/jpeg"}],"author":"Nerea Merino","twitter_card":"summary_large_image","twitter_misc":{"Escrito por":"Nerea Merino","Tiempo de lectura":"2 minutos"},"schema":{"@context":"https:\/\/schema.org","@graph":[{"@type":"WebPage","@id":"https:\/\/www.clubdelemprendimiento.com\/blog\/pymes\/el-crecimiento-de-las-pymes-en-europa\/","url":"https:\/\/www.clubdelemprendimiento.com\/blog\/pymes\/el-crecimiento-de-las-pymes-en-europa\/","name":"El crecimiento de las pymes en Europa","isPartOf":{"@id":"https:\/\/www.clubdelemprendimiento.com\/blog\/#website"},"primaryImageOfPage":{"@id":"https:\/\/www.clubdelemprendimiento.com\/blog\/pymes\/el-crecimiento-de-las-pymes-en-europa\/#primaryimage"},"image":{"@id":"https:\/\/www.clubdelemprendimiento.com\/blog\/pymes\/el-crecimiento-de-las-pymes-en-europa\/#primaryimage"},"thumbnailUrl":"https:\/\/www.clubdelemprendimiento.com\/blog\/wp-content\/uploads\/2025\/01\/124059.jpg","datePublished":"2025-02-05T07:53:30+00:00","dateModified":"2025-01-28T07:59:06+00:00","author":{"@id":"https:\/\/www.clubdelemprendimiento.com\/blog\/#\/schema\/person\/a82ce0fc1281064b1cab4855c351cea7"},"description":"Las pymes en Europa representan el 99,8% de las empresas activas. Un estudio revela sus retos y motivaciones principales.","breadcrumb":{"@id":"https:\/\/www.clubdelemprendimiento.com\/blog\/pymes\/el-crecimiento-de-las-pymes-en-europa\/#breadcrumb"},"inLanguage":"es","potentialAction":[{"@type":"ReadAction","target":["https:\/\/www.clubdelemprendimiento.com\/blog\/pymes\/el-crecimiento-de-las-pymes-en-europa\/"]}]},{"@type":"ImageObject","inLanguage":"es","@id":"https:\/\/www.clubdelemprendimiento.com\/blog\/pymes\/el-crecimiento-de-las-pymes-en-europa\/#primaryimage","url":"https:\/\/www.clubdelemprendimiento.com\/blog\/wp-content\/uploads\/2025\/01\/124059.jpg","contentUrl":"https:\/\/www.clubdelemprendimiento.com\/blog\/wp-content\/uploads\/2025\/01\/124059.jpg","width":1500,"height":1001,"caption":"pymes en Europa"},{"@type":"BreadcrumbList","@id":"https:\/\/www.clubdelemprendimiento.com\/blog\/pymes\/el-crecimiento-de-las-pymes-en-europa\/#breadcrumb","itemListElement":[{"@type":"ListItem","position":1,"name":"Home","item":"https:\/\/www.clubdelemprendimiento.com\/blog\/"},{"@type":"ListItem","position":2,"name":"El auge y los desaf\u00edos de las pymes en Europa"}]},{"@type":"WebSite","@id":"https:\/\/www.clubdelemprendimiento.com\/blog\/#website","url":"https:\/\/www.clubdelemprendimiento.com\/blog\/","name":"Blog Club del Emprendimiento","description":"","potentialAction":[{"@type":"SearchAction","target":{"@type":"EntryPoint","urlTemplate":"https:\/\/www.clubdelemprendimiento.com\/blog\/?s={search_term_string}"},"query-input":"required name=search_term_string"}],"inLanguage":"es"},{"@type":"Person","@id":"https:\/\/www.clubdelemprendimiento.com\/blog\/#\/schema\/person\/a82ce0fc1281064b1cab4855c351cea7","name":"Nerea Merino","image":{"@type":"ImageObject","inLanguage":"es","@id":"https:\/\/www.clubdelemprendimiento.com\/blog\/#\/schema\/person\/image\/","url":"https:\/\/secure.gravatar.com\/avatar\/3b1c906b7b4a65b22c04d52a020d4815?s=96&d=mm&r=g","contentUrl":"https:\/\/secure.gravatar.com\/avatar\/3b1c906b7b4a65b22c04d52a020d4815?s=96&d=mm&r=g","caption":"Nerea Merino"},"url":"https:\/\/www.clubdelemprendimiento.com\/blog\/author\/nerea\/"}]}},"_links":{"self":[{"href":"https:\/\/www.clubdelemprendimiento.com\/blog\/wp-json\/wp\/v2\/posts\/18149"}],"collection":[{"href":"https:\/\/www.clubdelemprendimiento.com\/blog\/wp-json\/wp\/v2\/posts"}],"about":[{"href":"https:\/\/www.clubdelemprendimiento.com\/blog\/wp-json\/wp\/v2\/types\/post"}],"author":[{"embeddable":true,"href":"https:\/\/www.clubdelemprendimiento.com\/blog\/wp-json\/wp\/v2\/users\/14"}],"replies":[{"embeddable":true,"href":"https:\/\/www.clubdelemprendimiento.com\/blog\/wp-json\/wp\/v2\/comments?post=18149"}],"version-history":[{"count":1,"href":"https:\/\/www.clubdelemprendimiento.com\/blog\/wp-json\/wp\/v2\/posts\/18149\/revisions"}],"predecessor-version":[{"id":18151,"href":"https:\/\/www.clubdelemprendimiento.com\/blog\/wp-json\/wp\/v2\/posts\/18149\/revisions\/18151"}],"wp:featuredmedia":[{"embeddable":true,"href":"https:\/\/www.clubdelemprendimiento.com\/blog\/wp-json\/wp\/v2\/media\/18150"}],"wp:attachment":[{"href":"https:\/\/www.clubdelemprendimiento.com\/blog\/wp-json\/wp\/v2\/media?parent=18149"}],"wp:term":[{"taxonomy":"category","embeddable":true,"href":"https:\/\/www.clubdelemprendimiento.com\/blog\/wp-json\/wp\/v2\/categories?post=18149"},{"taxonomy":"post_tag","embeddable":true,"href":"https:\/\/www.clubdelemprendimiento.com\/blog\/wp-json\/wp\/v2\/tags?post=18149"}],"curies":[{"name":"wp","href":"https:\/\/api.w.org\/{rel}","templated":true}]}}