{"id":18068,"date":"2025-01-02T07:27:33","date_gmt":"2025-01-02T07:27:33","guid":{"rendered":"https:\/\/www.clubdelemprendimiento.com\/blog\/?p=18068"},"modified":"2024-12-26T07:34:04","modified_gmt":"2024-12-26T07:34:04","slug":"los-costes-laborales-frenan-a-las-pymes","status":"publish","type":"post","link":"https:\/\/www.clubdelemprendimiento.com\/blog\/nuestros-emprendedores\/los-costes-laborales-frenan-a-las-pymes\/","title":{"rendered":"El aumento de los costes laborales: un desaf\u00edo cr\u00edtico para las pymes espa\u00f1olas"},"content":{"rendered":"\n<p>En los \u00faltimos a\u00f1os, las peque\u00f1as y medianas empresas (pymes) en Espa\u00f1a han enfrentado un entorno cada vez m\u00e1s complejo debido al aumento significativo de los costes laborales. Seg\u00fan el Indicador CEPYME sobre la Situaci\u00f3n de las Pymes Espa\u00f1olas, los costes laborales han acumulado un alza del 18,1% desde 2019, una tendencia que est\u00e1 afectando gravemente la rentabilidad, el empleo y la capacidad de estas empresas para competir y crecer.<\/p>\n\n\n\n<h2 class=\"wp-block-heading\"><strong>Un entorno econ\u00f3mico desafiante<\/strong><\/h2>\n\n\n\n<p>El tercer trimestre de 2024 dej\u00f3 cifras preocupantes para las pymes espa\u00f1olas. A pesar de una moderaci\u00f3n en la inflaci\u00f3n y una reducci\u00f3n del 10,2% en el precio de la energ\u00eda durante el trimestre, los costes laborales continuaron al alza, con un aumento del 4,2% interanual. Este incremento, ajustado por inflaci\u00f3n, sigue siendo del 3%, el mayor ritmo desde 2021.<\/p>\n\n\n\n<p>Estos aumentos no son aislados. Si se compara con el periodo prepandemia, los costes generales de las pymes han subido un 24,1%. En el caso de los insumos, el incremento alcanza un 36,7%, mientras que los costes energ\u00e9ticos se sit\u00faan un 68,5% por encima de los niveles de 2019. Todo esto crea un entorno especialmente hostil para las microempresas, que son las m\u00e1s afectadas por el aumento de los costes laborales.<\/p>\n\n\n\n<h2 class=\"wp-block-heading\"><strong>Impacto desigual seg\u00fan el tama\u00f1o de la empresa<\/strong><\/h2>\n\n\n\n<p>El tama\u00f1o de la empresa influye significativamente en c\u00f3mo se ven afectadas por el aumento de los costes. Desde 2019, las peque\u00f1as empresas han experimentado un incremento del 19,3% en los costes laborales, frente al 15,3% en el caso de las medianas empresas. Las microempresas, que representan el 85% del tejido empresarial con asalariados, han visto un estancamiento en el empleo y una reducci\u00f3n del 1,9% en su n\u00famero desde el mismo periodo.<\/p>\n\n\n\n<p>En contraste, las grandes empresas han logrado adaptarse mejor a estas subidas, aumentando un 10,9% su n\u00famero desde 2022. Este segmento ha creado una media de 130 empleos por empresa, mientras que las medianas han incorporado a 6 trabajadores y las peque\u00f1as a 1,2 empleados. En las microempresas, se necesitan 39 firmas para generar un \u00fanico empleo asalariado, lo que evidencia su limitada capacidad para absorber estos aumentos de costes.<\/p>\n\n\n\n<h2 class=\"wp-block-heading\"><strong>Un problema de productividad y ventas<\/strong><\/h2>\n\n\n\n<p>La <a href=\"https:\/\/www.clubdelemprendimiento.com\/blog\/pymes\/la-productividad-de-las-pymes-continua-en-caida\/\" target=\"_blank\" rel=\"noreferrer noopener\">productividad de las pymes<\/a> encadena ya siete trimestres consecutivos de ca\u00eddas interanuales. Esta tendencia lastra su capacidad de recuperaci\u00f3n y afecta directamente a su rentabilidad, que se encuentra un 12% por debajo de los niveles de 2019.<\/p>\n\n\n\n<p>En t\u00e9rminos de ventas, las cifras tambi\u00e9n reflejan un panorama desigual. Las pymes lograron un repunte nominal del 5% en el tercer trimestre de 2024, pero este aumento se reduce al 3,9% al ajustarse por inflaci\u00f3n. M\u00e1s preocupante es el caso de las peque\u00f1as empresas, cuyo volumen de ventas es apenas un 0,6% superior al de 2019, muy por debajo del crecimiento del 14,5% registrado por las medianas compa\u00f1\u00edas.<\/p>\n\n\n\n<h2 class=\"wp-block-heading\"><strong>Medidas necesarias para mitigar el impacto<\/strong> <strong>de los costes laborales <\/strong><\/h2>\n\n\n\n<p>Ante este panorama, CEPYME ha subrayado la necesidad de moderar los costes laborales, especialmente en las microempresas. Pol\u00edticas como el incremento del salario m\u00ednimo interprofesional (SMI) o los aumentos en las cotizaciones sociales deben ser dise\u00f1adas con cautela para evitar agravar a\u00fan m\u00e1s la situaci\u00f3n.<\/p>\n\n\n\n<p>Adem\u00e1s, CEPYME insta a fomentar medidas que impulsen la productividad y la competitividad de las pymes. Esto incluye:<\/p>\n\n\n\n<ul>\n<li><strong>Incentivar la digitalizaci\u00f3n<\/strong>: Proveer acceso a herramientas tecnol\u00f3gicas que mejoren la eficiencia operativa.<\/li>\n\n\n\n<li><strong>Facilitar el acceso al cr\u00e9dito<\/strong>: Garantizar que las pymes puedan financiar inversiones que potencien su crecimiento.<\/li>\n\n\n\n<li><strong>Promover la formaci\u00f3n<\/strong>: Aumentar las competencias de los trabajadores para mejorar la productividad general.<\/li>\n\n\n\n<li><strong>Fomentar la ganancia de tama\u00f1o empresarial<\/strong>: Reducir barreras que impiden a las pymes crecer y alcanzar econom\u00edas de escala.<\/li>\n<\/ul>\n","protected":false},"excerpt":{"rendered":"<p>En los \u00faltimos a\u00f1os, las peque\u00f1as y medianas empresas (pymes) en Espa\u00f1a han enfrentado&hellip;<\/p>\n","protected":false},"author":14,"featured_media":18069,"comment_status":"open","ping_status":"open","sticky":false,"template":"","format":"standard","meta":{"_acf_changed":false,"footnotes":""},"categories":[91],"tags":[],"acf":[],"yoast_head":"<!-- This site is optimized with the Yoast SEO plugin v22.7 - https:\/\/yoast.com\/wordpress\/plugins\/seo\/ -->\n<title>Costes laborales frenan pymes<\/title>\n<meta name=\"description\" content=\"Los costes laborales suben un 18,1% desde 2019. CEPYME alerta sobre su impacto en rentabilidad, empleo y productividad de las pymes.\" \/>\n<meta name=\"robots\" content=\"index, follow, max-snippet:-1, max-image-preview:large, max-video-preview:-1\" \/>\n<link rel=\"canonical\" href=\"https:\/\/www.clubdelemprendimiento.com\/blog\/nuestros-emprendedores\/los-costes-laborales-frenan-a-las-pymes\/\" \/>\n<meta property=\"og:locale\" content=\"es_ES\" \/>\n<meta property=\"og:type\" content=\"article\" \/>\n<meta property=\"og:title\" content=\"Costes laborales frenan pymes\" \/>\n<meta property=\"og:description\" content=\"Los costes laborales suben un 18,1% desde 2019. CEPYME alerta sobre su impacto en rentabilidad, empleo y productividad de las pymes.\" \/>\n<meta property=\"og:url\" content=\"https:\/\/www.clubdelemprendimiento.com\/blog\/nuestros-emprendedores\/los-costes-laborales-frenan-a-las-pymes\/\" \/>\n<meta property=\"og:site_name\" content=\"Blog Club del Emprendimiento\" \/>\n<meta property=\"article:published_time\" content=\"2025-01-02T07:27:33+00:00\" \/>\n<meta property=\"article:modified_time\" content=\"2024-12-26T07:34:04+00:00\" \/>\n<meta property=\"og:image\" content=\"https:\/\/www.clubdelemprendimiento.com\/blog\/wp-content\/uploads\/2024\/12\/2148793754.jpg\" \/>\n\t<meta property=\"og:image:width\" content=\"1500\" \/>\n\t<meta property=\"og:image:height\" content=\"844\" \/>\n\t<meta property=\"og:image:type\" content=\"image\/jpeg\" \/>\n<meta name=\"author\" content=\"Nerea Merino\" \/>\n<meta name=\"twitter:card\" content=\"summary_large_image\" \/>\n<meta name=\"twitter:label1\" content=\"Escrito por\" \/>\n\t<meta name=\"twitter:data1\" content=\"Nerea Merino\" \/>\n\t<meta name=\"twitter:label2\" content=\"Tiempo de lectura\" \/>\n\t<meta name=\"twitter:data2\" content=\"3 minutos\" \/>\n<script type=\"application\/ld+json\" class=\"yoast-schema-graph\">{\"@context\":\"https:\/\/schema.org\",\"@graph\":[{\"@type\":\"WebPage\",\"@id\":\"https:\/\/www.clubdelemprendimiento.com\/blog\/nuestros-emprendedores\/los-costes-laborales-frenan-a-las-pymes\/\",\"url\":\"https:\/\/www.clubdelemprendimiento.com\/blog\/nuestros-emprendedores\/los-costes-laborales-frenan-a-las-pymes\/\",\"name\":\"Costes laborales frenan pymes\",\"isPartOf\":{\"@id\":\"https:\/\/www.clubdelemprendimiento.com\/blog\/#website\"},\"primaryImageOfPage\":{\"@id\":\"https:\/\/www.clubdelemprendimiento.com\/blog\/nuestros-emprendedores\/los-costes-laborales-frenan-a-las-pymes\/#primaryimage\"},\"image\":{\"@id\":\"https:\/\/www.clubdelemprendimiento.com\/blog\/nuestros-emprendedores\/los-costes-laborales-frenan-a-las-pymes\/#primaryimage\"},\"thumbnailUrl\":\"https:\/\/www.clubdelemprendimiento.com\/blog\/wp-content\/uploads\/2024\/12\/2148793754.jpg\",\"datePublished\":\"2025-01-02T07:27:33+00:00\",\"dateModified\":\"2024-12-26T07:34:04+00:00\",\"author\":{\"@id\":\"https:\/\/www.clubdelemprendimiento.com\/blog\/#\/schema\/person\/a82ce0fc1281064b1cab4855c351cea7\"},\"description\":\"Los costes laborales suben un 18,1% desde 2019. CEPYME alerta sobre su impacto en rentabilidad, empleo y productividad de las pymes.\",\"breadcrumb\":{\"@id\":\"https:\/\/www.clubdelemprendimiento.com\/blog\/nuestros-emprendedores\/los-costes-laborales-frenan-a-las-pymes\/#breadcrumb\"},\"inLanguage\":\"es\",\"potentialAction\":[{\"@type\":\"ReadAction\",\"target\":[\"https:\/\/www.clubdelemprendimiento.com\/blog\/nuestros-emprendedores\/los-costes-laborales-frenan-a-las-pymes\/\"]}]},{\"@type\":\"ImageObject\",\"inLanguage\":\"es\",\"@id\":\"https:\/\/www.clubdelemprendimiento.com\/blog\/nuestros-emprendedores\/los-costes-laborales-frenan-a-las-pymes\/#primaryimage\",\"url\":\"https:\/\/www.clubdelemprendimiento.com\/blog\/wp-content\/uploads\/2024\/12\/2148793754.jpg\",\"contentUrl\":\"https:\/\/www.clubdelemprendimiento.com\/blog\/wp-content\/uploads\/2024\/12\/2148793754.jpg\",\"width\":1500,\"height\":844,\"caption\":\"costes laborales\"},{\"@type\":\"BreadcrumbList\",\"@id\":\"https:\/\/www.clubdelemprendimiento.com\/blog\/nuestros-emprendedores\/los-costes-laborales-frenan-a-las-pymes\/#breadcrumb\",\"itemListElement\":[{\"@type\":\"ListItem\",\"position\":1,\"name\":\"Home\",\"item\":\"https:\/\/www.clubdelemprendimiento.com\/blog\/\"},{\"@type\":\"ListItem\",\"position\":2,\"name\":\"El aumento de los costes laborales: un desaf\u00edo cr\u00edtico para las pymes espa\u00f1olas\"}]},{\"@type\":\"WebSite\",\"@id\":\"https:\/\/www.clubdelemprendimiento.com\/blog\/#website\",\"url\":\"https:\/\/www.clubdelemprendimiento.com\/blog\/\",\"name\":\"Blog Club del Emprendimiento\",\"description\":\"\",\"potentialAction\":[{\"@type\":\"SearchAction\",\"target\":{\"@type\":\"EntryPoint\",\"urlTemplate\":\"https:\/\/www.clubdelemprendimiento.com\/blog\/?s={search_term_string}\"},\"query-input\":\"required name=search_term_string\"}],\"inLanguage\":\"es\"},{\"@type\":\"Person\",\"@id\":\"https:\/\/www.clubdelemprendimiento.com\/blog\/#\/schema\/person\/a82ce0fc1281064b1cab4855c351cea7\",\"name\":\"Nerea Merino\",\"image\":{\"@type\":\"ImageObject\",\"inLanguage\":\"es\",\"@id\":\"https:\/\/www.clubdelemprendimiento.com\/blog\/#\/schema\/person\/image\/\",\"url\":\"https:\/\/secure.gravatar.com\/avatar\/3b1c906b7b4a65b22c04d52a020d4815?s=96&d=mm&r=g\",\"contentUrl\":\"https:\/\/secure.gravatar.com\/avatar\/3b1c906b7b4a65b22c04d52a020d4815?s=96&d=mm&r=g\",\"caption\":\"Nerea Merino\"},\"url\":\"https:\/\/www.clubdelemprendimiento.com\/blog\/author\/nerea\/\"}]}<\/script>\n<!-- \/ Yoast SEO plugin. -->","yoast_head_json":{"title":"Costes laborales frenan pymes","description":"Los costes laborales suben un 18,1% desde 2019. CEPYME alerta sobre su impacto en rentabilidad, empleo y productividad de las pymes.","robots":{"index":"index","follow":"follow","max-snippet":"max-snippet:-1","max-image-preview":"max-image-preview:large","max-video-preview":"max-video-preview:-1"},"canonical":"https:\/\/www.clubdelemprendimiento.com\/blog\/nuestros-emprendedores\/los-costes-laborales-frenan-a-las-pymes\/","og_locale":"es_ES","og_type":"article","og_title":"Costes laborales frenan pymes","og_description":"Los costes laborales suben un 18,1% desde 2019. CEPYME alerta sobre su impacto en rentabilidad, empleo y productividad de las pymes.","og_url":"https:\/\/www.clubdelemprendimiento.com\/blog\/nuestros-emprendedores\/los-costes-laborales-frenan-a-las-pymes\/","og_site_name":"Blog Club del Emprendimiento","article_published_time":"2025-01-02T07:27:33+00:00","article_modified_time":"2024-12-26T07:34:04+00:00","og_image":[{"width":1500,"height":844,"url":"https:\/\/www.clubdelemprendimiento.com\/blog\/wp-content\/uploads\/2024\/12\/2148793754.jpg","type":"image\/jpeg"}],"author":"Nerea Merino","twitter_card":"summary_large_image","twitter_misc":{"Escrito por":"Nerea Merino","Tiempo de lectura":"3 minutos"},"schema":{"@context":"https:\/\/schema.org","@graph":[{"@type":"WebPage","@id":"https:\/\/www.clubdelemprendimiento.com\/blog\/nuestros-emprendedores\/los-costes-laborales-frenan-a-las-pymes\/","url":"https:\/\/www.clubdelemprendimiento.com\/blog\/nuestros-emprendedores\/los-costes-laborales-frenan-a-las-pymes\/","name":"Costes laborales frenan pymes","isPartOf":{"@id":"https:\/\/www.clubdelemprendimiento.com\/blog\/#website"},"primaryImageOfPage":{"@id":"https:\/\/www.clubdelemprendimiento.com\/blog\/nuestros-emprendedores\/los-costes-laborales-frenan-a-las-pymes\/#primaryimage"},"image":{"@id":"https:\/\/www.clubdelemprendimiento.com\/blog\/nuestros-emprendedores\/los-costes-laborales-frenan-a-las-pymes\/#primaryimage"},"thumbnailUrl":"https:\/\/www.clubdelemprendimiento.com\/blog\/wp-content\/uploads\/2024\/12\/2148793754.jpg","datePublished":"2025-01-02T07:27:33+00:00","dateModified":"2024-12-26T07:34:04+00:00","author":{"@id":"https:\/\/www.clubdelemprendimiento.com\/blog\/#\/schema\/person\/a82ce0fc1281064b1cab4855c351cea7"},"description":"Los costes laborales suben un 18,1% desde 2019. CEPYME alerta sobre su impacto en rentabilidad, empleo y productividad de las pymes.","breadcrumb":{"@id":"https:\/\/www.clubdelemprendimiento.com\/blog\/nuestros-emprendedores\/los-costes-laborales-frenan-a-las-pymes\/#breadcrumb"},"inLanguage":"es","potentialAction":[{"@type":"ReadAction","target":["https:\/\/www.clubdelemprendimiento.com\/blog\/nuestros-emprendedores\/los-costes-laborales-frenan-a-las-pymes\/"]}]},{"@type":"ImageObject","inLanguage":"es","@id":"https:\/\/www.clubdelemprendimiento.com\/blog\/nuestros-emprendedores\/los-costes-laborales-frenan-a-las-pymes\/#primaryimage","url":"https:\/\/www.clubdelemprendimiento.com\/blog\/wp-content\/uploads\/2024\/12\/2148793754.jpg","contentUrl":"https:\/\/www.clubdelemprendimiento.com\/blog\/wp-content\/uploads\/2024\/12\/2148793754.jpg","width":1500,"height":844,"caption":"costes laborales"},{"@type":"BreadcrumbList","@id":"https:\/\/www.clubdelemprendimiento.com\/blog\/nuestros-emprendedores\/los-costes-laborales-frenan-a-las-pymes\/#breadcrumb","itemListElement":[{"@type":"ListItem","position":1,"name":"Home","item":"https:\/\/www.clubdelemprendimiento.com\/blog\/"},{"@type":"ListItem","position":2,"name":"El aumento de los costes laborales: un desaf\u00edo cr\u00edtico para las pymes espa\u00f1olas"}]},{"@type":"WebSite","@id":"https:\/\/www.clubdelemprendimiento.com\/blog\/#website","url":"https:\/\/www.clubdelemprendimiento.com\/blog\/","name":"Blog Club del Emprendimiento","description":"","potentialAction":[{"@type":"SearchAction","target":{"@type":"EntryPoint","urlTemplate":"https:\/\/www.clubdelemprendimiento.com\/blog\/?s={search_term_string}"},"query-input":"required name=search_term_string"}],"inLanguage":"es"},{"@type":"Person","@id":"https:\/\/www.clubdelemprendimiento.com\/blog\/#\/schema\/person\/a82ce0fc1281064b1cab4855c351cea7","name":"Nerea Merino","image":{"@type":"ImageObject","inLanguage":"es","@id":"https:\/\/www.clubdelemprendimiento.com\/blog\/#\/schema\/person\/image\/","url":"https:\/\/secure.gravatar.com\/avatar\/3b1c906b7b4a65b22c04d52a020d4815?s=96&d=mm&r=g","contentUrl":"https:\/\/secure.gravatar.com\/avatar\/3b1c906b7b4a65b22c04d52a020d4815?s=96&d=mm&r=g","caption":"Nerea Merino"},"url":"https:\/\/www.clubdelemprendimiento.com\/blog\/author\/nerea\/"}]}},"_links":{"self":[{"href":"https:\/\/www.clubdelemprendimiento.com\/blog\/wp-json\/wp\/v2\/posts\/18068"}],"collection":[{"href":"https:\/\/www.clubdelemprendimiento.com\/blog\/wp-json\/wp\/v2\/posts"}],"about":[{"href":"https:\/\/www.clubdelemprendimiento.com\/blog\/wp-json\/wp\/v2\/types\/post"}],"author":[{"embeddable":true,"href":"https:\/\/www.clubdelemprendimiento.com\/blog\/wp-json\/wp\/v2\/users\/14"}],"replies":[{"embeddable":true,"href":"https:\/\/www.clubdelemprendimiento.com\/blog\/wp-json\/wp\/v2\/comments?post=18068"}],"version-history":[{"count":1,"href":"https:\/\/www.clubdelemprendimiento.com\/blog\/wp-json\/wp\/v2\/posts\/18068\/revisions"}],"predecessor-version":[{"id":18070,"href":"https:\/\/www.clubdelemprendimiento.com\/blog\/wp-json\/wp\/v2\/posts\/18068\/revisions\/18070"}],"wp:featuredmedia":[{"embeddable":true,"href":"https:\/\/www.clubdelemprendimiento.com\/blog\/wp-json\/wp\/v2\/media\/18069"}],"wp:attachment":[{"href":"https:\/\/www.clubdelemprendimiento.com\/blog\/wp-json\/wp\/v2\/media?parent=18068"}],"wp:term":[{"taxonomy":"category","embeddable":true,"href":"https:\/\/www.clubdelemprendimiento.com\/blog\/wp-json\/wp\/v2\/categories?post=18068"},{"taxonomy":"post_tag","embeddable":true,"href":"https:\/\/www.clubdelemprendimiento.com\/blog\/wp-json\/wp\/v2\/tags?post=18068"}],"curies":[{"name":"wp","href":"https:\/\/api.w.org\/{rel}","templated":true}]}}