{"id":17949,"date":"2024-11-15T10:00:00","date_gmt":"2024-11-15T10:00:00","guid":{"rendered":"https:\/\/www.clubdelemprendimiento.com\/blog\/?p=17949"},"modified":"2024-11-12T07:20:17","modified_gmt":"2024-11-12T07:20:17","slug":"en-octubre-la-afiliacion-de-autonomos-alcanza-un-record-de-la-ultima-decada","status":"publish","type":"post","link":"https:\/\/www.clubdelemprendimiento.com\/blog\/autonomos\/en-octubre-la-afiliacion-de-autonomos-alcanza-un-record-de-la-ultima-decada\/","title":{"rendered":"En octubre, la afiliaci\u00f3n de aut\u00f3nomos alcanza un r\u00e9cord de la \u00faltima d\u00e9cada"},"content":{"rendered":"\n<p>Seg\u00fan los datos de la Seguridad Social, <strong>el n\u00famero de afiliados al R\u00e9gimen Especial de Trabajadores Aut\u00f3nomos (<a href=\"https:\/\/www.seg-social.es\/wps\/portal\/wss\/internet\/Trabajadores\/Afiliacion\/10548\/32825\">RETA<\/a>) creci\u00f3 en octubre en 7.836 personas<\/strong>, un incremento mensual del 0,2%. Las comunidades de <strong>Madrid y Andaluc\u00eda destacan como principales motores<\/strong> de este crecimiento, con 3.085 y 1.649 nuevos aut\u00f3nomos. Representan juntas el 60% del aumento total de la afiliaci\u00f3n de aut\u00f3nomos.<\/p>\n\n\n\n<p>En general, el mercado laboral ha mostrado un buen comportamiento en octubre: <strong>adem\u00e1s del crecimiento en el RETA, se registraron 134.307 nuevos cotizantes a la Seguridad Social. <\/strong>Al mismo tiempo, el paro aument\u00f3 en 26.769 personas, una cifra inferior a la del mismo mes del a\u00f1o pasado, cuando se a\u00f1adieron 36.936 desempleados.<\/p>\n\n\n\n<p>El presidente de la Asociaci\u00f3n de Trabajadores Aut\u00f3nomos (ATA), Lorenzo Amor, coment\u00f3 sobre estos resultados: \u00abSi bien observamos una desaceleraci\u00f3n en el empleo en meses previos, octubre mostr\u00f3 un crecimiento interanual en la generaci\u00f3n de empleo. Sin embargo, el mercado laboral enfrenta retos, especialmente para aut\u00f3nomos y peque\u00f1as empresas, debido al aumento de los costos de producci\u00f3n y la incertidumbre en el entorno legal y econ\u00f3mico\u00bb. Amor tambi\u00e9n subray\u00f3 la compensaci\u00f3n de la ca\u00edda en el empleo en microempresas por el aumento de la ocupaci\u00f3n en grandes empresas. \u201cMientras el empleo en empresas y aut\u00f3nomos con 1 o 2 trabajadores ha ca\u00eddo del 21,6% en 2019 al 18,88% en septiembre de 2024, las empresas con m\u00e1s de 500 trabajadores est\u00e1n creando empleo a un ritmo del 5%\u201d, a\u00f1adi\u00f3.<\/p>\n\n\n\n<p>Estos datos reflejan c\u00f3mo <strong>el empleo se est\u00e1 destruyendo en empresas y aut\u00f3nomos de menor tama\u00f1o<\/strong>, mientras que el crecimiento se centra en organizaciones de mayor envergadura. Aunque el crecimiento de aut\u00f3nomos en octubre es superior al de a\u00f1os anteriores, <strong>persiste la preocupaci\u00f3n por la desaparici\u00f3n de peque\u00f1as empresas y el aumento del paro.<\/strong><\/p>\n\n\n\n<h2 class=\"wp-block-heading\"><strong>Madrid y Andaluc\u00eda impulsan el crecimiento de afiliaci\u00f3n de aut\u00f3nomos<\/strong><\/h2>\n\n\n\n<p><strong>El aumento de 7.836 aut\u00f3nomos en octubre super\u00f3 la cifra de 5.439 nuevos aut\u00f3nomos registrada en el mismo mes de 2023<\/strong>. A nivel regional, Madrid y Andaluc\u00eda representan el 60% de este crecimiento, mientras que Baleares (-1.037), Galicia (-163) y Asturias (-122) mostraron un descenso en el n\u00famero de aut\u00f3nomos.<\/p>\n\n\n\n<p>En cuanto a sectores, <strong>la educaci\u00f3n lidera el crecimiento en el RETA, con 4.850 nuevos afiliados<\/strong>, representando el 61,9% del aumento total de aut\u00f3nomos en octubre. Tambi\u00e9n crecieron con fuerza las <strong>actividades sanitarias y la construcci\u00f3n, con 1.509 y 1.162 nuevos afiliados<\/strong>, respectivamente.<\/p>\n\n\n\n<p>Por otro lado, <strong>sectores como hosteler\u00eda, comercio, agricultura e industria mostraron descensos en el n\u00famero de aut\u00f3nomos.<\/strong> Tras el fin de la campa\u00f1a de verano, hosteler\u00eda perdi\u00f3 3.259 afiliados, mientras que comercio, agricultura e industria registraron descensos de 2.229, 404 y 68 aut\u00f3nomos, respectivamente.<\/p>\n","protected":false},"excerpt":{"rendered":"<p>Seg\u00fan los datos de la Seguridad Social, el n\u00famero de afiliados al R\u00e9gimen Especial&hellip;<\/p>\n","protected":false},"author":20,"featured_media":17952,"comment_status":"open","ping_status":"open","sticky":false,"template":"","format":"standard","meta":{"_acf_changed":false,"footnotes":""},"categories":[255],"tags":[],"acf":[],"yoast_head":"<!-- This site is optimized with the Yoast SEO plugin v22.7 - https:\/\/yoast.com\/wordpress\/plugins\/seo\/ -->\n<title>Afiliaci\u00f3n de aut\u00f3nomos alcanza una cifra r\u00e9cord en octubre<\/title>\n<meta name=\"description\" content=\"Madrid y Andaluc\u00eda, con 3.085 y 1.649 nuevos aut\u00f3nomos, representan juntas el 60% del aumento total de la afiliaci\u00f3n de aut\u00f3nomos.\" \/>\n<meta name=\"robots\" content=\"index, follow, max-snippet:-1, max-image-preview:large, max-video-preview:-1\" \/>\n<link rel=\"canonical\" href=\"https:\/\/www.clubdelemprendimiento.com\/blog\/autonomos\/en-octubre-la-afiliacion-de-autonomos-alcanza-un-record-de-la-ultima-decada\/\" \/>\n<meta property=\"og:locale\" content=\"es_ES\" \/>\n<meta property=\"og:type\" content=\"article\" \/>\n<meta property=\"og:title\" content=\"Afiliaci\u00f3n de aut\u00f3nomos alcanza una cifra r\u00e9cord en octubre\" \/>\n<meta property=\"og:description\" content=\"Madrid y Andaluc\u00eda, con 3.085 y 1.649 nuevos aut\u00f3nomos, representan juntas el 60% del aumento total de la afiliaci\u00f3n de aut\u00f3nomos.\" \/>\n<meta property=\"og:url\" content=\"https:\/\/www.clubdelemprendimiento.com\/blog\/autonomos\/en-octubre-la-afiliacion-de-autonomos-alcanza-un-record-de-la-ultima-decada\/\" \/>\n<meta property=\"og:site_name\" content=\"Blog Club del Emprendimiento\" \/>\n<meta property=\"article:published_time\" content=\"2024-11-15T10:00:00+00:00\" \/>\n<meta property=\"article:modified_time\" content=\"2024-11-12T07:20:17+00:00\" \/>\n<meta property=\"og:image\" content=\"https:\/\/www.clubdelemprendimiento.com\/blog\/wp-content\/uploads\/2024\/11\/pexels-georgemorina-6918507-scaled.jpg\" \/>\n\t<meta property=\"og:image:width\" content=\"2560\" \/>\n\t<meta property=\"og:image:height\" content=\"1709\" \/>\n\t<meta property=\"og:image:type\" content=\"image\/jpeg\" \/>\n<meta name=\"author\" content=\"Daniel Sim\u00f3n\" \/>\n<meta name=\"twitter:card\" content=\"summary_large_image\" \/>\n<meta name=\"twitter:label1\" content=\"Escrito por\" \/>\n\t<meta name=\"twitter:data1\" content=\"Daniel Sim\u00f3n\" \/>\n\t<meta name=\"twitter:label2\" content=\"Tiempo de lectura\" \/>\n\t<meta name=\"twitter:data2\" content=\"1 minuto\" \/>\n<script type=\"application\/ld+json\" class=\"yoast-schema-graph\">{\"@context\":\"https:\/\/schema.org\",\"@graph\":[{\"@type\":\"WebPage\",\"@id\":\"https:\/\/www.clubdelemprendimiento.com\/blog\/autonomos\/en-octubre-la-afiliacion-de-autonomos-alcanza-un-record-de-la-ultima-decada\/\",\"url\":\"https:\/\/www.clubdelemprendimiento.com\/blog\/autonomos\/en-octubre-la-afiliacion-de-autonomos-alcanza-un-record-de-la-ultima-decada\/\",\"name\":\"Afiliaci\u00f3n de aut\u00f3nomos alcanza una cifra r\u00e9cord en octubre\",\"isPartOf\":{\"@id\":\"https:\/\/www.clubdelemprendimiento.com\/blog\/#website\"},\"primaryImageOfPage\":{\"@id\":\"https:\/\/www.clubdelemprendimiento.com\/blog\/autonomos\/en-octubre-la-afiliacion-de-autonomos-alcanza-un-record-de-la-ultima-decada\/#primaryimage\"},\"image\":{\"@id\":\"https:\/\/www.clubdelemprendimiento.com\/blog\/autonomos\/en-octubre-la-afiliacion-de-autonomos-alcanza-un-record-de-la-ultima-decada\/#primaryimage\"},\"thumbnailUrl\":\"https:\/\/www.clubdelemprendimiento.com\/blog\/wp-content\/uploads\/2024\/11\/pexels-georgemorina-6918507-scaled.jpg\",\"datePublished\":\"2024-11-15T10:00:00+00:00\",\"dateModified\":\"2024-11-12T07:20:17+00:00\",\"author\":{\"@id\":\"https:\/\/www.clubdelemprendimiento.com\/blog\/#\/schema\/person\/92232c47067066ec15f4377533351817\"},\"description\":\"Madrid y Andaluc\u00eda, con 3.085 y 1.649 nuevos aut\u00f3nomos, representan juntas el 60% del aumento total de la afiliaci\u00f3n de aut\u00f3nomos.\",\"breadcrumb\":{\"@id\":\"https:\/\/www.clubdelemprendimiento.com\/blog\/autonomos\/en-octubre-la-afiliacion-de-autonomos-alcanza-un-record-de-la-ultima-decada\/#breadcrumb\"},\"inLanguage\":\"es\",\"potentialAction\":[{\"@type\":\"ReadAction\",\"target\":[\"https:\/\/www.clubdelemprendimiento.com\/blog\/autonomos\/en-octubre-la-afiliacion-de-autonomos-alcanza-un-record-de-la-ultima-decada\/\"]}]},{\"@type\":\"ImageObject\",\"inLanguage\":\"es\",\"@id\":\"https:\/\/www.clubdelemprendimiento.com\/blog\/autonomos\/en-octubre-la-afiliacion-de-autonomos-alcanza-un-record-de-la-ultima-decada\/#primaryimage\",\"url\":\"https:\/\/www.clubdelemprendimiento.com\/blog\/wp-content\/uploads\/2024\/11\/pexels-georgemorina-6918507-scaled.jpg\",\"contentUrl\":\"https:\/\/www.clubdelemprendimiento.com\/blog\/wp-content\/uploads\/2024\/11\/pexels-georgemorina-6918507-scaled.jpg\",\"width\":2560,\"height\":1709,\"caption\":\"afiliaci\u00f3n de aut\u00f3nomos\"},{\"@type\":\"BreadcrumbList\",\"@id\":\"https:\/\/www.clubdelemprendimiento.com\/blog\/autonomos\/en-octubre-la-afiliacion-de-autonomos-alcanza-un-record-de-la-ultima-decada\/#breadcrumb\",\"itemListElement\":[{\"@type\":\"ListItem\",\"position\":1,\"name\":\"Home\",\"item\":\"https:\/\/www.clubdelemprendimiento.com\/blog\/\"},{\"@type\":\"ListItem\",\"position\":2,\"name\":\"En octubre, la afiliaci\u00f3n de aut\u00f3nomos alcanza un r\u00e9cord de la \u00faltima d\u00e9cada\"}]},{\"@type\":\"WebSite\",\"@id\":\"https:\/\/www.clubdelemprendimiento.com\/blog\/#website\",\"url\":\"https:\/\/www.clubdelemprendimiento.com\/blog\/\",\"name\":\"Blog Club del Emprendimiento\",\"description\":\"\",\"potentialAction\":[{\"@type\":\"SearchAction\",\"target\":{\"@type\":\"EntryPoint\",\"urlTemplate\":\"https:\/\/www.clubdelemprendimiento.com\/blog\/?s={search_term_string}\"},\"query-input\":\"required name=search_term_string\"}],\"inLanguage\":\"es\"},{\"@type\":\"Person\",\"@id\":\"https:\/\/www.clubdelemprendimiento.com\/blog\/#\/schema\/person\/92232c47067066ec15f4377533351817\",\"name\":\"Daniel Sim\u00f3n\",\"image\":{\"@type\":\"ImageObject\",\"inLanguage\":\"es\",\"@id\":\"https:\/\/www.clubdelemprendimiento.com\/blog\/#\/schema\/person\/image\/\",\"url\":\"https:\/\/secure.gravatar.com\/avatar\/5dae918ac4f617a644719cd381513179?s=96&d=mm&r=g\",\"contentUrl\":\"https:\/\/secure.gravatar.com\/avatar\/5dae918ac4f617a644719cd381513179?s=96&d=mm&r=g\",\"caption\":\"Daniel Sim\u00f3n\"},\"url\":\"https:\/\/www.clubdelemprendimiento.com\/blog\/author\/daniel\/\"}]}<\/script>\n<!-- \/ Yoast SEO plugin. -->","yoast_head_json":{"title":"Afiliaci\u00f3n de aut\u00f3nomos alcanza una cifra r\u00e9cord en octubre","description":"Madrid y Andaluc\u00eda, con 3.085 y 1.649 nuevos aut\u00f3nomos, representan juntas el 60% del aumento total de la afiliaci\u00f3n de aut\u00f3nomos.","robots":{"index":"index","follow":"follow","max-snippet":"max-snippet:-1","max-image-preview":"max-image-preview:large","max-video-preview":"max-video-preview:-1"},"canonical":"https:\/\/www.clubdelemprendimiento.com\/blog\/autonomos\/en-octubre-la-afiliacion-de-autonomos-alcanza-un-record-de-la-ultima-decada\/","og_locale":"es_ES","og_type":"article","og_title":"Afiliaci\u00f3n de aut\u00f3nomos alcanza una cifra r\u00e9cord en octubre","og_description":"Madrid y Andaluc\u00eda, con 3.085 y 1.649 nuevos aut\u00f3nomos, representan juntas el 60% del aumento total de la afiliaci\u00f3n de aut\u00f3nomos.","og_url":"https:\/\/www.clubdelemprendimiento.com\/blog\/autonomos\/en-octubre-la-afiliacion-de-autonomos-alcanza-un-record-de-la-ultima-decada\/","og_site_name":"Blog Club del Emprendimiento","article_published_time":"2024-11-15T10:00:00+00:00","article_modified_time":"2024-11-12T07:20:17+00:00","og_image":[{"width":2560,"height":1709,"url":"https:\/\/www.clubdelemprendimiento.com\/blog\/wp-content\/uploads\/2024\/11\/pexels-georgemorina-6918507-scaled.jpg","type":"image\/jpeg"}],"author":"Daniel Sim\u00f3n","twitter_card":"summary_large_image","twitter_misc":{"Escrito por":"Daniel Sim\u00f3n","Tiempo de lectura":"1 minuto"},"schema":{"@context":"https:\/\/schema.org","@graph":[{"@type":"WebPage","@id":"https:\/\/www.clubdelemprendimiento.com\/blog\/autonomos\/en-octubre-la-afiliacion-de-autonomos-alcanza-un-record-de-la-ultima-decada\/","url":"https:\/\/www.clubdelemprendimiento.com\/blog\/autonomos\/en-octubre-la-afiliacion-de-autonomos-alcanza-un-record-de-la-ultima-decada\/","name":"Afiliaci\u00f3n de aut\u00f3nomos alcanza una cifra r\u00e9cord en octubre","isPartOf":{"@id":"https:\/\/www.clubdelemprendimiento.com\/blog\/#website"},"primaryImageOfPage":{"@id":"https:\/\/www.clubdelemprendimiento.com\/blog\/autonomos\/en-octubre-la-afiliacion-de-autonomos-alcanza-un-record-de-la-ultima-decada\/#primaryimage"},"image":{"@id":"https:\/\/www.clubdelemprendimiento.com\/blog\/autonomos\/en-octubre-la-afiliacion-de-autonomos-alcanza-un-record-de-la-ultima-decada\/#primaryimage"},"thumbnailUrl":"https:\/\/www.clubdelemprendimiento.com\/blog\/wp-content\/uploads\/2024\/11\/pexels-georgemorina-6918507-scaled.jpg","datePublished":"2024-11-15T10:00:00+00:00","dateModified":"2024-11-12T07:20:17+00:00","author":{"@id":"https:\/\/www.clubdelemprendimiento.com\/blog\/#\/schema\/person\/92232c47067066ec15f4377533351817"},"description":"Madrid y Andaluc\u00eda, con 3.085 y 1.649 nuevos aut\u00f3nomos, representan juntas el 60% del aumento total de la afiliaci\u00f3n de aut\u00f3nomos.","breadcrumb":{"@id":"https:\/\/www.clubdelemprendimiento.com\/blog\/autonomos\/en-octubre-la-afiliacion-de-autonomos-alcanza-un-record-de-la-ultima-decada\/#breadcrumb"},"inLanguage":"es","potentialAction":[{"@type":"ReadAction","target":["https:\/\/www.clubdelemprendimiento.com\/blog\/autonomos\/en-octubre-la-afiliacion-de-autonomos-alcanza-un-record-de-la-ultima-decada\/"]}]},{"@type":"ImageObject","inLanguage":"es","@id":"https:\/\/www.clubdelemprendimiento.com\/blog\/autonomos\/en-octubre-la-afiliacion-de-autonomos-alcanza-un-record-de-la-ultima-decada\/#primaryimage","url":"https:\/\/www.clubdelemprendimiento.com\/blog\/wp-content\/uploads\/2024\/11\/pexels-georgemorina-6918507-scaled.jpg","contentUrl":"https:\/\/www.clubdelemprendimiento.com\/blog\/wp-content\/uploads\/2024\/11\/pexels-georgemorina-6918507-scaled.jpg","width":2560,"height":1709,"caption":"afiliaci\u00f3n de aut\u00f3nomos"},{"@type":"BreadcrumbList","@id":"https:\/\/www.clubdelemprendimiento.com\/blog\/autonomos\/en-octubre-la-afiliacion-de-autonomos-alcanza-un-record-de-la-ultima-decada\/#breadcrumb","itemListElement":[{"@type":"ListItem","position":1,"name":"Home","item":"https:\/\/www.clubdelemprendimiento.com\/blog\/"},{"@type":"ListItem","position":2,"name":"En octubre, la afiliaci\u00f3n de aut\u00f3nomos alcanza un r\u00e9cord de la \u00faltima d\u00e9cada"}]},{"@type":"WebSite","@id":"https:\/\/www.clubdelemprendimiento.com\/blog\/#website","url":"https:\/\/www.clubdelemprendimiento.com\/blog\/","name":"Blog Club del Emprendimiento","description":"","potentialAction":[{"@type":"SearchAction","target":{"@type":"EntryPoint","urlTemplate":"https:\/\/www.clubdelemprendimiento.com\/blog\/?s={search_term_string}"},"query-input":"required name=search_term_string"}],"inLanguage":"es"},{"@type":"Person","@id":"https:\/\/www.clubdelemprendimiento.com\/blog\/#\/schema\/person\/92232c47067066ec15f4377533351817","name":"Daniel Sim\u00f3n","image":{"@type":"ImageObject","inLanguage":"es","@id":"https:\/\/www.clubdelemprendimiento.com\/blog\/#\/schema\/person\/image\/","url":"https:\/\/secure.gravatar.com\/avatar\/5dae918ac4f617a644719cd381513179?s=96&d=mm&r=g","contentUrl":"https:\/\/secure.gravatar.com\/avatar\/5dae918ac4f617a644719cd381513179?s=96&d=mm&r=g","caption":"Daniel Sim\u00f3n"},"url":"https:\/\/www.clubdelemprendimiento.com\/blog\/author\/daniel\/"}]}},"_links":{"self":[{"href":"https:\/\/www.clubdelemprendimiento.com\/blog\/wp-json\/wp\/v2\/posts\/17949"}],"collection":[{"href":"https:\/\/www.clubdelemprendimiento.com\/blog\/wp-json\/wp\/v2\/posts"}],"about":[{"href":"https:\/\/www.clubdelemprendimiento.com\/blog\/wp-json\/wp\/v2\/types\/post"}],"author":[{"embeddable":true,"href":"https:\/\/www.clubdelemprendimiento.com\/blog\/wp-json\/wp\/v2\/users\/20"}],"replies":[{"embeddable":true,"href":"https:\/\/www.clubdelemprendimiento.com\/blog\/wp-json\/wp\/v2\/comments?post=17949"}],"version-history":[{"count":2,"href":"https:\/\/www.clubdelemprendimiento.com\/blog\/wp-json\/wp\/v2\/posts\/17949\/revisions"}],"predecessor-version":[{"id":17951,"href":"https:\/\/www.clubdelemprendimiento.com\/blog\/wp-json\/wp\/v2\/posts\/17949\/revisions\/17951"}],"wp:featuredmedia":[{"embeddable":true,"href":"https:\/\/www.clubdelemprendimiento.com\/blog\/wp-json\/wp\/v2\/media\/17952"}],"wp:attachment":[{"href":"https:\/\/www.clubdelemprendimiento.com\/blog\/wp-json\/wp\/v2\/media?parent=17949"}],"wp:term":[{"taxonomy":"category","embeddable":true,"href":"https:\/\/www.clubdelemprendimiento.com\/blog\/wp-json\/wp\/v2\/categories?post=17949"},{"taxonomy":"post_tag","embeddable":true,"href":"https:\/\/www.clubdelemprendimiento.com\/blog\/wp-json\/wp\/v2\/tags?post=17949"}],"curies":[{"name":"wp","href":"https:\/\/api.w.org\/{rel}","templated":true}]}}