{"id":17877,"date":"2024-10-25T10:00:00","date_gmt":"2024-10-25T10:00:00","guid":{"rendered":"https:\/\/www.clubdelemprendimiento.com\/blog\/?p=17877"},"modified":"2024-10-18T06:25:26","modified_gmt":"2024-10-18T06:25:26","slug":"accidente-de-trabajo-en-los-autonomos-un-balance-preocupante","status":"publish","type":"post","link":"https:\/\/www.clubdelemprendimiento.com\/blog\/autonomos\/accidente-de-trabajo-en-los-autonomos-un-balance-preocupante\/","title":{"rendered":"Accidente de trabajo en los aut\u00f3nomos: un balance preocupante"},"content":{"rendered":"\n<p>Un total de\u00a0<strong>37 aut\u00f3nomos fallecieron por accidente de trabajo\u00a0en Espa\u00f1a hasta agosto de 2024<\/strong>. En total,\u00a0<strong>21.659 aut\u00f3nomos<\/strong>\u00a0sufrieron alg\u00fan tipo de accidente, seg\u00fan los datos publicados por el <a href=\"https:\/\/www.mites.gob.es\">Ministerio de Trabajo y Econom\u00eda Social<\/a>. Esta cifra incluye\u00a0<strong>20.254 accidentes ocurridos durante la jornada laboral<\/strong>\u00a0y\u00a0<strong>1.405 accidentes in itinere<\/strong>\u00a0(al ir o volver del lugar de trabajo).<\/p>\n\n\n\n<h2 class=\"wp-block-heading\"><strong>Distribuci\u00f3n de accidentes y fallecimientos por comunidades aut\u00f3nomas<\/strong><\/h2>\n\n\n\n<p><strong>Andaluc\u00eda y Castilla y Le\u00f3n encabezan el n\u00famero de fallecimientos, con<\/strong>\u00a0<strong>6 muertes<\/strong>\u00a0registradas en cada comunidad. Otras comunidades con cifras elevadas son \u00a0<strong>Galicia (5 fallecidos)<\/strong>\u00a0y\u00a0<strong>Extremadura<\/strong>\u00a0y\u00a0<strong>Comunidad Valenciana (4 fallecidos cada una)<\/strong>.<br>En t\u00e9rminos absolutos, las regiones con mayor n\u00famero de accidentes son\u00a0<strong>Andaluc\u00eda (3.979)<\/strong>, seguida de\u00a0<strong>Catalu\u00f1a (3.071)<\/strong>,\u00a0<strong>Comunidad Valenciana (2.488)<\/strong>\u00a0y\u00a0<strong>Madrid (1.939)<\/strong>.<\/p>\n\n\n\n<h2 class=\"wp-block-heading\"><strong>Impacto de accidente de trabajo por sectores econ\u00f3micos<\/strong><\/h2>\n\n\n\n<p>Los accidentes de trabajo en los aut\u00f3nomos se concentran en sectores clave como:<\/p>\n\n\n\n<ul>\n<li><strong>Construcci\u00f3n<\/strong>:\u00a0<strong>6.237 accidentes<\/strong><\/li>\n\n\n\n<li><strong>Reparaci\u00f3n de veh\u00edculos a motor<\/strong>:\u00a0<strong>2.805 accidentes<\/strong><\/li>\n\n\n\n<li><strong>Agricultura, ganader\u00eda, silvicultura y pesca<\/strong>:\u00a0<strong>2.419 accidentes<\/strong><\/li>\n\n\n\n<li><strong>Transporte y almacenamiento<\/strong>:\u00a0<strong>2.147 accidentes<\/strong><\/li>\n<\/ul>\n\n\n\n<h2 class=\"wp-block-heading\"><strong>An\u00e1lisis de la siniestralidad: gravedad y evoluci\u00f3n respecto a 2023<\/strong><\/h2>\n\n\n\n<p>En t\u00e9rminos de gravedad, los accidentes registrados en aut\u00f3nomos son <strong>19.745 accidentes leves<\/strong>,\u00a0<strong>472 accidentes graves<\/strong>\u00a0y\u00a0<strong>37 accidentes mortales<\/strong>. Comparado con el mismo periodo de 2023, se ha producido un descenso de\u00a0<strong>1.025 accidentes leves<\/strong>,\u00a0<strong>8 graves<\/strong>\u00a0y\u00a0<strong>10 mortales<\/strong>.<\/p>\n\n\n\n<h3 class=\"wp-block-heading\"><strong>\u00cdndices de incidencia por comunidades aut\u00f3nomas<\/strong><\/h3>\n\n\n\n<p>A pesar de las cifras absolutas, no todas las comunidades aut\u00f3nomas tienen la misma incidencia de accidentes de trabajo. Los mayores \u00edndices de incidencia se han registrado en:<\/p>\n\n\n\n<ul>\n<li><strong>Navarra (158)<\/strong><\/li>\n\n\n\n<li><strong>Cantabria (129,6)<\/strong><\/li>\n\n\n\n<li><strong>Castilla-La Mancha (112,5)<\/strong><\/li>\n\n\n\n<li><strong>La Rioja (108,5)<\/strong><\/li>\n\n\n\n<li><strong>Extremadura (101,6)<\/strong><\/li>\n<\/ul>\n\n\n\n<p>El \u00edndice de incidencia de accidentes mortales tambi\u00e9n destaca en&nbsp;<strong>Navarra (0,826)<\/strong>,&nbsp;<strong>Extremadura (0,646)<\/strong>&nbsp;y&nbsp;<strong>La Rioja (0,540)<\/strong>.<\/p>\n\n\n\n<h3 class=\"wp-block-heading\"><strong>Llamado a la prevenci\u00f3n: campa\u00f1as y medidas necesarias<\/strong><\/h3>\n\n\n\n<p>El secretario general de la Asociaci\u00f3n de Trabajadores Aut\u00f3nomos (<a href=\"https:\/\/ata.es\">ATA<\/a>),\u00a0<strong>Jos\u00e9 Luis Perea<\/strong>, ha resaltado que <\/p>\n\n\n\n<p><em>\u201ca pesar de que los datos de siniestralidad parecen darnos un respiro si los comparamos con el mismo mes del a\u00f1o anterior, siguen siendo muchos los accidentes que se sufren en el colectivo de los trabajadores aut\u00f3nomos\u201d.<\/em><\/p>\n\n\n\n<p><em>\u201cHago un llamamiento a la Administraci\u00f3n para que se tome en serio la protecci\u00f3n del trabajador aut\u00f3nomo, las condiciones en las que trabaja, pero tambi\u00e9n que tome medidas preventivas, ponga en marcha campa\u00f1as que fomenten la cultura preventiva y que se mejoren las condiciones del trabajo desde el punto de vista de la prevenci\u00f3n de riesgos laborales\u201d<\/em>, ha a\u00f1adido.&nbsp;<\/p>\n","protected":false},"excerpt":{"rendered":"<p>Un total de\u00a037 aut\u00f3nomos fallecieron por accidente de trabajo\u00a0en Espa\u00f1a hasta agosto de 2024.&hellip;<\/p>\n","protected":false},"author":20,"featured_media":17879,"comment_status":"open","ping_status":"open","sticky":false,"template":"","format":"standard","meta":{"_acf_changed":false,"footnotes":""},"categories":[255],"tags":[],"acf":[],"yoast_head":"<!-- This site is optimized with the Yoast SEO plugin v22.7 - https:\/\/yoast.com\/wordpress\/plugins\/seo\/ -->\n<title>Accidente de trabajo en aut\u00f3nomos: por comunidad y sectores<\/title>\n<meta name=\"description\" content=\"37 aut\u00f3nomos fallecieron por accidente de trabajo\u00a0en Espa\u00f1a hasta agosto de 2024. \u00a021.659 aut\u00f3nomos\u00a0sufrieron alg\u00fan tipo de accidente\" \/>\n<meta name=\"robots\" content=\"index, follow, max-snippet:-1, max-image-preview:large, max-video-preview:-1\" \/>\n<link rel=\"canonical\" href=\"https:\/\/www.clubdelemprendimiento.com\/blog\/autonomos\/accidente-de-trabajo-en-los-autonomos-un-balance-preocupante\/\" \/>\n<meta property=\"og:locale\" content=\"es_ES\" \/>\n<meta property=\"og:type\" content=\"article\" \/>\n<meta property=\"og:title\" content=\"Accidente de trabajo en aut\u00f3nomos: por comunidad y sectores\" \/>\n<meta property=\"og:description\" content=\"37 aut\u00f3nomos fallecieron por accidente de trabajo\u00a0en Espa\u00f1a hasta agosto de 2024. \u00a021.659 aut\u00f3nomos\u00a0sufrieron alg\u00fan tipo de accidente\" \/>\n<meta property=\"og:url\" content=\"https:\/\/www.clubdelemprendimiento.com\/blog\/autonomos\/accidente-de-trabajo-en-los-autonomos-un-balance-preocupante\/\" \/>\n<meta property=\"og:site_name\" content=\"Blog Club del Emprendimiento\" \/>\n<meta property=\"article:published_time\" content=\"2024-10-25T10:00:00+00:00\" \/>\n<meta property=\"article:modified_time\" content=\"2024-10-18T06:25:26+00:00\" \/>\n<meta property=\"og:image\" content=\"https:\/\/www.clubdelemprendimiento.com\/blog\/wp-content\/uploads\/2024\/10\/pexels-elif-144471719-10395785-scaled.jpg\" \/>\n\t<meta property=\"og:image:width\" content=\"2560\" \/>\n\t<meta property=\"og:image:height\" content=\"1707\" \/>\n\t<meta property=\"og:image:type\" content=\"image\/jpeg\" \/>\n<meta name=\"author\" content=\"Daniel Sim\u00f3n\" \/>\n<meta name=\"twitter:card\" content=\"summary_large_image\" \/>\n<meta name=\"twitter:label1\" content=\"Escrito por\" \/>\n\t<meta name=\"twitter:data1\" content=\"Daniel Sim\u00f3n\" \/>\n\t<meta name=\"twitter:label2\" content=\"Tiempo de lectura\" \/>\n\t<meta name=\"twitter:data2\" content=\"3 minutos\" \/>\n<script type=\"application\/ld+json\" class=\"yoast-schema-graph\">{\"@context\":\"https:\/\/schema.org\",\"@graph\":[{\"@type\":\"WebPage\",\"@id\":\"https:\/\/www.clubdelemprendimiento.com\/blog\/autonomos\/accidente-de-trabajo-en-los-autonomos-un-balance-preocupante\/\",\"url\":\"https:\/\/www.clubdelemprendimiento.com\/blog\/autonomos\/accidente-de-trabajo-en-los-autonomos-un-balance-preocupante\/\",\"name\":\"Accidente de trabajo en aut\u00f3nomos: por comunidad y sectores\",\"isPartOf\":{\"@id\":\"https:\/\/www.clubdelemprendimiento.com\/blog\/#website\"},\"primaryImageOfPage\":{\"@id\":\"https:\/\/www.clubdelemprendimiento.com\/blog\/autonomos\/accidente-de-trabajo-en-los-autonomos-un-balance-preocupante\/#primaryimage\"},\"image\":{\"@id\":\"https:\/\/www.clubdelemprendimiento.com\/blog\/autonomos\/accidente-de-trabajo-en-los-autonomos-un-balance-preocupante\/#primaryimage\"},\"thumbnailUrl\":\"https:\/\/www.clubdelemprendimiento.com\/blog\/wp-content\/uploads\/2024\/10\/pexels-elif-144471719-10395785-scaled.jpg\",\"datePublished\":\"2024-10-25T10:00:00+00:00\",\"dateModified\":\"2024-10-18T06:25:26+00:00\",\"author\":{\"@id\":\"https:\/\/www.clubdelemprendimiento.com\/blog\/#\/schema\/person\/92232c47067066ec15f4377533351817\"},\"description\":\"37 aut\u00f3nomos fallecieron por accidente de trabajo\u00a0en Espa\u00f1a hasta agosto de 2024. \u00a021.659 aut\u00f3nomos\u00a0sufrieron alg\u00fan tipo de accidente\",\"breadcrumb\":{\"@id\":\"https:\/\/www.clubdelemprendimiento.com\/blog\/autonomos\/accidente-de-trabajo-en-los-autonomos-un-balance-preocupante\/#breadcrumb\"},\"inLanguage\":\"es\",\"potentialAction\":[{\"@type\":\"ReadAction\",\"target\":[\"https:\/\/www.clubdelemprendimiento.com\/blog\/autonomos\/accidente-de-trabajo-en-los-autonomos-un-balance-preocupante\/\"]}]},{\"@type\":\"ImageObject\",\"inLanguage\":\"es\",\"@id\":\"https:\/\/www.clubdelemprendimiento.com\/blog\/autonomos\/accidente-de-trabajo-en-los-autonomos-un-balance-preocupante\/#primaryimage\",\"url\":\"https:\/\/www.clubdelemprendimiento.com\/blog\/wp-content\/uploads\/2024\/10\/pexels-elif-144471719-10395785-scaled.jpg\",\"contentUrl\":\"https:\/\/www.clubdelemprendimiento.com\/blog\/wp-content\/uploads\/2024\/10\/pexels-elif-144471719-10395785-scaled.jpg\",\"width\":2560,\"height\":1707,\"caption\":\"accidente de trabajo\"},{\"@type\":\"BreadcrumbList\",\"@id\":\"https:\/\/www.clubdelemprendimiento.com\/blog\/autonomos\/accidente-de-trabajo-en-los-autonomos-un-balance-preocupante\/#breadcrumb\",\"itemListElement\":[{\"@type\":\"ListItem\",\"position\":1,\"name\":\"Home\",\"item\":\"https:\/\/www.clubdelemprendimiento.com\/blog\/\"},{\"@type\":\"ListItem\",\"position\":2,\"name\":\"Accidente de trabajo en los aut\u00f3nomos: un balance preocupante\"}]},{\"@type\":\"WebSite\",\"@id\":\"https:\/\/www.clubdelemprendimiento.com\/blog\/#website\",\"url\":\"https:\/\/www.clubdelemprendimiento.com\/blog\/\",\"name\":\"Blog Club del Emprendimiento\",\"description\":\"\",\"potentialAction\":[{\"@type\":\"SearchAction\",\"target\":{\"@type\":\"EntryPoint\",\"urlTemplate\":\"https:\/\/www.clubdelemprendimiento.com\/blog\/?s={search_term_string}\"},\"query-input\":\"required name=search_term_string\"}],\"inLanguage\":\"es\"},{\"@type\":\"Person\",\"@id\":\"https:\/\/www.clubdelemprendimiento.com\/blog\/#\/schema\/person\/92232c47067066ec15f4377533351817\",\"name\":\"Daniel Sim\u00f3n\",\"image\":{\"@type\":\"ImageObject\",\"inLanguage\":\"es\",\"@id\":\"https:\/\/www.clubdelemprendimiento.com\/blog\/#\/schema\/person\/image\/\",\"url\":\"https:\/\/secure.gravatar.com\/avatar\/5dae918ac4f617a644719cd381513179?s=96&d=mm&r=g\",\"contentUrl\":\"https:\/\/secure.gravatar.com\/avatar\/5dae918ac4f617a644719cd381513179?s=96&d=mm&r=g\",\"caption\":\"Daniel Sim\u00f3n\"},\"url\":\"https:\/\/www.clubdelemprendimiento.com\/blog\/author\/daniel\/\"}]}<\/script>\n<!-- \/ Yoast SEO plugin. -->","yoast_head_json":{"title":"Accidente de trabajo en aut\u00f3nomos: por comunidad y sectores","description":"37 aut\u00f3nomos fallecieron por accidente de trabajo\u00a0en Espa\u00f1a hasta agosto de 2024. \u00a021.659 aut\u00f3nomos\u00a0sufrieron alg\u00fan tipo de accidente","robots":{"index":"index","follow":"follow","max-snippet":"max-snippet:-1","max-image-preview":"max-image-preview:large","max-video-preview":"max-video-preview:-1"},"canonical":"https:\/\/www.clubdelemprendimiento.com\/blog\/autonomos\/accidente-de-trabajo-en-los-autonomos-un-balance-preocupante\/","og_locale":"es_ES","og_type":"article","og_title":"Accidente de trabajo en aut\u00f3nomos: por comunidad y sectores","og_description":"37 aut\u00f3nomos fallecieron por accidente de trabajo\u00a0en Espa\u00f1a hasta agosto de 2024. \u00a021.659 aut\u00f3nomos\u00a0sufrieron alg\u00fan tipo de accidente","og_url":"https:\/\/www.clubdelemprendimiento.com\/blog\/autonomos\/accidente-de-trabajo-en-los-autonomos-un-balance-preocupante\/","og_site_name":"Blog Club del Emprendimiento","article_published_time":"2024-10-25T10:00:00+00:00","article_modified_time":"2024-10-18T06:25:26+00:00","og_image":[{"width":2560,"height":1707,"url":"https:\/\/www.clubdelemprendimiento.com\/blog\/wp-content\/uploads\/2024\/10\/pexels-elif-144471719-10395785-scaled.jpg","type":"image\/jpeg"}],"author":"Daniel Sim\u00f3n","twitter_card":"summary_large_image","twitter_misc":{"Escrito por":"Daniel Sim\u00f3n","Tiempo de lectura":"3 minutos"},"schema":{"@context":"https:\/\/schema.org","@graph":[{"@type":"WebPage","@id":"https:\/\/www.clubdelemprendimiento.com\/blog\/autonomos\/accidente-de-trabajo-en-los-autonomos-un-balance-preocupante\/","url":"https:\/\/www.clubdelemprendimiento.com\/blog\/autonomos\/accidente-de-trabajo-en-los-autonomos-un-balance-preocupante\/","name":"Accidente de trabajo en aut\u00f3nomos: por comunidad y sectores","isPartOf":{"@id":"https:\/\/www.clubdelemprendimiento.com\/blog\/#website"},"primaryImageOfPage":{"@id":"https:\/\/www.clubdelemprendimiento.com\/blog\/autonomos\/accidente-de-trabajo-en-los-autonomos-un-balance-preocupante\/#primaryimage"},"image":{"@id":"https:\/\/www.clubdelemprendimiento.com\/blog\/autonomos\/accidente-de-trabajo-en-los-autonomos-un-balance-preocupante\/#primaryimage"},"thumbnailUrl":"https:\/\/www.clubdelemprendimiento.com\/blog\/wp-content\/uploads\/2024\/10\/pexels-elif-144471719-10395785-scaled.jpg","datePublished":"2024-10-25T10:00:00+00:00","dateModified":"2024-10-18T06:25:26+00:00","author":{"@id":"https:\/\/www.clubdelemprendimiento.com\/blog\/#\/schema\/person\/92232c47067066ec15f4377533351817"},"description":"37 aut\u00f3nomos fallecieron por accidente de trabajo\u00a0en Espa\u00f1a hasta agosto de 2024. \u00a021.659 aut\u00f3nomos\u00a0sufrieron alg\u00fan tipo de accidente","breadcrumb":{"@id":"https:\/\/www.clubdelemprendimiento.com\/blog\/autonomos\/accidente-de-trabajo-en-los-autonomos-un-balance-preocupante\/#breadcrumb"},"inLanguage":"es","potentialAction":[{"@type":"ReadAction","target":["https:\/\/www.clubdelemprendimiento.com\/blog\/autonomos\/accidente-de-trabajo-en-los-autonomos-un-balance-preocupante\/"]}]},{"@type":"ImageObject","inLanguage":"es","@id":"https:\/\/www.clubdelemprendimiento.com\/blog\/autonomos\/accidente-de-trabajo-en-los-autonomos-un-balance-preocupante\/#primaryimage","url":"https:\/\/www.clubdelemprendimiento.com\/blog\/wp-content\/uploads\/2024\/10\/pexels-elif-144471719-10395785-scaled.jpg","contentUrl":"https:\/\/www.clubdelemprendimiento.com\/blog\/wp-content\/uploads\/2024\/10\/pexels-elif-144471719-10395785-scaled.jpg","width":2560,"height":1707,"caption":"accidente de trabajo"},{"@type":"BreadcrumbList","@id":"https:\/\/www.clubdelemprendimiento.com\/blog\/autonomos\/accidente-de-trabajo-en-los-autonomos-un-balance-preocupante\/#breadcrumb","itemListElement":[{"@type":"ListItem","position":1,"name":"Home","item":"https:\/\/www.clubdelemprendimiento.com\/blog\/"},{"@type":"ListItem","position":2,"name":"Accidente de trabajo en los aut\u00f3nomos: un balance preocupante"}]},{"@type":"WebSite","@id":"https:\/\/www.clubdelemprendimiento.com\/blog\/#website","url":"https:\/\/www.clubdelemprendimiento.com\/blog\/","name":"Blog Club del Emprendimiento","description":"","potentialAction":[{"@type":"SearchAction","target":{"@type":"EntryPoint","urlTemplate":"https:\/\/www.clubdelemprendimiento.com\/blog\/?s={search_term_string}"},"query-input":"required name=search_term_string"}],"inLanguage":"es"},{"@type":"Person","@id":"https:\/\/www.clubdelemprendimiento.com\/blog\/#\/schema\/person\/92232c47067066ec15f4377533351817","name":"Daniel Sim\u00f3n","image":{"@type":"ImageObject","inLanguage":"es","@id":"https:\/\/www.clubdelemprendimiento.com\/blog\/#\/schema\/person\/image\/","url":"https:\/\/secure.gravatar.com\/avatar\/5dae918ac4f617a644719cd381513179?s=96&d=mm&r=g","contentUrl":"https:\/\/secure.gravatar.com\/avatar\/5dae918ac4f617a644719cd381513179?s=96&d=mm&r=g","caption":"Daniel Sim\u00f3n"},"url":"https:\/\/www.clubdelemprendimiento.com\/blog\/author\/daniel\/"}]}},"_links":{"self":[{"href":"https:\/\/www.clubdelemprendimiento.com\/blog\/wp-json\/wp\/v2\/posts\/17877"}],"collection":[{"href":"https:\/\/www.clubdelemprendimiento.com\/blog\/wp-json\/wp\/v2\/posts"}],"about":[{"href":"https:\/\/www.clubdelemprendimiento.com\/blog\/wp-json\/wp\/v2\/types\/post"}],"author":[{"embeddable":true,"href":"https:\/\/www.clubdelemprendimiento.com\/blog\/wp-json\/wp\/v2\/users\/20"}],"replies":[{"embeddable":true,"href":"https:\/\/www.clubdelemprendimiento.com\/blog\/wp-json\/wp\/v2\/comments?post=17877"}],"version-history":[{"count":1,"href":"https:\/\/www.clubdelemprendimiento.com\/blog\/wp-json\/wp\/v2\/posts\/17877\/revisions"}],"predecessor-version":[{"id":17878,"href":"https:\/\/www.clubdelemprendimiento.com\/blog\/wp-json\/wp\/v2\/posts\/17877\/revisions\/17878"}],"wp:featuredmedia":[{"embeddable":true,"href":"https:\/\/www.clubdelemprendimiento.com\/blog\/wp-json\/wp\/v2\/media\/17879"}],"wp:attachment":[{"href":"https:\/\/www.clubdelemprendimiento.com\/blog\/wp-json\/wp\/v2\/media?parent=17877"}],"wp:term":[{"taxonomy":"category","embeddable":true,"href":"https:\/\/www.clubdelemprendimiento.com\/blog\/wp-json\/wp\/v2\/categories?post=17877"},{"taxonomy":"post_tag","embeddable":true,"href":"https:\/\/www.clubdelemprendimiento.com\/blog\/wp-json\/wp\/v2\/tags?post=17877"}],"curies":[{"name":"wp","href":"https:\/\/api.w.org\/{rel}","templated":true}]}}