{"id":17647,"date":"2024-08-23T06:41:57","date_gmt":"2024-08-23T06:41:57","guid":{"rendered":"https:\/\/www.clubdelemprendimiento.com\/blog\/?p=17647"},"modified":"2024-08-13T06:51:15","modified_gmt":"2024-08-13T06:51:15","slug":"situacion-la-conciliacion-familiar-en-pymes-y-autonomos","status":"publish","type":"post","link":"https:\/\/www.clubdelemprendimiento.com\/blog\/pymes\/situacion-la-conciliacion-familiar-en-pymes-y-autonomos\/","title":{"rendered":"Conciliaci\u00f3n familiar en pymes espa\u00f1olas y aut\u00f3nomos"},"content":{"rendered":"\n<p>En un contexto econ\u00f3mico complicado, las peque\u00f1as y medianas empresas (pymes) y los aut\u00f3nomos en Espa\u00f1a est\u00e1n enfrentando desaf\u00edos significativos para mejorar las condiciones laborales de sus empleados. Seg\u00fan el II Informe de Pymes y Aut\u00f3nomos de Espa\u00f1a de la aseguradora Hiscox, <strong>solo el 24,1% de estas organizaciones ha logrado mejorar la conciliaci\u00f3n familiar en el \u00faltimo a\u00f1o<\/strong>, una ca\u00edda en comparaci\u00f3n con el 32,4% registrado en 2022.<\/p>\n\n\n\n<p>En relaci\u00f3n a la conciliaci\u00f3n familiar, el informe destaca que, a pesar de las dificultades, un 33,7% de las pymes ha reforzado el teletrabajo, y un 29% ha impulsado la flexibilidad horaria como medidas clave para mejorar la calidad de vida de sus empleados. Sin embargo, estos porcentajes tambi\u00e9n reflejan un descenso respecto a las cifras de 2022, cuando el 44,8% apostaba por el teletrabajo y el 35,3% por la flexibilidad horaria.<\/p>\n\n\n\n<p>En el \u00e1mbito de la eficiencia y productividad (<a href=\"https:\/\/www.clubdelemprendimiento.com\/blog\/pymes\/la-productividad-de-las-pymes-continua-en-caida\/\" target=\"_blank\" rel=\"noreferrer noopener\">a pesar de la tendencia de los \u00faltimos meses<\/a>) las pymes muestran signos positivos. Casi un tercio (29,6%) de las empresas ha mejorado en estos aspectos durante los \u00faltimos dos a\u00f1os, superando el 25,3% que se registraba en 2022.<\/p>\n\n\n\n<h2 class=\"wp-block-heading\">Disminuye el sentimiento de pertenencia entre empleados<\/h2>\n\n\n\n<p>No obstante, el panorama es menos alentador en t\u00e9rminos de retenci\u00f3n de talento y sentimiento de pertenencia. Solo <strong>un 13,2% de las pymes indica que el sentimiento de pertenencia de sus empleados ha mejorado desde 2022<\/strong>, una notable disminuci\u00f3n respecto al 20% reportado en ese a\u00f1o. Asimismo, la rotaci\u00f3n de personal parece estabilizarse, con un 11,3% de las empresas reportando un aumento, ligeramente por debajo del 13% registrado dos a\u00f1os antes.<\/p>\n\n\n\n<p>Finalmente, en cuanto a la formaci\u00f3n y desarrollo, un 19,2% de las pymes ha impulsado estos aspectos desde 2022, aunque este porcentaje es 1,3 puntos inferior al de ese a\u00f1o.<\/p>\n\n\n\n<p>Este informe revela una realidad dual: mientras que algunas empresas logran <strong>avances en eficiencia y productividad<\/strong>, la <strong>mejora en la calidad de vida de los empleados y la retenci\u00f3n del talento<\/strong> se est\u00e1 volviendo un reto cada vez mayor.<\/p>\n","protected":false},"excerpt":{"rendered":"<p>En un contexto econ\u00f3mico complicado, las peque\u00f1as y medianas empresas (pymes) y los aut\u00f3nomos&hellip;<\/p>\n","protected":false},"author":14,"featured_media":17648,"comment_status":"open","ping_status":"open","sticky":false,"template":"","format":"standard","meta":{"_acf_changed":false,"footnotes":""},"categories":[255,256],"tags":[],"acf":[],"yoast_head":"<!-- This site is optimized with the Yoast SEO plugin v22.7 - https:\/\/yoast.com\/wordpress\/plugins\/seo\/ -->\n<title>Situaci\u00f3n de la conciliaci\u00f3n familiar en pymes y aut\u00f3nomos<\/title>\n<meta name=\"description\" content=\"Situaci\u00f3n de la conciliaci\u00f3n familiar en pymes y aut\u00f3nomos. Una de cada cuatro, seg\u00fan datos de Hiscox. Te damos toda la informaci\u00f3n.\" \/>\n<meta name=\"robots\" content=\"index, follow, max-snippet:-1, max-image-preview:large, max-video-preview:-1\" \/>\n<link rel=\"canonical\" href=\"https:\/\/www.clubdelemprendimiento.com\/blog\/pymes\/situacion-la-conciliacion-familiar-en-pymes-y-autonomos\/\" \/>\n<meta property=\"og:locale\" content=\"es_ES\" \/>\n<meta property=\"og:type\" content=\"article\" \/>\n<meta property=\"og:title\" content=\"Situaci\u00f3n de la conciliaci\u00f3n familiar en pymes y aut\u00f3nomos\" \/>\n<meta property=\"og:description\" content=\"Situaci\u00f3n de la conciliaci\u00f3n familiar en pymes y aut\u00f3nomos. Una de cada cuatro, seg\u00fan datos de Hiscox. Te damos toda la informaci\u00f3n.\" \/>\n<meta property=\"og:url\" content=\"https:\/\/www.clubdelemprendimiento.com\/blog\/pymes\/situacion-la-conciliacion-familiar-en-pymes-y-autonomos\/\" \/>\n<meta property=\"og:site_name\" content=\"Blog Club del Emprendimiento\" \/>\n<meta property=\"article:published_time\" content=\"2024-08-23T06:41:57+00:00\" \/>\n<meta property=\"article:modified_time\" content=\"2024-08-13T06:51:15+00:00\" \/>\n<meta property=\"og:image\" content=\"https:\/\/www.clubdelemprendimiento.com\/blog\/wp-content\/uploads\/2024\/08\/young-family-with-their-little-son-home-scaled.jpg\" \/>\n\t<meta property=\"og:image:width\" content=\"2560\" \/>\n\t<meta property=\"og:image:height\" content=\"1706\" \/>\n\t<meta property=\"og:image:type\" content=\"image\/jpeg\" \/>\n<meta name=\"author\" content=\"Nerea Merino\" \/>\n<meta name=\"twitter:card\" content=\"summary_large_image\" \/>\n<meta name=\"twitter:label1\" content=\"Escrito por\" \/>\n\t<meta name=\"twitter:data1\" content=\"Nerea Merino\" \/>\n\t<meta name=\"twitter:label2\" content=\"Tiempo de lectura\" \/>\n\t<meta name=\"twitter:data2\" content=\"2 minutos\" \/>\n<script type=\"application\/ld+json\" class=\"yoast-schema-graph\">{\"@context\":\"https:\/\/schema.org\",\"@graph\":[{\"@type\":\"WebPage\",\"@id\":\"https:\/\/www.clubdelemprendimiento.com\/blog\/pymes\/situacion-la-conciliacion-familiar-en-pymes-y-autonomos\/\",\"url\":\"https:\/\/www.clubdelemprendimiento.com\/blog\/pymes\/situacion-la-conciliacion-familiar-en-pymes-y-autonomos\/\",\"name\":\"Situaci\u00f3n de la conciliaci\u00f3n familiar en pymes y aut\u00f3nomos\",\"isPartOf\":{\"@id\":\"https:\/\/www.clubdelemprendimiento.com\/blog\/#website\"},\"primaryImageOfPage\":{\"@id\":\"https:\/\/www.clubdelemprendimiento.com\/blog\/pymes\/situacion-la-conciliacion-familiar-en-pymes-y-autonomos\/#primaryimage\"},\"image\":{\"@id\":\"https:\/\/www.clubdelemprendimiento.com\/blog\/pymes\/situacion-la-conciliacion-familiar-en-pymes-y-autonomos\/#primaryimage\"},\"thumbnailUrl\":\"https:\/\/www.clubdelemprendimiento.com\/blog\/wp-content\/uploads\/2024\/08\/young-family-with-their-little-son-home-scaled.jpg\",\"datePublished\":\"2024-08-23T06:41:57+00:00\",\"dateModified\":\"2024-08-13T06:51:15+00:00\",\"author\":{\"@id\":\"https:\/\/www.clubdelemprendimiento.com\/blog\/#\/schema\/person\/a82ce0fc1281064b1cab4855c351cea7\"},\"description\":\"Situaci\u00f3n de la conciliaci\u00f3n familiar en pymes y aut\u00f3nomos. Una de cada cuatro, seg\u00fan datos de Hiscox. Te damos toda la informaci\u00f3n.\",\"breadcrumb\":{\"@id\":\"https:\/\/www.clubdelemprendimiento.com\/blog\/pymes\/situacion-la-conciliacion-familiar-en-pymes-y-autonomos\/#breadcrumb\"},\"inLanguage\":\"es\",\"potentialAction\":[{\"@type\":\"ReadAction\",\"target\":[\"https:\/\/www.clubdelemprendimiento.com\/blog\/pymes\/situacion-la-conciliacion-familiar-en-pymes-y-autonomos\/\"]}]},{\"@type\":\"ImageObject\",\"inLanguage\":\"es\",\"@id\":\"https:\/\/www.clubdelemprendimiento.com\/blog\/pymes\/situacion-la-conciliacion-familiar-en-pymes-y-autonomos\/#primaryimage\",\"url\":\"https:\/\/www.clubdelemprendimiento.com\/blog\/wp-content\/uploads\/2024\/08\/young-family-with-their-little-son-home-scaled.jpg\",\"contentUrl\":\"https:\/\/www.clubdelemprendimiento.com\/blog\/wp-content\/uploads\/2024\/08\/young-family-with-their-little-son-home-scaled.jpg\",\"width\":2560,\"height\":1706,\"caption\":\"Young family with their little son at home\"},{\"@type\":\"BreadcrumbList\",\"@id\":\"https:\/\/www.clubdelemprendimiento.com\/blog\/pymes\/situacion-la-conciliacion-familiar-en-pymes-y-autonomos\/#breadcrumb\",\"itemListElement\":[{\"@type\":\"ListItem\",\"position\":1,\"name\":\"Home\",\"item\":\"https:\/\/www.clubdelemprendimiento.com\/blog\/\"},{\"@type\":\"ListItem\",\"position\":2,\"name\":\"Conciliaci\u00f3n familiar en pymes espa\u00f1olas y aut\u00f3nomos\"}]},{\"@type\":\"WebSite\",\"@id\":\"https:\/\/www.clubdelemprendimiento.com\/blog\/#website\",\"url\":\"https:\/\/www.clubdelemprendimiento.com\/blog\/\",\"name\":\"Blog Club del Emprendimiento\",\"description\":\"\",\"potentialAction\":[{\"@type\":\"SearchAction\",\"target\":{\"@type\":\"EntryPoint\",\"urlTemplate\":\"https:\/\/www.clubdelemprendimiento.com\/blog\/?s={search_term_string}\"},\"query-input\":\"required name=search_term_string\"}],\"inLanguage\":\"es\"},{\"@type\":\"Person\",\"@id\":\"https:\/\/www.clubdelemprendimiento.com\/blog\/#\/schema\/person\/a82ce0fc1281064b1cab4855c351cea7\",\"name\":\"Nerea Merino\",\"image\":{\"@type\":\"ImageObject\",\"inLanguage\":\"es\",\"@id\":\"https:\/\/www.clubdelemprendimiento.com\/blog\/#\/schema\/person\/image\/\",\"url\":\"https:\/\/secure.gravatar.com\/avatar\/3b1c906b7b4a65b22c04d52a020d4815?s=96&d=mm&r=g\",\"contentUrl\":\"https:\/\/secure.gravatar.com\/avatar\/3b1c906b7b4a65b22c04d52a020d4815?s=96&d=mm&r=g\",\"caption\":\"Nerea Merino\"},\"url\":\"https:\/\/www.clubdelemprendimiento.com\/blog\/author\/nerea\/\"}]}<\/script>\n<!-- \/ Yoast SEO plugin. -->","yoast_head_json":{"title":"Situaci\u00f3n de la conciliaci\u00f3n familiar en pymes y aut\u00f3nomos","description":"Situaci\u00f3n de la conciliaci\u00f3n familiar en pymes y aut\u00f3nomos. Una de cada cuatro, seg\u00fan datos de Hiscox. Te damos toda la informaci\u00f3n.","robots":{"index":"index","follow":"follow","max-snippet":"max-snippet:-1","max-image-preview":"max-image-preview:large","max-video-preview":"max-video-preview:-1"},"canonical":"https:\/\/www.clubdelemprendimiento.com\/blog\/pymes\/situacion-la-conciliacion-familiar-en-pymes-y-autonomos\/","og_locale":"es_ES","og_type":"article","og_title":"Situaci\u00f3n de la conciliaci\u00f3n familiar en pymes y aut\u00f3nomos","og_description":"Situaci\u00f3n de la conciliaci\u00f3n familiar en pymes y aut\u00f3nomos. Una de cada cuatro, seg\u00fan datos de Hiscox. Te damos toda la informaci\u00f3n.","og_url":"https:\/\/www.clubdelemprendimiento.com\/blog\/pymes\/situacion-la-conciliacion-familiar-en-pymes-y-autonomos\/","og_site_name":"Blog Club del Emprendimiento","article_published_time":"2024-08-23T06:41:57+00:00","article_modified_time":"2024-08-13T06:51:15+00:00","og_image":[{"width":2560,"height":1706,"url":"https:\/\/www.clubdelemprendimiento.com\/blog\/wp-content\/uploads\/2024\/08\/young-family-with-their-little-son-home-scaled.jpg","type":"image\/jpeg"}],"author":"Nerea Merino","twitter_card":"summary_large_image","twitter_misc":{"Escrito por":"Nerea Merino","Tiempo de lectura":"2 minutos"},"schema":{"@context":"https:\/\/schema.org","@graph":[{"@type":"WebPage","@id":"https:\/\/www.clubdelemprendimiento.com\/blog\/pymes\/situacion-la-conciliacion-familiar-en-pymes-y-autonomos\/","url":"https:\/\/www.clubdelemprendimiento.com\/blog\/pymes\/situacion-la-conciliacion-familiar-en-pymes-y-autonomos\/","name":"Situaci\u00f3n de la conciliaci\u00f3n familiar en pymes y aut\u00f3nomos","isPartOf":{"@id":"https:\/\/www.clubdelemprendimiento.com\/blog\/#website"},"primaryImageOfPage":{"@id":"https:\/\/www.clubdelemprendimiento.com\/blog\/pymes\/situacion-la-conciliacion-familiar-en-pymes-y-autonomos\/#primaryimage"},"image":{"@id":"https:\/\/www.clubdelemprendimiento.com\/blog\/pymes\/situacion-la-conciliacion-familiar-en-pymes-y-autonomos\/#primaryimage"},"thumbnailUrl":"https:\/\/www.clubdelemprendimiento.com\/blog\/wp-content\/uploads\/2024\/08\/young-family-with-their-little-son-home-scaled.jpg","datePublished":"2024-08-23T06:41:57+00:00","dateModified":"2024-08-13T06:51:15+00:00","author":{"@id":"https:\/\/www.clubdelemprendimiento.com\/blog\/#\/schema\/person\/a82ce0fc1281064b1cab4855c351cea7"},"description":"Situaci\u00f3n de la conciliaci\u00f3n familiar en pymes y aut\u00f3nomos. Una de cada cuatro, seg\u00fan datos de Hiscox. Te damos toda la informaci\u00f3n.","breadcrumb":{"@id":"https:\/\/www.clubdelemprendimiento.com\/blog\/pymes\/situacion-la-conciliacion-familiar-en-pymes-y-autonomos\/#breadcrumb"},"inLanguage":"es","potentialAction":[{"@type":"ReadAction","target":["https:\/\/www.clubdelemprendimiento.com\/blog\/pymes\/situacion-la-conciliacion-familiar-en-pymes-y-autonomos\/"]}]},{"@type":"ImageObject","inLanguage":"es","@id":"https:\/\/www.clubdelemprendimiento.com\/blog\/pymes\/situacion-la-conciliacion-familiar-en-pymes-y-autonomos\/#primaryimage","url":"https:\/\/www.clubdelemprendimiento.com\/blog\/wp-content\/uploads\/2024\/08\/young-family-with-their-little-son-home-scaled.jpg","contentUrl":"https:\/\/www.clubdelemprendimiento.com\/blog\/wp-content\/uploads\/2024\/08\/young-family-with-their-little-son-home-scaled.jpg","width":2560,"height":1706,"caption":"Young family with their little son at home"},{"@type":"BreadcrumbList","@id":"https:\/\/www.clubdelemprendimiento.com\/blog\/pymes\/situacion-la-conciliacion-familiar-en-pymes-y-autonomos\/#breadcrumb","itemListElement":[{"@type":"ListItem","position":1,"name":"Home","item":"https:\/\/www.clubdelemprendimiento.com\/blog\/"},{"@type":"ListItem","position":2,"name":"Conciliaci\u00f3n familiar en pymes espa\u00f1olas y aut\u00f3nomos"}]},{"@type":"WebSite","@id":"https:\/\/www.clubdelemprendimiento.com\/blog\/#website","url":"https:\/\/www.clubdelemprendimiento.com\/blog\/","name":"Blog Club del Emprendimiento","description":"","potentialAction":[{"@type":"SearchAction","target":{"@type":"EntryPoint","urlTemplate":"https:\/\/www.clubdelemprendimiento.com\/blog\/?s={search_term_string}"},"query-input":"required name=search_term_string"}],"inLanguage":"es"},{"@type":"Person","@id":"https:\/\/www.clubdelemprendimiento.com\/blog\/#\/schema\/person\/a82ce0fc1281064b1cab4855c351cea7","name":"Nerea Merino","image":{"@type":"ImageObject","inLanguage":"es","@id":"https:\/\/www.clubdelemprendimiento.com\/blog\/#\/schema\/person\/image\/","url":"https:\/\/secure.gravatar.com\/avatar\/3b1c906b7b4a65b22c04d52a020d4815?s=96&d=mm&r=g","contentUrl":"https:\/\/secure.gravatar.com\/avatar\/3b1c906b7b4a65b22c04d52a020d4815?s=96&d=mm&r=g","caption":"Nerea Merino"},"url":"https:\/\/www.clubdelemprendimiento.com\/blog\/author\/nerea\/"}]}},"_links":{"self":[{"href":"https:\/\/www.clubdelemprendimiento.com\/blog\/wp-json\/wp\/v2\/posts\/17647"}],"collection":[{"href":"https:\/\/www.clubdelemprendimiento.com\/blog\/wp-json\/wp\/v2\/posts"}],"about":[{"href":"https:\/\/www.clubdelemprendimiento.com\/blog\/wp-json\/wp\/v2\/types\/post"}],"author":[{"embeddable":true,"href":"https:\/\/www.clubdelemprendimiento.com\/blog\/wp-json\/wp\/v2\/users\/14"}],"replies":[{"embeddable":true,"href":"https:\/\/www.clubdelemprendimiento.com\/blog\/wp-json\/wp\/v2\/comments?post=17647"}],"version-history":[{"count":2,"href":"https:\/\/www.clubdelemprendimiento.com\/blog\/wp-json\/wp\/v2\/posts\/17647\/revisions"}],"predecessor-version":[{"id":17651,"href":"https:\/\/www.clubdelemprendimiento.com\/blog\/wp-json\/wp\/v2\/posts\/17647\/revisions\/17651"}],"wp:featuredmedia":[{"embeddable":true,"href":"https:\/\/www.clubdelemprendimiento.com\/blog\/wp-json\/wp\/v2\/media\/17648"}],"wp:attachment":[{"href":"https:\/\/www.clubdelemprendimiento.com\/blog\/wp-json\/wp\/v2\/media?parent=17647"}],"wp:term":[{"taxonomy":"category","embeddable":true,"href":"https:\/\/www.clubdelemprendimiento.com\/blog\/wp-json\/wp\/v2\/categories?post=17647"},{"taxonomy":"post_tag","embeddable":true,"href":"https:\/\/www.clubdelemprendimiento.com\/blog\/wp-json\/wp\/v2\/tags?post=17647"}],"curies":[{"name":"wp","href":"https:\/\/api.w.org\/{rel}","templated":true}]}}