{"id":17493,"date":"2024-07-16T09:00:00","date_gmt":"2024-07-16T09:00:00","guid":{"rendered":"https:\/\/www.clubdelemprendimiento.com\/blog\/?p=17493"},"modified":"2024-07-12T07:28:33","modified_gmt":"2024-07-12T07:28:33","slug":"espana-suma-casi-300-autonomos-al-dia-mas-en-un-mes","status":"publish","type":"post","link":"https:\/\/www.clubdelemprendimiento.com\/blog\/autonomos\/espana-suma-casi-300-autonomos-al-dia-mas-en-un-mes\/","title":{"rendered":"Espa\u00f1a suma casi 300 aut\u00f3nomos al d\u00eda m\u00e1s en un mes"},"content":{"rendered":"\n<p><strong>El mes de junio suma casi 300 aut\u00f3nomos al d\u00eda en Espa\u00f1a<\/strong>. Con esta subida, este mes incrementa el <strong>n\u00famero total de aut\u00f3nomos en 9.210 trabajadores por cuenta propia.<\/strong> Adem\u00e1s, todas las comunidades aut\u00f3nomas han cerrado el mes con incrementos impulsados por el arranque de la temporada estival.<\/p>\n\n\n\n<h2 class=\"wp-block-heading\"><strong>\u00bfComo han incrementado las comunidades los aut\u00f3nomos al d\u00eda en junio?<\/strong><\/h2>\n\n\n\n<p>Las comunidades aut\u00f3nomas de <strong>Catalu\u00f1a, Comunidad Valenciana y Extremadura han obtenido mayor impulso emprendedor al ver incrementado un 0,4% el de trabajadores por cuenta propia al RETA<\/strong>. Un total de +2.106 aut\u00f3nomos en Catalu\u00f1a, +1.417 en Comunidad Valenciana y +345 en Extremadura. En la media nacional tambi\u00e9n encontramos los <strong>incrementos de Comunidad de Madrid (+1.372, +0,3%) y Andaluc\u00eda (+1.145, +0,2%).<\/strong><\/p>\n\n\n\n<p><em>\u201cEl mes de junio es un mes tradicionalmente bueno para la afiliaci\u00f3n, bueno para el empleo y para el incremento de aut\u00f3nomos por el inicio del verano y la campa\u00f1a estival<\/em>\u201d, ha asegurado el presidente de <a href=\"https:\/\/ata.es\">ATA<\/a>, Lorenzo Amor. \u201c<em>Por lo tanto, nuevas contrataciones y aperturas de negocios, muchos de ellos estacionales, pero este a\u00f1o 2024 nos deja con un crecimiento de la afiliaci\u00f3n que ha superado las 70.000 personas, estar\u00edamos hablando de 2.338 afiliados m\u00e1s y de 300 aut\u00f3nomos m\u00e1s cada d\u00eda en el mes de junio<\/em>\u201d, a\u00f1ade.<\/p>\n\n\n\n<h2 class=\"wp-block-heading\"><strong>Aut\u00f3nomos entre junio 2023 y junio 2024<\/strong><\/h2>\n\n\n\n<p><strong>En el \u00faltimo a\u00f1o, junio 2023- junio 2024, Espa\u00f1a ha sumado 35.051 trabajadores por cuenta propia. <\/strong>El 85% de este aumento en el \u00faltimo a\u00f1o se ha producido en <strong>Andaluc\u00eda (+10.666 ), Comunidad de Madrid (+10.136) y Comunidad Valenciana (+7.113)<\/strong>. Adem\u00e1s de esas 3 comunidades aut\u00f3nomas, el incremento interanual es positivo en otras 5 comunidades. Catalu\u00f1a (6.127), Canarias (2.762), Baleares (2.207), Murcia (1.309) y Extremadura (49).<\/p>\n\n\n\n<h2 class=\"wp-block-heading\"><strong>Estad\u00edsticas por sectores de actividad<\/strong><\/h2>\n\n\n\n<p>En cuanto a la evoluci\u00f3n del colectivo en funci\u00f3n del sector de actividad, <strong>destaca la p\u00e9rdida en el \u00faltimo mes de un 1,1% de educaci\u00f3n y del 0,1% de actividades financieras y seguros.<\/strong> <strong>Los 2 sectores suman una p\u00e9rdida de 1.159 trabajadores por cuenta propia.<\/strong> El resto de sectores de actividad se mantiene en positivo y logran aumentar, siendo en t\u00e9rminos absolutos, <strong>la hosteler\u00eda el sector que m\u00e1s aut\u00f3nomos ha sumado en el \u00faltimo mes con 2.316 personas.<\/strong><\/p>\n\n\n\n<p><strong>En el \u00faltimo a\u00f1o, destaca el incremento de las actividades profesionales, cient\u00edficas y t\u00e9cnicas (+11.989) y de informaci\u00f3n y comunicaci\u00f3n (+5.722).<\/strong>\u00a0<\/p>\n\n\n\n<p>Por g\u00e9nero, en el \u00faltimo a\u00f1o <strong>el impulso femenino sigue siendo protagonista de las cifras positivas incrementando un 1,8% de las afiliadas al <a href=\"https:\/\/www.seg-social.es\/wps\/portal\/wss\/internet\/Trabajadores\/Afiliacion\/32765\/32774\/32817\">RETA<\/a> frente al 0,6% de incremento de los varones.<\/strong><\/p>\n","protected":false},"excerpt":{"rendered":"<p>El mes de junio suma casi 300 aut\u00f3nomos al d\u00eda en Espa\u00f1a. Con esta&hellip;<\/p>\n","protected":false},"author":20,"featured_media":17498,"comment_status":"open","ping_status":"open","sticky":false,"template":"","format":"standard","meta":{"_acf_changed":false,"footnotes":""},"categories":[255],"tags":[],"acf":[],"yoast_head":"<!-- This site is optimized with the Yoast SEO plugin v22.7 - https:\/\/yoast.com\/wordpress\/plugins\/seo\/ -->\n<title>Aut\u00f3nomos al d\u00eda, Espa\u00f1a suma casi 300 al d\u00eda en junio<\/title>\n<meta name=\"description\" content=\"El mes de junio suma casi 300 aut\u00f3nomos al d\u00eda en Espa\u00f1a. Incrementa el n\u00famero total de aut\u00f3nomos en 9.210 trabajadores por cuenta propia.\" \/>\n<meta name=\"robots\" content=\"index, follow, max-snippet:-1, max-image-preview:large, max-video-preview:-1\" \/>\n<link rel=\"canonical\" href=\"https:\/\/www.clubdelemprendimiento.com\/blog\/autonomos\/espana-suma-casi-300-autonomos-al-dia-mas-en-un-mes\/\" \/>\n<meta property=\"og:locale\" content=\"es_ES\" \/>\n<meta property=\"og:type\" content=\"article\" \/>\n<meta property=\"og:title\" content=\"Aut\u00f3nomos al d\u00eda, Espa\u00f1a suma casi 300 al d\u00eda en junio\" \/>\n<meta property=\"og:description\" content=\"El mes de junio suma casi 300 aut\u00f3nomos al d\u00eda en Espa\u00f1a. Incrementa el n\u00famero total de aut\u00f3nomos en 9.210 trabajadores por cuenta propia.\" \/>\n<meta property=\"og:url\" content=\"https:\/\/www.clubdelemprendimiento.com\/blog\/autonomos\/espana-suma-casi-300-autonomos-al-dia-mas-en-un-mes\/\" \/>\n<meta property=\"og:site_name\" content=\"Blog Club del Emprendimiento\" \/>\n<meta property=\"article:published_time\" content=\"2024-07-16T09:00:00+00:00\" \/>\n<meta property=\"article:modified_time\" content=\"2024-07-12T07:28:33+00:00\" \/>\n<meta property=\"og:image\" content=\"https:\/\/www.clubdelemprendimiento.com\/blog\/wp-content\/uploads\/2024\/07\/istockphoto-178093646-612x612-1.jpg\" \/>\n\t<meta property=\"og:image:width\" content=\"612\" \/>\n\t<meta property=\"og:image:height\" content=\"490\" \/>\n\t<meta property=\"og:image:type\" content=\"image\/jpeg\" \/>\n<meta name=\"author\" content=\"Daniel Sim\u00f3n\" \/>\n<meta name=\"twitter:card\" content=\"summary_large_image\" \/>\n<meta name=\"twitter:label1\" content=\"Escrito por\" \/>\n\t<meta name=\"twitter:data1\" content=\"Daniel Sim\u00f3n\" \/>\n\t<meta name=\"twitter:label2\" content=\"Tiempo de lectura\" \/>\n\t<meta name=\"twitter:data2\" content=\"3 minutos\" \/>\n<script type=\"application\/ld+json\" class=\"yoast-schema-graph\">{\"@context\":\"https:\/\/schema.org\",\"@graph\":[{\"@type\":\"WebPage\",\"@id\":\"https:\/\/www.clubdelemprendimiento.com\/blog\/autonomos\/espana-suma-casi-300-autonomos-al-dia-mas-en-un-mes\/\",\"url\":\"https:\/\/www.clubdelemprendimiento.com\/blog\/autonomos\/espana-suma-casi-300-autonomos-al-dia-mas-en-un-mes\/\",\"name\":\"Aut\u00f3nomos al d\u00eda, Espa\u00f1a suma casi 300 al d\u00eda en junio\",\"isPartOf\":{\"@id\":\"https:\/\/www.clubdelemprendimiento.com\/blog\/#website\"},\"primaryImageOfPage\":{\"@id\":\"https:\/\/www.clubdelemprendimiento.com\/blog\/autonomos\/espana-suma-casi-300-autonomos-al-dia-mas-en-un-mes\/#primaryimage\"},\"image\":{\"@id\":\"https:\/\/www.clubdelemprendimiento.com\/blog\/autonomos\/espana-suma-casi-300-autonomos-al-dia-mas-en-un-mes\/#primaryimage\"},\"thumbnailUrl\":\"https:\/\/www.clubdelemprendimiento.com\/blog\/wp-content\/uploads\/2024\/07\/istockphoto-178093646-612x612-1.jpg\",\"datePublished\":\"2024-07-16T09:00:00+00:00\",\"dateModified\":\"2024-07-12T07:28:33+00:00\",\"author\":{\"@id\":\"https:\/\/www.clubdelemprendimiento.com\/blog\/#\/schema\/person\/92232c47067066ec15f4377533351817\"},\"description\":\"El mes de junio suma casi 300 aut\u00f3nomos al d\u00eda en Espa\u00f1a. Incrementa el n\u00famero total de aut\u00f3nomos en 9.210 trabajadores por cuenta propia.\",\"breadcrumb\":{\"@id\":\"https:\/\/www.clubdelemprendimiento.com\/blog\/autonomos\/espana-suma-casi-300-autonomos-al-dia-mas-en-un-mes\/#breadcrumb\"},\"inLanguage\":\"es\",\"potentialAction\":[{\"@type\":\"ReadAction\",\"target\":[\"https:\/\/www.clubdelemprendimiento.com\/blog\/autonomos\/espana-suma-casi-300-autonomos-al-dia-mas-en-un-mes\/\"]}]},{\"@type\":\"ImageObject\",\"inLanguage\":\"es\",\"@id\":\"https:\/\/www.clubdelemprendimiento.com\/blog\/autonomos\/espana-suma-casi-300-autonomos-al-dia-mas-en-un-mes\/#primaryimage\",\"url\":\"https:\/\/www.clubdelemprendimiento.com\/blog\/wp-content\/uploads\/2024\/07\/istockphoto-178093646-612x612-1.jpg\",\"contentUrl\":\"https:\/\/www.clubdelemprendimiento.com\/blog\/wp-content\/uploads\/2024\/07\/istockphoto-178093646-612x612-1.jpg\",\"width\":612,\"height\":490,\"caption\":\"aut\u00f3nomos al d\u00eda\"},{\"@type\":\"BreadcrumbList\",\"@id\":\"https:\/\/www.clubdelemprendimiento.com\/blog\/autonomos\/espana-suma-casi-300-autonomos-al-dia-mas-en-un-mes\/#breadcrumb\",\"itemListElement\":[{\"@type\":\"ListItem\",\"position\":1,\"name\":\"Home\",\"item\":\"https:\/\/www.clubdelemprendimiento.com\/blog\/\"},{\"@type\":\"ListItem\",\"position\":2,\"name\":\"Espa\u00f1a suma casi 300 aut\u00f3nomos al d\u00eda m\u00e1s en un mes\"}]},{\"@type\":\"WebSite\",\"@id\":\"https:\/\/www.clubdelemprendimiento.com\/blog\/#website\",\"url\":\"https:\/\/www.clubdelemprendimiento.com\/blog\/\",\"name\":\"Blog Club del Emprendimiento\",\"description\":\"\",\"potentialAction\":[{\"@type\":\"SearchAction\",\"target\":{\"@type\":\"EntryPoint\",\"urlTemplate\":\"https:\/\/www.clubdelemprendimiento.com\/blog\/?s={search_term_string}\"},\"query-input\":\"required name=search_term_string\"}],\"inLanguage\":\"es\"},{\"@type\":\"Person\",\"@id\":\"https:\/\/www.clubdelemprendimiento.com\/blog\/#\/schema\/person\/92232c47067066ec15f4377533351817\",\"name\":\"Daniel Sim\u00f3n\",\"image\":{\"@type\":\"ImageObject\",\"inLanguage\":\"es\",\"@id\":\"https:\/\/www.clubdelemprendimiento.com\/blog\/#\/schema\/person\/image\/\",\"url\":\"https:\/\/secure.gravatar.com\/avatar\/5dae918ac4f617a644719cd381513179?s=96&d=mm&r=g\",\"contentUrl\":\"https:\/\/secure.gravatar.com\/avatar\/5dae918ac4f617a644719cd381513179?s=96&d=mm&r=g\",\"caption\":\"Daniel Sim\u00f3n\"},\"url\":\"https:\/\/www.clubdelemprendimiento.com\/blog\/author\/daniel\/\"}]}<\/script>\n<!-- \/ Yoast SEO plugin. -->","yoast_head_json":{"title":"Aut\u00f3nomos al d\u00eda, Espa\u00f1a suma casi 300 al d\u00eda en junio","description":"El mes de junio suma casi 300 aut\u00f3nomos al d\u00eda en Espa\u00f1a. Incrementa el n\u00famero total de aut\u00f3nomos en 9.210 trabajadores por cuenta propia.","robots":{"index":"index","follow":"follow","max-snippet":"max-snippet:-1","max-image-preview":"max-image-preview:large","max-video-preview":"max-video-preview:-1"},"canonical":"https:\/\/www.clubdelemprendimiento.com\/blog\/autonomos\/espana-suma-casi-300-autonomos-al-dia-mas-en-un-mes\/","og_locale":"es_ES","og_type":"article","og_title":"Aut\u00f3nomos al d\u00eda, Espa\u00f1a suma casi 300 al d\u00eda en junio","og_description":"El mes de junio suma casi 300 aut\u00f3nomos al d\u00eda en Espa\u00f1a. Incrementa el n\u00famero total de aut\u00f3nomos en 9.210 trabajadores por cuenta propia.","og_url":"https:\/\/www.clubdelemprendimiento.com\/blog\/autonomos\/espana-suma-casi-300-autonomos-al-dia-mas-en-un-mes\/","og_site_name":"Blog Club del Emprendimiento","article_published_time":"2024-07-16T09:00:00+00:00","article_modified_time":"2024-07-12T07:28:33+00:00","og_image":[{"width":612,"height":490,"url":"https:\/\/www.clubdelemprendimiento.com\/blog\/wp-content\/uploads\/2024\/07\/istockphoto-178093646-612x612-1.jpg","type":"image\/jpeg"}],"author":"Daniel Sim\u00f3n","twitter_card":"summary_large_image","twitter_misc":{"Escrito por":"Daniel Sim\u00f3n","Tiempo de lectura":"3 minutos"},"schema":{"@context":"https:\/\/schema.org","@graph":[{"@type":"WebPage","@id":"https:\/\/www.clubdelemprendimiento.com\/blog\/autonomos\/espana-suma-casi-300-autonomos-al-dia-mas-en-un-mes\/","url":"https:\/\/www.clubdelemprendimiento.com\/blog\/autonomos\/espana-suma-casi-300-autonomos-al-dia-mas-en-un-mes\/","name":"Aut\u00f3nomos al d\u00eda, Espa\u00f1a suma casi 300 al d\u00eda en junio","isPartOf":{"@id":"https:\/\/www.clubdelemprendimiento.com\/blog\/#website"},"primaryImageOfPage":{"@id":"https:\/\/www.clubdelemprendimiento.com\/blog\/autonomos\/espana-suma-casi-300-autonomos-al-dia-mas-en-un-mes\/#primaryimage"},"image":{"@id":"https:\/\/www.clubdelemprendimiento.com\/blog\/autonomos\/espana-suma-casi-300-autonomos-al-dia-mas-en-un-mes\/#primaryimage"},"thumbnailUrl":"https:\/\/www.clubdelemprendimiento.com\/blog\/wp-content\/uploads\/2024\/07\/istockphoto-178093646-612x612-1.jpg","datePublished":"2024-07-16T09:00:00+00:00","dateModified":"2024-07-12T07:28:33+00:00","author":{"@id":"https:\/\/www.clubdelemprendimiento.com\/blog\/#\/schema\/person\/92232c47067066ec15f4377533351817"},"description":"El mes de junio suma casi 300 aut\u00f3nomos al d\u00eda en Espa\u00f1a. Incrementa el n\u00famero total de aut\u00f3nomos en 9.210 trabajadores por cuenta propia.","breadcrumb":{"@id":"https:\/\/www.clubdelemprendimiento.com\/blog\/autonomos\/espana-suma-casi-300-autonomos-al-dia-mas-en-un-mes\/#breadcrumb"},"inLanguage":"es","potentialAction":[{"@type":"ReadAction","target":["https:\/\/www.clubdelemprendimiento.com\/blog\/autonomos\/espana-suma-casi-300-autonomos-al-dia-mas-en-un-mes\/"]}]},{"@type":"ImageObject","inLanguage":"es","@id":"https:\/\/www.clubdelemprendimiento.com\/blog\/autonomos\/espana-suma-casi-300-autonomos-al-dia-mas-en-un-mes\/#primaryimage","url":"https:\/\/www.clubdelemprendimiento.com\/blog\/wp-content\/uploads\/2024\/07\/istockphoto-178093646-612x612-1.jpg","contentUrl":"https:\/\/www.clubdelemprendimiento.com\/blog\/wp-content\/uploads\/2024\/07\/istockphoto-178093646-612x612-1.jpg","width":612,"height":490,"caption":"aut\u00f3nomos al d\u00eda"},{"@type":"BreadcrumbList","@id":"https:\/\/www.clubdelemprendimiento.com\/blog\/autonomos\/espana-suma-casi-300-autonomos-al-dia-mas-en-un-mes\/#breadcrumb","itemListElement":[{"@type":"ListItem","position":1,"name":"Home","item":"https:\/\/www.clubdelemprendimiento.com\/blog\/"},{"@type":"ListItem","position":2,"name":"Espa\u00f1a suma casi 300 aut\u00f3nomos al d\u00eda m\u00e1s en un mes"}]},{"@type":"WebSite","@id":"https:\/\/www.clubdelemprendimiento.com\/blog\/#website","url":"https:\/\/www.clubdelemprendimiento.com\/blog\/","name":"Blog Club del Emprendimiento","description":"","potentialAction":[{"@type":"SearchAction","target":{"@type":"EntryPoint","urlTemplate":"https:\/\/www.clubdelemprendimiento.com\/blog\/?s={search_term_string}"},"query-input":"required name=search_term_string"}],"inLanguage":"es"},{"@type":"Person","@id":"https:\/\/www.clubdelemprendimiento.com\/blog\/#\/schema\/person\/92232c47067066ec15f4377533351817","name":"Daniel Sim\u00f3n","image":{"@type":"ImageObject","inLanguage":"es","@id":"https:\/\/www.clubdelemprendimiento.com\/blog\/#\/schema\/person\/image\/","url":"https:\/\/secure.gravatar.com\/avatar\/5dae918ac4f617a644719cd381513179?s=96&d=mm&r=g","contentUrl":"https:\/\/secure.gravatar.com\/avatar\/5dae918ac4f617a644719cd381513179?s=96&d=mm&r=g","caption":"Daniel Sim\u00f3n"},"url":"https:\/\/www.clubdelemprendimiento.com\/blog\/author\/daniel\/"}]}},"_links":{"self":[{"href":"https:\/\/www.clubdelemprendimiento.com\/blog\/wp-json\/wp\/v2\/posts\/17493"}],"collection":[{"href":"https:\/\/www.clubdelemprendimiento.com\/blog\/wp-json\/wp\/v2\/posts"}],"about":[{"href":"https:\/\/www.clubdelemprendimiento.com\/blog\/wp-json\/wp\/v2\/types\/post"}],"author":[{"embeddable":true,"href":"https:\/\/www.clubdelemprendimiento.com\/blog\/wp-json\/wp\/v2\/users\/20"}],"replies":[{"embeddable":true,"href":"https:\/\/www.clubdelemprendimiento.com\/blog\/wp-json\/wp\/v2\/comments?post=17493"}],"version-history":[{"count":4,"href":"https:\/\/www.clubdelemprendimiento.com\/blog\/wp-json\/wp\/v2\/posts\/17493\/revisions"}],"predecessor-version":[{"id":17497,"href":"https:\/\/www.clubdelemprendimiento.com\/blog\/wp-json\/wp\/v2\/posts\/17493\/revisions\/17497"}],"wp:featuredmedia":[{"embeddable":true,"href":"https:\/\/www.clubdelemprendimiento.com\/blog\/wp-json\/wp\/v2\/media\/17498"}],"wp:attachment":[{"href":"https:\/\/www.clubdelemprendimiento.com\/blog\/wp-json\/wp\/v2\/media?parent=17493"}],"wp:term":[{"taxonomy":"category","embeddable":true,"href":"https:\/\/www.clubdelemprendimiento.com\/blog\/wp-json\/wp\/v2\/categories?post=17493"},{"taxonomy":"post_tag","embeddable":true,"href":"https:\/\/www.clubdelemprendimiento.com\/blog\/wp-json\/wp\/v2\/tags?post=17493"}],"curies":[{"name":"wp","href":"https:\/\/api.w.org\/{rel}","templated":true}]}}