{"id":17478,"date":"2024-07-12T09:00:00","date_gmt":"2024-07-12T09:00:00","guid":{"rendered":"https:\/\/www.clubdelemprendimiento.com\/blog\/?p=17478"},"modified":"2024-07-09T07:01:42","modified_gmt":"2024-07-09T07:01:42","slug":"como-pedir-la-excepcion-del-pago-del-iva-en-espana-a-partir-del-2025","status":"publish","type":"post","link":"https:\/\/www.clubdelemprendimiento.com\/blog\/autonomos\/como-pedir-la-excepcion-del-pago-del-iva-en-espana-a-partir-del-2025\/","title":{"rendered":"C\u00f3mo pedir la excepci\u00f3n del pago del IVA en Espa\u00f1a a partir del 2025"},"content":{"rendered":"\n<p>A partir del a\u00f1o 2025, en Espa\u00f1a <strong>los aut\u00f3nomos podr\u00e1n acogerse a una nueva normativa que les permite solicitar la excepci\u00f3n del pago del IVA. <\/strong>Esto facilitar\u00e1 la gesti\u00f3n financiera a los trabajadores por cuenta propia y permitir\u00e1 un mayor ahorro.<\/p>\n\n\n\n<h2 class=\"wp-block-heading\"><strong>\u00bfQu\u00e9 beneficios tiene la excepci\u00f3n del pago del IVA?<\/strong><\/h2>\n\n\n\n<p>Acogerse a la excepci\u00f3n del pago del <a href=\"https:\/\/www.clubdelemprendimiento.com\/blog\/franquicia\/cambios-en-el-iva-franquiciado-para-2025\/\">IVA<\/a> ofrece m\u00faltiples beneficios para los aut\u00f3nomos. En primer lugar, <strong>supone un alivio fiscal para aquellos con ingresos anuales que no superen los 85.000 euros. <\/strong>Al no tener que liquidar el IVA trimestralmente,<strong> los aut\u00f3nomos dispondr\u00e1n de mayor liquidez para invertir en sus negocios o cubrir otros gastos operativos.<\/strong><\/p>\n\n\n\n<p><em>\u00abLa excepci\u00f3n del IVA ayuda a simplificar la gesti\u00f3n administrativa: los aut\u00f3nomos se liberar\u00e1n de la obligaci\u00f3n de presentar declaraciones trimestrales y anuales de IVA, reduciendo as\u00ed el tiempo y esfuerzo dedicados a tareas contables\u00bb<\/em>, informa Yannick Charton, socio fundador de <a href=\"https:\/\/whiterabbit.us9.list-manage.com\/track\/click?u=d0e7bccf021b1e37939260dba&amp;id=ad50b3983c&amp;e=5cfee8107e\">Valio Consulting<\/a><em>.<\/em><\/p>\n\n\n\n<p><strong>Este ahorro de tiempo produce una mayor dedicaci\u00f3n a la actividad principal del negocio,<\/strong> permitiendo a los aut\u00f3nomos enfocarse en su crecimiento y desarrollo. Adem\u00e1s, <strong>contribuye a fomentar la competitividad de los peque\u00f1os negocios frente a las grandes empresas.<\/strong> Al reducir la carga impositiva, los aut\u00f3nomos pueden ofrecer precios m\u00e1s competitivos y mejorar su posici\u00f3n en el mercado.<\/p>\n\n\n\n<h2 class=\"wp-block-heading\"><strong>Pasos a seguir para solicitar la excepci\u00f3n<\/strong><\/h2>\n\n\n\n<p><em>\u00abPara pedir la excepci\u00f3n, <strong>es crucial contar con declaraciones de ingresos, facturas y cualquier otro documento que pueda acreditar tu situaci\u00f3n econ\u00f3mica.<\/strong> Esta documentaci\u00f3n es fundamental para demostrar que cumples con los requisitos establecidos por la normativa\u00bb,<\/em> informa Yannick Charton.<em><br><br><\/em>Adem\u00e1s, los especialistas recomiendan <strong>contar con un certificado digital o clave PIN para realizar la solicitud de manera electr\u00f3nica y para gestionar cualquier comunicaci\u00f3n con la Agencia Tributaria.<\/strong><\/p>\n\n\n\n<p>Con la implementaci\u00f3n de esta medida a partir del 2025, los aut\u00f3nomos en Espa\u00f1a tienen una oportunidad valiosa para optimizar su gesti\u00f3n fiscal y fortalecer su posici\u00f3n en el mercado.<\/p>\n","protected":false},"excerpt":{"rendered":"<p>A partir del a\u00f1o 2025, en Espa\u00f1a los aut\u00f3nomos podr\u00e1n acogerse a una nueva&hellip;<\/p>\n","protected":false},"author":20,"featured_media":17482,"comment_status":"open","ping_status":"open","sticky":false,"template":"","format":"standard","meta":{"_acf_changed":false,"footnotes":""},"categories":[255],"tags":[],"acf":[],"yoast_head":"<!-- This site is optimized with the Yoast SEO plugin v22.7 - https:\/\/yoast.com\/wordpress\/plugins\/seo\/ -->\n<title>Excepci\u00f3n del pago del IVA, como pedirlo a partir de 2025<\/title>\n<meta name=\"description\" content=\"A partir del a\u00f1o 2025, en Espa\u00f1a los aut\u00f3nomos podr\u00e1n acogerse a una nueva normativa que les permite solicitar la excepci\u00f3n del pago del IVA.\" \/>\n<meta name=\"robots\" content=\"index, follow, max-snippet:-1, max-image-preview:large, max-video-preview:-1\" \/>\n<link rel=\"canonical\" href=\"https:\/\/www.clubdelemprendimiento.com\/blog\/autonomos\/como-pedir-la-excepcion-del-pago-del-iva-en-espana-a-partir-del-2025\/\" \/>\n<meta property=\"og:locale\" content=\"es_ES\" \/>\n<meta property=\"og:type\" content=\"article\" \/>\n<meta property=\"og:title\" content=\"Excepci\u00f3n del pago del IVA, como pedirlo a partir de 2025\" \/>\n<meta property=\"og:description\" content=\"A partir del a\u00f1o 2025, en Espa\u00f1a los aut\u00f3nomos podr\u00e1n acogerse a una nueva normativa que les permite solicitar la excepci\u00f3n del pago del IVA.\" \/>\n<meta property=\"og:url\" content=\"https:\/\/www.clubdelemprendimiento.com\/blog\/autonomos\/como-pedir-la-excepcion-del-pago-del-iva-en-espana-a-partir-del-2025\/\" \/>\n<meta property=\"og:site_name\" content=\"Blog Club del Emprendimiento\" \/>\n<meta property=\"article:published_time\" content=\"2024-07-12T09:00:00+00:00\" \/>\n<meta property=\"article:modified_time\" content=\"2024-07-09T07:01:42+00:00\" \/>\n<meta property=\"og:image\" content=\"https:\/\/www.clubdelemprendimiento.com\/blog\/wp-content\/uploads\/2024\/07\/pexels-mikhail-nilov-6963053-scaled.jpg\" \/>\n\t<meta property=\"og:image:width\" content=\"2560\" \/>\n\t<meta property=\"og:image:height\" content=\"1707\" \/>\n\t<meta property=\"og:image:type\" content=\"image\/jpeg\" \/>\n<meta name=\"author\" content=\"Daniel Sim\u00f3n\" \/>\n<meta name=\"twitter:card\" content=\"summary_large_image\" \/>\n<meta name=\"twitter:label1\" content=\"Escrito por\" \/>\n\t<meta name=\"twitter:data1\" content=\"Daniel Sim\u00f3n\" \/>\n\t<meta name=\"twitter:label2\" content=\"Tiempo de lectura\" \/>\n\t<meta name=\"twitter:data2\" content=\"2 minutos\" \/>\n<script type=\"application\/ld+json\" class=\"yoast-schema-graph\">{\"@context\":\"https:\/\/schema.org\",\"@graph\":[{\"@type\":\"WebPage\",\"@id\":\"https:\/\/www.clubdelemprendimiento.com\/blog\/autonomos\/como-pedir-la-excepcion-del-pago-del-iva-en-espana-a-partir-del-2025\/\",\"url\":\"https:\/\/www.clubdelemprendimiento.com\/blog\/autonomos\/como-pedir-la-excepcion-del-pago-del-iva-en-espana-a-partir-del-2025\/\",\"name\":\"Excepci\u00f3n del pago del IVA, como pedirlo a partir de 2025\",\"isPartOf\":{\"@id\":\"https:\/\/www.clubdelemprendimiento.com\/blog\/#website\"},\"primaryImageOfPage\":{\"@id\":\"https:\/\/www.clubdelemprendimiento.com\/blog\/autonomos\/como-pedir-la-excepcion-del-pago-del-iva-en-espana-a-partir-del-2025\/#primaryimage\"},\"image\":{\"@id\":\"https:\/\/www.clubdelemprendimiento.com\/blog\/autonomos\/como-pedir-la-excepcion-del-pago-del-iva-en-espana-a-partir-del-2025\/#primaryimage\"},\"thumbnailUrl\":\"https:\/\/www.clubdelemprendimiento.com\/blog\/wp-content\/uploads\/2024\/07\/pexels-mikhail-nilov-6963053-scaled.jpg\",\"datePublished\":\"2024-07-12T09:00:00+00:00\",\"dateModified\":\"2024-07-09T07:01:42+00:00\",\"author\":{\"@id\":\"https:\/\/www.clubdelemprendimiento.com\/blog\/#\/schema\/person\/92232c47067066ec15f4377533351817\"},\"description\":\"A partir del a\u00f1o 2025, en Espa\u00f1a los aut\u00f3nomos podr\u00e1n acogerse a una nueva normativa que les permite solicitar la excepci\u00f3n del pago del IVA.\",\"breadcrumb\":{\"@id\":\"https:\/\/www.clubdelemprendimiento.com\/blog\/autonomos\/como-pedir-la-excepcion-del-pago-del-iva-en-espana-a-partir-del-2025\/#breadcrumb\"},\"inLanguage\":\"es\",\"potentialAction\":[{\"@type\":\"ReadAction\",\"target\":[\"https:\/\/www.clubdelemprendimiento.com\/blog\/autonomos\/como-pedir-la-excepcion-del-pago-del-iva-en-espana-a-partir-del-2025\/\"]}]},{\"@type\":\"ImageObject\",\"inLanguage\":\"es\",\"@id\":\"https:\/\/www.clubdelemprendimiento.com\/blog\/autonomos\/como-pedir-la-excepcion-del-pago-del-iva-en-espana-a-partir-del-2025\/#primaryimage\",\"url\":\"https:\/\/www.clubdelemprendimiento.com\/blog\/wp-content\/uploads\/2024\/07\/pexels-mikhail-nilov-6963053-scaled.jpg\",\"contentUrl\":\"https:\/\/www.clubdelemprendimiento.com\/blog\/wp-content\/uploads\/2024\/07\/pexels-mikhail-nilov-6963053-scaled.jpg\",\"width\":2560,\"height\":1707,\"caption\":\"excepci\u00f3n del pago del IVA\"},{\"@type\":\"BreadcrumbList\",\"@id\":\"https:\/\/www.clubdelemprendimiento.com\/blog\/autonomos\/como-pedir-la-excepcion-del-pago-del-iva-en-espana-a-partir-del-2025\/#breadcrumb\",\"itemListElement\":[{\"@type\":\"ListItem\",\"position\":1,\"name\":\"Home\",\"item\":\"https:\/\/www.clubdelemprendimiento.com\/blog\/\"},{\"@type\":\"ListItem\",\"position\":2,\"name\":\"C\u00f3mo pedir la excepci\u00f3n del pago del IVA en Espa\u00f1a a partir del 2025\"}]},{\"@type\":\"WebSite\",\"@id\":\"https:\/\/www.clubdelemprendimiento.com\/blog\/#website\",\"url\":\"https:\/\/www.clubdelemprendimiento.com\/blog\/\",\"name\":\"Blog Club del Emprendimiento\",\"description\":\"\",\"potentialAction\":[{\"@type\":\"SearchAction\",\"target\":{\"@type\":\"EntryPoint\",\"urlTemplate\":\"https:\/\/www.clubdelemprendimiento.com\/blog\/?s={search_term_string}\"},\"query-input\":\"required name=search_term_string\"}],\"inLanguage\":\"es\"},{\"@type\":\"Person\",\"@id\":\"https:\/\/www.clubdelemprendimiento.com\/blog\/#\/schema\/person\/92232c47067066ec15f4377533351817\",\"name\":\"Daniel Sim\u00f3n\",\"image\":{\"@type\":\"ImageObject\",\"inLanguage\":\"es\",\"@id\":\"https:\/\/www.clubdelemprendimiento.com\/blog\/#\/schema\/person\/image\/\",\"url\":\"https:\/\/secure.gravatar.com\/avatar\/5dae918ac4f617a644719cd381513179?s=96&d=mm&r=g\",\"contentUrl\":\"https:\/\/secure.gravatar.com\/avatar\/5dae918ac4f617a644719cd381513179?s=96&d=mm&r=g\",\"caption\":\"Daniel Sim\u00f3n\"},\"url\":\"https:\/\/www.clubdelemprendimiento.com\/blog\/author\/daniel\/\"}]}<\/script>\n<!-- \/ Yoast SEO plugin. -->","yoast_head_json":{"title":"Excepci\u00f3n del pago del IVA, como pedirlo a partir de 2025","description":"A partir del a\u00f1o 2025, en Espa\u00f1a los aut\u00f3nomos podr\u00e1n acogerse a una nueva normativa que les permite solicitar la excepci\u00f3n del pago del IVA.","robots":{"index":"index","follow":"follow","max-snippet":"max-snippet:-1","max-image-preview":"max-image-preview:large","max-video-preview":"max-video-preview:-1"},"canonical":"https:\/\/www.clubdelemprendimiento.com\/blog\/autonomos\/como-pedir-la-excepcion-del-pago-del-iva-en-espana-a-partir-del-2025\/","og_locale":"es_ES","og_type":"article","og_title":"Excepci\u00f3n del pago del IVA, como pedirlo a partir de 2025","og_description":"A partir del a\u00f1o 2025, en Espa\u00f1a los aut\u00f3nomos podr\u00e1n acogerse a una nueva normativa que les permite solicitar la excepci\u00f3n del pago del IVA.","og_url":"https:\/\/www.clubdelemprendimiento.com\/blog\/autonomos\/como-pedir-la-excepcion-del-pago-del-iva-en-espana-a-partir-del-2025\/","og_site_name":"Blog Club del Emprendimiento","article_published_time":"2024-07-12T09:00:00+00:00","article_modified_time":"2024-07-09T07:01:42+00:00","og_image":[{"width":2560,"height":1707,"url":"https:\/\/www.clubdelemprendimiento.com\/blog\/wp-content\/uploads\/2024\/07\/pexels-mikhail-nilov-6963053-scaled.jpg","type":"image\/jpeg"}],"author":"Daniel Sim\u00f3n","twitter_card":"summary_large_image","twitter_misc":{"Escrito por":"Daniel Sim\u00f3n","Tiempo de lectura":"2 minutos"},"schema":{"@context":"https:\/\/schema.org","@graph":[{"@type":"WebPage","@id":"https:\/\/www.clubdelemprendimiento.com\/blog\/autonomos\/como-pedir-la-excepcion-del-pago-del-iva-en-espana-a-partir-del-2025\/","url":"https:\/\/www.clubdelemprendimiento.com\/blog\/autonomos\/como-pedir-la-excepcion-del-pago-del-iva-en-espana-a-partir-del-2025\/","name":"Excepci\u00f3n del pago del IVA, como pedirlo a partir de 2025","isPartOf":{"@id":"https:\/\/www.clubdelemprendimiento.com\/blog\/#website"},"primaryImageOfPage":{"@id":"https:\/\/www.clubdelemprendimiento.com\/blog\/autonomos\/como-pedir-la-excepcion-del-pago-del-iva-en-espana-a-partir-del-2025\/#primaryimage"},"image":{"@id":"https:\/\/www.clubdelemprendimiento.com\/blog\/autonomos\/como-pedir-la-excepcion-del-pago-del-iva-en-espana-a-partir-del-2025\/#primaryimage"},"thumbnailUrl":"https:\/\/www.clubdelemprendimiento.com\/blog\/wp-content\/uploads\/2024\/07\/pexels-mikhail-nilov-6963053-scaled.jpg","datePublished":"2024-07-12T09:00:00+00:00","dateModified":"2024-07-09T07:01:42+00:00","author":{"@id":"https:\/\/www.clubdelemprendimiento.com\/blog\/#\/schema\/person\/92232c47067066ec15f4377533351817"},"description":"A partir del a\u00f1o 2025, en Espa\u00f1a los aut\u00f3nomos podr\u00e1n acogerse a una nueva normativa que les permite solicitar la excepci\u00f3n del pago del IVA.","breadcrumb":{"@id":"https:\/\/www.clubdelemprendimiento.com\/blog\/autonomos\/como-pedir-la-excepcion-del-pago-del-iva-en-espana-a-partir-del-2025\/#breadcrumb"},"inLanguage":"es","potentialAction":[{"@type":"ReadAction","target":["https:\/\/www.clubdelemprendimiento.com\/blog\/autonomos\/como-pedir-la-excepcion-del-pago-del-iva-en-espana-a-partir-del-2025\/"]}]},{"@type":"ImageObject","inLanguage":"es","@id":"https:\/\/www.clubdelemprendimiento.com\/blog\/autonomos\/como-pedir-la-excepcion-del-pago-del-iva-en-espana-a-partir-del-2025\/#primaryimage","url":"https:\/\/www.clubdelemprendimiento.com\/blog\/wp-content\/uploads\/2024\/07\/pexels-mikhail-nilov-6963053-scaled.jpg","contentUrl":"https:\/\/www.clubdelemprendimiento.com\/blog\/wp-content\/uploads\/2024\/07\/pexels-mikhail-nilov-6963053-scaled.jpg","width":2560,"height":1707,"caption":"excepci\u00f3n del pago del IVA"},{"@type":"BreadcrumbList","@id":"https:\/\/www.clubdelemprendimiento.com\/blog\/autonomos\/como-pedir-la-excepcion-del-pago-del-iva-en-espana-a-partir-del-2025\/#breadcrumb","itemListElement":[{"@type":"ListItem","position":1,"name":"Home","item":"https:\/\/www.clubdelemprendimiento.com\/blog\/"},{"@type":"ListItem","position":2,"name":"C\u00f3mo pedir la excepci\u00f3n del pago del IVA en Espa\u00f1a a partir del 2025"}]},{"@type":"WebSite","@id":"https:\/\/www.clubdelemprendimiento.com\/blog\/#website","url":"https:\/\/www.clubdelemprendimiento.com\/blog\/","name":"Blog Club del Emprendimiento","description":"","potentialAction":[{"@type":"SearchAction","target":{"@type":"EntryPoint","urlTemplate":"https:\/\/www.clubdelemprendimiento.com\/blog\/?s={search_term_string}"},"query-input":"required name=search_term_string"}],"inLanguage":"es"},{"@type":"Person","@id":"https:\/\/www.clubdelemprendimiento.com\/blog\/#\/schema\/person\/92232c47067066ec15f4377533351817","name":"Daniel Sim\u00f3n","image":{"@type":"ImageObject","inLanguage":"es","@id":"https:\/\/www.clubdelemprendimiento.com\/blog\/#\/schema\/person\/image\/","url":"https:\/\/secure.gravatar.com\/avatar\/5dae918ac4f617a644719cd381513179?s=96&d=mm&r=g","contentUrl":"https:\/\/secure.gravatar.com\/avatar\/5dae918ac4f617a644719cd381513179?s=96&d=mm&r=g","caption":"Daniel Sim\u00f3n"},"url":"https:\/\/www.clubdelemprendimiento.com\/blog\/author\/daniel\/"}]}},"_links":{"self":[{"href":"https:\/\/www.clubdelemprendimiento.com\/blog\/wp-json\/wp\/v2\/posts\/17478"}],"collection":[{"href":"https:\/\/www.clubdelemprendimiento.com\/blog\/wp-json\/wp\/v2\/posts"}],"about":[{"href":"https:\/\/www.clubdelemprendimiento.com\/blog\/wp-json\/wp\/v2\/types\/post"}],"author":[{"embeddable":true,"href":"https:\/\/www.clubdelemprendimiento.com\/blog\/wp-json\/wp\/v2\/users\/20"}],"replies":[{"embeddable":true,"href":"https:\/\/www.clubdelemprendimiento.com\/blog\/wp-json\/wp\/v2\/comments?post=17478"}],"version-history":[{"count":3,"href":"https:\/\/www.clubdelemprendimiento.com\/blog\/wp-json\/wp\/v2\/posts\/17478\/revisions"}],"predecessor-version":[{"id":17481,"href":"https:\/\/www.clubdelemprendimiento.com\/blog\/wp-json\/wp\/v2\/posts\/17478\/revisions\/17481"}],"wp:featuredmedia":[{"embeddable":true,"href":"https:\/\/www.clubdelemprendimiento.com\/blog\/wp-json\/wp\/v2\/media\/17482"}],"wp:attachment":[{"href":"https:\/\/www.clubdelemprendimiento.com\/blog\/wp-json\/wp\/v2\/media?parent=17478"}],"wp:term":[{"taxonomy":"category","embeddable":true,"href":"https:\/\/www.clubdelemprendimiento.com\/blog\/wp-json\/wp\/v2\/categories?post=17478"},{"taxonomy":"post_tag","embeddable":true,"href":"https:\/\/www.clubdelemprendimiento.com\/blog\/wp-json\/wp\/v2\/tags?post=17478"}],"curies":[{"name":"wp","href":"https:\/\/api.w.org\/{rel}","templated":true}]}}