{"id":17266,"date":"2024-05-15T08:17:28","date_gmt":"2024-05-15T08:17:28","guid":{"rendered":"https:\/\/www.clubdelemprendimiento.com\/blog\/?p=17266"},"modified":"2024-05-13T10:50:12","modified_gmt":"2024-05-13T10:50:12","slug":"nuevas-altas-de-autonomos-en-la-comunidad-valenciana-andalucia-y-madrid","status":"publish","type":"post","link":"https:\/\/www.clubdelemprendimiento.com\/blog\/autonomos\/nuevas-altas-de-autonomos-en-la-comunidad-valenciana-andalucia-y-madrid\/","title":{"rendered":"Nuevas altas de aut\u00f3nomos en la Comunidad Valenciana, Andaluc\u00eda y Madrid"},"content":{"rendered":"<p>ATA ha recogido un aumento en las altas aut\u00f3nomos en Espa\u00f1a. <strong>El RETA suma 29.000 nuevos aut\u00f3nomos en t\u00e9rminos interanuales, casi 25.000 son de una de estas tres comunidades<\/strong>. Lo cual supone un 90% de los trabajadores por cuenta propia.<\/p>\n<p>\u201c<em>Concretamente Andaluc\u00eda, Madrid y la Comunidad Valenciana representan el 90% de los nuevos aut\u00f3nomos: de los 29.743, 10.371 son de Andaluc\u00eda, 8.614 de la Comunidad de Madrid y 6.377 de la Comunidad Valenciana, lo que representa el 90% de las nuevas altas de aut\u00f3nomos<\/em>\u201d, se\u00f1ala <strong>Lorenzo Amor,<\/strong> presidente de la Federaci\u00f3n Nacional de Asociaciones de Trabajadores Aut\u00f3nomos \u2013 <a href=\"https:\/\/ata.es\">ATA<\/a>.<\/p>\n<h2><span style=\"font-weight: normal\">Altas de aut\u00f3nomos en el \u00faltimo mes del a\u00f1o<\/span><\/h2>\n<p>Este a\u00f1o en el mes de abril <strong style=\"font-weight: 400\">se ha alcanzado un r\u00e9cord hist\u00f3rico de afiliaci\u00f3n, 21,1 millones de ocupados en Espa\u00f1a y con un incremento de la afiliaci\u00f3n de m\u00e1s de 199.000 afiliados m\u00e1s en este mes. \u00a0<\/strong>En abril ha habido 11.987 aut\u00f3nomos m\u00e1s, esto supone 400 altas cada d\u00eda en Espa\u00f1a. Adem\u00e1s, el paro se ha reducido en 60.503 personas en abril.<\/p>\n<h2><span style=\"font-weight: normal\">\u00bfQu\u00e9 comunidades no han aumentado los trabajadores por cuenta propia?<\/span><\/h2>\n<p style=\"font-weight: 400\">Por provincias, Arag\u00f3n (-48 aut\u00f3nomos), Extremadura (-160) y Navarra (-25) no han sumado trabajadores por cuenta propia en el cuarto mes del a\u00f1o. Sin embargo, Andaluc\u00eda (+2.903), Islas Baleares (+2.772) y Catalu\u00f1a (+2.044 ) han registrado los mayores aumentos.<\/p>\n<p style=\"font-weight: 400\">\u201c<em>Por lo tanto, aunque vemos unos datos muy positivos en empleo y aunque vemos ese r\u00e9cord hist\u00f3rico de afiliaci\u00f3n, tambi\u00e9n observamos que hay una desaceleraci\u00f3n en el ritmo de creaci\u00f3n de empleo.<\/em>\u201d, se\u00f1ala Lorenzo Amor.<\/p>\n<h2><span style=\"font-weight: normal\">\u00bfCu\u00e1les son los sectores m\u00e1s afectados?<\/span><\/h2>\n<p>En este caso, \u00fanicamente<strong> la agricultura desciende el n\u00famero de trabajadores por cuenta propia, concretamente 41 menos que en marzo.\u00a0<\/strong>El resto de<a href=\"https:\/\/www.clubdelemprendimiento.com\/blog\/autonomos\/automono-dos-empleos\/\"> sectores de actividad<\/a> se mantiene en positivo y logra aumentar el n\u00famero de trabajadores por cuenta propia. En t\u00e9rminos absolutos, <strong>la hosteler\u00eda<\/strong> (+2.814) el sector que m\u00e1s suma durante el mes de abril, seguido del <strong>comercio<\/strong> (+1.673) y <strong>actividades profesionales, cient\u00edficas y t\u00e9cnicas<\/strong> que suma 1.650 aut\u00f3nomos en el mes de abril.<\/p>\n","protected":false},"excerpt":{"rendered":"<p>ATA ha recogido un aumento en las altas aut\u00f3nomos en Espa\u00f1a. El RETA suma&hellip;<\/p>\n","protected":false},"author":20,"featured_media":17267,"comment_status":"open","ping_status":"open","sticky":false,"template":"","format":"standard","meta":{"_acf_changed":false,"footnotes":""},"categories":[255],"tags":[],"acf":[],"yoast_head":"<!-- This site is optimized with the Yoast SEO plugin v22.7 - https:\/\/yoast.com\/wordpress\/plugins\/seo\/ -->\n<title>Altas de aut\u00f3nomos aumenta en Espa\u00f1a en tres comunidades aut\u00f3nomas<\/title>\n<meta name=\"description\" content=\"ATA ha recogido un aumento en las altas aut\u00f3nomos en Espa\u00f1a. El RETA suma 29.000 nuevos aut\u00f3nomos en t\u00e9rminos interanuales.\" \/>\n<meta name=\"robots\" content=\"index, follow, max-snippet:-1, max-image-preview:large, max-video-preview:-1\" \/>\n<link rel=\"canonical\" href=\"https:\/\/www.clubdelemprendimiento.com\/blog\/autonomos\/nuevas-altas-de-autonomos-en-la-comunidad-valenciana-andalucia-y-madrid\/\" \/>\n<meta property=\"og:locale\" content=\"es_ES\" \/>\n<meta property=\"og:type\" content=\"article\" \/>\n<meta property=\"og:title\" content=\"Altas de aut\u00f3nomos aumenta en Espa\u00f1a en tres comunidades aut\u00f3nomas\" \/>\n<meta property=\"og:description\" content=\"ATA ha recogido un aumento en las altas aut\u00f3nomos en Espa\u00f1a. El RETA suma 29.000 nuevos aut\u00f3nomos en t\u00e9rminos interanuales.\" \/>\n<meta property=\"og:url\" content=\"https:\/\/www.clubdelemprendimiento.com\/blog\/autonomos\/nuevas-altas-de-autonomos-en-la-comunidad-valenciana-andalucia-y-madrid\/\" \/>\n<meta property=\"og:site_name\" content=\"Blog Club del Emprendimiento\" \/>\n<meta property=\"article:published_time\" content=\"2024-05-15T08:17:28+00:00\" \/>\n<meta property=\"article:modified_time\" content=\"2024-05-13T10:50:12+00:00\" \/>\n<meta property=\"og:image\" content=\"https:\/\/www.clubdelemprendimiento.com\/blog\/wp-content\/uploads\/2024\/05\/pexels-cottonbro-5083397.jpg\" \/>\n\t<meta property=\"og:image:width\" content=\"4160\" \/>\n\t<meta property=\"og:image:height\" content=\"6240\" \/>\n\t<meta property=\"og:image:type\" content=\"image\/jpeg\" \/>\n<meta name=\"author\" content=\"Daniel Sim\u00f3n\" \/>\n<meta name=\"twitter:card\" content=\"summary_large_image\" \/>\n<meta name=\"twitter:label1\" content=\"Escrito por\" \/>\n\t<meta name=\"twitter:data1\" content=\"Daniel Sim\u00f3n\" \/>\n\t<meta name=\"twitter:label2\" content=\"Tiempo de lectura\" \/>\n\t<meta name=\"twitter:data2\" content=\"2 minutos\" \/>\n<script type=\"application\/ld+json\" class=\"yoast-schema-graph\">{\"@context\":\"https:\/\/schema.org\",\"@graph\":[{\"@type\":\"WebPage\",\"@id\":\"https:\/\/www.clubdelemprendimiento.com\/blog\/autonomos\/nuevas-altas-de-autonomos-en-la-comunidad-valenciana-andalucia-y-madrid\/\",\"url\":\"https:\/\/www.clubdelemprendimiento.com\/blog\/autonomos\/nuevas-altas-de-autonomos-en-la-comunidad-valenciana-andalucia-y-madrid\/\",\"name\":\"Altas de aut\u00f3nomos aumenta en Espa\u00f1a en tres comunidades aut\u00f3nomas\",\"isPartOf\":{\"@id\":\"https:\/\/www.clubdelemprendimiento.com\/blog\/#website\"},\"primaryImageOfPage\":{\"@id\":\"https:\/\/www.clubdelemprendimiento.com\/blog\/autonomos\/nuevas-altas-de-autonomos-en-la-comunidad-valenciana-andalucia-y-madrid\/#primaryimage\"},\"image\":{\"@id\":\"https:\/\/www.clubdelemprendimiento.com\/blog\/autonomos\/nuevas-altas-de-autonomos-en-la-comunidad-valenciana-andalucia-y-madrid\/#primaryimage\"},\"thumbnailUrl\":\"https:\/\/www.clubdelemprendimiento.com\/blog\/wp-content\/uploads\/2024\/05\/pexels-cottonbro-5083397.jpg\",\"datePublished\":\"2024-05-15T08:17:28+00:00\",\"dateModified\":\"2024-05-13T10:50:12+00:00\",\"author\":{\"@id\":\"https:\/\/www.clubdelemprendimiento.com\/blog\/#\/schema\/person\/92232c47067066ec15f4377533351817\"},\"description\":\"ATA ha recogido un aumento en las altas aut\u00f3nomos en Espa\u00f1a. El RETA suma 29.000 nuevos aut\u00f3nomos en t\u00e9rminos interanuales.\",\"breadcrumb\":{\"@id\":\"https:\/\/www.clubdelemprendimiento.com\/blog\/autonomos\/nuevas-altas-de-autonomos-en-la-comunidad-valenciana-andalucia-y-madrid\/#breadcrumb\"},\"inLanguage\":\"es\",\"potentialAction\":[{\"@type\":\"ReadAction\",\"target\":[\"https:\/\/www.clubdelemprendimiento.com\/blog\/autonomos\/nuevas-altas-de-autonomos-en-la-comunidad-valenciana-andalucia-y-madrid\/\"]}]},{\"@type\":\"ImageObject\",\"inLanguage\":\"es\",\"@id\":\"https:\/\/www.clubdelemprendimiento.com\/blog\/autonomos\/nuevas-altas-de-autonomos-en-la-comunidad-valenciana-andalucia-y-madrid\/#primaryimage\",\"url\":\"https:\/\/www.clubdelemprendimiento.com\/blog\/wp-content\/uploads\/2024\/05\/pexels-cottonbro-5083397.jpg\",\"contentUrl\":\"https:\/\/www.clubdelemprendimiento.com\/blog\/wp-content\/uploads\/2024\/05\/pexels-cottonbro-5083397.jpg\",\"width\":4160,\"height\":6240,\"caption\":\"altas de aut\u00f3nomos\"},{\"@type\":\"BreadcrumbList\",\"@id\":\"https:\/\/www.clubdelemprendimiento.com\/blog\/autonomos\/nuevas-altas-de-autonomos-en-la-comunidad-valenciana-andalucia-y-madrid\/#breadcrumb\",\"itemListElement\":[{\"@type\":\"ListItem\",\"position\":1,\"name\":\"Home\",\"item\":\"https:\/\/www.clubdelemprendimiento.com\/blog\/\"},{\"@type\":\"ListItem\",\"position\":2,\"name\":\"Nuevas altas de aut\u00f3nomos en la Comunidad Valenciana, Andaluc\u00eda y Madrid\"}]},{\"@type\":\"WebSite\",\"@id\":\"https:\/\/www.clubdelemprendimiento.com\/blog\/#website\",\"url\":\"https:\/\/www.clubdelemprendimiento.com\/blog\/\",\"name\":\"Blog Club del Emprendimiento\",\"description\":\"\",\"potentialAction\":[{\"@type\":\"SearchAction\",\"target\":{\"@type\":\"EntryPoint\",\"urlTemplate\":\"https:\/\/www.clubdelemprendimiento.com\/blog\/?s={search_term_string}\"},\"query-input\":\"required name=search_term_string\"}],\"inLanguage\":\"es\"},{\"@type\":\"Person\",\"@id\":\"https:\/\/www.clubdelemprendimiento.com\/blog\/#\/schema\/person\/92232c47067066ec15f4377533351817\",\"name\":\"Daniel Sim\u00f3n\",\"image\":{\"@type\":\"ImageObject\",\"inLanguage\":\"es\",\"@id\":\"https:\/\/www.clubdelemprendimiento.com\/blog\/#\/schema\/person\/image\/\",\"url\":\"https:\/\/secure.gravatar.com\/avatar\/5dae918ac4f617a644719cd381513179?s=96&d=mm&r=g\",\"contentUrl\":\"https:\/\/secure.gravatar.com\/avatar\/5dae918ac4f617a644719cd381513179?s=96&d=mm&r=g\",\"caption\":\"Daniel Sim\u00f3n\"},\"url\":\"https:\/\/www.clubdelemprendimiento.com\/blog\/author\/daniel\/\"}]}<\/script>\n<!-- \/ Yoast SEO plugin. -->","yoast_head_json":{"title":"Altas de aut\u00f3nomos aumenta en Espa\u00f1a en tres comunidades aut\u00f3nomas","description":"ATA ha recogido un aumento en las altas aut\u00f3nomos en Espa\u00f1a. El RETA suma 29.000 nuevos aut\u00f3nomos en t\u00e9rminos interanuales.","robots":{"index":"index","follow":"follow","max-snippet":"max-snippet:-1","max-image-preview":"max-image-preview:large","max-video-preview":"max-video-preview:-1"},"canonical":"https:\/\/www.clubdelemprendimiento.com\/blog\/autonomos\/nuevas-altas-de-autonomos-en-la-comunidad-valenciana-andalucia-y-madrid\/","og_locale":"es_ES","og_type":"article","og_title":"Altas de aut\u00f3nomos aumenta en Espa\u00f1a en tres comunidades aut\u00f3nomas","og_description":"ATA ha recogido un aumento en las altas aut\u00f3nomos en Espa\u00f1a. El RETA suma 29.000 nuevos aut\u00f3nomos en t\u00e9rminos interanuales.","og_url":"https:\/\/www.clubdelemprendimiento.com\/blog\/autonomos\/nuevas-altas-de-autonomos-en-la-comunidad-valenciana-andalucia-y-madrid\/","og_site_name":"Blog Club del Emprendimiento","article_published_time":"2024-05-15T08:17:28+00:00","article_modified_time":"2024-05-13T10:50:12+00:00","og_image":[{"width":4160,"height":6240,"url":"https:\/\/www.clubdelemprendimiento.com\/blog\/wp-content\/uploads\/2024\/05\/pexels-cottonbro-5083397.jpg","type":"image\/jpeg"}],"author":"Daniel Sim\u00f3n","twitter_card":"summary_large_image","twitter_misc":{"Escrito por":"Daniel Sim\u00f3n","Tiempo de lectura":"2 minutos"},"schema":{"@context":"https:\/\/schema.org","@graph":[{"@type":"WebPage","@id":"https:\/\/www.clubdelemprendimiento.com\/blog\/autonomos\/nuevas-altas-de-autonomos-en-la-comunidad-valenciana-andalucia-y-madrid\/","url":"https:\/\/www.clubdelemprendimiento.com\/blog\/autonomos\/nuevas-altas-de-autonomos-en-la-comunidad-valenciana-andalucia-y-madrid\/","name":"Altas de aut\u00f3nomos aumenta en Espa\u00f1a en tres comunidades aut\u00f3nomas","isPartOf":{"@id":"https:\/\/www.clubdelemprendimiento.com\/blog\/#website"},"primaryImageOfPage":{"@id":"https:\/\/www.clubdelemprendimiento.com\/blog\/autonomos\/nuevas-altas-de-autonomos-en-la-comunidad-valenciana-andalucia-y-madrid\/#primaryimage"},"image":{"@id":"https:\/\/www.clubdelemprendimiento.com\/blog\/autonomos\/nuevas-altas-de-autonomos-en-la-comunidad-valenciana-andalucia-y-madrid\/#primaryimage"},"thumbnailUrl":"https:\/\/www.clubdelemprendimiento.com\/blog\/wp-content\/uploads\/2024\/05\/pexels-cottonbro-5083397.jpg","datePublished":"2024-05-15T08:17:28+00:00","dateModified":"2024-05-13T10:50:12+00:00","author":{"@id":"https:\/\/www.clubdelemprendimiento.com\/blog\/#\/schema\/person\/92232c47067066ec15f4377533351817"},"description":"ATA ha recogido un aumento en las altas aut\u00f3nomos en Espa\u00f1a. El RETA suma 29.000 nuevos aut\u00f3nomos en t\u00e9rminos interanuales.","breadcrumb":{"@id":"https:\/\/www.clubdelemprendimiento.com\/blog\/autonomos\/nuevas-altas-de-autonomos-en-la-comunidad-valenciana-andalucia-y-madrid\/#breadcrumb"},"inLanguage":"es","potentialAction":[{"@type":"ReadAction","target":["https:\/\/www.clubdelemprendimiento.com\/blog\/autonomos\/nuevas-altas-de-autonomos-en-la-comunidad-valenciana-andalucia-y-madrid\/"]}]},{"@type":"ImageObject","inLanguage":"es","@id":"https:\/\/www.clubdelemprendimiento.com\/blog\/autonomos\/nuevas-altas-de-autonomos-en-la-comunidad-valenciana-andalucia-y-madrid\/#primaryimage","url":"https:\/\/www.clubdelemprendimiento.com\/blog\/wp-content\/uploads\/2024\/05\/pexels-cottonbro-5083397.jpg","contentUrl":"https:\/\/www.clubdelemprendimiento.com\/blog\/wp-content\/uploads\/2024\/05\/pexels-cottonbro-5083397.jpg","width":4160,"height":6240,"caption":"altas de aut\u00f3nomos"},{"@type":"BreadcrumbList","@id":"https:\/\/www.clubdelemprendimiento.com\/blog\/autonomos\/nuevas-altas-de-autonomos-en-la-comunidad-valenciana-andalucia-y-madrid\/#breadcrumb","itemListElement":[{"@type":"ListItem","position":1,"name":"Home","item":"https:\/\/www.clubdelemprendimiento.com\/blog\/"},{"@type":"ListItem","position":2,"name":"Nuevas altas de aut\u00f3nomos en la Comunidad Valenciana, Andaluc\u00eda y Madrid"}]},{"@type":"WebSite","@id":"https:\/\/www.clubdelemprendimiento.com\/blog\/#website","url":"https:\/\/www.clubdelemprendimiento.com\/blog\/","name":"Blog Club del Emprendimiento","description":"","potentialAction":[{"@type":"SearchAction","target":{"@type":"EntryPoint","urlTemplate":"https:\/\/www.clubdelemprendimiento.com\/blog\/?s={search_term_string}"},"query-input":"required name=search_term_string"}],"inLanguage":"es"},{"@type":"Person","@id":"https:\/\/www.clubdelemprendimiento.com\/blog\/#\/schema\/person\/92232c47067066ec15f4377533351817","name":"Daniel Sim\u00f3n","image":{"@type":"ImageObject","inLanguage":"es","@id":"https:\/\/www.clubdelemprendimiento.com\/blog\/#\/schema\/person\/image\/","url":"https:\/\/secure.gravatar.com\/avatar\/5dae918ac4f617a644719cd381513179?s=96&d=mm&r=g","contentUrl":"https:\/\/secure.gravatar.com\/avatar\/5dae918ac4f617a644719cd381513179?s=96&d=mm&r=g","caption":"Daniel Sim\u00f3n"},"url":"https:\/\/www.clubdelemprendimiento.com\/blog\/author\/daniel\/"}]}},"_links":{"self":[{"href":"https:\/\/www.clubdelemprendimiento.com\/blog\/wp-json\/wp\/v2\/posts\/17266"}],"collection":[{"href":"https:\/\/www.clubdelemprendimiento.com\/blog\/wp-json\/wp\/v2\/posts"}],"about":[{"href":"https:\/\/www.clubdelemprendimiento.com\/blog\/wp-json\/wp\/v2\/types\/post"}],"author":[{"embeddable":true,"href":"https:\/\/www.clubdelemprendimiento.com\/blog\/wp-json\/wp\/v2\/users\/20"}],"replies":[{"embeddable":true,"href":"https:\/\/www.clubdelemprendimiento.com\/blog\/wp-json\/wp\/v2\/comments?post=17266"}],"version-history":[{"count":5,"href":"https:\/\/www.clubdelemprendimiento.com\/blog\/wp-json\/wp\/v2\/posts\/17266\/revisions"}],"predecessor-version":[{"id":17273,"href":"https:\/\/www.clubdelemprendimiento.com\/blog\/wp-json\/wp\/v2\/posts\/17266\/revisions\/17273"}],"wp:featuredmedia":[{"embeddable":true,"href":"https:\/\/www.clubdelemprendimiento.com\/blog\/wp-json\/wp\/v2\/media\/17267"}],"wp:attachment":[{"href":"https:\/\/www.clubdelemprendimiento.com\/blog\/wp-json\/wp\/v2\/media?parent=17266"}],"wp:term":[{"taxonomy":"category","embeddable":true,"href":"https:\/\/www.clubdelemprendimiento.com\/blog\/wp-json\/wp\/v2\/categories?post=17266"},{"taxonomy":"post_tag","embeddable":true,"href":"https:\/\/www.clubdelemprendimiento.com\/blog\/wp-json\/wp\/v2\/tags?post=17266"}],"curies":[{"name":"wp","href":"https:\/\/api.w.org\/{rel}","templated":true}]}}