{"id":17241,"date":"2024-05-07T06:01:27","date_gmt":"2024-05-07T06:01:27","guid":{"rendered":"https:\/\/www.clubdelemprendimiento.com\/blog\/?p=17241"},"modified":"2024-05-07T06:01:27","modified_gmt":"2024-05-07T06:01:27","slug":"animayo-gran-canaria-celebra-el-encuentro-invest-in-spain-animation-network","status":"publish","type":"post","link":"https:\/\/www.clubdelemprendimiento.com\/blog\/otros\/animayo-gran-canaria-celebra-el-encuentro-invest-in-spain-animation-network\/","title":{"rendered":"Animayo Gran Canaria celebra el encuentro \u2018Invest in Spain Animation Network\u2019"},"content":{"rendered":"<p><strong>El encuentro profesional de Animayo Gran Canaria que se celebrar\u00e1 del 8 al 10 de mayo<\/strong>, re\u00fane una treintena de estudios, productoras y decisi\u00f3n makers. Todo ellos provenientes de pa\u00edses como Estados Unidos, Polonia, Canad\u00e1, Jap\u00f3n, Dinamarca, Tailandia, Lituania, Alemania y Espa\u00f1a.<\/p>\n<p>Desde el an\u0303o 2010, Animayo celebra numerosas acciones por todo el mundo a trav\u00e9s de \u2018Animayo Itinerante\u2019 para fomentar los networking profesionales y las alianzas estrat\u00e9gicas en la industria.<\/p>\n<h2><span style=\"font-weight: normal;\">\u00bfQu\u00e9 es Animayo Gran Canaria?<\/span><\/h2>\n<p><strong>Animayo Gran Canaria es el primer y \u00fanico Festival de animaci\u00f3n en Espa\u00f1a en calificar a los Premios \u00d3scar\u00ae<\/strong> para la categor\u00eda de cortometrajes de animaci\u00f3n internacional. Califica a la mejor obra de animacio\u0301n en el idioma espa\u00f1ol \u00abanimaci\u00f3n con \u00d1\u00bb.<\/p>\n<p><strong style=\"font-weight: 400;\">Este festival otorga 2 pases directos a la preselecci\u00f3n de \u00d3scar\u00ae como candidatos a Mejor Cortometraje de Animaci\u00f3n<\/strong>. Cobra especial relevancia <span style=\"font-weight: 400;\">la proyecci\u00f3n de los cortos seleccionados para sus <\/span>5 Secciones Oficiales a Concurso.<span style=\"font-weight: 400;\"> Adem\u00e1s, fuera de concurso, cuenta con estrenos de largometrajes y cortometrajes para todas las edades, as\u00ed como un especial de cine er\u00f3tico.\u00a0<\/span><\/p>\n<h2><span style=\"font-weight: normal;\">\u00bfD\u00f3nde se celebrar\u00e1 el festival?<\/span><\/h2>\n<p><b>Este festival celebra el espacio \u2018Invest in Spain Animation Network\u2019,<\/b><span style=\"font-weight: 400;\">\u00a0un lugar de conexi\u00f3n exclusivo para profesionales. En \u00e9l,\u00a0<\/span>Animayo promueve <span style=\"font-weight: 400;\">el networking y los contactos entre empresas y decisi\u00f3n <\/span><i><span style=\"font-weight: 400;\">makers<\/span><\/i><span style=\"font-weight: 400;\"> extranjeros con productoras o estudios espa\u00f1oles. Adem\u00e1s, cuenta con representantes del Gobierno, <strong>con el fin de fomentar la colaboraci\u00f3n y la creaci\u00f3n de alianzas estrat\u00e9gicas.\u00a0<\/strong><\/span><\/p>\n<h2><span style=\"font-weight: normal;\">Participantes del Animayo Gran Canaria<\/span><\/h2>\n<p>Algunos de los participantes de este festival son <strong>productoras, estudios internacionales y nacionales que se presentar\u00e1n para destacar\u00a0sus proyectos m\u00e1s recientes y su posici\u00f3n en el mercado.<\/strong> Tales como: Platige Image, N\u00f8rlum Studios, Cinesite, Polygon Pictures, The Monk Studio, Agora Studio, Big Grin Productions, OAk9 Entertainmet, Ronnie Fridthjof Entertainmet, Dr Platypus And Ms Wombat y Hula-hoop.<\/p>\n<p><span style=\"font-weight: 400;\">En el primer d\u00eda de estas jornadas, <\/span><b>Dami\u00e1n Perea, fundador, director y productor de Animayo,<\/b><span style=\"font-weight: 400;\"> presentar\u00e1 todas las actividades dirigidas a profesionales. Y, por otro lado, <\/span><b>Elena Moreno, M&amp;E Industry Manager de ICEX-Invest in Spain,<\/b><span style=\"font-weight: 400;\"> har\u00e1 una breve introducci\u00f3n sobre el papel de la organizaci\u00f3n en la promoci\u00f3n de la industria cinematogr\u00e1fica espa\u00f1ola. <\/span><\/p>\n<p><span style=\"font-weight: 400;\">Asimismo, el encuentro cuenta con las <strong>\u2018Becas al Talento Animayo\u2019, que ofrecen<\/strong>\u00a0<\/span><b>m\u00e1s de 600.000 euros<\/b><span style=\"font-weight: 400;\"> para impulsar estudios on line y presencial en las universidades y escuelas participantes de este programa. U-Tad, Centro Universitario de Tecnolog\u00eda y Arte Digital (Madrid), The Core School (Madrid), L&#8217;Idem (Barcelona), LCI (Barcelona), Universidad del Atl\u00e1ntico Medio (Gran Canaria) y Escuela Artediez (Madrid).<\/span><\/p>\n<h3><span style=\"font-weight: 400;\">PROGRAMA \u2018INVEST IN SPAIN ANIMATION NETWORK\u2019 <\/span><span style=\"font-weight: 400;\">ANIMAYO GRAN CANARIAN 2024<\/span><\/h3>\n<p><b>Mi\u00e9rcoles 8 de mayo. <\/b><b>Gabinete Literario.<\/b><\/p>\n<p><span style=\"font-weight: 400;\">20:45 a 21:00 h. <\/span><span style=\"font-weight: 400;\">ICEX-Invest in Spain: PRESENTACI\u00d3N Y PROYECCI\u00d3N DE REELS<\/span><span style=\"font-weight: 400;\">.\u00a0\u00a0<\/span><\/p>\n<p><span style=\"font-weight: 400;\">21:00 a 23:00 h. C\u00d3CTEL CENA B2B.\u00a0<\/span><\/p>\n<p><b>Jueves 9 de mayo. <\/b><b>Gabinete Literario.<\/b><\/p>\n<p><span style=\"font-weight: 400;\">20:30 a 20:40 h. ICEX-Invest in Spain: PRESENTACI\u00d3N Y SCREENINGS REELS.\u00a0\u00a0\u00a0\u00a0\u00a0\u00a0\u00a0\u00a0\u00a0\u00a0\u00a0\u00a0\u00a0\u00a0\u00a0\u00a0\u00a0\u00a0\u00a0\u00a0\u00a0\u00a0\u00a0\u00a0<\/span><\/p>\n<p><span style=\"font-weight: 400;\">20:45 a 21:45 h. PRESENTACI\u00d3N DE PRODUCTORAS, ESTUDIOS Y \u2018DECISION MAKERS\u2019.\u00a0<\/span><\/p>\n<p><span style=\"font-weight: 400;\">21:00 a 23:00 h. <\/span><span style=\"font-weight: 400;\">C\u00d3CTEL CENA B2B.<\/span><\/p>\n<p><b>Viernes 10 de mayo. <\/b><b>Gabinete Literario.<\/b><\/p>\n<p><span style=\"font-weight: 400;\">20:30 a 21:30 h. <\/span><span style=\"font-weight: 400;\">PANEL DE EMPRESAS INTERNACIONALES INSTALADAS EN ESPA\u00d1A.\u00a0<\/span><\/p>\n<p><span style=\"font-weight: 400;\">21:00 a 23:00 h. <\/span><span style=\"font-weight: 400;\">C\u00d3CTEL CENA B2B.<\/span><\/p>\n<p><span style=\"font-weight: 400;\">21:30 a 03:00 h. ENCUENTROS, C\u00d3CTEL CENA Y FIESTA DE DESPEDIDA.<\/span><\/p>\n","protected":false},"excerpt":{"rendered":"<p>El encuentro profesional de Animayo Gran Canaria que se celebrar\u00e1 del 8 al 10&hellip;<\/p>\n","protected":false},"author":20,"featured_media":17244,"comment_status":"open","ping_status":"open","sticky":false,"template":"","format":"standard","meta":{"_acf_changed":false,"footnotes":""},"categories":[344],"tags":[],"acf":[],"yoast_head":"<!-- This site is optimized with the Yoast SEO plugin v22.7 - https:\/\/yoast.com\/wordpress\/plugins\/seo\/ -->\n<title>Animayo Gran Canaria celebra el \u2018Invest in Spain Animation Network\u2019<\/title>\n<meta name=\"description\" content=\"El encuentro profesional de Animayo Gran Canaria que se celebrar\u00e1 del 8 al 10 de mayo, re\u00fane una treintena de estudios, productoras y decisi\u00f3n makers.\" \/>\n<meta name=\"robots\" content=\"index, follow, max-snippet:-1, max-image-preview:large, max-video-preview:-1\" \/>\n<link rel=\"canonical\" href=\"https:\/\/www.clubdelemprendimiento.com\/blog\/otros\/animayo-gran-canaria-celebra-el-encuentro-invest-in-spain-animation-network\/\" \/>\n<meta property=\"og:locale\" content=\"es_ES\" \/>\n<meta property=\"og:type\" content=\"article\" \/>\n<meta property=\"og:title\" content=\"Animayo Gran Canaria celebra el \u2018Invest in Spain Animation Network\u2019\" \/>\n<meta property=\"og:description\" content=\"El encuentro profesional de Animayo Gran Canaria que se celebrar\u00e1 del 8 al 10 de mayo, re\u00fane una treintena de estudios, productoras y decisi\u00f3n makers.\" \/>\n<meta property=\"og:url\" content=\"https:\/\/www.clubdelemprendimiento.com\/blog\/otros\/animayo-gran-canaria-celebra-el-encuentro-invest-in-spain-animation-network\/\" \/>\n<meta property=\"og:site_name\" content=\"Blog Club del Emprendimiento\" \/>\n<meta property=\"article:published_time\" content=\"2024-05-07T06:01:27+00:00\" \/>\n<meta property=\"og:image\" content=\"https:\/\/www.clubdelemprendimiento.com\/blog\/wp-content\/uploads\/2024\/05\/CARTEL2-ANIMAYO-GC-2024Epiphany_SOL2-copia.jpg\" \/>\n\t<meta property=\"og:image:width\" content=\"1300\" \/>\n\t<meta property=\"og:image:height\" content=\"650\" \/>\n\t<meta property=\"og:image:type\" content=\"image\/jpeg\" \/>\n<meta name=\"author\" content=\"Daniel Sim\u00f3n\" \/>\n<meta name=\"twitter:card\" content=\"summary_large_image\" \/>\n<meta name=\"twitter:label1\" content=\"Escrito por\" \/>\n\t<meta name=\"twitter:data1\" content=\"Daniel Sim\u00f3n\" \/>\n\t<meta name=\"twitter:label2\" content=\"Tiempo de lectura\" \/>\n\t<meta name=\"twitter:data2\" content=\"3 minutos\" \/>\n<script type=\"application\/ld+json\" class=\"yoast-schema-graph\">{\"@context\":\"https:\/\/schema.org\",\"@graph\":[{\"@type\":\"WebPage\",\"@id\":\"https:\/\/www.clubdelemprendimiento.com\/blog\/otros\/animayo-gran-canaria-celebra-el-encuentro-invest-in-spain-animation-network\/\",\"url\":\"https:\/\/www.clubdelemprendimiento.com\/blog\/otros\/animayo-gran-canaria-celebra-el-encuentro-invest-in-spain-animation-network\/\",\"name\":\"Animayo Gran Canaria celebra el \u2018Invest in Spain Animation Network\u2019\",\"isPartOf\":{\"@id\":\"https:\/\/www.clubdelemprendimiento.com\/blog\/#website\"},\"primaryImageOfPage\":{\"@id\":\"https:\/\/www.clubdelemprendimiento.com\/blog\/otros\/animayo-gran-canaria-celebra-el-encuentro-invest-in-spain-animation-network\/#primaryimage\"},\"image\":{\"@id\":\"https:\/\/www.clubdelemprendimiento.com\/blog\/otros\/animayo-gran-canaria-celebra-el-encuentro-invest-in-spain-animation-network\/#primaryimage\"},\"thumbnailUrl\":\"https:\/\/www.clubdelemprendimiento.com\/blog\/wp-content\/uploads\/2024\/05\/CARTEL2-ANIMAYO-GC-2024Epiphany_SOL2-copia.jpg\",\"datePublished\":\"2024-05-07T06:01:27+00:00\",\"dateModified\":\"2024-05-07T06:01:27+00:00\",\"author\":{\"@id\":\"https:\/\/www.clubdelemprendimiento.com\/blog\/#\/schema\/person\/92232c47067066ec15f4377533351817\"},\"description\":\"El encuentro profesional de Animayo Gran Canaria que se celebrar\u00e1 del 8 al 10 de mayo, re\u00fane una treintena de estudios, productoras y decisi\u00f3n makers.\",\"breadcrumb\":{\"@id\":\"https:\/\/www.clubdelemprendimiento.com\/blog\/otros\/animayo-gran-canaria-celebra-el-encuentro-invest-in-spain-animation-network\/#breadcrumb\"},\"inLanguage\":\"es\",\"potentialAction\":[{\"@type\":\"ReadAction\",\"target\":[\"https:\/\/www.clubdelemprendimiento.com\/blog\/otros\/animayo-gran-canaria-celebra-el-encuentro-invest-in-spain-animation-network\/\"]}]},{\"@type\":\"ImageObject\",\"inLanguage\":\"es\",\"@id\":\"https:\/\/www.clubdelemprendimiento.com\/blog\/otros\/animayo-gran-canaria-celebra-el-encuentro-invest-in-spain-animation-network\/#primaryimage\",\"url\":\"https:\/\/www.clubdelemprendimiento.com\/blog\/wp-content\/uploads\/2024\/05\/CARTEL2-ANIMAYO-GC-2024Epiphany_SOL2-copia.jpg\",\"contentUrl\":\"https:\/\/www.clubdelemprendimiento.com\/blog\/wp-content\/uploads\/2024\/05\/CARTEL2-ANIMAYO-GC-2024Epiphany_SOL2-copia.jpg\",\"width\":1300,\"height\":650,\"caption\":\"Animayo Gran Canaria\"},{\"@type\":\"BreadcrumbList\",\"@id\":\"https:\/\/www.clubdelemprendimiento.com\/blog\/otros\/animayo-gran-canaria-celebra-el-encuentro-invest-in-spain-animation-network\/#breadcrumb\",\"itemListElement\":[{\"@type\":\"ListItem\",\"position\":1,\"name\":\"Home\",\"item\":\"https:\/\/www.clubdelemprendimiento.com\/blog\/\"},{\"@type\":\"ListItem\",\"position\":2,\"name\":\"Animayo Gran Canaria celebra el encuentro \u2018Invest in Spain Animation Network\u2019\"}]},{\"@type\":\"WebSite\",\"@id\":\"https:\/\/www.clubdelemprendimiento.com\/blog\/#website\",\"url\":\"https:\/\/www.clubdelemprendimiento.com\/blog\/\",\"name\":\"Blog Club del Emprendimiento\",\"description\":\"\",\"potentialAction\":[{\"@type\":\"SearchAction\",\"target\":{\"@type\":\"EntryPoint\",\"urlTemplate\":\"https:\/\/www.clubdelemprendimiento.com\/blog\/?s={search_term_string}\"},\"query-input\":\"required name=search_term_string\"}],\"inLanguage\":\"es\"},{\"@type\":\"Person\",\"@id\":\"https:\/\/www.clubdelemprendimiento.com\/blog\/#\/schema\/person\/92232c47067066ec15f4377533351817\",\"name\":\"Daniel Sim\u00f3n\",\"image\":{\"@type\":\"ImageObject\",\"inLanguage\":\"es\",\"@id\":\"https:\/\/www.clubdelemprendimiento.com\/blog\/#\/schema\/person\/image\/\",\"url\":\"https:\/\/secure.gravatar.com\/avatar\/5dae918ac4f617a644719cd381513179?s=96&d=mm&r=g\",\"contentUrl\":\"https:\/\/secure.gravatar.com\/avatar\/5dae918ac4f617a644719cd381513179?s=96&d=mm&r=g\",\"caption\":\"Daniel Sim\u00f3n\"},\"url\":\"https:\/\/www.clubdelemprendimiento.com\/blog\/author\/daniel\/\"}]}<\/script>\n<!-- \/ Yoast SEO plugin. -->","yoast_head_json":{"title":"Animayo Gran Canaria celebra el \u2018Invest in Spain Animation Network\u2019","description":"El encuentro profesional de Animayo Gran Canaria que se celebrar\u00e1 del 8 al 10 de mayo, re\u00fane una treintena de estudios, productoras y decisi\u00f3n makers.","robots":{"index":"index","follow":"follow","max-snippet":"max-snippet:-1","max-image-preview":"max-image-preview:large","max-video-preview":"max-video-preview:-1"},"canonical":"https:\/\/www.clubdelemprendimiento.com\/blog\/otros\/animayo-gran-canaria-celebra-el-encuentro-invest-in-spain-animation-network\/","og_locale":"es_ES","og_type":"article","og_title":"Animayo Gran Canaria celebra el \u2018Invest in Spain Animation Network\u2019","og_description":"El encuentro profesional de Animayo Gran Canaria que se celebrar\u00e1 del 8 al 10 de mayo, re\u00fane una treintena de estudios, productoras y decisi\u00f3n makers.","og_url":"https:\/\/www.clubdelemprendimiento.com\/blog\/otros\/animayo-gran-canaria-celebra-el-encuentro-invest-in-spain-animation-network\/","og_site_name":"Blog Club del Emprendimiento","article_published_time":"2024-05-07T06:01:27+00:00","og_image":[{"width":1300,"height":650,"url":"https:\/\/www.clubdelemprendimiento.com\/blog\/wp-content\/uploads\/2024\/05\/CARTEL2-ANIMAYO-GC-2024Epiphany_SOL2-copia.jpg","type":"image\/jpeg"}],"author":"Daniel Sim\u00f3n","twitter_card":"summary_large_image","twitter_misc":{"Escrito por":"Daniel Sim\u00f3n","Tiempo de lectura":"3 minutos"},"schema":{"@context":"https:\/\/schema.org","@graph":[{"@type":"WebPage","@id":"https:\/\/www.clubdelemprendimiento.com\/blog\/otros\/animayo-gran-canaria-celebra-el-encuentro-invest-in-spain-animation-network\/","url":"https:\/\/www.clubdelemprendimiento.com\/blog\/otros\/animayo-gran-canaria-celebra-el-encuentro-invest-in-spain-animation-network\/","name":"Animayo Gran Canaria celebra el \u2018Invest in Spain Animation Network\u2019","isPartOf":{"@id":"https:\/\/www.clubdelemprendimiento.com\/blog\/#website"},"primaryImageOfPage":{"@id":"https:\/\/www.clubdelemprendimiento.com\/blog\/otros\/animayo-gran-canaria-celebra-el-encuentro-invest-in-spain-animation-network\/#primaryimage"},"image":{"@id":"https:\/\/www.clubdelemprendimiento.com\/blog\/otros\/animayo-gran-canaria-celebra-el-encuentro-invest-in-spain-animation-network\/#primaryimage"},"thumbnailUrl":"https:\/\/www.clubdelemprendimiento.com\/blog\/wp-content\/uploads\/2024\/05\/CARTEL2-ANIMAYO-GC-2024Epiphany_SOL2-copia.jpg","datePublished":"2024-05-07T06:01:27+00:00","dateModified":"2024-05-07T06:01:27+00:00","author":{"@id":"https:\/\/www.clubdelemprendimiento.com\/blog\/#\/schema\/person\/92232c47067066ec15f4377533351817"},"description":"El encuentro profesional de Animayo Gran Canaria que se celebrar\u00e1 del 8 al 10 de mayo, re\u00fane una treintena de estudios, productoras y decisi\u00f3n makers.","breadcrumb":{"@id":"https:\/\/www.clubdelemprendimiento.com\/blog\/otros\/animayo-gran-canaria-celebra-el-encuentro-invest-in-spain-animation-network\/#breadcrumb"},"inLanguage":"es","potentialAction":[{"@type":"ReadAction","target":["https:\/\/www.clubdelemprendimiento.com\/blog\/otros\/animayo-gran-canaria-celebra-el-encuentro-invest-in-spain-animation-network\/"]}]},{"@type":"ImageObject","inLanguage":"es","@id":"https:\/\/www.clubdelemprendimiento.com\/blog\/otros\/animayo-gran-canaria-celebra-el-encuentro-invest-in-spain-animation-network\/#primaryimage","url":"https:\/\/www.clubdelemprendimiento.com\/blog\/wp-content\/uploads\/2024\/05\/CARTEL2-ANIMAYO-GC-2024Epiphany_SOL2-copia.jpg","contentUrl":"https:\/\/www.clubdelemprendimiento.com\/blog\/wp-content\/uploads\/2024\/05\/CARTEL2-ANIMAYO-GC-2024Epiphany_SOL2-copia.jpg","width":1300,"height":650,"caption":"Animayo Gran Canaria"},{"@type":"BreadcrumbList","@id":"https:\/\/www.clubdelemprendimiento.com\/blog\/otros\/animayo-gran-canaria-celebra-el-encuentro-invest-in-spain-animation-network\/#breadcrumb","itemListElement":[{"@type":"ListItem","position":1,"name":"Home","item":"https:\/\/www.clubdelemprendimiento.com\/blog\/"},{"@type":"ListItem","position":2,"name":"Animayo Gran Canaria celebra el encuentro \u2018Invest in Spain Animation Network\u2019"}]},{"@type":"WebSite","@id":"https:\/\/www.clubdelemprendimiento.com\/blog\/#website","url":"https:\/\/www.clubdelemprendimiento.com\/blog\/","name":"Blog Club del Emprendimiento","description":"","potentialAction":[{"@type":"SearchAction","target":{"@type":"EntryPoint","urlTemplate":"https:\/\/www.clubdelemprendimiento.com\/blog\/?s={search_term_string}"},"query-input":"required name=search_term_string"}],"inLanguage":"es"},{"@type":"Person","@id":"https:\/\/www.clubdelemprendimiento.com\/blog\/#\/schema\/person\/92232c47067066ec15f4377533351817","name":"Daniel Sim\u00f3n","image":{"@type":"ImageObject","inLanguage":"es","@id":"https:\/\/www.clubdelemprendimiento.com\/blog\/#\/schema\/person\/image\/","url":"https:\/\/secure.gravatar.com\/avatar\/5dae918ac4f617a644719cd381513179?s=96&d=mm&r=g","contentUrl":"https:\/\/secure.gravatar.com\/avatar\/5dae918ac4f617a644719cd381513179?s=96&d=mm&r=g","caption":"Daniel Sim\u00f3n"},"url":"https:\/\/www.clubdelemprendimiento.com\/blog\/author\/daniel\/"}]}},"_links":{"self":[{"href":"https:\/\/www.clubdelemprendimiento.com\/blog\/wp-json\/wp\/v2\/posts\/17241"}],"collection":[{"href":"https:\/\/www.clubdelemprendimiento.com\/blog\/wp-json\/wp\/v2\/posts"}],"about":[{"href":"https:\/\/www.clubdelemprendimiento.com\/blog\/wp-json\/wp\/v2\/types\/post"}],"author":[{"embeddable":true,"href":"https:\/\/www.clubdelemprendimiento.com\/blog\/wp-json\/wp\/v2\/users\/20"}],"replies":[{"embeddable":true,"href":"https:\/\/www.clubdelemprendimiento.com\/blog\/wp-json\/wp\/v2\/comments?post=17241"}],"version-history":[{"count":6,"href":"https:\/\/www.clubdelemprendimiento.com\/blog\/wp-json\/wp\/v2\/posts\/17241\/revisions"}],"predecessor-version":[{"id":17248,"href":"https:\/\/www.clubdelemprendimiento.com\/blog\/wp-json\/wp\/v2\/posts\/17241\/revisions\/17248"}],"wp:featuredmedia":[{"embeddable":true,"href":"https:\/\/www.clubdelemprendimiento.com\/blog\/wp-json\/wp\/v2\/media\/17244"}],"wp:attachment":[{"href":"https:\/\/www.clubdelemprendimiento.com\/blog\/wp-json\/wp\/v2\/media?parent=17241"}],"wp:term":[{"taxonomy":"category","embeddable":true,"href":"https:\/\/www.clubdelemprendimiento.com\/blog\/wp-json\/wp\/v2\/categories?post=17241"},{"taxonomy":"post_tag","embeddable":true,"href":"https:\/\/www.clubdelemprendimiento.com\/blog\/wp-json\/wp\/v2\/tags?post=17241"}],"curies":[{"name":"wp","href":"https:\/\/api.w.org\/{rel}","templated":true}]}}