{"id":17224,"date":"2024-04-30T12:01:41","date_gmt":"2024-04-30T12:01:41","guid":{"rendered":"https:\/\/www.clubdelemprendimiento.com\/blog\/?p=17224"},"modified":"2024-04-29T12:18:30","modified_gmt":"2024-04-29T12:18:30","slug":"la-gestion-de-cambio-en-las-empresas","status":"publish","type":"post","link":"https:\/\/www.clubdelemprendimiento.com\/blog\/pymes\/la-gestion-de-cambio-en-las-empresas\/","title":{"rendered":"La gesti\u00f3n de cambio en las empresas"},"content":{"rendered":"<p>La gesti\u00f3n del cambio se ha convertido en una de las <strong>disciplinas m\u00e1s importantes para las empresas en Espa\u00f1a.<\/strong> Destacadas empresas como Banco Santander, Sanitas, MAPFRE, ON TIME, UNICAJA, PHONE BOX, ENEL, PMI, y MUTUA UNIVERSAL se unieron al <strong>9\u00ba Congreso de Gesti\u00f3n del Cambio<\/strong>, organizado por el Grupo IMm, Instituto de Gesti\u00f3n del Cambio.<\/p>\n<p>El evento, que tuvo lugar en la Ciudad de la Raqueta el 25 de abril de 2024, reuni\u00f3 a 300 asistentes y cont\u00f3 con la participaci\u00f3n de 22 destacados ponentes bajo el lema \u00abLidera, Gestiona y Entrena\u00bb. Amanda Palaz\u00f3n, CEO y Fundadora del Grupo IMm, subray\u00f3 la necesidad de contar con equipos especializados en este tipo de gesti\u00f3n dentro de las organizaciones. Enfoc\u00e1ndose en <strong>alinear gobierno, ejecuci\u00f3n y operaciones<\/strong> en un entorno centrado en las personas. Se destac\u00f3 que la intervenci\u00f3n de un gestor del cambio puede aumentar hasta un 80% el \u00e9xito en los procesos de transformaci\u00f3n.<\/p>\n<p>El congreso present\u00f3 una metodolog\u00eda disruptiva y experiencial llamada Consultor\u00eda Guerrilla\u00a9, desarrollada por el Instituto de Gesti\u00f3n del Cambio (Grupo IMm). Permiti\u00f3 a los participantes experimentar el lema del evento de manera innovadora.<\/p>\n<p>Las sesiones del congreso incluyeron mesas de debate y ponencias de expertos en el campo. Se introdujo el concepto de \u00abEconom\u00eda del cambio\u00a9\u00bb, se presentaron avances y herramientas digitales por Vicente Goncalves. Adem\u00e1s, se compartieron experiencias sobre la gesti\u00f3n en la administraci\u00f3n p\u00fablica por Zaida Sampedro.<\/p>\n<h2>Gesti\u00f3n de cambio con IA<\/h2>\n<p>Se abord\u00f3 la <strong>integraci\u00f3n de la gesti\u00f3n del cambio<\/strong> en proyectos, la <strong>implementaci\u00f3n de inteligencia artificial<\/strong> en las organizaciones, as\u00ed como la <strong>importancia de las personas en este proceso<\/strong>. Expertos como Juana Villanueva y Paco Molinero ofrecieron perspectivas desde Recursos Humanos y psicolog\u00eda, respectivamente.<\/p>\n<p>En el congreso tambi\u00e9n se trat\u00f3 la relevancia en la ciberseguridad y tecnolog\u00eda. Se explico su importancia y el papel que tiene llevar a cabo acciones para la inteligencia artificial generativa.<\/p>\n<p>Por todo lo anterior, el 9\u00ba Congreso de Gesti\u00f3n del Cambio fue un espacio de intercambio de conocimientos. Una plataforma para conocer acciones concretas que se pueden llevar a cabo para una transformaci\u00f3n efectiva, la cual se centre en las personas.<\/p>\n","protected":false},"excerpt":{"rendered":"<p>La gesti\u00f3n del cambio se ha convertido en una de las disciplinas m\u00e1s importantes&hellip;<\/p>\n","protected":false},"author":14,"featured_media":17225,"comment_status":"open","ping_status":"open","sticky":false,"template":"","format":"standard","meta":{"_acf_changed":false,"footnotes":""},"categories":[256],"tags":[],"acf":[],"yoast_head":"<!-- This site is optimized with the Yoast SEO plugin v22.7 - https:\/\/yoast.com\/wordpress\/plugins\/seo\/ -->\n<title>La gesti\u00f3n de cambio en las empresas - Blog Club del Emprendimiento<\/title>\n<meta name=\"description\" content=\"As\u00ed se desarrollo el 9\u00ba Congreso de Gesti\u00f3n del Cambio del Grupo IMm. Descubre todo sobre el evento y la importancia del cambio.\" \/>\n<meta name=\"robots\" content=\"index, follow, max-snippet:-1, max-image-preview:large, max-video-preview:-1\" \/>\n<link rel=\"canonical\" href=\"https:\/\/www.clubdelemprendimiento.com\/blog\/pymes\/la-gestion-de-cambio-en-las-empresas\/\" \/>\n<meta property=\"og:locale\" content=\"es_ES\" \/>\n<meta property=\"og:type\" content=\"article\" \/>\n<meta property=\"og:title\" content=\"La gesti\u00f3n de cambio en las empresas - Blog Club del Emprendimiento\" \/>\n<meta property=\"og:description\" content=\"As\u00ed se desarrollo el 9\u00ba Congreso de Gesti\u00f3n del Cambio del Grupo IMm. Descubre todo sobre el evento y la importancia del cambio.\" \/>\n<meta property=\"og:url\" content=\"https:\/\/www.clubdelemprendimiento.com\/blog\/pymes\/la-gestion-de-cambio-en-las-empresas\/\" \/>\n<meta property=\"og:site_name\" content=\"Blog Club del Emprendimiento\" \/>\n<meta property=\"article:published_time\" content=\"2024-04-30T12:01:41+00:00\" \/>\n<meta property=\"article:modified_time\" content=\"2024-04-29T12:18:30+00:00\" \/>\n<meta property=\"og:image\" content=\"https:\/\/www.clubdelemprendimiento.com\/blog\/wp-content\/uploads\/2024\/04\/9GCO-2.jpg\" \/>\n\t<meta property=\"og:image:width\" content=\"1600\" \/>\n\t<meta property=\"og:image:height\" content=\"900\" \/>\n\t<meta property=\"og:image:type\" content=\"image\/jpeg\" \/>\n<meta name=\"author\" content=\"Nerea Merino\" \/>\n<meta name=\"twitter:card\" content=\"summary_large_image\" \/>\n<meta name=\"twitter:label1\" content=\"Escrito por\" \/>\n\t<meta name=\"twitter:data1\" content=\"Nerea Merino\" \/>\n\t<meta name=\"twitter:label2\" content=\"Tiempo de lectura\" \/>\n\t<meta name=\"twitter:data2\" content=\"2 minutos\" \/>\n<script type=\"application\/ld+json\" class=\"yoast-schema-graph\">{\"@context\":\"https:\/\/schema.org\",\"@graph\":[{\"@type\":\"WebPage\",\"@id\":\"https:\/\/www.clubdelemprendimiento.com\/blog\/pymes\/la-gestion-de-cambio-en-las-empresas\/\",\"url\":\"https:\/\/www.clubdelemprendimiento.com\/blog\/pymes\/la-gestion-de-cambio-en-las-empresas\/\",\"name\":\"La gesti\u00f3n de cambio en las empresas - Blog Club del Emprendimiento\",\"isPartOf\":{\"@id\":\"https:\/\/www.clubdelemprendimiento.com\/blog\/#website\"},\"primaryImageOfPage\":{\"@id\":\"https:\/\/www.clubdelemprendimiento.com\/blog\/pymes\/la-gestion-de-cambio-en-las-empresas\/#primaryimage\"},\"image\":{\"@id\":\"https:\/\/www.clubdelemprendimiento.com\/blog\/pymes\/la-gestion-de-cambio-en-las-empresas\/#primaryimage\"},\"thumbnailUrl\":\"https:\/\/www.clubdelemprendimiento.com\/blog\/wp-content\/uploads\/2024\/04\/9GCO-2.jpg\",\"datePublished\":\"2024-04-30T12:01:41+00:00\",\"dateModified\":\"2024-04-29T12:18:30+00:00\",\"author\":{\"@id\":\"https:\/\/www.clubdelemprendimiento.com\/blog\/#\/schema\/person\/a82ce0fc1281064b1cab4855c351cea7\"},\"description\":\"As\u00ed se desarrollo el 9\u00ba Congreso de Gesti\u00f3n del Cambio del Grupo IMm. Descubre todo sobre el evento y la importancia del cambio.\",\"breadcrumb\":{\"@id\":\"https:\/\/www.clubdelemprendimiento.com\/blog\/pymes\/la-gestion-de-cambio-en-las-empresas\/#breadcrumb\"},\"inLanguage\":\"es\",\"potentialAction\":[{\"@type\":\"ReadAction\",\"target\":[\"https:\/\/www.clubdelemprendimiento.com\/blog\/pymes\/la-gestion-de-cambio-en-las-empresas\/\"]}]},{\"@type\":\"ImageObject\",\"inLanguage\":\"es\",\"@id\":\"https:\/\/www.clubdelemprendimiento.com\/blog\/pymes\/la-gestion-de-cambio-en-las-empresas\/#primaryimage\",\"url\":\"https:\/\/www.clubdelemprendimiento.com\/blog\/wp-content\/uploads\/2024\/04\/9GCO-2.jpg\",\"contentUrl\":\"https:\/\/www.clubdelemprendimiento.com\/blog\/wp-content\/uploads\/2024\/04\/9GCO-2.jpg\",\"width\":1600,\"height\":900},{\"@type\":\"BreadcrumbList\",\"@id\":\"https:\/\/www.clubdelemprendimiento.com\/blog\/pymes\/la-gestion-de-cambio-en-las-empresas\/#breadcrumb\",\"itemListElement\":[{\"@type\":\"ListItem\",\"position\":1,\"name\":\"Home\",\"item\":\"https:\/\/www.clubdelemprendimiento.com\/blog\/\"},{\"@type\":\"ListItem\",\"position\":2,\"name\":\"La gesti\u00f3n de cambio en las empresas\"}]},{\"@type\":\"WebSite\",\"@id\":\"https:\/\/www.clubdelemprendimiento.com\/blog\/#website\",\"url\":\"https:\/\/www.clubdelemprendimiento.com\/blog\/\",\"name\":\"Blog Club del Emprendimiento\",\"description\":\"\",\"potentialAction\":[{\"@type\":\"SearchAction\",\"target\":{\"@type\":\"EntryPoint\",\"urlTemplate\":\"https:\/\/www.clubdelemprendimiento.com\/blog\/?s={search_term_string}\"},\"query-input\":\"required name=search_term_string\"}],\"inLanguage\":\"es\"},{\"@type\":\"Person\",\"@id\":\"https:\/\/www.clubdelemprendimiento.com\/blog\/#\/schema\/person\/a82ce0fc1281064b1cab4855c351cea7\",\"name\":\"Nerea Merino\",\"image\":{\"@type\":\"ImageObject\",\"inLanguage\":\"es\",\"@id\":\"https:\/\/www.clubdelemprendimiento.com\/blog\/#\/schema\/person\/image\/\",\"url\":\"https:\/\/secure.gravatar.com\/avatar\/3b1c906b7b4a65b22c04d52a020d4815?s=96&d=mm&r=g\",\"contentUrl\":\"https:\/\/secure.gravatar.com\/avatar\/3b1c906b7b4a65b22c04d52a020d4815?s=96&d=mm&r=g\",\"caption\":\"Nerea Merino\"},\"url\":\"https:\/\/www.clubdelemprendimiento.com\/blog\/author\/nerea\/\"}]}<\/script>\n<!-- \/ Yoast SEO plugin. -->","yoast_head_json":{"title":"La gesti\u00f3n de cambio en las empresas - Blog Club del Emprendimiento","description":"As\u00ed se desarrollo el 9\u00ba Congreso de Gesti\u00f3n del Cambio del Grupo IMm. Descubre todo sobre el evento y la importancia del cambio.","robots":{"index":"index","follow":"follow","max-snippet":"max-snippet:-1","max-image-preview":"max-image-preview:large","max-video-preview":"max-video-preview:-1"},"canonical":"https:\/\/www.clubdelemprendimiento.com\/blog\/pymes\/la-gestion-de-cambio-en-las-empresas\/","og_locale":"es_ES","og_type":"article","og_title":"La gesti\u00f3n de cambio en las empresas - Blog Club del Emprendimiento","og_description":"As\u00ed se desarrollo el 9\u00ba Congreso de Gesti\u00f3n del Cambio del Grupo IMm. Descubre todo sobre el evento y la importancia del cambio.","og_url":"https:\/\/www.clubdelemprendimiento.com\/blog\/pymes\/la-gestion-de-cambio-en-las-empresas\/","og_site_name":"Blog Club del Emprendimiento","article_published_time":"2024-04-30T12:01:41+00:00","article_modified_time":"2024-04-29T12:18:30+00:00","og_image":[{"width":1600,"height":900,"url":"https:\/\/www.clubdelemprendimiento.com\/blog\/wp-content\/uploads\/2024\/04\/9GCO-2.jpg","type":"image\/jpeg"}],"author":"Nerea Merino","twitter_card":"summary_large_image","twitter_misc":{"Escrito por":"Nerea Merino","Tiempo de lectura":"2 minutos"},"schema":{"@context":"https:\/\/schema.org","@graph":[{"@type":"WebPage","@id":"https:\/\/www.clubdelemprendimiento.com\/blog\/pymes\/la-gestion-de-cambio-en-las-empresas\/","url":"https:\/\/www.clubdelemprendimiento.com\/blog\/pymes\/la-gestion-de-cambio-en-las-empresas\/","name":"La gesti\u00f3n de cambio en las empresas - Blog Club del Emprendimiento","isPartOf":{"@id":"https:\/\/www.clubdelemprendimiento.com\/blog\/#website"},"primaryImageOfPage":{"@id":"https:\/\/www.clubdelemprendimiento.com\/blog\/pymes\/la-gestion-de-cambio-en-las-empresas\/#primaryimage"},"image":{"@id":"https:\/\/www.clubdelemprendimiento.com\/blog\/pymes\/la-gestion-de-cambio-en-las-empresas\/#primaryimage"},"thumbnailUrl":"https:\/\/www.clubdelemprendimiento.com\/blog\/wp-content\/uploads\/2024\/04\/9GCO-2.jpg","datePublished":"2024-04-30T12:01:41+00:00","dateModified":"2024-04-29T12:18:30+00:00","author":{"@id":"https:\/\/www.clubdelemprendimiento.com\/blog\/#\/schema\/person\/a82ce0fc1281064b1cab4855c351cea7"},"description":"As\u00ed se desarrollo el 9\u00ba Congreso de Gesti\u00f3n del Cambio del Grupo IMm. Descubre todo sobre el evento y la importancia del cambio.","breadcrumb":{"@id":"https:\/\/www.clubdelemprendimiento.com\/blog\/pymes\/la-gestion-de-cambio-en-las-empresas\/#breadcrumb"},"inLanguage":"es","potentialAction":[{"@type":"ReadAction","target":["https:\/\/www.clubdelemprendimiento.com\/blog\/pymes\/la-gestion-de-cambio-en-las-empresas\/"]}]},{"@type":"ImageObject","inLanguage":"es","@id":"https:\/\/www.clubdelemprendimiento.com\/blog\/pymes\/la-gestion-de-cambio-en-las-empresas\/#primaryimage","url":"https:\/\/www.clubdelemprendimiento.com\/blog\/wp-content\/uploads\/2024\/04\/9GCO-2.jpg","contentUrl":"https:\/\/www.clubdelemprendimiento.com\/blog\/wp-content\/uploads\/2024\/04\/9GCO-2.jpg","width":1600,"height":900},{"@type":"BreadcrumbList","@id":"https:\/\/www.clubdelemprendimiento.com\/blog\/pymes\/la-gestion-de-cambio-en-las-empresas\/#breadcrumb","itemListElement":[{"@type":"ListItem","position":1,"name":"Home","item":"https:\/\/www.clubdelemprendimiento.com\/blog\/"},{"@type":"ListItem","position":2,"name":"La gesti\u00f3n de cambio en las empresas"}]},{"@type":"WebSite","@id":"https:\/\/www.clubdelemprendimiento.com\/blog\/#website","url":"https:\/\/www.clubdelemprendimiento.com\/blog\/","name":"Blog Club del Emprendimiento","description":"","potentialAction":[{"@type":"SearchAction","target":{"@type":"EntryPoint","urlTemplate":"https:\/\/www.clubdelemprendimiento.com\/blog\/?s={search_term_string}"},"query-input":"required name=search_term_string"}],"inLanguage":"es"},{"@type":"Person","@id":"https:\/\/www.clubdelemprendimiento.com\/blog\/#\/schema\/person\/a82ce0fc1281064b1cab4855c351cea7","name":"Nerea Merino","image":{"@type":"ImageObject","inLanguage":"es","@id":"https:\/\/www.clubdelemprendimiento.com\/blog\/#\/schema\/person\/image\/","url":"https:\/\/secure.gravatar.com\/avatar\/3b1c906b7b4a65b22c04d52a020d4815?s=96&d=mm&r=g","contentUrl":"https:\/\/secure.gravatar.com\/avatar\/3b1c906b7b4a65b22c04d52a020d4815?s=96&d=mm&r=g","caption":"Nerea Merino"},"url":"https:\/\/www.clubdelemprendimiento.com\/blog\/author\/nerea\/"}]}},"_links":{"self":[{"href":"https:\/\/www.clubdelemprendimiento.com\/blog\/wp-json\/wp\/v2\/posts\/17224"}],"collection":[{"href":"https:\/\/www.clubdelemprendimiento.com\/blog\/wp-json\/wp\/v2\/posts"}],"about":[{"href":"https:\/\/www.clubdelemprendimiento.com\/blog\/wp-json\/wp\/v2\/types\/post"}],"author":[{"embeddable":true,"href":"https:\/\/www.clubdelemprendimiento.com\/blog\/wp-json\/wp\/v2\/users\/14"}],"replies":[{"embeddable":true,"href":"https:\/\/www.clubdelemprendimiento.com\/blog\/wp-json\/wp\/v2\/comments?post=17224"}],"version-history":[{"count":2,"href":"https:\/\/www.clubdelemprendimiento.com\/blog\/wp-json\/wp\/v2\/posts\/17224\/revisions"}],"predecessor-version":[{"id":17233,"href":"https:\/\/www.clubdelemprendimiento.com\/blog\/wp-json\/wp\/v2\/posts\/17224\/revisions\/17233"}],"wp:featuredmedia":[{"embeddable":true,"href":"https:\/\/www.clubdelemprendimiento.com\/blog\/wp-json\/wp\/v2\/media\/17225"}],"wp:attachment":[{"href":"https:\/\/www.clubdelemprendimiento.com\/blog\/wp-json\/wp\/v2\/media?parent=17224"}],"wp:term":[{"taxonomy":"category","embeddable":true,"href":"https:\/\/www.clubdelemprendimiento.com\/blog\/wp-json\/wp\/v2\/categories?post=17224"},{"taxonomy":"post_tag","embeddable":true,"href":"https:\/\/www.clubdelemprendimiento.com\/blog\/wp-json\/wp\/v2\/tags?post=17224"}],"curies":[{"name":"wp","href":"https:\/\/api.w.org\/{rel}","templated":true}]}}