{"id":17088,"date":"2024-03-25T07:20:02","date_gmt":"2024-03-25T07:20:02","guid":{"rendered":"https:\/\/www.clubdelemprendimiento.com\/blog\/?p=17088"},"modified":"2024-03-22T08:17:21","modified_gmt":"2024-03-22T08:17:21","slug":"crece-el-numero-de-autonomas-en-2023","status":"publish","type":"post","link":"https:\/\/www.clubdelemprendimiento.com\/blog\/autonomos\/crece-el-numero-de-autonomas-en-2023\/","title":{"rendered":"Crece el n\u00famero de aut\u00f3nomas en 2023"},"content":{"rendered":"<p>Seg\u00fan indica el <a href=\"https:\/\/www.seg-social.es\/wps\/portal\/wss\/internet\/Trabajadores\/Afiliacion\/10548\/32825\">RETA<\/a>, <strong>en el 2023 se registraron en Espa\u00f1a <\/strong><b>14.582 aut\u00f3nomas, frente\u00a0a s\u00f3lo 1.231 aut\u00f3nomos varones. <\/b>Esto ya hace\u00a0un total de\u00a01.227.414 aut\u00f3nomas, lo cual es el 36,8% del total del colectivo. Esta din\u00e1mica viene siendo habitual los \u00faltimos 10 a\u00f1os, donde <b>las mujeres aut\u00f3nomas han crecido un 15,4%<\/b> a comparaci\u00f3n de los hombres, con un crecimiento del 6,2%.<\/p>\n<h2><span style=\"font-weight: normal;\">\u00bfQu\u00e9 comunidades han crecido m\u00e1s?<\/span><\/h2>\n<p><span style=\"font-weight: 400;\">A pesar de haber un crecimiento notable, \u00fanicamente seis comunidades han logrado sumar aut\u00f3nomas a lo largo de 2023. Estas comunidades son: <\/span><b>Andaluc\u00eda <\/b><span style=\"font-weight: 400;\">(+7.862), <\/span><b>Comunidad de Madrid<\/b><span style=\"font-weight: 400;\"> (+5.463 aut\u00f3nomos), <\/span><b>Comunidad Valenciana<\/b><span style=\"font-weight: 400;\"> (+4.912), <\/span><b>Canarias<\/b><span style=\"font-weight: 400;\"> (+2.570 aut\u00f3nomos), <\/span><b>Catalu\u00f1a <\/b><span style=\"font-weight: 400;\">(+2.402) e <\/span><b>Islas Baleares<\/b><span style=\"font-weight: 400;\"> (+1.814). El resto perdieron afiliaci\u00f3n en el conjunto de 2023.<\/span><\/p>\n<p>Por su parte, algunas comunidades aut\u00f3nomas no han podido aumentar sus cifras con respecto al a\u00f1o pasado. Estas fueron:<b>\u00a0Asturias<\/b>, con una p\u00e9rdida del 1,3% de sus mujeres aut\u00f3nomas, <b>Galicia<\/b> (-0,9%), <b>Navarra y Pa\u00eds Vasco<\/b>, ambas con un descenso del 0,6%,<b> Castilla y Le\u00f3n <\/b>(-0,5%) y <b>La Rioja<\/b>, con una p\u00e9rdida del 0,1% de sus aut\u00f3nomas.<\/p>\n<h2><span style=\"font-weight: normal;\">\u00bfCu\u00e1les son los sectores d\u00f3nde m\u00e1s han crecido las aut\u00f3nomas?<\/span><\/h2>\n<p><span style=\"font-weight: 400;\">Los sectores que m\u00e1s se han visto influenciado por el aumento de mujeres aut\u00f3nomas en Espa\u00f1a en el a\u00f1o 2023 son los siguientes. Ema comparaci\u00f3n con los hombres, las mujeres son m\u00e1s numerosas en los sectores del <strong>comercio<\/strong> (24,9% mujeres, 20,5% varones),<strong> hosteler\u00eda<\/strong> (11,1% mujeres, 8,5% varones), <strong>actividades profesionales, cient\u00edficas y t\u00e9cnicas<\/strong> (11,3% f\u00e9minas, 8,8% varones), <strong>actividades sanitarias<\/strong> (6,8% mujeres, 2,5% varones),<strong> actividades administrativas<\/strong> (4,6% mujeres, 3,9% varones),<strong> educaci\u00f3n<\/strong> (4,9% mujeres, 2% hombres), <strong>actividades financieras y de seguros<\/strong> (2,1% mujeres, 1,6% varones),<strong> y actividades inmobiliarias<\/strong> (2,1% mujeres, 1,4% varones).\u00a0<\/span><\/p>\n<p>Por el contrario, a parte de la<b> construcci\u00f3n<\/b><span style=\"font-weight: 400;\">, los hombres aut\u00f3nomos\u00a0<\/span><b>son m\u00e1s numerosos porcentualmente<\/b><span style=\"font-weight: 400;\"> que las <\/span><b>mujeres<\/b><span style=\"font-weight: 400;\"> en los sectores de la\u00a0<\/span><b>agricultura<\/b><span style=\"font-weight: 400;\"> (que acoge al 8,6% de los aut\u00f3nomos varones, frente al 6,2% de mujeres), el\u00a0<\/span><b>transporte<\/b><span style=\"font-weight: 400;\"> (8,5% de los varones y \u00fanicamente el 2,6% de las aut\u00f3nomas), la\u00a0<\/span><b>industria<\/b><span style=\"font-weight: 400;\"> (7,2% del total de aut\u00f3nomos varones, 4,6% en el caso de las mujeres) y la\u00a0<\/span><b>informaci\u00f3n y comunicaci\u00f3n<\/b><span style=\"font-weight: 400;\">, sector que acoge al 2,9% de los varones que trabajan por cuenta propia y al 1,4% de las mujeres.\u00a0<\/span><\/p>\n","protected":false},"excerpt":{"rendered":"<p>Seg\u00fan indica el RETA, en el 2023 se registraron en Espa\u00f1a 14.582 aut\u00f3nomas, frente\u00a0a&hellip;<\/p>\n","protected":false},"author":20,"featured_media":17090,"comment_status":"open","ping_status":"open","sticky":false,"template":"","format":"standard","meta":{"_acf_changed":false,"footnotes":""},"categories":[255],"tags":[],"acf":[],"yoast_head":"<!-- This site is optimized with the Yoast SEO plugin v22.7 - https:\/\/yoast.com\/wordpress\/plugins\/seo\/ -->\n<title>Aut\u00f3nomas, aumenta el n\u00famero de trabajadoras en 2023<\/title>\n<meta name=\"description\" content=\"Seg\u00fan indica el RETA, en el 2023 se registraron en Espa\u00f1a 14.582 aut\u00f3nomas, frente\u00a0a s\u00f3lo 1.231 aut\u00f3nomos varones. Esto hace\u00a0un total de\u00a01.227.414.\" \/>\n<meta name=\"robots\" content=\"index, follow, max-snippet:-1, max-image-preview:large, max-video-preview:-1\" \/>\n<link rel=\"canonical\" href=\"https:\/\/www.clubdelemprendimiento.com\/blog\/autonomos\/crece-el-numero-de-autonomas-en-2023\/\" \/>\n<meta property=\"og:locale\" content=\"es_ES\" \/>\n<meta property=\"og:type\" content=\"article\" \/>\n<meta property=\"og:title\" content=\"Aut\u00f3nomas, aumenta el n\u00famero de trabajadoras en 2023\" \/>\n<meta property=\"og:description\" content=\"Seg\u00fan indica el RETA, en el 2023 se registraron en Espa\u00f1a 14.582 aut\u00f3nomas, frente\u00a0a s\u00f3lo 1.231 aut\u00f3nomos varones. Esto hace\u00a0un total de\u00a01.227.414.\" \/>\n<meta property=\"og:url\" content=\"https:\/\/www.clubdelemprendimiento.com\/blog\/autonomos\/crece-el-numero-de-autonomas-en-2023\/\" \/>\n<meta property=\"og:site_name\" content=\"Blog Club del Emprendimiento\" \/>\n<meta property=\"article:published_time\" content=\"2024-03-25T07:20:02+00:00\" \/>\n<meta property=\"article:modified_time\" content=\"2024-03-22T08:17:21+00:00\" \/>\n<meta property=\"og:image\" content=\"https:\/\/www.clubdelemprendimiento.com\/blog\/wp-content\/uploads\/2024\/03\/pexels-andrea-piacquadio-3769021.jpg\" \/>\n\t<meta property=\"og:image:width\" content=\"6100\" \/>\n\t<meta property=\"og:image:height\" content=\"4067\" \/>\n\t<meta property=\"og:image:type\" content=\"image\/jpeg\" \/>\n<meta name=\"author\" content=\"Daniel Sim\u00f3n\" \/>\n<meta name=\"twitter:card\" content=\"summary_large_image\" \/>\n<meta name=\"twitter:label1\" content=\"Escrito por\" \/>\n\t<meta name=\"twitter:data1\" content=\"Daniel Sim\u00f3n\" \/>\n\t<meta name=\"twitter:label2\" content=\"Tiempo de lectura\" \/>\n\t<meta name=\"twitter:data2\" content=\"2 minutos\" \/>\n<script type=\"application\/ld+json\" class=\"yoast-schema-graph\">{\"@context\":\"https:\/\/schema.org\",\"@graph\":[{\"@type\":\"WebPage\",\"@id\":\"https:\/\/www.clubdelemprendimiento.com\/blog\/autonomos\/crece-el-numero-de-autonomas-en-2023\/\",\"url\":\"https:\/\/www.clubdelemprendimiento.com\/blog\/autonomos\/crece-el-numero-de-autonomas-en-2023\/\",\"name\":\"Aut\u00f3nomas, aumenta el n\u00famero de trabajadoras en 2023\",\"isPartOf\":{\"@id\":\"https:\/\/www.clubdelemprendimiento.com\/blog\/#website\"},\"primaryImageOfPage\":{\"@id\":\"https:\/\/www.clubdelemprendimiento.com\/blog\/autonomos\/crece-el-numero-de-autonomas-en-2023\/#primaryimage\"},\"image\":{\"@id\":\"https:\/\/www.clubdelemprendimiento.com\/blog\/autonomos\/crece-el-numero-de-autonomas-en-2023\/#primaryimage\"},\"thumbnailUrl\":\"https:\/\/www.clubdelemprendimiento.com\/blog\/wp-content\/uploads\/2024\/03\/pexels-andrea-piacquadio-3769021.jpg\",\"datePublished\":\"2024-03-25T07:20:02+00:00\",\"dateModified\":\"2024-03-22T08:17:21+00:00\",\"author\":{\"@id\":\"https:\/\/www.clubdelemprendimiento.com\/blog\/#\/schema\/person\/92232c47067066ec15f4377533351817\"},\"description\":\"Seg\u00fan indica el RETA, en el 2023 se registraron en Espa\u00f1a 14.582 aut\u00f3nomas, frente\u00a0a s\u00f3lo 1.231 aut\u00f3nomos varones. Esto hace\u00a0un total de\u00a01.227.414.\",\"breadcrumb\":{\"@id\":\"https:\/\/www.clubdelemprendimiento.com\/blog\/autonomos\/crece-el-numero-de-autonomas-en-2023\/#breadcrumb\"},\"inLanguage\":\"es\",\"potentialAction\":[{\"@type\":\"ReadAction\",\"target\":[\"https:\/\/www.clubdelemprendimiento.com\/blog\/autonomos\/crece-el-numero-de-autonomas-en-2023\/\"]}]},{\"@type\":\"ImageObject\",\"inLanguage\":\"es\",\"@id\":\"https:\/\/www.clubdelemprendimiento.com\/blog\/autonomos\/crece-el-numero-de-autonomas-en-2023\/#primaryimage\",\"url\":\"https:\/\/www.clubdelemprendimiento.com\/blog\/wp-content\/uploads\/2024\/03\/pexels-andrea-piacquadio-3769021.jpg\",\"contentUrl\":\"https:\/\/www.clubdelemprendimiento.com\/blog\/wp-content\/uploads\/2024\/03\/pexels-andrea-piacquadio-3769021.jpg\",\"width\":6100,\"height\":4067,\"caption\":\"aut\u00f3nomas\"},{\"@type\":\"BreadcrumbList\",\"@id\":\"https:\/\/www.clubdelemprendimiento.com\/blog\/autonomos\/crece-el-numero-de-autonomas-en-2023\/#breadcrumb\",\"itemListElement\":[{\"@type\":\"ListItem\",\"position\":1,\"name\":\"Home\",\"item\":\"https:\/\/www.clubdelemprendimiento.com\/blog\/\"},{\"@type\":\"ListItem\",\"position\":2,\"name\":\"Crece el n\u00famero de aut\u00f3nomas en 2023\"}]},{\"@type\":\"WebSite\",\"@id\":\"https:\/\/www.clubdelemprendimiento.com\/blog\/#website\",\"url\":\"https:\/\/www.clubdelemprendimiento.com\/blog\/\",\"name\":\"Blog Club del Emprendimiento\",\"description\":\"\",\"potentialAction\":[{\"@type\":\"SearchAction\",\"target\":{\"@type\":\"EntryPoint\",\"urlTemplate\":\"https:\/\/www.clubdelemprendimiento.com\/blog\/?s={search_term_string}\"},\"query-input\":\"required name=search_term_string\"}],\"inLanguage\":\"es\"},{\"@type\":\"Person\",\"@id\":\"https:\/\/www.clubdelemprendimiento.com\/blog\/#\/schema\/person\/92232c47067066ec15f4377533351817\",\"name\":\"Daniel Sim\u00f3n\",\"image\":{\"@type\":\"ImageObject\",\"inLanguage\":\"es\",\"@id\":\"https:\/\/www.clubdelemprendimiento.com\/blog\/#\/schema\/person\/image\/\",\"url\":\"https:\/\/secure.gravatar.com\/avatar\/5dae918ac4f617a644719cd381513179?s=96&d=mm&r=g\",\"contentUrl\":\"https:\/\/secure.gravatar.com\/avatar\/5dae918ac4f617a644719cd381513179?s=96&d=mm&r=g\",\"caption\":\"Daniel Sim\u00f3n\"},\"url\":\"https:\/\/www.clubdelemprendimiento.com\/blog\/author\/daniel\/\"}]}<\/script>\n<!-- \/ Yoast SEO plugin. -->","yoast_head_json":{"title":"Aut\u00f3nomas, aumenta el n\u00famero de trabajadoras en 2023","description":"Seg\u00fan indica el RETA, en el 2023 se registraron en Espa\u00f1a 14.582 aut\u00f3nomas, frente\u00a0a s\u00f3lo 1.231 aut\u00f3nomos varones. Esto hace\u00a0un total de\u00a01.227.414.","robots":{"index":"index","follow":"follow","max-snippet":"max-snippet:-1","max-image-preview":"max-image-preview:large","max-video-preview":"max-video-preview:-1"},"canonical":"https:\/\/www.clubdelemprendimiento.com\/blog\/autonomos\/crece-el-numero-de-autonomas-en-2023\/","og_locale":"es_ES","og_type":"article","og_title":"Aut\u00f3nomas, aumenta el n\u00famero de trabajadoras en 2023","og_description":"Seg\u00fan indica el RETA, en el 2023 se registraron en Espa\u00f1a 14.582 aut\u00f3nomas, frente\u00a0a s\u00f3lo 1.231 aut\u00f3nomos varones. Esto hace\u00a0un total de\u00a01.227.414.","og_url":"https:\/\/www.clubdelemprendimiento.com\/blog\/autonomos\/crece-el-numero-de-autonomas-en-2023\/","og_site_name":"Blog Club del Emprendimiento","article_published_time":"2024-03-25T07:20:02+00:00","article_modified_time":"2024-03-22T08:17:21+00:00","og_image":[{"width":6100,"height":4067,"url":"https:\/\/www.clubdelemprendimiento.com\/blog\/wp-content\/uploads\/2024\/03\/pexels-andrea-piacquadio-3769021.jpg","type":"image\/jpeg"}],"author":"Daniel Sim\u00f3n","twitter_card":"summary_large_image","twitter_misc":{"Escrito por":"Daniel Sim\u00f3n","Tiempo de lectura":"2 minutos"},"schema":{"@context":"https:\/\/schema.org","@graph":[{"@type":"WebPage","@id":"https:\/\/www.clubdelemprendimiento.com\/blog\/autonomos\/crece-el-numero-de-autonomas-en-2023\/","url":"https:\/\/www.clubdelemprendimiento.com\/blog\/autonomos\/crece-el-numero-de-autonomas-en-2023\/","name":"Aut\u00f3nomas, aumenta el n\u00famero de trabajadoras en 2023","isPartOf":{"@id":"https:\/\/www.clubdelemprendimiento.com\/blog\/#website"},"primaryImageOfPage":{"@id":"https:\/\/www.clubdelemprendimiento.com\/blog\/autonomos\/crece-el-numero-de-autonomas-en-2023\/#primaryimage"},"image":{"@id":"https:\/\/www.clubdelemprendimiento.com\/blog\/autonomos\/crece-el-numero-de-autonomas-en-2023\/#primaryimage"},"thumbnailUrl":"https:\/\/www.clubdelemprendimiento.com\/blog\/wp-content\/uploads\/2024\/03\/pexels-andrea-piacquadio-3769021.jpg","datePublished":"2024-03-25T07:20:02+00:00","dateModified":"2024-03-22T08:17:21+00:00","author":{"@id":"https:\/\/www.clubdelemprendimiento.com\/blog\/#\/schema\/person\/92232c47067066ec15f4377533351817"},"description":"Seg\u00fan indica el RETA, en el 2023 se registraron en Espa\u00f1a 14.582 aut\u00f3nomas, frente\u00a0a s\u00f3lo 1.231 aut\u00f3nomos varones. Esto hace\u00a0un total de\u00a01.227.414.","breadcrumb":{"@id":"https:\/\/www.clubdelemprendimiento.com\/blog\/autonomos\/crece-el-numero-de-autonomas-en-2023\/#breadcrumb"},"inLanguage":"es","potentialAction":[{"@type":"ReadAction","target":["https:\/\/www.clubdelemprendimiento.com\/blog\/autonomos\/crece-el-numero-de-autonomas-en-2023\/"]}]},{"@type":"ImageObject","inLanguage":"es","@id":"https:\/\/www.clubdelemprendimiento.com\/blog\/autonomos\/crece-el-numero-de-autonomas-en-2023\/#primaryimage","url":"https:\/\/www.clubdelemprendimiento.com\/blog\/wp-content\/uploads\/2024\/03\/pexels-andrea-piacquadio-3769021.jpg","contentUrl":"https:\/\/www.clubdelemprendimiento.com\/blog\/wp-content\/uploads\/2024\/03\/pexels-andrea-piacquadio-3769021.jpg","width":6100,"height":4067,"caption":"aut\u00f3nomas"},{"@type":"BreadcrumbList","@id":"https:\/\/www.clubdelemprendimiento.com\/blog\/autonomos\/crece-el-numero-de-autonomas-en-2023\/#breadcrumb","itemListElement":[{"@type":"ListItem","position":1,"name":"Home","item":"https:\/\/www.clubdelemprendimiento.com\/blog\/"},{"@type":"ListItem","position":2,"name":"Crece el n\u00famero de aut\u00f3nomas en 2023"}]},{"@type":"WebSite","@id":"https:\/\/www.clubdelemprendimiento.com\/blog\/#website","url":"https:\/\/www.clubdelemprendimiento.com\/blog\/","name":"Blog Club del Emprendimiento","description":"","potentialAction":[{"@type":"SearchAction","target":{"@type":"EntryPoint","urlTemplate":"https:\/\/www.clubdelemprendimiento.com\/blog\/?s={search_term_string}"},"query-input":"required name=search_term_string"}],"inLanguage":"es"},{"@type":"Person","@id":"https:\/\/www.clubdelemprendimiento.com\/blog\/#\/schema\/person\/92232c47067066ec15f4377533351817","name":"Daniel Sim\u00f3n","image":{"@type":"ImageObject","inLanguage":"es","@id":"https:\/\/www.clubdelemprendimiento.com\/blog\/#\/schema\/person\/image\/","url":"https:\/\/secure.gravatar.com\/avatar\/5dae918ac4f617a644719cd381513179?s=96&d=mm&r=g","contentUrl":"https:\/\/secure.gravatar.com\/avatar\/5dae918ac4f617a644719cd381513179?s=96&d=mm&r=g","caption":"Daniel Sim\u00f3n"},"url":"https:\/\/www.clubdelemprendimiento.com\/blog\/author\/daniel\/"}]}},"_links":{"self":[{"href":"https:\/\/www.clubdelemprendimiento.com\/blog\/wp-json\/wp\/v2\/posts\/17088"}],"collection":[{"href":"https:\/\/www.clubdelemprendimiento.com\/blog\/wp-json\/wp\/v2\/posts"}],"about":[{"href":"https:\/\/www.clubdelemprendimiento.com\/blog\/wp-json\/wp\/v2\/types\/post"}],"author":[{"embeddable":true,"href":"https:\/\/www.clubdelemprendimiento.com\/blog\/wp-json\/wp\/v2\/users\/20"}],"replies":[{"embeddable":true,"href":"https:\/\/www.clubdelemprendimiento.com\/blog\/wp-json\/wp\/v2\/comments?post=17088"}],"version-history":[{"count":3,"href":"https:\/\/www.clubdelemprendimiento.com\/blog\/wp-json\/wp\/v2\/posts\/17088\/revisions"}],"predecessor-version":[{"id":17092,"href":"https:\/\/www.clubdelemprendimiento.com\/blog\/wp-json\/wp\/v2\/posts\/17088\/revisions\/17092"}],"wp:featuredmedia":[{"embeddable":true,"href":"https:\/\/www.clubdelemprendimiento.com\/blog\/wp-json\/wp\/v2\/media\/17090"}],"wp:attachment":[{"href":"https:\/\/www.clubdelemprendimiento.com\/blog\/wp-json\/wp\/v2\/media?parent=17088"}],"wp:term":[{"taxonomy":"category","embeddable":true,"href":"https:\/\/www.clubdelemprendimiento.com\/blog\/wp-json\/wp\/v2\/categories?post=17088"},{"taxonomy":"post_tag","embeddable":true,"href":"https:\/\/www.clubdelemprendimiento.com\/blog\/wp-json\/wp\/v2\/tags?post=17088"}],"curies":[{"name":"wp","href":"https:\/\/api.w.org\/{rel}","templated":true}]}}