{"id":16860,"date":"2023-12-20T07:33:48","date_gmt":"2023-12-20T07:33:48","guid":{"rendered":"https:\/\/www.clubdelemprendimiento.com\/blog\/?p=16860"},"modified":"2023-12-19T15:08:05","modified_gmt":"2023-12-19T15:08:05","slug":"desciende-notablemente-el-numero-de-autonomos-en-espana","status":"publish","type":"post","link":"https:\/\/www.clubdelemprendimiento.com\/blog\/autonomos\/desciende-notablemente-el-numero-de-autonomos-en-espana\/","title":{"rendered":"Desciende notablemente el n\u00famero de aut\u00f3nomos en Espa\u00f1a"},"content":{"rendered":"<p><span style=\"font-weight: 400\">La cifra de aut\u00f3nomos en Espa\u00f1a se ve afectada en el mes de noviembre con la p\u00e9rdida de 1.070 trabajadores por cuenta propia, seg\u00fan afirma <\/span><a href=\"https:\/\/ata.es\/noticias\/espana-pierde-en-noviembre-1-070-autonomos\/\"><span style=\"font-weight: 400\">ATA<\/span><\/a><span style=\"font-weight: 400\">. Lo cual deja en <\/span><span style=\"font-weight: 400\">3.343.702 la cifra total de aut\u00f3nomos en Espa\u00f1a en 3.343.702.<\/span><\/p>\n<h2><strong>\u00bfQu\u00e9 ha ocasionado esta bajada de aut\u00f3nomos en noviembre?<\/strong><\/h2>\n<p><span style=\"font-weight: 400\">El presidente de ATA, Lorenzo Amor, afirma qu\u00e9<\/span><i><span style=\"font-weight: 400\">\u00a0\u201clos aut\u00f3nomos necesitan menos trabas, menos cargas administrativas, menos impuestos y m\u00e1s certidumbre, seguridad jur\u00eddica y apoyo\u201d.<\/span><\/i><\/p>\n<p><span style=\"font-weight: 400\">Adem\u00e1s, asegura que <\/span><i><span style=\"font-weight: 400\">\u201cse ha destruido empleo en el mes de noviembre, han bajado los aut\u00f3nomos y la reducci\u00f3n del paro es menor que la que se ha producido en los \u00faltimos 3 a\u00f1os\u201d<\/span><\/i><\/p>\n<h2><strong>\u00bfA qu\u00e9 comunidades aut\u00f3nomas afecta esta bajada de aut\u00f3nomos en Espa\u00f1a?<\/strong><\/h2>\n<p><span style=\"font-weight: 400\">Seg\u00fan los datos ofrecidos por la <a href=\"https:\/\/www.clubdelemprendimiento.com\/blog\/nuestros-emprendedores\/la-seguridad-social-podria-gastar-20-000-millones-en-pensiones-de-autonomos\/\">Seguridad Social,<\/a> son siete las comunidades aut\u00f3nomas que se ven afectadas por esta bajada de trabajadores por cuenta propia en el mes de noviembre. Arag\u00f3n, Asturias, Cantabria, Castilla y Le\u00f3n, Catalu\u00f1a, Galicia, La Rioja y especialmente las Islas Baleares, presentan una variaci\u00f3n frente al mes de octubre.<\/span><\/p>\n<p><span style=\"font-weight: 400\">A pesar de esto, teniendo en cuenta las cifras del \u00faltimo a\u00f1o, de noviembre de 2022 a noviembre de 2023, el n\u00famero total de aut\u00f3nomos ha aumentado en 14.352 personas. Esto se debe al impulso emprendedor y las facilidades que ofrecen a los aut\u00f3nomos. Destacando las Islas Baleares (2,2%), las Islas Canarias (2,2%), Comunidad Valenciana (1,4%), Andaluc\u00eda (1,2%), Comunidad de Madrid (1,1%) y Catalu\u00f1a (0,5%).<\/span><\/p>\n<h2><strong>\u00bfQu\u00e9 sectores han sufrido p\u00e9rdidas en noviembre?<\/strong><\/h2>\n<p><span style=\"font-weight: 400\">Los sectores que m\u00e1s p\u00e9rdidas de aut\u00f3nomos han sufrido en el mes de noviembre son los siguientes. En primer lugar se encuentra la hosteler\u00eda (-3.041), \u00a0seguido del comercio (-2.461). Otros que han tenido una bajada a menor escala han sido las actividades administrativas (-385), agricultura (-230) y actividades art\u00edsticas y entretenimiento (-164).<\/span><\/p>\n<p><span style=\"font-weight: 400\">Por el contrario, hay algunos sectores que han aumentado sus cifras. Actividades cient\u00edficas, profesionales y t\u00e9cnicas (1.515), educaci\u00f3n (1.375), actividades sanitarias (580) e informaci\u00f3n y comunicaci\u00f3n (502).<\/span><\/p>\n<p><span style=\"font-weight: 400\">Esto afecta notablemente al g\u00e9nero masculino, el cual sufre una p\u00e9rdida de 1.502 aut\u00f3nomos con respecto al mes de octubre. Por su parte, el g\u00e9nero femenino ha incrementado sus n\u00fameros en 432 trabajadoras por cuenta propia m\u00e1s que el mes anterior.<\/span><\/p>\n","protected":false},"excerpt":{"rendered":"<p>La cifra de aut\u00f3nomos en Espa\u00f1a se ve afectada en el mes de noviembre&hellip;<\/p>\n","protected":false},"author":20,"featured_media":16862,"comment_status":"open","ping_status":"open","sticky":false,"template":"","format":"standard","meta":{"_acf_changed":false,"footnotes":""},"categories":[255],"tags":[],"acf":[],"yoast_head":"<!-- This site is optimized with the Yoast SEO plugin v22.7 - https:\/\/yoast.com\/wordpress\/plugins\/seo\/ -->\n<title>Los aut\u00f3nomos en Espa\u00f1a descienden en noviembre<\/title>\n<meta name=\"description\" content=\"La cifra de aut\u00f3nomos en Espa\u00f1a se ve afectada en el mes de noviembre con la p\u00e9rdida de 1.070 trabajadores por cuenta propia, seg\u00fan afirma ATA.\" \/>\n<meta name=\"robots\" content=\"index, follow, max-snippet:-1, max-image-preview:large, max-video-preview:-1\" \/>\n<link rel=\"canonical\" href=\"https:\/\/www.clubdelemprendimiento.com\/blog\/autonomos\/desciende-notablemente-el-numero-de-autonomos-en-espana\/\" \/>\n<meta property=\"og:locale\" content=\"es_ES\" \/>\n<meta property=\"og:type\" content=\"article\" \/>\n<meta property=\"og:title\" content=\"Los aut\u00f3nomos en Espa\u00f1a descienden en noviembre\" \/>\n<meta property=\"og:description\" content=\"La cifra de aut\u00f3nomos en Espa\u00f1a se ve afectada en el mes de noviembre con la p\u00e9rdida de 1.070 trabajadores por cuenta propia, seg\u00fan afirma ATA.\" \/>\n<meta property=\"og:url\" content=\"https:\/\/www.clubdelemprendimiento.com\/blog\/autonomos\/desciende-notablemente-el-numero-de-autonomos-en-espana\/\" \/>\n<meta property=\"og:site_name\" content=\"Blog Club del Emprendimiento\" \/>\n<meta property=\"article:published_time\" content=\"2023-12-20T07:33:48+00:00\" \/>\n<meta property=\"article:modified_time\" content=\"2023-12-19T15:08:05+00:00\" \/>\n<meta property=\"og:image\" content=\"https:\/\/www.clubdelemprendimiento.com\/blog\/wp-content\/uploads\/2023\/12\/pexels-cottonbro-studio-4069292.jpg\" \/>\n\t<meta property=\"og:image:width\" content=\"2829\" \/>\n\t<meta property=\"og:image:height\" content=\"4235\" \/>\n\t<meta property=\"og:image:type\" content=\"image\/jpeg\" \/>\n<meta name=\"author\" content=\"Daniel Sim\u00f3n\" \/>\n<meta name=\"twitter:card\" content=\"summary_large_image\" \/>\n<meta name=\"twitter:label1\" content=\"Escrito por\" \/>\n\t<meta name=\"twitter:data1\" content=\"Daniel Sim\u00f3n\" \/>\n\t<meta name=\"twitter:label2\" content=\"Tiempo de lectura\" \/>\n\t<meta name=\"twitter:data2\" content=\"2 minutos\" \/>\n<script type=\"application\/ld+json\" class=\"yoast-schema-graph\">{\"@context\":\"https:\/\/schema.org\",\"@graph\":[{\"@type\":\"WebPage\",\"@id\":\"https:\/\/www.clubdelemprendimiento.com\/blog\/autonomos\/desciende-notablemente-el-numero-de-autonomos-en-espana\/\",\"url\":\"https:\/\/www.clubdelemprendimiento.com\/blog\/autonomos\/desciende-notablemente-el-numero-de-autonomos-en-espana\/\",\"name\":\"Los aut\u00f3nomos en Espa\u00f1a descienden en noviembre\",\"isPartOf\":{\"@id\":\"https:\/\/www.clubdelemprendimiento.com\/blog\/#website\"},\"primaryImageOfPage\":{\"@id\":\"https:\/\/www.clubdelemprendimiento.com\/blog\/autonomos\/desciende-notablemente-el-numero-de-autonomos-en-espana\/#primaryimage\"},\"image\":{\"@id\":\"https:\/\/www.clubdelemprendimiento.com\/blog\/autonomos\/desciende-notablemente-el-numero-de-autonomos-en-espana\/#primaryimage\"},\"thumbnailUrl\":\"https:\/\/www.clubdelemprendimiento.com\/blog\/wp-content\/uploads\/2023\/12\/pexels-cottonbro-studio-4069292.jpg\",\"datePublished\":\"2023-12-20T07:33:48+00:00\",\"dateModified\":\"2023-12-19T15:08:05+00:00\",\"author\":{\"@id\":\"https:\/\/www.clubdelemprendimiento.com\/blog\/#\/schema\/person\/92232c47067066ec15f4377533351817\"},\"description\":\"La cifra de aut\u00f3nomos en Espa\u00f1a se ve afectada en el mes de noviembre con la p\u00e9rdida de 1.070 trabajadores por cuenta propia, seg\u00fan afirma ATA.\",\"breadcrumb\":{\"@id\":\"https:\/\/www.clubdelemprendimiento.com\/blog\/autonomos\/desciende-notablemente-el-numero-de-autonomos-en-espana\/#breadcrumb\"},\"inLanguage\":\"es\",\"potentialAction\":[{\"@type\":\"ReadAction\",\"target\":[\"https:\/\/www.clubdelemprendimiento.com\/blog\/autonomos\/desciende-notablemente-el-numero-de-autonomos-en-espana\/\"]}]},{\"@type\":\"ImageObject\",\"inLanguage\":\"es\",\"@id\":\"https:\/\/www.clubdelemprendimiento.com\/blog\/autonomos\/desciende-notablemente-el-numero-de-autonomos-en-espana\/#primaryimage\",\"url\":\"https:\/\/www.clubdelemprendimiento.com\/blog\/wp-content\/uploads\/2023\/12\/pexels-cottonbro-studio-4069292.jpg\",\"contentUrl\":\"https:\/\/www.clubdelemprendimiento.com\/blog\/wp-content\/uploads\/2023\/12\/pexels-cottonbro-studio-4069292.jpg\",\"width\":2829,\"height\":4235,\"caption\":\"aut\u00f3nomos en Espa\u00f1a\"},{\"@type\":\"BreadcrumbList\",\"@id\":\"https:\/\/www.clubdelemprendimiento.com\/blog\/autonomos\/desciende-notablemente-el-numero-de-autonomos-en-espana\/#breadcrumb\",\"itemListElement\":[{\"@type\":\"ListItem\",\"position\":1,\"name\":\"Home\",\"item\":\"https:\/\/www.clubdelemprendimiento.com\/blog\/\"},{\"@type\":\"ListItem\",\"position\":2,\"name\":\"Desciende notablemente el n\u00famero de aut\u00f3nomos en Espa\u00f1a\"}]},{\"@type\":\"WebSite\",\"@id\":\"https:\/\/www.clubdelemprendimiento.com\/blog\/#website\",\"url\":\"https:\/\/www.clubdelemprendimiento.com\/blog\/\",\"name\":\"Blog Club del Emprendimiento\",\"description\":\"\",\"potentialAction\":[{\"@type\":\"SearchAction\",\"target\":{\"@type\":\"EntryPoint\",\"urlTemplate\":\"https:\/\/www.clubdelemprendimiento.com\/blog\/?s={search_term_string}\"},\"query-input\":\"required name=search_term_string\"}],\"inLanguage\":\"es\"},{\"@type\":\"Person\",\"@id\":\"https:\/\/www.clubdelemprendimiento.com\/blog\/#\/schema\/person\/92232c47067066ec15f4377533351817\",\"name\":\"Daniel Sim\u00f3n\",\"image\":{\"@type\":\"ImageObject\",\"inLanguage\":\"es\",\"@id\":\"https:\/\/www.clubdelemprendimiento.com\/blog\/#\/schema\/person\/image\/\",\"url\":\"https:\/\/secure.gravatar.com\/avatar\/5dae918ac4f617a644719cd381513179?s=96&d=mm&r=g\",\"contentUrl\":\"https:\/\/secure.gravatar.com\/avatar\/5dae918ac4f617a644719cd381513179?s=96&d=mm&r=g\",\"caption\":\"Daniel Sim\u00f3n\"},\"url\":\"https:\/\/www.clubdelemprendimiento.com\/blog\/author\/daniel\/\"}]}<\/script>\n<!-- \/ Yoast SEO plugin. -->","yoast_head_json":{"title":"Los aut\u00f3nomos en Espa\u00f1a descienden en noviembre","description":"La cifra de aut\u00f3nomos en Espa\u00f1a se ve afectada en el mes de noviembre con la p\u00e9rdida de 1.070 trabajadores por cuenta propia, seg\u00fan afirma ATA.","robots":{"index":"index","follow":"follow","max-snippet":"max-snippet:-1","max-image-preview":"max-image-preview:large","max-video-preview":"max-video-preview:-1"},"canonical":"https:\/\/www.clubdelemprendimiento.com\/blog\/autonomos\/desciende-notablemente-el-numero-de-autonomos-en-espana\/","og_locale":"es_ES","og_type":"article","og_title":"Los aut\u00f3nomos en Espa\u00f1a descienden en noviembre","og_description":"La cifra de aut\u00f3nomos en Espa\u00f1a se ve afectada en el mes de noviembre con la p\u00e9rdida de 1.070 trabajadores por cuenta propia, seg\u00fan afirma ATA.","og_url":"https:\/\/www.clubdelemprendimiento.com\/blog\/autonomos\/desciende-notablemente-el-numero-de-autonomos-en-espana\/","og_site_name":"Blog Club del Emprendimiento","article_published_time":"2023-12-20T07:33:48+00:00","article_modified_time":"2023-12-19T15:08:05+00:00","og_image":[{"width":2829,"height":4235,"url":"https:\/\/www.clubdelemprendimiento.com\/blog\/wp-content\/uploads\/2023\/12\/pexels-cottonbro-studio-4069292.jpg","type":"image\/jpeg"}],"author":"Daniel Sim\u00f3n","twitter_card":"summary_large_image","twitter_misc":{"Escrito por":"Daniel Sim\u00f3n","Tiempo de lectura":"2 minutos"},"schema":{"@context":"https:\/\/schema.org","@graph":[{"@type":"WebPage","@id":"https:\/\/www.clubdelemprendimiento.com\/blog\/autonomos\/desciende-notablemente-el-numero-de-autonomos-en-espana\/","url":"https:\/\/www.clubdelemprendimiento.com\/blog\/autonomos\/desciende-notablemente-el-numero-de-autonomos-en-espana\/","name":"Los aut\u00f3nomos en Espa\u00f1a descienden en noviembre","isPartOf":{"@id":"https:\/\/www.clubdelemprendimiento.com\/blog\/#website"},"primaryImageOfPage":{"@id":"https:\/\/www.clubdelemprendimiento.com\/blog\/autonomos\/desciende-notablemente-el-numero-de-autonomos-en-espana\/#primaryimage"},"image":{"@id":"https:\/\/www.clubdelemprendimiento.com\/blog\/autonomos\/desciende-notablemente-el-numero-de-autonomos-en-espana\/#primaryimage"},"thumbnailUrl":"https:\/\/www.clubdelemprendimiento.com\/blog\/wp-content\/uploads\/2023\/12\/pexels-cottonbro-studio-4069292.jpg","datePublished":"2023-12-20T07:33:48+00:00","dateModified":"2023-12-19T15:08:05+00:00","author":{"@id":"https:\/\/www.clubdelemprendimiento.com\/blog\/#\/schema\/person\/92232c47067066ec15f4377533351817"},"description":"La cifra de aut\u00f3nomos en Espa\u00f1a se ve afectada en el mes de noviembre con la p\u00e9rdida de 1.070 trabajadores por cuenta propia, seg\u00fan afirma ATA.","breadcrumb":{"@id":"https:\/\/www.clubdelemprendimiento.com\/blog\/autonomos\/desciende-notablemente-el-numero-de-autonomos-en-espana\/#breadcrumb"},"inLanguage":"es","potentialAction":[{"@type":"ReadAction","target":["https:\/\/www.clubdelemprendimiento.com\/blog\/autonomos\/desciende-notablemente-el-numero-de-autonomos-en-espana\/"]}]},{"@type":"ImageObject","inLanguage":"es","@id":"https:\/\/www.clubdelemprendimiento.com\/blog\/autonomos\/desciende-notablemente-el-numero-de-autonomos-en-espana\/#primaryimage","url":"https:\/\/www.clubdelemprendimiento.com\/blog\/wp-content\/uploads\/2023\/12\/pexels-cottonbro-studio-4069292.jpg","contentUrl":"https:\/\/www.clubdelemprendimiento.com\/blog\/wp-content\/uploads\/2023\/12\/pexels-cottonbro-studio-4069292.jpg","width":2829,"height":4235,"caption":"aut\u00f3nomos en Espa\u00f1a"},{"@type":"BreadcrumbList","@id":"https:\/\/www.clubdelemprendimiento.com\/blog\/autonomos\/desciende-notablemente-el-numero-de-autonomos-en-espana\/#breadcrumb","itemListElement":[{"@type":"ListItem","position":1,"name":"Home","item":"https:\/\/www.clubdelemprendimiento.com\/blog\/"},{"@type":"ListItem","position":2,"name":"Desciende notablemente el n\u00famero de aut\u00f3nomos en Espa\u00f1a"}]},{"@type":"WebSite","@id":"https:\/\/www.clubdelemprendimiento.com\/blog\/#website","url":"https:\/\/www.clubdelemprendimiento.com\/blog\/","name":"Blog Club del Emprendimiento","description":"","potentialAction":[{"@type":"SearchAction","target":{"@type":"EntryPoint","urlTemplate":"https:\/\/www.clubdelemprendimiento.com\/blog\/?s={search_term_string}"},"query-input":"required name=search_term_string"}],"inLanguage":"es"},{"@type":"Person","@id":"https:\/\/www.clubdelemprendimiento.com\/blog\/#\/schema\/person\/92232c47067066ec15f4377533351817","name":"Daniel Sim\u00f3n","image":{"@type":"ImageObject","inLanguage":"es","@id":"https:\/\/www.clubdelemprendimiento.com\/blog\/#\/schema\/person\/image\/","url":"https:\/\/secure.gravatar.com\/avatar\/5dae918ac4f617a644719cd381513179?s=96&d=mm&r=g","contentUrl":"https:\/\/secure.gravatar.com\/avatar\/5dae918ac4f617a644719cd381513179?s=96&d=mm&r=g","caption":"Daniel Sim\u00f3n"},"url":"https:\/\/www.clubdelemprendimiento.com\/blog\/author\/daniel\/"}]}},"_links":{"self":[{"href":"https:\/\/www.clubdelemprendimiento.com\/blog\/wp-json\/wp\/v2\/posts\/16860"}],"collection":[{"href":"https:\/\/www.clubdelemprendimiento.com\/blog\/wp-json\/wp\/v2\/posts"}],"about":[{"href":"https:\/\/www.clubdelemprendimiento.com\/blog\/wp-json\/wp\/v2\/types\/post"}],"author":[{"embeddable":true,"href":"https:\/\/www.clubdelemprendimiento.com\/blog\/wp-json\/wp\/v2\/users\/20"}],"replies":[{"embeddable":true,"href":"https:\/\/www.clubdelemprendimiento.com\/blog\/wp-json\/wp\/v2\/comments?post=16860"}],"version-history":[{"count":6,"href":"https:\/\/www.clubdelemprendimiento.com\/blog\/wp-json\/wp\/v2\/posts\/16860\/revisions"}],"predecessor-version":[{"id":16876,"href":"https:\/\/www.clubdelemprendimiento.com\/blog\/wp-json\/wp\/v2\/posts\/16860\/revisions\/16876"}],"wp:featuredmedia":[{"embeddable":true,"href":"https:\/\/www.clubdelemprendimiento.com\/blog\/wp-json\/wp\/v2\/media\/16862"}],"wp:attachment":[{"href":"https:\/\/www.clubdelemprendimiento.com\/blog\/wp-json\/wp\/v2\/media?parent=16860"}],"wp:term":[{"taxonomy":"category","embeddable":true,"href":"https:\/\/www.clubdelemprendimiento.com\/blog\/wp-json\/wp\/v2\/categories?post=16860"},{"taxonomy":"post_tag","embeddable":true,"href":"https:\/\/www.clubdelemprendimiento.com\/blog\/wp-json\/wp\/v2\/tags?post=16860"}],"curies":[{"name":"wp","href":"https:\/\/api.w.org\/{rel}","templated":true}]}}