{"id":16852,"date":"2023-12-18T15:28:05","date_gmt":"2023-12-18T15:28:05","guid":{"rendered":"https:\/\/www.clubdelemprendimiento.com\/blog\/?p=16852"},"modified":"2023-12-18T15:28:31","modified_gmt":"2023-12-18T15:28:31","slug":"baja-de-paternidad-y-maternidad-en-los-autonomos","status":"publish","type":"post","link":"https:\/\/www.clubdelemprendimiento.com\/blog\/autonomos\/baja-de-paternidad-y-maternidad-en-los-autonomos\/","title":{"rendered":"Baja de paternidad y maternidad en los aut\u00f3nomos"},"content":{"rendered":"<p>Los aut\u00f3nomos tienen diferentes ventajas y desventajas frente a los trabajadores por cuenta ajena. Uno de estos asuntos es la baja por paternidad y maternidad \u00bfC\u00f3mo afecta esto a los trabajadores por cuenta propia? \u00bfCu\u00e1les son los requisitos que tienen para cobrar la prestaci\u00f3n?<\/p>\n<h2>\u00bfC\u00f3mo afecta la baja de paternidad y maternidad?<\/h2>\n<p>Hace un tiempo solo ten\u00edan derecho a esta baja las madres, pero hoy en d\u00eda se ha equiparado. Los dos progenitores pueden disfrutar de la baja de paternidad y maternidad. Esto a su vez, puede afectar a los negocios, en el caso de los aut\u00f3nomos. Para estos caso, los aut\u00f3nomos se benefician de la Seguridad Social, que cubre una prestaci\u00f3n de 16 semanas. Esto tiene una serie de requisitos como:<\/p>\n<ul>\n<li><strong>Las<\/strong><b> 6 primeras semanas de baja por paternidad y maternidad son obligatorias y han de hacerse sin interrupci\u00f3n.<\/b><\/li>\n<li><strong>Este periodo s<\/strong><b>e puede adelantar hasta 4 semanas antes del parto<\/b>. Pero en el caso de haber estado de baja durante el embarazo por diferentes riesgos. El periodo obligatorio empieza el d\u00eda del parto. <strong>En el caso del padre, este no puede adelantar las semanas.<\/strong><\/li>\n<li><b>Las siguientes 10 semanas de baja son voluntarias. <\/b>Estas se pueden disfrutar de forma seguida o interrumpidamente.<\/li>\n<li>Eso si, para poder disfrutar de las 16 semanas de baja por maternidad y paternidad, <strong>hay que hacerlo en un periodo de 12 meses desde el d\u00eda del nacimiento.<\/strong><\/li>\n<li><strong>Las 10 semanas voluntarias<\/strong> <b>no se pueden transferir entre los miembros de la pareja.<\/b><\/li>\n<\/ul>\n<h2>\u00bfCu\u00e1les son los requisitos para cobrar la prestaci\u00f3n?<\/h2>\n<p>Para poder disfrutar de la baja de paternidad y maternidad hacen falta cumplir varios requisitos:<\/p>\n<ul>\n<li><strong>Estar dado de alta como trabajadores por cuenta propia en la Seguridad Social y el <a href=\"https:\/\/www.seg-social.es\/wps\/portal\/wss\/internet\/Trabajadores\/Afiliacion\/10548\/32825\">RETA<\/a> <\/strong>(R\u00e9gimen Especial de Trabajadores Aut\u00f3nomos).<\/li>\n<li><strong>Pagar todas las cuotas de aut\u00f3nomos.<\/strong><\/li>\n<li><strong>Haber cotizado durante un tiempo<\/strong>. Este var\u00eda dependiendo de la edad del trabajador:\n<ul>\n<li>Menores de 21 a\u00f1os. No tienen un m\u00ednimo de cotizaci\u00f3n.<\/li>\n<li>Personas entre 21 y 26 a\u00f1os de edad. Estas deben haber cotizado al menos 90 d\u00edas en los 7 a\u00f1os anteriores a la baja por paternidad y maternidad. Tambi\u00e9n, cabe la posibilidad de tener 180 d\u00edas cotizados a lo largo de la vida laboral.<\/li>\n<li>M\u00e1s de 26 a\u00f1os. Parecido al anterior rango, aunque se debe haber cotizado 180 d\u00edas en los 7 a\u00f1os anteriores a la baja. O bien, 360 d\u00edas a lo largo de la vida laboral.<\/li>\n<\/ul>\n<\/li>\n<\/ul>\n<p>Si se cumplen todos estos requisitos, los aut\u00f3nomos que se den de baja por paternidad y maternidad, podr\u00e1n optar a una retribuci\u00f3n del 100% de la base reguladora. A\u00fan as\u00ed, es recomendable contar con el <a href=\"https:\/\/www.clubdelemprendimiento.com\/asesoramiento\/\">asesoramiento de un profesional<\/a> que indique los pasos y procedimientos a seguir.<\/p>\n<p>&nbsp;<\/p>\n","protected":false},"excerpt":{"rendered":"<p>Los aut\u00f3nomos tienen diferentes ventajas y desventajas frente a los trabajadores por cuenta ajena.&hellip;<\/p>\n","protected":false},"author":20,"featured_media":16853,"comment_status":"open","ping_status":"open","sticky":false,"template":"","format":"standard","meta":{"_acf_changed":false,"footnotes":""},"categories":[255],"tags":[],"acf":[],"yoast_head":"<!-- This site is optimized with the Yoast SEO plugin v22.7 - https:\/\/yoast.com\/wordpress\/plugins\/seo\/ -->\n<title>Paternidad y maternidad: \u00bfC\u00f3mo les afecta a los aut\u00f3nomos?<\/title>\n<meta name=\"description\" content=\"Los aut\u00f3nomos tienen diferentes ventajas y desventajas frente a otros trabajadores. Uno de estos asuntos es la baja por paternidad y maternidad.\" \/>\n<meta name=\"robots\" content=\"index, follow, max-snippet:-1, max-image-preview:large, max-video-preview:-1\" \/>\n<link rel=\"canonical\" href=\"https:\/\/www.clubdelemprendimiento.com\/blog\/autonomos\/baja-de-paternidad-y-maternidad-en-los-autonomos\/\" \/>\n<meta property=\"og:locale\" content=\"es_ES\" \/>\n<meta property=\"og:type\" content=\"article\" \/>\n<meta property=\"og:title\" content=\"Paternidad y maternidad: \u00bfC\u00f3mo les afecta a los aut\u00f3nomos?\" \/>\n<meta property=\"og:description\" content=\"Los aut\u00f3nomos tienen diferentes ventajas y desventajas frente a otros trabajadores. Uno de estos asuntos es la baja por paternidad y maternidad.\" \/>\n<meta property=\"og:url\" content=\"https:\/\/www.clubdelemprendimiento.com\/blog\/autonomos\/baja-de-paternidad-y-maternidad-en-los-autonomos\/\" \/>\n<meta property=\"og:site_name\" content=\"Blog Club del Emprendimiento\" \/>\n<meta property=\"article:published_time\" content=\"2023-12-18T15:28:05+00:00\" \/>\n<meta property=\"article:modified_time\" content=\"2023-12-18T15:28:31+00:00\" \/>\n<meta property=\"og:image\" content=\"https:\/\/www.clubdelemprendimiento.com\/blog\/wp-content\/uploads\/2023\/12\/pregnant-2568594_1280.jpg\" \/>\n\t<meta property=\"og:image:width\" content=\"1280\" \/>\n\t<meta property=\"og:image:height\" content=\"854\" \/>\n\t<meta property=\"og:image:type\" content=\"image\/jpeg\" \/>\n<meta name=\"author\" content=\"Daniel Sim\u00f3n\" \/>\n<meta name=\"twitter:card\" content=\"summary_large_image\" \/>\n<meta name=\"twitter:label1\" content=\"Escrito por\" \/>\n\t<meta name=\"twitter:data1\" content=\"Daniel Sim\u00f3n\" \/>\n\t<meta name=\"twitter:label2\" content=\"Tiempo de lectura\" \/>\n\t<meta name=\"twitter:data2\" content=\"2 minutos\" \/>\n<script type=\"application\/ld+json\" class=\"yoast-schema-graph\">{\"@context\":\"https:\/\/schema.org\",\"@graph\":[{\"@type\":\"WebPage\",\"@id\":\"https:\/\/www.clubdelemprendimiento.com\/blog\/autonomos\/baja-de-paternidad-y-maternidad-en-los-autonomos\/\",\"url\":\"https:\/\/www.clubdelemprendimiento.com\/blog\/autonomos\/baja-de-paternidad-y-maternidad-en-los-autonomos\/\",\"name\":\"Paternidad y maternidad: \u00bfC\u00f3mo les afecta a los aut\u00f3nomos?\",\"isPartOf\":{\"@id\":\"https:\/\/www.clubdelemprendimiento.com\/blog\/#website\"},\"primaryImageOfPage\":{\"@id\":\"https:\/\/www.clubdelemprendimiento.com\/blog\/autonomos\/baja-de-paternidad-y-maternidad-en-los-autonomos\/#primaryimage\"},\"image\":{\"@id\":\"https:\/\/www.clubdelemprendimiento.com\/blog\/autonomos\/baja-de-paternidad-y-maternidad-en-los-autonomos\/#primaryimage\"},\"thumbnailUrl\":\"https:\/\/www.clubdelemprendimiento.com\/blog\/wp-content\/uploads\/2023\/12\/pregnant-2568594_1280.jpg\",\"datePublished\":\"2023-12-18T15:28:05+00:00\",\"dateModified\":\"2023-12-18T15:28:31+00:00\",\"author\":{\"@id\":\"https:\/\/www.clubdelemprendimiento.com\/blog\/#\/schema\/person\/92232c47067066ec15f4377533351817\"},\"description\":\"Los aut\u00f3nomos tienen diferentes ventajas y desventajas frente a otros trabajadores. Uno de estos asuntos es la baja por paternidad y maternidad.\",\"breadcrumb\":{\"@id\":\"https:\/\/www.clubdelemprendimiento.com\/blog\/autonomos\/baja-de-paternidad-y-maternidad-en-los-autonomos\/#breadcrumb\"},\"inLanguage\":\"es\",\"potentialAction\":[{\"@type\":\"ReadAction\",\"target\":[\"https:\/\/www.clubdelemprendimiento.com\/blog\/autonomos\/baja-de-paternidad-y-maternidad-en-los-autonomos\/\"]}]},{\"@type\":\"ImageObject\",\"inLanguage\":\"es\",\"@id\":\"https:\/\/www.clubdelemprendimiento.com\/blog\/autonomos\/baja-de-paternidad-y-maternidad-en-los-autonomos\/#primaryimage\",\"url\":\"https:\/\/www.clubdelemprendimiento.com\/blog\/wp-content\/uploads\/2023\/12\/pregnant-2568594_1280.jpg\",\"contentUrl\":\"https:\/\/www.clubdelemprendimiento.com\/blog\/wp-content\/uploads\/2023\/12\/pregnant-2568594_1280.jpg\",\"width\":1280,\"height\":854,\"caption\":\"paternidad y maternidad\"},{\"@type\":\"BreadcrumbList\",\"@id\":\"https:\/\/www.clubdelemprendimiento.com\/blog\/autonomos\/baja-de-paternidad-y-maternidad-en-los-autonomos\/#breadcrumb\",\"itemListElement\":[{\"@type\":\"ListItem\",\"position\":1,\"name\":\"Home\",\"item\":\"https:\/\/www.clubdelemprendimiento.com\/blog\/\"},{\"@type\":\"ListItem\",\"position\":2,\"name\":\"Baja de paternidad y maternidad en los aut\u00f3nomos\"}]},{\"@type\":\"WebSite\",\"@id\":\"https:\/\/www.clubdelemprendimiento.com\/blog\/#website\",\"url\":\"https:\/\/www.clubdelemprendimiento.com\/blog\/\",\"name\":\"Blog Club del Emprendimiento\",\"description\":\"\",\"potentialAction\":[{\"@type\":\"SearchAction\",\"target\":{\"@type\":\"EntryPoint\",\"urlTemplate\":\"https:\/\/www.clubdelemprendimiento.com\/blog\/?s={search_term_string}\"},\"query-input\":\"required name=search_term_string\"}],\"inLanguage\":\"es\"},{\"@type\":\"Person\",\"@id\":\"https:\/\/www.clubdelemprendimiento.com\/blog\/#\/schema\/person\/92232c47067066ec15f4377533351817\",\"name\":\"Daniel Sim\u00f3n\",\"image\":{\"@type\":\"ImageObject\",\"inLanguage\":\"es\",\"@id\":\"https:\/\/www.clubdelemprendimiento.com\/blog\/#\/schema\/person\/image\/\",\"url\":\"https:\/\/secure.gravatar.com\/avatar\/5dae918ac4f617a644719cd381513179?s=96&d=mm&r=g\",\"contentUrl\":\"https:\/\/secure.gravatar.com\/avatar\/5dae918ac4f617a644719cd381513179?s=96&d=mm&r=g\",\"caption\":\"Daniel Sim\u00f3n\"},\"url\":\"https:\/\/www.clubdelemprendimiento.com\/blog\/author\/daniel\/\"}]}<\/script>\n<!-- \/ Yoast SEO plugin. -->","yoast_head_json":{"title":"Paternidad y maternidad: \u00bfC\u00f3mo les afecta a los aut\u00f3nomos?","description":"Los aut\u00f3nomos tienen diferentes ventajas y desventajas frente a otros trabajadores. Uno de estos asuntos es la baja por paternidad y maternidad.","robots":{"index":"index","follow":"follow","max-snippet":"max-snippet:-1","max-image-preview":"max-image-preview:large","max-video-preview":"max-video-preview:-1"},"canonical":"https:\/\/www.clubdelemprendimiento.com\/blog\/autonomos\/baja-de-paternidad-y-maternidad-en-los-autonomos\/","og_locale":"es_ES","og_type":"article","og_title":"Paternidad y maternidad: \u00bfC\u00f3mo les afecta a los aut\u00f3nomos?","og_description":"Los aut\u00f3nomos tienen diferentes ventajas y desventajas frente a otros trabajadores. Uno de estos asuntos es la baja por paternidad y maternidad.","og_url":"https:\/\/www.clubdelemprendimiento.com\/blog\/autonomos\/baja-de-paternidad-y-maternidad-en-los-autonomos\/","og_site_name":"Blog Club del Emprendimiento","article_published_time":"2023-12-18T15:28:05+00:00","article_modified_time":"2023-12-18T15:28:31+00:00","og_image":[{"width":1280,"height":854,"url":"https:\/\/www.clubdelemprendimiento.com\/blog\/wp-content\/uploads\/2023\/12\/pregnant-2568594_1280.jpg","type":"image\/jpeg"}],"author":"Daniel Sim\u00f3n","twitter_card":"summary_large_image","twitter_misc":{"Escrito por":"Daniel Sim\u00f3n","Tiempo de lectura":"2 minutos"},"schema":{"@context":"https:\/\/schema.org","@graph":[{"@type":"WebPage","@id":"https:\/\/www.clubdelemprendimiento.com\/blog\/autonomos\/baja-de-paternidad-y-maternidad-en-los-autonomos\/","url":"https:\/\/www.clubdelemprendimiento.com\/blog\/autonomos\/baja-de-paternidad-y-maternidad-en-los-autonomos\/","name":"Paternidad y maternidad: \u00bfC\u00f3mo les afecta a los aut\u00f3nomos?","isPartOf":{"@id":"https:\/\/www.clubdelemprendimiento.com\/blog\/#website"},"primaryImageOfPage":{"@id":"https:\/\/www.clubdelemprendimiento.com\/blog\/autonomos\/baja-de-paternidad-y-maternidad-en-los-autonomos\/#primaryimage"},"image":{"@id":"https:\/\/www.clubdelemprendimiento.com\/blog\/autonomos\/baja-de-paternidad-y-maternidad-en-los-autonomos\/#primaryimage"},"thumbnailUrl":"https:\/\/www.clubdelemprendimiento.com\/blog\/wp-content\/uploads\/2023\/12\/pregnant-2568594_1280.jpg","datePublished":"2023-12-18T15:28:05+00:00","dateModified":"2023-12-18T15:28:31+00:00","author":{"@id":"https:\/\/www.clubdelemprendimiento.com\/blog\/#\/schema\/person\/92232c47067066ec15f4377533351817"},"description":"Los aut\u00f3nomos tienen diferentes ventajas y desventajas frente a otros trabajadores. Uno de estos asuntos es la baja por paternidad y maternidad.","breadcrumb":{"@id":"https:\/\/www.clubdelemprendimiento.com\/blog\/autonomos\/baja-de-paternidad-y-maternidad-en-los-autonomos\/#breadcrumb"},"inLanguage":"es","potentialAction":[{"@type":"ReadAction","target":["https:\/\/www.clubdelemprendimiento.com\/blog\/autonomos\/baja-de-paternidad-y-maternidad-en-los-autonomos\/"]}]},{"@type":"ImageObject","inLanguage":"es","@id":"https:\/\/www.clubdelemprendimiento.com\/blog\/autonomos\/baja-de-paternidad-y-maternidad-en-los-autonomos\/#primaryimage","url":"https:\/\/www.clubdelemprendimiento.com\/blog\/wp-content\/uploads\/2023\/12\/pregnant-2568594_1280.jpg","contentUrl":"https:\/\/www.clubdelemprendimiento.com\/blog\/wp-content\/uploads\/2023\/12\/pregnant-2568594_1280.jpg","width":1280,"height":854,"caption":"paternidad y maternidad"},{"@type":"BreadcrumbList","@id":"https:\/\/www.clubdelemprendimiento.com\/blog\/autonomos\/baja-de-paternidad-y-maternidad-en-los-autonomos\/#breadcrumb","itemListElement":[{"@type":"ListItem","position":1,"name":"Home","item":"https:\/\/www.clubdelemprendimiento.com\/blog\/"},{"@type":"ListItem","position":2,"name":"Baja de paternidad y maternidad en los aut\u00f3nomos"}]},{"@type":"WebSite","@id":"https:\/\/www.clubdelemprendimiento.com\/blog\/#website","url":"https:\/\/www.clubdelemprendimiento.com\/blog\/","name":"Blog Club del Emprendimiento","description":"","potentialAction":[{"@type":"SearchAction","target":{"@type":"EntryPoint","urlTemplate":"https:\/\/www.clubdelemprendimiento.com\/blog\/?s={search_term_string}"},"query-input":"required name=search_term_string"}],"inLanguage":"es"},{"@type":"Person","@id":"https:\/\/www.clubdelemprendimiento.com\/blog\/#\/schema\/person\/92232c47067066ec15f4377533351817","name":"Daniel Sim\u00f3n","image":{"@type":"ImageObject","inLanguage":"es","@id":"https:\/\/www.clubdelemprendimiento.com\/blog\/#\/schema\/person\/image\/","url":"https:\/\/secure.gravatar.com\/avatar\/5dae918ac4f617a644719cd381513179?s=96&d=mm&r=g","contentUrl":"https:\/\/secure.gravatar.com\/avatar\/5dae918ac4f617a644719cd381513179?s=96&d=mm&r=g","caption":"Daniel Sim\u00f3n"},"url":"https:\/\/www.clubdelemprendimiento.com\/blog\/author\/daniel\/"}]}},"_links":{"self":[{"href":"https:\/\/www.clubdelemprendimiento.com\/blog\/wp-json\/wp\/v2\/posts\/16852"}],"collection":[{"href":"https:\/\/www.clubdelemprendimiento.com\/blog\/wp-json\/wp\/v2\/posts"}],"about":[{"href":"https:\/\/www.clubdelemprendimiento.com\/blog\/wp-json\/wp\/v2\/types\/post"}],"author":[{"embeddable":true,"href":"https:\/\/www.clubdelemprendimiento.com\/blog\/wp-json\/wp\/v2\/users\/20"}],"replies":[{"embeddable":true,"href":"https:\/\/www.clubdelemprendimiento.com\/blog\/wp-json\/wp\/v2\/comments?post=16852"}],"version-history":[{"count":2,"href":"https:\/\/www.clubdelemprendimiento.com\/blog\/wp-json\/wp\/v2\/posts\/16852\/revisions"}],"predecessor-version":[{"id":16863,"href":"https:\/\/www.clubdelemprendimiento.com\/blog\/wp-json\/wp\/v2\/posts\/16852\/revisions\/16863"}],"wp:featuredmedia":[{"embeddable":true,"href":"https:\/\/www.clubdelemprendimiento.com\/blog\/wp-json\/wp\/v2\/media\/16853"}],"wp:attachment":[{"href":"https:\/\/www.clubdelemprendimiento.com\/blog\/wp-json\/wp\/v2\/media?parent=16852"}],"wp:term":[{"taxonomy":"category","embeddable":true,"href":"https:\/\/www.clubdelemprendimiento.com\/blog\/wp-json\/wp\/v2\/categories?post=16852"},{"taxonomy":"post_tag","embeddable":true,"href":"https:\/\/www.clubdelemprendimiento.com\/blog\/wp-json\/wp\/v2\/tags?post=16852"}],"curies":[{"name":"wp","href":"https:\/\/api.w.org\/{rel}","templated":true}]}}