{"id":16642,"date":"2023-08-18T07:08:15","date_gmt":"2023-08-18T07:08:15","guid":{"rendered":"https:\/\/www.clubdelemprendimiento.com\/blog\/?p=16642"},"modified":"2023-08-29T07:31:26","modified_gmt":"2023-08-29T07:31:26","slug":"novedades-al-andalus-innovation-venture-de-la-mano-de-su-gerente","status":"publish","type":"post","link":"https:\/\/www.clubdelemprendimiento.com\/blog\/nuestros-emprendedores\/novedades-al-andalus-innovation-venture-de-la-mano-de-su-gerente\/","title":{"rendered":"Novedades Al Andalus Innovation Venture de la mano de su gerente"},"content":{"rendered":"<p>Al Andalus Innovation Venture, el evento de referencia de Scaleups y Open Innovation del sur de Espa\u00f1a celebra su segunda edici\u00f3n el pr\u00f3ximo mes de septiembre de 2023 en el Pabell\u00f3n de la Navegaci\u00f3n de Sevilla. Ser\u00e1n los d\u00edas 26 y 27. Para conocer c\u00f3mo ser\u00e1, entrevistamos a Diego Vargas, su gerente.<\/p>\n<ul>\n<li><strong>\u00bfC\u00f3mo surge la creaci\u00f3n de Al Andalus Innovation Venture?<\/strong><\/li>\n<\/ul>\n<p>Tras muchos a\u00f1os de experiencia organizando eventos de emprendimiento, nos dimos cuenta de que el ecosistema nacional carec\u00eda de un evento dedicado a buscar financiaci\u00f3n para scaleups (rondas superiores al mill\u00f3n de euros); adem\u00e1s, los eventos existentes a nivel nacional no pon\u00edan el foco principal en algo tan importante como es la innovaci\u00f3n abierta.<\/p>\n<p>As\u00ed vimos la oportunidad. Queremos que las scaleups y las startups puedan hacer negocio con la venta de sus productos a corporates para sus programas de innovaci\u00f3n abierta, y adem\u00e1s acceder a inversores especializados en tickets m\u00e1s altos para rondas de una mayor entidad que las de fase seed.<\/p>\n<p>Una vez localizada la coyuntura, creamos un gran equipo para llevar a cabo el evento: unimos la experiencia de HYPERION UPS, (boutique de financiaci\u00f3n y creadora de programas de innovaci\u00f3n abierta), EL REFERENTE medio de referencia para el ecosistema emprendedor de la pen\u00ednsula ib\u00e9rica y OCTOPUS, una empresa especializada en el montaje de ferias y congresos. De forma que los tres nos fusionamos con la vocaci\u00f3n de cubrir este nicho del mercado y crear Al Andalus Innovation Venture.<\/p>\n<ul>\n<li><strong>\u00bfQu\u00e9 tipo de empresas y emprendedores suelen participar?<\/strong><\/li>\n<\/ul>\n<p>Participan de un lado scaleups de toda Espa\u00f1a, que se encuentran en ronda y buscan acceso a multitud de inversores especializados en entrar en el capital de las empresas en esta fase de crecimiento.<\/p>\n<p>Adem\u00e1s participan empresas punteras de los distintos verticales que conforman el programa de Innovaci\u00f3n abierta, Proptech, Insurtech, Legaltech, Cleantech, Agrotech, foodtech, Health, Inteligencia Artificial, y como no, siendo Sevilla la capital nacional del sector aeroespacial, tambi\u00e9n contamos con startups del sector aeroespacial.<\/p>\n<p>Eso en cuanto a expositores y a emprendedores que ejecutan su pitch desk en nuestros distintos escenarios. Pero adem\u00e1s participar\u00e1n distintas startups que forman parte del ecosistema nacional que podr\u00e1n interactuar con los CORPORATES e inversores presentes mediante nuestras reuniones one to one que se desarrollar\u00e1n en la zona de encuentros B2B,<\/p>\n<p>Por \u00faltimo, tambi\u00e9n desarrollamos una zona de talleres dise\u00f1ados exclusivamente para ellos donde conocer las \u00faltimas tendencias en IA, legal, financiaci\u00f3n, etc. Est\u00e1n pensados para los emprendedores interesados en conocer las oportunidades que el mercado brinda en la actualidad.<\/p>\n<ul>\n<li><strong>\u00a0\u00bfC\u00f3mo Al Andalus Innovation Venture apoya a las scaleups en su proceso de crecimiento y escalamiento?<\/strong><\/li>\n<\/ul>\n<p>Durante todo el a\u00f1o realizamos diferentes encuentros CIO\u00b4s en diferentes materias, como IA, Cleantech y Turismo, en diferentes ciudades de Espa\u00f1a. Por ejemplo en Granada, Madrid o Marbella. Ah\u00ed es donde detectamos cuales son las diferentes necesidades de los corporates en cada una de esos sectores.<\/p>\n<p>Durante todo el a\u00f1o hacemos labores de Scouting a trav\u00e9s de aceleradoras y eventos para encontrar las mejores Startups. Y, as\u00ed cubrir las necesidades que tanto Corporates como inversores nos han ido trasladando. Asimismo, a trav\u00e9s de EL REFERENTE se hace un seguimiento continuo a la actividad de las mismas. Informamos de las rondas que cierran y de los acuerdos a los que llegan con las CORPORATES.<\/p>\n<p>Por \u00faltimo, el seguimiento. Tras haber pasado el evento mantenemos el contacto con todos los participantes. Nos van contando las novedades que han surgido tras el encuentro, tanto con corporates como con inversores.<\/p>\n<ul>\n<li><strong>\u00bfQu\u00e9 tipo de oportunidades ofrecen las empresas participantes?<\/strong><\/li>\n<\/ul>\n<p>Sin duda, al ser tan elevado el n\u00famero de empresas participantes se abre una gran oportunidad de trabajar para una corporate como proveedor. Pudiendo los emprendedores hacer negocio y escalar con clientes a los que normalmente es muy dif\u00edcil acceder. Por eso en este evento van a poder contactar de una manera r\u00e1pida y sencilla.<br \/>\nBuscamos el matching directo entre emprendedor, corporate e inversor de forma que en un d\u00eda y medio fluya el negocio de forma natural, r\u00e1pida y c\u00f3moda. Todo con un solo desplazamiento, debido a que fomentamos una gran concentraci\u00f3n de talento, dinero y empresas.<\/p>\n<p>Es una gran oportunidad para todos donde los diferentes agentes se tratan entre iguales y encuentran las v\u00edas de colaboraci\u00f3n. El a\u00f1o pasado, emocionados, muchos emprendedores nos dijeron: \u00abel evento ha sido magn\u00edfico, hemos hecho negocio\u201d.<br \/>\nY justo eso eso lo que queremos, por eso tenemos tatuada su frase en nuestra piel y es el principal objetivo de nuestro evento.<\/p>\n<h2>Segunda edici\u00f3n Al Andalus Innovation Venture &#8230;<\/h2>\n<ul>\n<li>\u00a0<strong>\u00bfCu\u00e1l es el formato del evento y qu\u00e9 actividades de van a llevara a cabo? \u00bfHay novedades respecto a la primera edici\u00f3n?<\/strong><\/li>\n<\/ul>\n<p>La primera novedad es que el evento se duplica pasamos de dos a tres salas de conferencias simultaneas, y de 900 a 1700 m2 de zona expositiva. En cuanto a asistentes tambi\u00e9n nos gustar\u00eda duplicar la asistencia.<\/p>\n<p>El evento se desarrolla durante d\u00eda y medio en el pabell\u00f3n de la navegaci\u00f3n de Sevilla y lo podemos dividir en tres. De un lado, las charlas de los tres escenarios diferentes: Turismo Andaluz; la sala Cinfa Tech y la sala Spain Startup Nation.<br \/>\nEn la primera de las salas (Turismo Andaluz) el primer d\u00eda hablaremos por la ma\u00f1ana de inversi\u00f3n y scaleups con referentes mundiales como Adr\u00edan Garc\u00eda Aranyos o Laura Gonz\u00e1lez Estefani.<\/p>\n<p>Se dar\u00e1n cita scaleups de gran nivel nacional como Komvida, Reclamador, Playtomic, Rockin o Nuclio; tambi\u00e9n scaleups andaluzas como Galgus, Mox, Genialiiy o Cover Manager. As\u00ed podemos encontrarnos tambi\u00e9n players de la inversi\u00f3n m\u00e1s convencional como Garantia, Unicaja, BBVA y Banco de Santander. Y representantes de la inversi\u00f3n no convencional como Aquilino Pe\u00f1a, Jos\u00e9 del Barrio, G\u00f3nzalo Tradecete o Paloma Castellano.<\/p>\n<p>Por la tarde en esa sala las scaleups finalistas realizar\u00e1n sus pitches para inversores.<\/p>\n<p>Al d\u00eda siguiente en esta sala los principales CORPORATES del pa\u00eds de los distintos sectores como:<\/p>\n<ul>\n<li>CLEAN TECH donde, EDP,ACCIONA, NATURGY, INERCO Y REPSOL contar\u00e1n qu\u00e9 est\u00e1n haciendo actualmente.<\/li>\n<li>HEALTH donde CINFA, ASTRA ZENECA y FERRER FOR FUTURE nos dar\u00e1n su visi\u00f3n de la innovaci\u00f3n abierta en salud.<\/li>\n<li>INSURTECH donde AXA, MAPFRE, AON, MUTUA MADRILE\u00d1A y GENERALI contar\u00e1n que es lo que le aporta al sector el trabajo realizado por las startups.<\/li>\n<li>AEROESPACIAL contando con la agencia espacial espa\u00f1ola, Airbus Espa\u00f1a, El Cluster Andalucia Aerospace y el centro avanzado de tecnolog\u00eda aeroespaciales contar\u00e1n c\u00f3mo trabajan con emprendedores en un sector tan especializado.<\/li>\n<li>TURISMO, donde RENFE y otros operadores contar\u00e1n su experiencia en un sector en el que la experiencia del usuario y la tecnolog\u00eda son claves.<\/li>\n<\/ul>\n<p>En la segunda sala, Cinfa Tech, la primera ma\u00f1ana realizaremos pitches de cada uno de nuestros verticales: un total de 36 pitches. Por la tarde en esa sala tendremos cuatro actividades:<\/p>\n<ul>\n<li>Una mesa de IA en la que Francisco Herrera, cient\u00edfico de referencia mundial en la materia, junto con dos empresas m\u00e1s, hablar\u00e1n de la \u00e9tica de la IA y c\u00f3mo aplicarla a las empresas.<br \/>\nUna mesa de mujeres espa\u00f1olas que trabajan en fondos de inversi\u00f3n en el extranjero, una mesa de agentes del ecosistema, una exposici\u00f3n por parte de una empresa tradicional como Correos \u2013que cada d\u00eda ampl\u00eda su oferta con tecnolog\u00edas nacidas del ecosistema emprendedor\u2013.<\/li>\n<\/ul>\n<p>Adem\u00e1s, simult\u00e1neamente, en la tercera sala, sala Spain Startup Nation, se realizar\u00e1n talleres formativos de forma ininterrumpida durante el congreso hablando de IA, Marketing digital, aspectos legales, productividad, financiaci\u00f3n p\u00fablica y privada as\u00ed como huella de carbono.<\/p>\n<p>Esto es lo que respecta a charlas y conferencias pero adicionalmente contamos con un espacio expositivo en el que m\u00e1s de 150 Scaleups y Startups, 12 corporates y 6 miembros del ecosistema mostrar\u00e1n sus novedades.<\/p>\n<p>Por \u00faltimo contamos con una zona de B2B donde se realizar\u00e1n reuniones en formato one to one en las que emprendedores, inversores, corporates y agentes del ecosistema nacional podr\u00e1n interactuar entre ellos.<\/p>\n<h2>Novedades<\/h2>\n<p>C\u00f3mo NOVEDAD, este a\u00f1o se pitchear\u00e1 por primera vez en Espa\u00f1a a 300 km\/h. \u00bfC\u00f3mo? En un AVE donde las startups de TrenLab de Renfe se encontrar\u00e1n en un vag\u00f3n con 24 de los m\u00e1s reconocidos inversores de este pa\u00eds para presentar sus novedades. Podr\u00e1n interactuar entre ellos en el marco de un trayecto Madrid-Sevilla de AVE.<\/p>\n","protected":false},"excerpt":{"rendered":"<p>Al Andalus Innovation Venture, el evento de referencia de Scaleups y Open Innovation del&hellip;<\/p>\n","protected":false},"author":5,"featured_media":16644,"comment_status":"open","ping_status":"open","sticky":false,"template":"","format":"standard","meta":{"_acf_changed":false,"footnotes":""},"categories":[91],"tags":[],"acf":[],"yoast_head":"<!-- This site is optimized with the Yoast SEO plugin v22.7 - https:\/\/yoast.com\/wordpress\/plugins\/seo\/ -->\n<title>Segunda edici\u00f3n de Al Andalus Innovation Venture con su gerente<\/title>\n<meta name=\"description\" content=\"Novedades Al Andalus Innovation Venture de la mano de su gerente. Entrevistamos a Diego Vargas quien nos explica m\u00e1s sobre la segunda edici\u00f3n.\" \/>\n<meta name=\"robots\" content=\"index, follow, max-snippet:-1, max-image-preview:large, max-video-preview:-1\" \/>\n<link rel=\"canonical\" href=\"https:\/\/www.clubdelemprendimiento.com\/blog\/nuestros-emprendedores\/novedades-al-andalus-innovation-venture-de-la-mano-de-su-gerente\/\" \/>\n<meta property=\"og:locale\" content=\"es_ES\" \/>\n<meta property=\"og:type\" content=\"article\" \/>\n<meta property=\"og:title\" content=\"Segunda edici\u00f3n de Al Andalus Innovation Venture con su gerente\" \/>\n<meta property=\"og:description\" content=\"Novedades Al Andalus Innovation Venture de la mano de su gerente. Entrevistamos a Diego Vargas quien nos explica m\u00e1s sobre la segunda edici\u00f3n.\" \/>\n<meta property=\"og:url\" content=\"https:\/\/www.clubdelemprendimiento.com\/blog\/nuestros-emprendedores\/novedades-al-andalus-innovation-venture-de-la-mano-de-su-gerente\/\" \/>\n<meta property=\"og:site_name\" content=\"Blog Club del Emprendimiento\" \/>\n<meta property=\"article:published_time\" content=\"2023-08-18T07:08:15+00:00\" \/>\n<meta property=\"article:modified_time\" content=\"2023-08-29T07:31:26+00:00\" \/>\n<meta property=\"og:image\" content=\"https:\/\/www.clubdelemprendimiento.com\/blog\/wp-content\/uploads\/2023\/08\/OCTOPUS_AAIV_1_2022_037-1030x687.jpg\" \/>\n\t<meta property=\"og:image:width\" content=\"1030\" \/>\n\t<meta property=\"og:image:height\" content=\"687\" \/>\n\t<meta property=\"og:image:type\" content=\"image\/jpeg\" \/>\n<meta name=\"author\" content=\"Luc\u00eda Vera\" \/>\n<meta name=\"twitter:card\" content=\"summary_large_image\" \/>\n<meta name=\"twitter:label1\" content=\"Escrito por\" \/>\n\t<meta name=\"twitter:data1\" content=\"Luc\u00eda Vera\" \/>\n\t<meta name=\"twitter:label2\" content=\"Tiempo de lectura\" \/>\n\t<meta name=\"twitter:data2\" content=\"7 minutos\" \/>\n<script type=\"application\/ld+json\" class=\"yoast-schema-graph\">{\"@context\":\"https:\/\/schema.org\",\"@graph\":[{\"@type\":\"WebPage\",\"@id\":\"https:\/\/www.clubdelemprendimiento.com\/blog\/nuestros-emprendedores\/novedades-al-andalus-innovation-venture-de-la-mano-de-su-gerente\/\",\"url\":\"https:\/\/www.clubdelemprendimiento.com\/blog\/nuestros-emprendedores\/novedades-al-andalus-innovation-venture-de-la-mano-de-su-gerente\/\",\"name\":\"Segunda edici\u00f3n de Al Andalus Innovation Venture con su gerente\",\"isPartOf\":{\"@id\":\"https:\/\/www.clubdelemprendimiento.com\/blog\/#website\"},\"primaryImageOfPage\":{\"@id\":\"https:\/\/www.clubdelemprendimiento.com\/blog\/nuestros-emprendedores\/novedades-al-andalus-innovation-venture-de-la-mano-de-su-gerente\/#primaryimage\"},\"image\":{\"@id\":\"https:\/\/www.clubdelemprendimiento.com\/blog\/nuestros-emprendedores\/novedades-al-andalus-innovation-venture-de-la-mano-de-su-gerente\/#primaryimage\"},\"thumbnailUrl\":\"https:\/\/www.clubdelemprendimiento.com\/blog\/wp-content\/uploads\/2023\/08\/OCTOPUS_AAIV_1_2022_037.jpg\",\"datePublished\":\"2023-08-18T07:08:15+00:00\",\"dateModified\":\"2023-08-29T07:31:26+00:00\",\"author\":{\"@id\":\"https:\/\/www.clubdelemprendimiento.com\/blog\/#\/schema\/person\/fe481a2c767de00924b39ab766936ddf\"},\"description\":\"Novedades Al Andalus Innovation Venture de la mano de su gerente. Entrevistamos a Diego Vargas quien nos explica m\u00e1s sobre la segunda edici\u00f3n.\",\"breadcrumb\":{\"@id\":\"https:\/\/www.clubdelemprendimiento.com\/blog\/nuestros-emprendedores\/novedades-al-andalus-innovation-venture-de-la-mano-de-su-gerente\/#breadcrumb\"},\"inLanguage\":\"es\",\"potentialAction\":[{\"@type\":\"ReadAction\",\"target\":[\"https:\/\/www.clubdelemprendimiento.com\/blog\/nuestros-emprendedores\/novedades-al-andalus-innovation-venture-de-la-mano-de-su-gerente\/\"]}]},{\"@type\":\"ImageObject\",\"inLanguage\":\"es\",\"@id\":\"https:\/\/www.clubdelemprendimiento.com\/blog\/nuestros-emprendedores\/novedades-al-andalus-innovation-venture-de-la-mano-de-su-gerente\/#primaryimage\",\"url\":\"https:\/\/www.clubdelemprendimiento.com\/blog\/wp-content\/uploads\/2023\/08\/OCTOPUS_AAIV_1_2022_037.jpg\",\"contentUrl\":\"https:\/\/www.clubdelemprendimiento.com\/blog\/wp-content\/uploads\/2023\/08\/OCTOPUS_AAIV_1_2022_037.jpg\",\"width\":6000,\"height\":4000,\"caption\":\"Al Andalus Innovation Venture\"},{\"@type\":\"BreadcrumbList\",\"@id\":\"https:\/\/www.clubdelemprendimiento.com\/blog\/nuestros-emprendedores\/novedades-al-andalus-innovation-venture-de-la-mano-de-su-gerente\/#breadcrumb\",\"itemListElement\":[{\"@type\":\"ListItem\",\"position\":1,\"name\":\"Home\",\"item\":\"https:\/\/www.clubdelemprendimiento.com\/blog\/\"},{\"@type\":\"ListItem\",\"position\":2,\"name\":\"Novedades Al Andalus Innovation Venture de la mano de su gerente\"}]},{\"@type\":\"WebSite\",\"@id\":\"https:\/\/www.clubdelemprendimiento.com\/blog\/#website\",\"url\":\"https:\/\/www.clubdelemprendimiento.com\/blog\/\",\"name\":\"Blog Club del Emprendimiento\",\"description\":\"\",\"potentialAction\":[{\"@type\":\"SearchAction\",\"target\":{\"@type\":\"EntryPoint\",\"urlTemplate\":\"https:\/\/www.clubdelemprendimiento.com\/blog\/?s={search_term_string}\"},\"query-input\":\"required name=search_term_string\"}],\"inLanguage\":\"es\"},{\"@type\":\"Person\",\"@id\":\"https:\/\/www.clubdelemprendimiento.com\/blog\/#\/schema\/person\/fe481a2c767de00924b39ab766936ddf\",\"name\":\"Luc\u00eda Vera\",\"image\":{\"@type\":\"ImageObject\",\"inLanguage\":\"es\",\"@id\":\"https:\/\/www.clubdelemprendimiento.com\/blog\/#\/schema\/person\/image\/\",\"url\":\"https:\/\/secure.gravatar.com\/avatar\/a7985f0a535e8f0be3026ac89e0a79c6?s=96&d=mm&r=g\",\"contentUrl\":\"https:\/\/secure.gravatar.com\/avatar\/a7985f0a535e8f0be3026ac89e0a79c6?s=96&d=mm&r=g\",\"caption\":\"Luc\u00eda Vera\"},\"url\":\"https:\/\/www.clubdelemprendimiento.com\/blog\/author\/luciavera\/\"}]}<\/script>\n<!-- \/ Yoast SEO plugin. -->","yoast_head_json":{"title":"Segunda edici\u00f3n de Al Andalus Innovation Venture con su gerente","description":"Novedades Al Andalus Innovation Venture de la mano de su gerente. Entrevistamos a Diego Vargas quien nos explica m\u00e1s sobre la segunda edici\u00f3n.","robots":{"index":"index","follow":"follow","max-snippet":"max-snippet:-1","max-image-preview":"max-image-preview:large","max-video-preview":"max-video-preview:-1"},"canonical":"https:\/\/www.clubdelemprendimiento.com\/blog\/nuestros-emprendedores\/novedades-al-andalus-innovation-venture-de-la-mano-de-su-gerente\/","og_locale":"es_ES","og_type":"article","og_title":"Segunda edici\u00f3n de Al Andalus Innovation Venture con su gerente","og_description":"Novedades Al Andalus Innovation Venture de la mano de su gerente. Entrevistamos a Diego Vargas quien nos explica m\u00e1s sobre la segunda edici\u00f3n.","og_url":"https:\/\/www.clubdelemprendimiento.com\/blog\/nuestros-emprendedores\/novedades-al-andalus-innovation-venture-de-la-mano-de-su-gerente\/","og_site_name":"Blog Club del Emprendimiento","article_published_time":"2023-08-18T07:08:15+00:00","article_modified_time":"2023-08-29T07:31:26+00:00","og_image":[{"width":1030,"height":687,"url":"https:\/\/www.clubdelemprendimiento.com\/blog\/wp-content\/uploads\/2023\/08\/OCTOPUS_AAIV_1_2022_037-1030x687.jpg","type":"image\/jpeg"}],"author":"Luc\u00eda Vera","twitter_card":"summary_large_image","twitter_misc":{"Escrito por":"Luc\u00eda Vera","Tiempo de lectura":"7 minutos"},"schema":{"@context":"https:\/\/schema.org","@graph":[{"@type":"WebPage","@id":"https:\/\/www.clubdelemprendimiento.com\/blog\/nuestros-emprendedores\/novedades-al-andalus-innovation-venture-de-la-mano-de-su-gerente\/","url":"https:\/\/www.clubdelemprendimiento.com\/blog\/nuestros-emprendedores\/novedades-al-andalus-innovation-venture-de-la-mano-de-su-gerente\/","name":"Segunda edici\u00f3n de Al Andalus Innovation Venture con su gerente","isPartOf":{"@id":"https:\/\/www.clubdelemprendimiento.com\/blog\/#website"},"primaryImageOfPage":{"@id":"https:\/\/www.clubdelemprendimiento.com\/blog\/nuestros-emprendedores\/novedades-al-andalus-innovation-venture-de-la-mano-de-su-gerente\/#primaryimage"},"image":{"@id":"https:\/\/www.clubdelemprendimiento.com\/blog\/nuestros-emprendedores\/novedades-al-andalus-innovation-venture-de-la-mano-de-su-gerente\/#primaryimage"},"thumbnailUrl":"https:\/\/www.clubdelemprendimiento.com\/blog\/wp-content\/uploads\/2023\/08\/OCTOPUS_AAIV_1_2022_037.jpg","datePublished":"2023-08-18T07:08:15+00:00","dateModified":"2023-08-29T07:31:26+00:00","author":{"@id":"https:\/\/www.clubdelemprendimiento.com\/blog\/#\/schema\/person\/fe481a2c767de00924b39ab766936ddf"},"description":"Novedades Al Andalus Innovation Venture de la mano de su gerente. Entrevistamos a Diego Vargas quien nos explica m\u00e1s sobre la segunda edici\u00f3n.","breadcrumb":{"@id":"https:\/\/www.clubdelemprendimiento.com\/blog\/nuestros-emprendedores\/novedades-al-andalus-innovation-venture-de-la-mano-de-su-gerente\/#breadcrumb"},"inLanguage":"es","potentialAction":[{"@type":"ReadAction","target":["https:\/\/www.clubdelemprendimiento.com\/blog\/nuestros-emprendedores\/novedades-al-andalus-innovation-venture-de-la-mano-de-su-gerente\/"]}]},{"@type":"ImageObject","inLanguage":"es","@id":"https:\/\/www.clubdelemprendimiento.com\/blog\/nuestros-emprendedores\/novedades-al-andalus-innovation-venture-de-la-mano-de-su-gerente\/#primaryimage","url":"https:\/\/www.clubdelemprendimiento.com\/blog\/wp-content\/uploads\/2023\/08\/OCTOPUS_AAIV_1_2022_037.jpg","contentUrl":"https:\/\/www.clubdelemprendimiento.com\/blog\/wp-content\/uploads\/2023\/08\/OCTOPUS_AAIV_1_2022_037.jpg","width":6000,"height":4000,"caption":"Al Andalus Innovation Venture"},{"@type":"BreadcrumbList","@id":"https:\/\/www.clubdelemprendimiento.com\/blog\/nuestros-emprendedores\/novedades-al-andalus-innovation-venture-de-la-mano-de-su-gerente\/#breadcrumb","itemListElement":[{"@type":"ListItem","position":1,"name":"Home","item":"https:\/\/www.clubdelemprendimiento.com\/blog\/"},{"@type":"ListItem","position":2,"name":"Novedades Al Andalus Innovation Venture de la mano de su gerente"}]},{"@type":"WebSite","@id":"https:\/\/www.clubdelemprendimiento.com\/blog\/#website","url":"https:\/\/www.clubdelemprendimiento.com\/blog\/","name":"Blog Club del Emprendimiento","description":"","potentialAction":[{"@type":"SearchAction","target":{"@type":"EntryPoint","urlTemplate":"https:\/\/www.clubdelemprendimiento.com\/blog\/?s={search_term_string}"},"query-input":"required name=search_term_string"}],"inLanguage":"es"},{"@type":"Person","@id":"https:\/\/www.clubdelemprendimiento.com\/blog\/#\/schema\/person\/fe481a2c767de00924b39ab766936ddf","name":"Luc\u00eda Vera","image":{"@type":"ImageObject","inLanguage":"es","@id":"https:\/\/www.clubdelemprendimiento.com\/blog\/#\/schema\/person\/image\/","url":"https:\/\/secure.gravatar.com\/avatar\/a7985f0a535e8f0be3026ac89e0a79c6?s=96&d=mm&r=g","contentUrl":"https:\/\/secure.gravatar.com\/avatar\/a7985f0a535e8f0be3026ac89e0a79c6?s=96&d=mm&r=g","caption":"Luc\u00eda Vera"},"url":"https:\/\/www.clubdelemprendimiento.com\/blog\/author\/luciavera\/"}]}},"_links":{"self":[{"href":"https:\/\/www.clubdelemprendimiento.com\/blog\/wp-json\/wp\/v2\/posts\/16642"}],"collection":[{"href":"https:\/\/www.clubdelemprendimiento.com\/blog\/wp-json\/wp\/v2\/posts"}],"about":[{"href":"https:\/\/www.clubdelemprendimiento.com\/blog\/wp-json\/wp\/v2\/types\/post"}],"author":[{"embeddable":true,"href":"https:\/\/www.clubdelemprendimiento.com\/blog\/wp-json\/wp\/v2\/users\/5"}],"replies":[{"embeddable":true,"href":"https:\/\/www.clubdelemprendimiento.com\/blog\/wp-json\/wp\/v2\/comments?post=16642"}],"version-history":[{"count":2,"href":"https:\/\/www.clubdelemprendimiento.com\/blog\/wp-json\/wp\/v2\/posts\/16642\/revisions"}],"predecessor-version":[{"id":16645,"href":"https:\/\/www.clubdelemprendimiento.com\/blog\/wp-json\/wp\/v2\/posts\/16642\/revisions\/16645"}],"wp:featuredmedia":[{"embeddable":true,"href":"https:\/\/www.clubdelemprendimiento.com\/blog\/wp-json\/wp\/v2\/media\/16644"}],"wp:attachment":[{"href":"https:\/\/www.clubdelemprendimiento.com\/blog\/wp-json\/wp\/v2\/media?parent=16642"}],"wp:term":[{"taxonomy":"category","embeddable":true,"href":"https:\/\/www.clubdelemprendimiento.com\/blog\/wp-json\/wp\/v2\/categories?post=16642"},{"taxonomy":"post_tag","embeddable":true,"href":"https:\/\/www.clubdelemprendimiento.com\/blog\/wp-json\/wp\/v2\/tags?post=16642"}],"curies":[{"name":"wp","href":"https:\/\/api.w.org\/{rel}","templated":true}]}}