{"id":16602,"date":"2023-07-31T09:50:01","date_gmt":"2023-07-31T09:50:01","guid":{"rendered":"https:\/\/www.clubdelemprendimiento.com\/blog\/?p=16602"},"modified":"2023-07-12T09:56:19","modified_gmt":"2023-07-12T09:56:19","slug":"lucha-por-la-proteccion-de-los-autonomos","status":"publish","type":"post","link":"https:\/\/www.clubdelemprendimiento.com\/blog\/autonomos\/lucha-por-la-proteccion-de-los-autonomos\/","title":{"rendered":"Lucha por la protecci\u00f3n de los aut\u00f3nomos"},"content":{"rendered":"<p><span style=\"font-weight: 400;\">Desde las Asociaciones de aut\u00f3nomos siempre se lucha para la <strong>protecci\u00f3n del colectivo.<\/strong> En esta ocasi\u00f3n, <\/span><a href=\"https:\/\/ata.es\/\"><span style=\"font-weight: 400;\">ATA,<\/span><\/a><span style=\"font-weight: 400;\"> la Federaci\u00f3n Nacional de Asociaciones de Trabajadores Aut\u00f3nomos y <\/span><a href=\"https:\/\/www.santalucia.es\/\"><span style=\"font-weight: 400;\">SANTALUC\u00cdA<\/span><\/a><span style=\"font-weight: 400;\">, la aseguradora l\u00edder en protecci\u00f3n familiar, han firmado un acuerdo. \u00bfEl objetivo?<strong> Dar seguridad a los trabajadores<\/strong> <strong>aut\u00f3nomos<\/strong> en todos aquellos momentos en los que son m\u00e1s vulnerables.\u00a0\u00a0<\/span><\/p>\n<p><span style=\"font-weight: 400;\">Para ello, se ha tenido en cuenta que <strong>en Espa\u00f1a hay m\u00e1s de 3,3 millones<\/strong> de aut\u00f3nomos. Son profesionales que han tenido que hacer frente a muchos problemas para su supervivencia. Han tenido que sobreponerse a deudas contra\u00eddas con todos sus bienes, presentes y futuros. Por esa raz\u00f3n, los aut\u00f3nomos se ven en la necesidad de tener una p\u00f3liza de seguro que sea competitiva y que tenga la protecci\u00f3n que necesitan, tanto en caso de siniestros propios como en cuanto a responsabilidades con terceros.<\/span><\/p>\n<h2><span style=\"font-weight: 400;\">Acuerdo por la protecci\u00f3n de los aut\u00f3nomos<\/span><\/h2>\n<p><span style=\"font-weight: 400;\">El acuerdo al que han llegado ambas organizaciones ha sido ratificado por Dominique Uzel, director General de Negocio de SANTALUC\u00cdA y Lorenzo Amor, presidente de ATA. Adem\u00e1s, ha tenido la presencia de otras figuras importantes como Javier Campos, director de Negocio Digital, Directo y Alianzas de SANTALUC\u00cdA.\u00a0<\/span><\/p>\n<p><span style=\"font-weight: 400;\">Para Dominique Uzel,<\/span><i><span style=\"font-weight: 400;\">\u00a0 \u201cEste acuerdo de colaboraci\u00f3n con ATA refleja nuestra firme convicci\u00f3n de apoyar y proteger a aquellos que son el motor de nuestra econom\u00eda. Juntos, construiremos un entorno m\u00e1s seguro y s\u00f3lido para el colectivo de aut\u00f3nomos, y reafirmamos nuestro compromiso de impulsar su crecimiento y bienestar\u201d<\/span><\/i><span style=\"font-weight: 400;\">.\u00a0<\/span><\/p>\n<p><span style=\"font-weight: 400;\">Se trata de una oportunidad para los aut\u00f3nomos. Se les ampl\u00eda una <strong>oferta de distintas coberturas aseguradoras<\/strong> tanto a los aut\u00f3nomos como a los afiliados de la Federaci\u00f3n. Pudiendo as\u00ed disfrutar de todos los servicios que tiene disponibles SANTALUC\u00cdA. Por ejemplo, seguros de decesos, de vida, del hogar, etc. Adem\u00e1s, cabe destacar que aut\u00f3nomos y afiliados de ATA contar\u00e1n con <strong>tres a\u00f1os de descuento al contratar el seguro de salud.\u00a0\u00a0<\/strong><\/span><\/p>\n<p><span style=\"font-weight: 400;\">As\u00ed pues, con el convenio se ofrece asesoramiento y ayuda a aut\u00f3nomos con soluciones \u00e1giles y r\u00e1pidas a sus necesidades, cubriendo todas las posibilidades de protecci\u00f3n que un aut\u00f3nomo necesita en su d\u00eda a d\u00eda.<\/span><\/p>\n<p><span style=\"font-weight: 400;\">Como se\u00f1ala Lorenzo Amor, \u201c<\/span><i><span style=\"font-weight: 400;\">Trabajamos juntos para que los aut\u00f3nomos tengan acceso a seguros espec\u00edficos para cada necesidad<\/span><\/i><span style=\"font-weight: 400;\">\u201d. SANTALUC\u00cdA es nuestro aliado, \u201c<\/span><i><span style=\"font-weight: 400;\">Todos conocemos la solvencia de SANTALUC\u00cdA en el seguro de decesos, pero vamos a ofrecerles una gama mucho m\u00e1s amplia a nuestros socios. Seguros de vida y hogar que cumplir\u00e1n con todas sus expectativas<\/span><\/i><span style=\"font-weight: 400;\">\u201d. <\/span><i><span style=\"font-weight: 400;\">\u201cLa seguridad en el d\u00eda a d\u00eda y en el de nuestros negocios es primordial para los aut\u00f3nomos. Para preocuparnos de lo que de verdad importa y que estemos preparados ante cualquier eventualidad, con el respaldo de una de las compa\u00f1\u00edas de seguro m\u00e1s solventes\u201d. <\/span><\/i><\/p>\n","protected":false},"excerpt":{"rendered":"<p>Desde las Asociaciones de aut\u00f3nomos siempre se lucha para la protecci\u00f3n del colectivo. En&hellip;<\/p>\n","protected":false},"author":14,"featured_media":16603,"comment_status":"open","ping_status":"open","sticky":false,"template":"","format":"standard","meta":{"_acf_changed":false,"footnotes":""},"categories":[255],"tags":[],"acf":[],"yoast_head":"<!-- This site is optimized with the Yoast SEO plugin v22.7 - https:\/\/yoast.com\/wordpress\/plugins\/seo\/ -->\n<title>Lucha por la protecci\u00f3n de los aut\u00f3nomos, acuerdo SANTALUC\u00cdA y ATA<\/title>\n<meta name=\"description\" content=\"Lucha por la protecci\u00f3n de los aut\u00f3nomos gracias al acuerdo entre SANTALUC\u00cdA y ATA. \u00bfEn qu\u00e9 consiste? \u00bfC\u00f3mo se beneficia el colectivo? Todo, aqu\u00ed!\" \/>\n<meta name=\"robots\" content=\"index, follow, max-snippet:-1, max-image-preview:large, max-video-preview:-1\" \/>\n<link rel=\"canonical\" href=\"https:\/\/www.clubdelemprendimiento.com\/blog\/autonomos\/lucha-por-la-proteccion-de-los-autonomos\/\" \/>\n<meta property=\"og:locale\" content=\"es_ES\" \/>\n<meta property=\"og:type\" content=\"article\" \/>\n<meta property=\"og:title\" content=\"Lucha por la protecci\u00f3n de los aut\u00f3nomos, acuerdo SANTALUC\u00cdA y ATA\" \/>\n<meta property=\"og:description\" content=\"Lucha por la protecci\u00f3n de los aut\u00f3nomos gracias al acuerdo entre SANTALUC\u00cdA y ATA. \u00bfEn qu\u00e9 consiste? \u00bfC\u00f3mo se beneficia el colectivo? Todo, aqu\u00ed!\" \/>\n<meta property=\"og:url\" content=\"https:\/\/www.clubdelemprendimiento.com\/blog\/autonomos\/lucha-por-la-proteccion-de-los-autonomos\/\" \/>\n<meta property=\"og:site_name\" content=\"Blog Club del Emprendimiento\" \/>\n<meta property=\"article:published_time\" content=\"2023-07-31T09:50:01+00:00\" \/>\n<meta property=\"article:modified_time\" content=\"2023-07-12T09:56:19+00:00\" \/>\n<meta property=\"og:image\" content=\"https:\/\/www.clubdelemprendimiento.com\/blog\/wp-content\/uploads\/2023\/07\/empresaria-agotada-que-sienta-oficina.jpg\" \/>\n\t<meta property=\"og:image:width\" content=\"1500\" \/>\n\t<meta property=\"og:image:height\" content=\"1000\" \/>\n\t<meta property=\"og:image:type\" content=\"image\/jpeg\" \/>\n<meta name=\"author\" content=\"Nerea Merino\" \/>\n<meta name=\"twitter:card\" content=\"summary_large_image\" \/>\n<meta name=\"twitter:label1\" content=\"Escrito por\" \/>\n\t<meta name=\"twitter:data1\" content=\"Nerea Merino\" \/>\n\t<meta name=\"twitter:label2\" content=\"Tiempo de lectura\" \/>\n\t<meta name=\"twitter:data2\" content=\"3 minutos\" \/>\n<script type=\"application\/ld+json\" class=\"yoast-schema-graph\">{\"@context\":\"https:\/\/schema.org\",\"@graph\":[{\"@type\":\"WebPage\",\"@id\":\"https:\/\/www.clubdelemprendimiento.com\/blog\/autonomos\/lucha-por-la-proteccion-de-los-autonomos\/\",\"url\":\"https:\/\/www.clubdelemprendimiento.com\/blog\/autonomos\/lucha-por-la-proteccion-de-los-autonomos\/\",\"name\":\"Lucha por la protecci\u00f3n de los aut\u00f3nomos, acuerdo SANTALUC\u00cdA y ATA\",\"isPartOf\":{\"@id\":\"https:\/\/www.clubdelemprendimiento.com\/blog\/#website\"},\"primaryImageOfPage\":{\"@id\":\"https:\/\/www.clubdelemprendimiento.com\/blog\/autonomos\/lucha-por-la-proteccion-de-los-autonomos\/#primaryimage\"},\"image\":{\"@id\":\"https:\/\/www.clubdelemprendimiento.com\/blog\/autonomos\/lucha-por-la-proteccion-de-los-autonomos\/#primaryimage\"},\"thumbnailUrl\":\"https:\/\/www.clubdelemprendimiento.com\/blog\/wp-content\/uploads\/2023\/07\/empresaria-agotada-que-sienta-oficina.jpg\",\"datePublished\":\"2023-07-31T09:50:01+00:00\",\"dateModified\":\"2023-07-12T09:56:19+00:00\",\"author\":{\"@id\":\"https:\/\/www.clubdelemprendimiento.com\/blog\/#\/schema\/person\/a82ce0fc1281064b1cab4855c351cea7\"},\"description\":\"Lucha por la protecci\u00f3n de los aut\u00f3nomos gracias al acuerdo entre SANTALUC\u00cdA y ATA. \u00bfEn qu\u00e9 consiste? \u00bfC\u00f3mo se beneficia el colectivo? Todo, aqu\u00ed!\",\"breadcrumb\":{\"@id\":\"https:\/\/www.clubdelemprendimiento.com\/blog\/autonomos\/lucha-por-la-proteccion-de-los-autonomos\/#breadcrumb\"},\"inLanguage\":\"es\",\"potentialAction\":[{\"@type\":\"ReadAction\",\"target\":[\"https:\/\/www.clubdelemprendimiento.com\/blog\/autonomos\/lucha-por-la-proteccion-de-los-autonomos\/\"]}]},{\"@type\":\"ImageObject\",\"inLanguage\":\"es\",\"@id\":\"https:\/\/www.clubdelemprendimiento.com\/blog\/autonomos\/lucha-por-la-proteccion-de-los-autonomos\/#primaryimage\",\"url\":\"https:\/\/www.clubdelemprendimiento.com\/blog\/wp-content\/uploads\/2023\/07\/empresaria-agotada-que-sienta-oficina.jpg\",\"contentUrl\":\"https:\/\/www.clubdelemprendimiento.com\/blog\/wp-content\/uploads\/2023\/07\/empresaria-agotada-que-sienta-oficina.jpg\",\"width\":1500,\"height\":1000,\"caption\":\"protecci\u00f3n aut\u00f3nomos\"},{\"@type\":\"BreadcrumbList\",\"@id\":\"https:\/\/www.clubdelemprendimiento.com\/blog\/autonomos\/lucha-por-la-proteccion-de-los-autonomos\/#breadcrumb\",\"itemListElement\":[{\"@type\":\"ListItem\",\"position\":1,\"name\":\"Home\",\"item\":\"https:\/\/www.clubdelemprendimiento.com\/blog\/\"},{\"@type\":\"ListItem\",\"position\":2,\"name\":\"Lucha por la protecci\u00f3n de los aut\u00f3nomos\"}]},{\"@type\":\"WebSite\",\"@id\":\"https:\/\/www.clubdelemprendimiento.com\/blog\/#website\",\"url\":\"https:\/\/www.clubdelemprendimiento.com\/blog\/\",\"name\":\"Blog Club del Emprendimiento\",\"description\":\"\",\"potentialAction\":[{\"@type\":\"SearchAction\",\"target\":{\"@type\":\"EntryPoint\",\"urlTemplate\":\"https:\/\/www.clubdelemprendimiento.com\/blog\/?s={search_term_string}\"},\"query-input\":\"required name=search_term_string\"}],\"inLanguage\":\"es\"},{\"@type\":\"Person\",\"@id\":\"https:\/\/www.clubdelemprendimiento.com\/blog\/#\/schema\/person\/a82ce0fc1281064b1cab4855c351cea7\",\"name\":\"Nerea Merino\",\"image\":{\"@type\":\"ImageObject\",\"inLanguage\":\"es\",\"@id\":\"https:\/\/www.clubdelemprendimiento.com\/blog\/#\/schema\/person\/image\/\",\"url\":\"https:\/\/secure.gravatar.com\/avatar\/3b1c906b7b4a65b22c04d52a020d4815?s=96&d=mm&r=g\",\"contentUrl\":\"https:\/\/secure.gravatar.com\/avatar\/3b1c906b7b4a65b22c04d52a020d4815?s=96&d=mm&r=g\",\"caption\":\"Nerea Merino\"},\"url\":\"https:\/\/www.clubdelemprendimiento.com\/blog\/author\/nerea\/\"}]}<\/script>\n<!-- \/ Yoast SEO plugin. -->","yoast_head_json":{"title":"Lucha por la protecci\u00f3n de los aut\u00f3nomos, acuerdo SANTALUC\u00cdA y ATA","description":"Lucha por la protecci\u00f3n de los aut\u00f3nomos gracias al acuerdo entre SANTALUC\u00cdA y ATA. \u00bfEn qu\u00e9 consiste? \u00bfC\u00f3mo se beneficia el colectivo? Todo, aqu\u00ed!","robots":{"index":"index","follow":"follow","max-snippet":"max-snippet:-1","max-image-preview":"max-image-preview:large","max-video-preview":"max-video-preview:-1"},"canonical":"https:\/\/www.clubdelemprendimiento.com\/blog\/autonomos\/lucha-por-la-proteccion-de-los-autonomos\/","og_locale":"es_ES","og_type":"article","og_title":"Lucha por la protecci\u00f3n de los aut\u00f3nomos, acuerdo SANTALUC\u00cdA y ATA","og_description":"Lucha por la protecci\u00f3n de los aut\u00f3nomos gracias al acuerdo entre SANTALUC\u00cdA y ATA. \u00bfEn qu\u00e9 consiste? \u00bfC\u00f3mo se beneficia el colectivo? Todo, aqu\u00ed!","og_url":"https:\/\/www.clubdelemprendimiento.com\/blog\/autonomos\/lucha-por-la-proteccion-de-los-autonomos\/","og_site_name":"Blog Club del Emprendimiento","article_published_time":"2023-07-31T09:50:01+00:00","article_modified_time":"2023-07-12T09:56:19+00:00","og_image":[{"width":1500,"height":1000,"url":"https:\/\/www.clubdelemprendimiento.com\/blog\/wp-content\/uploads\/2023\/07\/empresaria-agotada-que-sienta-oficina.jpg","type":"image\/jpeg"}],"author":"Nerea Merino","twitter_card":"summary_large_image","twitter_misc":{"Escrito por":"Nerea Merino","Tiempo de lectura":"3 minutos"},"schema":{"@context":"https:\/\/schema.org","@graph":[{"@type":"WebPage","@id":"https:\/\/www.clubdelemprendimiento.com\/blog\/autonomos\/lucha-por-la-proteccion-de-los-autonomos\/","url":"https:\/\/www.clubdelemprendimiento.com\/blog\/autonomos\/lucha-por-la-proteccion-de-los-autonomos\/","name":"Lucha por la protecci\u00f3n de los aut\u00f3nomos, acuerdo SANTALUC\u00cdA y ATA","isPartOf":{"@id":"https:\/\/www.clubdelemprendimiento.com\/blog\/#website"},"primaryImageOfPage":{"@id":"https:\/\/www.clubdelemprendimiento.com\/blog\/autonomos\/lucha-por-la-proteccion-de-los-autonomos\/#primaryimage"},"image":{"@id":"https:\/\/www.clubdelemprendimiento.com\/blog\/autonomos\/lucha-por-la-proteccion-de-los-autonomos\/#primaryimage"},"thumbnailUrl":"https:\/\/www.clubdelemprendimiento.com\/blog\/wp-content\/uploads\/2023\/07\/empresaria-agotada-que-sienta-oficina.jpg","datePublished":"2023-07-31T09:50:01+00:00","dateModified":"2023-07-12T09:56:19+00:00","author":{"@id":"https:\/\/www.clubdelemprendimiento.com\/blog\/#\/schema\/person\/a82ce0fc1281064b1cab4855c351cea7"},"description":"Lucha por la protecci\u00f3n de los aut\u00f3nomos gracias al acuerdo entre SANTALUC\u00cdA y ATA. \u00bfEn qu\u00e9 consiste? \u00bfC\u00f3mo se beneficia el colectivo? Todo, aqu\u00ed!","breadcrumb":{"@id":"https:\/\/www.clubdelemprendimiento.com\/blog\/autonomos\/lucha-por-la-proteccion-de-los-autonomos\/#breadcrumb"},"inLanguage":"es","potentialAction":[{"@type":"ReadAction","target":["https:\/\/www.clubdelemprendimiento.com\/blog\/autonomos\/lucha-por-la-proteccion-de-los-autonomos\/"]}]},{"@type":"ImageObject","inLanguage":"es","@id":"https:\/\/www.clubdelemprendimiento.com\/blog\/autonomos\/lucha-por-la-proteccion-de-los-autonomos\/#primaryimage","url":"https:\/\/www.clubdelemprendimiento.com\/blog\/wp-content\/uploads\/2023\/07\/empresaria-agotada-que-sienta-oficina.jpg","contentUrl":"https:\/\/www.clubdelemprendimiento.com\/blog\/wp-content\/uploads\/2023\/07\/empresaria-agotada-que-sienta-oficina.jpg","width":1500,"height":1000,"caption":"protecci\u00f3n aut\u00f3nomos"},{"@type":"BreadcrumbList","@id":"https:\/\/www.clubdelemprendimiento.com\/blog\/autonomos\/lucha-por-la-proteccion-de-los-autonomos\/#breadcrumb","itemListElement":[{"@type":"ListItem","position":1,"name":"Home","item":"https:\/\/www.clubdelemprendimiento.com\/blog\/"},{"@type":"ListItem","position":2,"name":"Lucha por la protecci\u00f3n de los aut\u00f3nomos"}]},{"@type":"WebSite","@id":"https:\/\/www.clubdelemprendimiento.com\/blog\/#website","url":"https:\/\/www.clubdelemprendimiento.com\/blog\/","name":"Blog Club del Emprendimiento","description":"","potentialAction":[{"@type":"SearchAction","target":{"@type":"EntryPoint","urlTemplate":"https:\/\/www.clubdelemprendimiento.com\/blog\/?s={search_term_string}"},"query-input":"required name=search_term_string"}],"inLanguage":"es"},{"@type":"Person","@id":"https:\/\/www.clubdelemprendimiento.com\/blog\/#\/schema\/person\/a82ce0fc1281064b1cab4855c351cea7","name":"Nerea Merino","image":{"@type":"ImageObject","inLanguage":"es","@id":"https:\/\/www.clubdelemprendimiento.com\/blog\/#\/schema\/person\/image\/","url":"https:\/\/secure.gravatar.com\/avatar\/3b1c906b7b4a65b22c04d52a020d4815?s=96&d=mm&r=g","contentUrl":"https:\/\/secure.gravatar.com\/avatar\/3b1c906b7b4a65b22c04d52a020d4815?s=96&d=mm&r=g","caption":"Nerea Merino"},"url":"https:\/\/www.clubdelemprendimiento.com\/blog\/author\/nerea\/"}]}},"_links":{"self":[{"href":"https:\/\/www.clubdelemprendimiento.com\/blog\/wp-json\/wp\/v2\/posts\/16602"}],"collection":[{"href":"https:\/\/www.clubdelemprendimiento.com\/blog\/wp-json\/wp\/v2\/posts"}],"about":[{"href":"https:\/\/www.clubdelemprendimiento.com\/blog\/wp-json\/wp\/v2\/types\/post"}],"author":[{"embeddable":true,"href":"https:\/\/www.clubdelemprendimiento.com\/blog\/wp-json\/wp\/v2\/users\/14"}],"replies":[{"embeddable":true,"href":"https:\/\/www.clubdelemprendimiento.com\/blog\/wp-json\/wp\/v2\/comments?post=16602"}],"version-history":[{"count":2,"href":"https:\/\/www.clubdelemprendimiento.com\/blog\/wp-json\/wp\/v2\/posts\/16602\/revisions"}],"predecessor-version":[{"id":16605,"href":"https:\/\/www.clubdelemprendimiento.com\/blog\/wp-json\/wp\/v2\/posts\/16602\/revisions\/16605"}],"wp:featuredmedia":[{"embeddable":true,"href":"https:\/\/www.clubdelemprendimiento.com\/blog\/wp-json\/wp\/v2\/media\/16603"}],"wp:attachment":[{"href":"https:\/\/www.clubdelemprendimiento.com\/blog\/wp-json\/wp\/v2\/media?parent=16602"}],"wp:term":[{"taxonomy":"category","embeddable":true,"href":"https:\/\/www.clubdelemprendimiento.com\/blog\/wp-json\/wp\/v2\/categories?post=16602"},{"taxonomy":"post_tag","embeddable":true,"href":"https:\/\/www.clubdelemprendimiento.com\/blog\/wp-json\/wp\/v2\/tags?post=16602"}],"curies":[{"name":"wp","href":"https:\/\/api.w.org\/{rel}","templated":true}]}}