{"id":16429,"date":"2023-04-07T13:26:42","date_gmt":"2023-04-07T13:26:42","guid":{"rendered":"https:\/\/www.clubdelemprendimiento.com\/blog\/?p=16429"},"modified":"2023-03-16T09:18:41","modified_gmt":"2023-03-16T09:18:41","slug":"el-teletrabajo-desciende-en-espana","status":"publish","type":"post","link":"https:\/\/www.clubdelemprendimiento.com\/blog\/pymes\/el-teletrabajo-desciende-en-espana\/","title":{"rendered":"El teletrabajo desciende en Espa\u00f1a"},"content":{"rendered":"<p><span style=\"font-weight: 400;\"><a href=\"https:\/\/www.ontsi.red.es\/\" target=\"_blank\" rel=\"noopener\">El Observatorio Nacional de Tecnolog\u00eda y Sociedad (ONTSI)<\/a> ha elaborado el informe <strong>Flash <\/strong><\/span><i><span style=\"font-weight: 400;\"><strong>Datos de Teletrabajo 2022<\/strong>. <\/span><\/i><span style=\"font-weight: 400;\">En \u00e9l se reflejan los \u00faltimos datos del teletrabajo en Espa\u00f1a.<\/span><\/p>\n<p><span style=\"font-weight: 400;\">La pandemia y los avances en la tecnolog\u00eda hicieron que se implantara este m\u00e9todo de trabajo en la mayor\u00eda de las empresas. Sin embargo, la evoluci\u00f3n en los \u00faltimos meses ha cambiado.<\/span><\/p>\n<p><span style=\"font-weight: 400;\"><strong>En Espa\u00f1a el teletrabajo se ha reducido gradualmente a lo largo de 2022<\/strong>. De 2021 a 2022 baj\u00f3 del 13,6% lo que equivale a un total de 2.742.000 personas a un 15,5%, es decir, 2.563.000 personas. Adem\u00e1s, el informe se\u00f1ala que hay m\u00e1s mujeres teletrabajando, 1.191.000 que hombres, 1.372.000.<\/span><\/p>\n<p><span style=\"font-weight: 400;\">Los cambios tambi\u00e9n se han producido en aquellos que teletrabajan de forma habitual y ocasional. En el teletrabajo habitual (m\u00e1s de la mitad de los d\u00edas de trabajo) ha pasado del 7,9% al 6,4%. En datos num\u00e9ricos, de 1.587.000 trabajadores a 1.311.000.\u00a0<\/span><\/p>\n<p><span style=\"font-weight: 400;\">En cuanto a la modalidad ocasional (menos de la mitad de los d\u00edas de trabajo) ha crecido, del 5,7% al 6,1%. De 1.155.000 trabajadores a 1.252.000.\u00a0<\/span><\/p>\n<h2><span style=\"font-weight: 400;\">\u00bfQui\u00e9nes teletrabajan m\u00e1s seg\u00fan la edad?<\/span><\/h2>\n<p><span style=\"font-weight: 400;\">Por edad, el grueso de personas que m\u00e1s teletrabajan son las personas m\u00e1s mayores. El informe muestra c\u00f3mo <strong>los trabajadores de entre 35 y 54 a\u00f1os son los que m\u00e1s teletrabajan (13,5%)<\/strong>. Les siguen las personas de m\u00e1s de 55 a\u00f1os (12,1%) y las de entre 25 a 34 a\u00f1os (11,9%). Los que menos teletrabajan son los j\u00f3venes con edades entre los 16 y los 24 a\u00f1os (6,1%).<\/span><\/p>\n<p><span style=\"font-weight: 400;\">Si diferenciamos entre teletrabajo habitual u ocasional tambi\u00e9n hay diferencias. Hasta los 44 a\u00f1os teletrabajan de forma habitual y, los mayores de 44 lo hacen de forma ocasional.\u00a0<\/span><\/p>\n<h2><span style=\"font-weight: 400;\">El teletrabajo desciende en Espa\u00f1a pero \u00bfen Europa?<\/span><\/h2>\n<p><span style=\"font-weight: 400;\">El teletrabajo desciende en Espa\u00f1a pero en Europa asciende en algunos pa\u00edses. Seg\u00fan los \u00faltimos datos publicados por Eurostat,\u00a0 <strong>Pa\u00edses Bajos es el pa\u00eds donde m\u00e1s personas teletrabajan\u00a0 (53,8%)<\/strong>. Seguido de Suecia (46,2%) y Luxemburgo (45,1%). Cifra muy por encima de Espa\u00f1a, que se encuentra debajo de la media europea con un 15,3%.<\/span><\/p>\n<p><span style=\"font-weight: 400;\">Adem\u00e1s, Pa\u00edses Bajos es donde predomina el teletrabajo ocasional (31,3%). En cambio, el teletrabajo habitual est\u00e1 m\u00e1s extendido en Irlanda, hasta el 32%. <\/span><\/p>\n","protected":false},"excerpt":{"rendered":"<p>El Observatorio Nacional de Tecnolog\u00eda y Sociedad (ONTSI) ha elaborado el informe Flash Datos&hellip;<\/p>\n","protected":false},"author":14,"featured_media":16430,"comment_status":"open","ping_status":"open","sticky":false,"template":"","format":"standard","meta":{"_acf_changed":false,"footnotes":""},"categories":[256],"tags":[],"acf":[],"yoast_head":"<!-- This site is optimized with the Yoast SEO plugin v22.7 - https:\/\/yoast.com\/wordpress\/plugins\/seo\/ -->\n<title>\u00bfEl teletrabajo desciende o asciende en Espa\u00f1a? \u00bfY en Europa?<\/title>\n<meta name=\"description\" content=\"\u00bfEl teletrabajo desciende o asciende en Espa\u00f1a? \u00bfY en Europa? Accede a toda la informaci\u00f3n, con datos extraidos del informe de ONTSI.\" \/>\n<meta name=\"robots\" content=\"index, follow, max-snippet:-1, max-image-preview:large, max-video-preview:-1\" \/>\n<link rel=\"canonical\" href=\"https:\/\/www.clubdelemprendimiento.com\/blog\/pymes\/el-teletrabajo-desciende-en-espana\/\" \/>\n<meta property=\"og:locale\" content=\"es_ES\" \/>\n<meta property=\"og:type\" content=\"article\" \/>\n<meta property=\"og:title\" content=\"\u00bfEl teletrabajo desciende o asciende en Espa\u00f1a? \u00bfY en Europa?\" \/>\n<meta property=\"og:description\" content=\"\u00bfEl teletrabajo desciende o asciende en Espa\u00f1a? \u00bfY en Europa? Accede a toda la informaci\u00f3n, con datos extraidos del informe de ONTSI.\" \/>\n<meta property=\"og:url\" content=\"https:\/\/www.clubdelemprendimiento.com\/blog\/pymes\/el-teletrabajo-desciende-en-espana\/\" \/>\n<meta property=\"og:site_name\" content=\"Blog Club del Emprendimiento\" \/>\n<meta property=\"article:published_time\" content=\"2023-04-07T13:26:42+00:00\" \/>\n<meta property=\"article:modified_time\" content=\"2023-03-16T09:18:41+00:00\" \/>\n<meta property=\"og:image\" content=\"https:\/\/www.clubdelemprendimiento.com\/blog\/wp-content\/uploads\/2023\/03\/mujer-videoconferencia-su-oficina-casa-pandemia-coronavirus.jpg\" \/>\n\t<meta property=\"og:image:width\" content=\"1500\" \/>\n\t<meta property=\"og:image:height\" content=\"1000\" \/>\n\t<meta property=\"og:image:type\" content=\"image\/jpeg\" \/>\n<meta name=\"author\" content=\"Nerea Merino\" \/>\n<meta name=\"twitter:card\" content=\"summary_large_image\" \/>\n<meta name=\"twitter:label1\" content=\"Escrito por\" \/>\n\t<meta name=\"twitter:data1\" content=\"Nerea Merino\" \/>\n\t<meta name=\"twitter:label2\" content=\"Tiempo de lectura\" \/>\n\t<meta name=\"twitter:data2\" content=\"2 minutos\" \/>\n<script type=\"application\/ld+json\" class=\"yoast-schema-graph\">{\"@context\":\"https:\/\/schema.org\",\"@graph\":[{\"@type\":\"WebPage\",\"@id\":\"https:\/\/www.clubdelemprendimiento.com\/blog\/pymes\/el-teletrabajo-desciende-en-espana\/\",\"url\":\"https:\/\/www.clubdelemprendimiento.com\/blog\/pymes\/el-teletrabajo-desciende-en-espana\/\",\"name\":\"\u00bfEl teletrabajo desciende o asciende en Espa\u00f1a? \u00bfY en Europa?\",\"isPartOf\":{\"@id\":\"https:\/\/www.clubdelemprendimiento.com\/blog\/#website\"},\"primaryImageOfPage\":{\"@id\":\"https:\/\/www.clubdelemprendimiento.com\/blog\/pymes\/el-teletrabajo-desciende-en-espana\/#primaryimage\"},\"image\":{\"@id\":\"https:\/\/www.clubdelemprendimiento.com\/blog\/pymes\/el-teletrabajo-desciende-en-espana\/#primaryimage\"},\"thumbnailUrl\":\"https:\/\/www.clubdelemprendimiento.com\/blog\/wp-content\/uploads\/2023\/03\/mujer-videoconferencia-su-oficina-casa-pandemia-coronavirus.jpg\",\"datePublished\":\"2023-04-07T13:26:42+00:00\",\"dateModified\":\"2023-03-16T09:18:41+00:00\",\"author\":{\"@id\":\"https:\/\/www.clubdelemprendimiento.com\/blog\/#\/schema\/person\/a82ce0fc1281064b1cab4855c351cea7\"},\"description\":\"\u00bfEl teletrabajo desciende o asciende en Espa\u00f1a? \u00bfY en Europa? Accede a toda la informaci\u00f3n, con datos extraidos del informe de ONTSI.\",\"breadcrumb\":{\"@id\":\"https:\/\/www.clubdelemprendimiento.com\/blog\/pymes\/el-teletrabajo-desciende-en-espana\/#breadcrumb\"},\"inLanguage\":\"es\",\"potentialAction\":[{\"@type\":\"ReadAction\",\"target\":[\"https:\/\/www.clubdelemprendimiento.com\/blog\/pymes\/el-teletrabajo-desciende-en-espana\/\"]}]},{\"@type\":\"ImageObject\",\"inLanguage\":\"es\",\"@id\":\"https:\/\/www.clubdelemprendimiento.com\/blog\/pymes\/el-teletrabajo-desciende-en-espana\/#primaryimage\",\"url\":\"https:\/\/www.clubdelemprendimiento.com\/blog\/wp-content\/uploads\/2023\/03\/mujer-videoconferencia-su-oficina-casa-pandemia-coronavirus.jpg\",\"contentUrl\":\"https:\/\/www.clubdelemprendimiento.com\/blog\/wp-content\/uploads\/2023\/03\/mujer-videoconferencia-su-oficina-casa-pandemia-coronavirus.jpg\",\"width\":1500,\"height\":1000,\"caption\":\"el teletrabajo desciende\"},{\"@type\":\"BreadcrumbList\",\"@id\":\"https:\/\/www.clubdelemprendimiento.com\/blog\/pymes\/el-teletrabajo-desciende-en-espana\/#breadcrumb\",\"itemListElement\":[{\"@type\":\"ListItem\",\"position\":1,\"name\":\"Home\",\"item\":\"https:\/\/www.clubdelemprendimiento.com\/blog\/\"},{\"@type\":\"ListItem\",\"position\":2,\"name\":\"El teletrabajo desciende en Espa\u00f1a\"}]},{\"@type\":\"WebSite\",\"@id\":\"https:\/\/www.clubdelemprendimiento.com\/blog\/#website\",\"url\":\"https:\/\/www.clubdelemprendimiento.com\/blog\/\",\"name\":\"Blog Club del Emprendimiento\",\"description\":\"\",\"potentialAction\":[{\"@type\":\"SearchAction\",\"target\":{\"@type\":\"EntryPoint\",\"urlTemplate\":\"https:\/\/www.clubdelemprendimiento.com\/blog\/?s={search_term_string}\"},\"query-input\":\"required name=search_term_string\"}],\"inLanguage\":\"es\"},{\"@type\":\"Person\",\"@id\":\"https:\/\/www.clubdelemprendimiento.com\/blog\/#\/schema\/person\/a82ce0fc1281064b1cab4855c351cea7\",\"name\":\"Nerea Merino\",\"image\":{\"@type\":\"ImageObject\",\"inLanguage\":\"es\",\"@id\":\"https:\/\/www.clubdelemprendimiento.com\/blog\/#\/schema\/person\/image\/\",\"url\":\"https:\/\/secure.gravatar.com\/avatar\/3b1c906b7b4a65b22c04d52a020d4815?s=96&d=mm&r=g\",\"contentUrl\":\"https:\/\/secure.gravatar.com\/avatar\/3b1c906b7b4a65b22c04d52a020d4815?s=96&d=mm&r=g\",\"caption\":\"Nerea Merino\"},\"url\":\"https:\/\/www.clubdelemprendimiento.com\/blog\/author\/nerea\/\"}]}<\/script>\n<!-- \/ Yoast SEO plugin. -->","yoast_head_json":{"title":"\u00bfEl teletrabajo desciende o asciende en Espa\u00f1a? \u00bfY en Europa?","description":"\u00bfEl teletrabajo desciende o asciende en Espa\u00f1a? \u00bfY en Europa? Accede a toda la informaci\u00f3n, con datos extraidos del informe de ONTSI.","robots":{"index":"index","follow":"follow","max-snippet":"max-snippet:-1","max-image-preview":"max-image-preview:large","max-video-preview":"max-video-preview:-1"},"canonical":"https:\/\/www.clubdelemprendimiento.com\/blog\/pymes\/el-teletrabajo-desciende-en-espana\/","og_locale":"es_ES","og_type":"article","og_title":"\u00bfEl teletrabajo desciende o asciende en Espa\u00f1a? \u00bfY en Europa?","og_description":"\u00bfEl teletrabajo desciende o asciende en Espa\u00f1a? \u00bfY en Europa? Accede a toda la informaci\u00f3n, con datos extraidos del informe de ONTSI.","og_url":"https:\/\/www.clubdelemprendimiento.com\/blog\/pymes\/el-teletrabajo-desciende-en-espana\/","og_site_name":"Blog Club del Emprendimiento","article_published_time":"2023-04-07T13:26:42+00:00","article_modified_time":"2023-03-16T09:18:41+00:00","og_image":[{"width":1500,"height":1000,"url":"https:\/\/www.clubdelemprendimiento.com\/blog\/wp-content\/uploads\/2023\/03\/mujer-videoconferencia-su-oficina-casa-pandemia-coronavirus.jpg","type":"image\/jpeg"}],"author":"Nerea Merino","twitter_card":"summary_large_image","twitter_misc":{"Escrito por":"Nerea Merino","Tiempo de lectura":"2 minutos"},"schema":{"@context":"https:\/\/schema.org","@graph":[{"@type":"WebPage","@id":"https:\/\/www.clubdelemprendimiento.com\/blog\/pymes\/el-teletrabajo-desciende-en-espana\/","url":"https:\/\/www.clubdelemprendimiento.com\/blog\/pymes\/el-teletrabajo-desciende-en-espana\/","name":"\u00bfEl teletrabajo desciende o asciende en Espa\u00f1a? \u00bfY en Europa?","isPartOf":{"@id":"https:\/\/www.clubdelemprendimiento.com\/blog\/#website"},"primaryImageOfPage":{"@id":"https:\/\/www.clubdelemprendimiento.com\/blog\/pymes\/el-teletrabajo-desciende-en-espana\/#primaryimage"},"image":{"@id":"https:\/\/www.clubdelemprendimiento.com\/blog\/pymes\/el-teletrabajo-desciende-en-espana\/#primaryimage"},"thumbnailUrl":"https:\/\/www.clubdelemprendimiento.com\/blog\/wp-content\/uploads\/2023\/03\/mujer-videoconferencia-su-oficina-casa-pandemia-coronavirus.jpg","datePublished":"2023-04-07T13:26:42+00:00","dateModified":"2023-03-16T09:18:41+00:00","author":{"@id":"https:\/\/www.clubdelemprendimiento.com\/blog\/#\/schema\/person\/a82ce0fc1281064b1cab4855c351cea7"},"description":"\u00bfEl teletrabajo desciende o asciende en Espa\u00f1a? \u00bfY en Europa? Accede a toda la informaci\u00f3n, con datos extraidos del informe de ONTSI.","breadcrumb":{"@id":"https:\/\/www.clubdelemprendimiento.com\/blog\/pymes\/el-teletrabajo-desciende-en-espana\/#breadcrumb"},"inLanguage":"es","potentialAction":[{"@type":"ReadAction","target":["https:\/\/www.clubdelemprendimiento.com\/blog\/pymes\/el-teletrabajo-desciende-en-espana\/"]}]},{"@type":"ImageObject","inLanguage":"es","@id":"https:\/\/www.clubdelemprendimiento.com\/blog\/pymes\/el-teletrabajo-desciende-en-espana\/#primaryimage","url":"https:\/\/www.clubdelemprendimiento.com\/blog\/wp-content\/uploads\/2023\/03\/mujer-videoconferencia-su-oficina-casa-pandemia-coronavirus.jpg","contentUrl":"https:\/\/www.clubdelemprendimiento.com\/blog\/wp-content\/uploads\/2023\/03\/mujer-videoconferencia-su-oficina-casa-pandemia-coronavirus.jpg","width":1500,"height":1000,"caption":"el teletrabajo desciende"},{"@type":"BreadcrumbList","@id":"https:\/\/www.clubdelemprendimiento.com\/blog\/pymes\/el-teletrabajo-desciende-en-espana\/#breadcrumb","itemListElement":[{"@type":"ListItem","position":1,"name":"Home","item":"https:\/\/www.clubdelemprendimiento.com\/blog\/"},{"@type":"ListItem","position":2,"name":"El teletrabajo desciende en Espa\u00f1a"}]},{"@type":"WebSite","@id":"https:\/\/www.clubdelemprendimiento.com\/blog\/#website","url":"https:\/\/www.clubdelemprendimiento.com\/blog\/","name":"Blog Club del Emprendimiento","description":"","potentialAction":[{"@type":"SearchAction","target":{"@type":"EntryPoint","urlTemplate":"https:\/\/www.clubdelemprendimiento.com\/blog\/?s={search_term_string}"},"query-input":"required name=search_term_string"}],"inLanguage":"es"},{"@type":"Person","@id":"https:\/\/www.clubdelemprendimiento.com\/blog\/#\/schema\/person\/a82ce0fc1281064b1cab4855c351cea7","name":"Nerea Merino","image":{"@type":"ImageObject","inLanguage":"es","@id":"https:\/\/www.clubdelemprendimiento.com\/blog\/#\/schema\/person\/image\/","url":"https:\/\/secure.gravatar.com\/avatar\/3b1c906b7b4a65b22c04d52a020d4815?s=96&d=mm&r=g","contentUrl":"https:\/\/secure.gravatar.com\/avatar\/3b1c906b7b4a65b22c04d52a020d4815?s=96&d=mm&r=g","caption":"Nerea Merino"},"url":"https:\/\/www.clubdelemprendimiento.com\/blog\/author\/nerea\/"}]}},"_links":{"self":[{"href":"https:\/\/www.clubdelemprendimiento.com\/blog\/wp-json\/wp\/v2\/posts\/16429"}],"collection":[{"href":"https:\/\/www.clubdelemprendimiento.com\/blog\/wp-json\/wp\/v2\/posts"}],"about":[{"href":"https:\/\/www.clubdelemprendimiento.com\/blog\/wp-json\/wp\/v2\/types\/post"}],"author":[{"embeddable":true,"href":"https:\/\/www.clubdelemprendimiento.com\/blog\/wp-json\/wp\/v2\/users\/14"}],"replies":[{"embeddable":true,"href":"https:\/\/www.clubdelemprendimiento.com\/blog\/wp-json\/wp\/v2\/comments?post=16429"}],"version-history":[{"count":1,"href":"https:\/\/www.clubdelemprendimiento.com\/blog\/wp-json\/wp\/v2\/posts\/16429\/revisions"}],"predecessor-version":[{"id":16431,"href":"https:\/\/www.clubdelemprendimiento.com\/blog\/wp-json\/wp\/v2\/posts\/16429\/revisions\/16431"}],"wp:featuredmedia":[{"embeddable":true,"href":"https:\/\/www.clubdelemprendimiento.com\/blog\/wp-json\/wp\/v2\/media\/16430"}],"wp:attachment":[{"href":"https:\/\/www.clubdelemprendimiento.com\/blog\/wp-json\/wp\/v2\/media?parent=16429"}],"wp:term":[{"taxonomy":"category","embeddable":true,"href":"https:\/\/www.clubdelemprendimiento.com\/blog\/wp-json\/wp\/v2\/categories?post=16429"},{"taxonomy":"post_tag","embeddable":true,"href":"https:\/\/www.clubdelemprendimiento.com\/blog\/wp-json\/wp\/v2\/tags?post=16429"}],"curies":[{"name":"wp","href":"https:\/\/api.w.org\/{rel}","templated":true}]}}